{"id":15018,"date":"2016-06-22T18:56:06","date_gmt":"2016-06-22T18:56:06","guid":{"rendered":"http:\/\/www.grieta.org.mx\/?p=15018"},"modified":"2016-06-26T19:03:50","modified_gmt":"2016-06-26T19:03:50","slug":"oaxaca-aguanta-que-juarez-se-levanta","status":"publish","type":"post","link":"https:\/\/www.grieta.org.mx\/index.php\/2016\/06\/22\/oaxaca-aguanta-que-juarez-se-levanta\/","title":{"rendered":"\u00a1Oaxaca, aguanta, que Ju\u00e1rez se levanta!"},"content":{"rendered":"<p><img loading=\"lazy\" decoding=\"async\" data-attachment-id=\"15028\" data-permalink=\"https:\/\/www.grieta.org.mx\/index.php\/2016\/06\/22\/oaxaca-aguanta-que-juarez-se-levanta\/arton42433-bcfe5\/\" data-orig-file=\"https:\/\/www.grieta.org.mx\/wp-content\/uploads\/2016\/06\/arton42433-bcfe5.jpg\" data-orig-size=\"653,392\" data-comments-opened=\"0\" data-image-meta=\"{&quot;aperture&quot;:&quot;0&quot;,&quot;credit&quot;:&quot;&quot;,&quot;camera&quot;:&quot;&quot;,&quot;caption&quot;:&quot;&quot;,&quot;created_timestamp&quot;:&quot;0&quot;,&quot;copyright&quot;:&quot;&quot;,&quot;focal_length&quot;:&quot;0&quot;,&quot;iso&quot;:&quot;0&quot;,&quot;shutter_speed&quot;:&quot;0&quot;,&quot;title&quot;:&quot;&quot;,&quot;orientation&quot;:&quot;0&quot;}\" data-image-title=\"arton42433-bcfe5\" data-image-description=\"\" data-image-caption=\"\" data-medium-file=\"https:\/\/www.grieta.org.mx\/wp-content\/uploads\/2016\/06\/arton42433-bcfe5-300x180.jpg\" data-large-file=\"https:\/\/www.grieta.org.mx\/wp-content\/uploads\/2016\/06\/arton42433-bcfe5.jpg\" src=\"http:\/\/www.grieta.org.mx\/wp-content\/uploads\/2016\/06\/arton42433-bcfe5.jpg\" alt=\"arton42433-bcfe5\" width=\"653\" height=\"392\" class=\"aligncenter size-full wp-image-15028\" srcset=\"https:\/\/www.grieta.org.mx\/wp-content\/uploads\/2016\/06\/arton42433-bcfe5.jpg 653w, https:\/\/www.grieta.org.mx\/wp-content\/uploads\/2016\/06\/arton42433-bcfe5-300x180.jpg 300w\" sizes=\"auto, (max-width: 653px) 100vw, 653px\" \/>La izquierda diario<br \/>\nAztl\u00e1n Almodovar<\/p>\n<p>Esto representa el crimen de Estado m\u00e1s reciente desde la masacre de Tlatlaya y la desaparici\u00f3n de los 43 normalistas de Ayotzinapa, Guerrero. Ante estos acontecimientos decenas de ciudades en M\u00e9xico se sumaron a una serie de manifestaciones en solidaridad y en b\u00fasqueda de justicia ante los cr\u00edmenes del gobierno.<\/p>\n<p>Ciudad Ju\u00e1rez fue part\u00edcipe activa durante estas jornadas reuniendo a un millar de personas entre maestros del Resissste, normalistas, agrupaciones pol\u00edticas independientes y la comunidad juarense que se ha unido repudiando una vez m\u00e1s los cr\u00edmenes del Estado Mexicano.<\/p>\n<p>El contingente de cerca de mil personas parti\u00f3 del Monumento a Benito Ju\u00e1rez hasta el Puente internacional ubicado en la avenida Ju\u00e1rez. El movimiento fue de grandes proporciones e hizo levantar las plumas del puente internacional para que los veh\u00edculos pasaran gratis hacia los Estados Unidos a la par que se desarrollaba el mitin.<\/p>\n<p>Maestros, abogados derechohumanistas, como Gustavo de La Rosa Hickerson, enfermeras del IMSS y madres de familia intervinieron en contra a los terribles acontecimientos ocurridos en Oaxaca en los pasados d\u00edas y expresando su repudio a una reforma laboral disfrazada de educativa que pretende quitar las conquistas de los maestros sin presentar ning\u00fan avance en el terreno de la educaci\u00f3n y el aprendizaje.<\/p>\n<p>Cualquier maestro de los distintos niveles educativos conoce que el problema de la educaci\u00f3n no se resuelve con la reforma educativa. El problema del aprendizaje va m\u00e1s all\u00e1 de evaluar a los maestros de manera estandarizada de acorde a las pol\u00edticas econ\u00f3micas impuestas por el FMI y la OCDE que, en el marco de una crisis econ\u00f3mica capitalista global, pretende mantener descargar las contradicciones del sistema en las espaldas de los trabajadores.<\/p>\n<p>Lamentablemente, las \u00f3rdenes de aplicar las reformas estructurales vienen desde m\u00e1s arriba del gobierno federal que se ha puesto en favor de los intereses econ\u00f3micos internacionales. La \u00fanica manera de echar abajo las reformas que empobrecen al grueso de los trabajadores de M\u00e9xico, los maestros sindicalizados, el \u00faltimo basti\u00f3n de la resistencia obrera en el pa\u00eds, es mediante la movilizaci\u00f3n en las calles, la huelga y el paro nacional.<\/p>\n<p>Desde La Izquierda Diario apoyamos y nos solidarizamos con la lucha magisterial que expresa el hartazgo hacia las pol\u00edticas del gobierno que atentan contra el pueblo trabajador.<\/p>\n<p>http:\/\/www.laizquierdadiario.mx\/Oaxaca-aguanta-que-Juarez-se-levanta?id_rubrique=1714<\/p>\n","protected":false},"excerpt":{"rendered":"<p>La izquierda diario Aztl\u00e1n Almodovar Esto representa el crimen de Estado m\u00e1s reciente desde la masacre de Tlatlaya y la desaparici\u00f3n de los 43 normalistas de Ayotzinapa, Guerrero. Ante estos &hellip; <a href=\"https:\/\/www.grieta.org.mx\/index.php\/2016\/06\/22\/oaxaca-aguanta-que-juarez-se-levanta\/\" class=\"more-link\">Leer m\u00e1s<\/a><\/p>\n","protected":false},"author":2,"featured_media":21928,"comment_status":"closed","ping_status":"closed","sticky":false,"template":"","format":"standard","meta":{"ngg_post_thumbnail":0,"_jetpack_newsletter_access":"","_jetpack_dont_email_post_to_subs":false,"_jetpack_newsletter_tier_id":0,"_jetpack_memberships_contains_paywalled_content":false,"_jetpack_memberships_contains_paid_content":false,"footnotes":""},"categories":[80],"tags":[748,135],"class_list":["post-15018","post","type-post","status-publish","format-standard","has-post-thumbnail","hentry","category-cintillo","tag-chih","tag-reforma-educativa","entry"],"jetpack_featured_media_url":"https:\/\/www.grieta.org.mx\/wp-content\/uploads\/2018\/03\/14524434_1106112876131411_958039263622046936_o.jpg","jetpack_sharing_enabled":true,"jetpack_shortlink":"https:\/\/wp.me\/p7ZJR4-3Ue","jetpack_likes_enabled":false,"jetpack-related-posts":[{"id":6003,"url":"https:\/\/www.grieta.org.mx\/index.php\/2015\/10\/26\/estudiantes-y-padres-de-familia-de-ayotzinapa-se-manifiestan-en-el-cervantino-en-guanajuato\/","url_meta":{"origin":15018,"position":0},"title":"Estudiantes y padres de familia de Ayotzinapa se manifiestan en el Cervantino en Guanajuato","author":"grieta","date":"26 octubre, 2015","format":false,"excerpt":"Gilberto Navarro AM Normalistas y padres de los 43 estudiantes desaparecidos marcharon por el Centro Hist\u00f3rico, acompa\u00f1ados de estudiantes y ciudadanos para exigir justicia. Cerca de las 5:30 de la tarde, alrededor de 200 personas se congregaron en el Jard\u00edn de Embajadoras para recorrer las calles de la ciudad con\u2026","rel":"","context":"En &quot;CINTILLO&quot;","block_context":{"text":"CINTILLO","link":"https:\/\/www.grieta.org.mx\/index.php\/category\/cintillo\/"},"img":{"alt_text":"","src":"https:\/\/i0.wp.com\/www.grieta.org.mx\/wp-content\/uploads\/2018\/03\/14524434_1106112876131411_958039263622046936_o.jpg?resize=350%2C200&ssl=1","width":350,"height":200,"srcset":"https:\/\/i0.wp.com\/www.grieta.org.mx\/wp-content\/uploads\/2018\/03\/14524434_1106112876131411_958039263622046936_o.jpg?resize=350%2C200&ssl=1 1x, https:\/\/i0.wp.com\/www.grieta.org.mx\/wp-content\/uploads\/2018\/03\/14524434_1106112876131411_958039263622046936_o.jpg?resize=525%2C300&ssl=1 1.5x, https:\/\/i0.wp.com\/www.grieta.org.mx\/wp-content\/uploads\/2018\/03\/14524434_1106112876131411_958039263622046936_o.jpg?resize=700%2C400&ssl=1 2x"},"classes":[]},{"id":7515,"url":"https:\/\/www.grieta.org.mx\/index.php\/2015\/09\/15\/chocan-normalistas-de-tlaxcala-con-la-policia-estatal\/","url_meta":{"origin":15018,"position":1},"title":"Chocan normalistas de Tlaxcala con la polic\u00eda estatal","author":"grieta","date":"15 septiembre, 2015","format":false,"excerpt":"Redacci\u00f3n\/Proceso M\u00c9XICO, D.F. (apro).- Alumnas de la Escuela Normal Rural \u201cBenito Ju\u00e1rez\u201d de Panotla se enfrentaron con polic\u00edas de la Comisi\u00f3n Estatal de Seguridad (CES) cuando realizaban un bloqueo en la carretera federal San Mart\u00edn Texmelucan y \u00e9stos los replegaron con gases lacrim\u00f3genos. Alrededor de 100 normalistas, acompa\u00f1adas por estudiantes\u2026","rel":"","context":"En &quot;CINTILLO&quot;","block_context":{"text":"CINTILLO","link":"https:\/\/www.grieta.org.mx\/index.php\/category\/cintillo\/"},"img":{"alt_text":"","src":"https:\/\/i0.wp.com\/www.grieta.org.mx\/wp-content\/uploads\/2018\/03\/14524434_1106112876131411_958039263622046936_o.jpg?resize=350%2C200&ssl=1","width":350,"height":200,"srcset":"https:\/\/i0.wp.com\/www.grieta.org.mx\/wp-content\/uploads\/2018\/03\/14524434_1106112876131411_958039263622046936_o.jpg?resize=350%2C200&ssl=1 1x, https:\/\/i0.wp.com\/www.grieta.org.mx\/wp-content\/uploads\/2018\/03\/14524434_1106112876131411_958039263622046936_o.jpg?resize=525%2C300&ssl=1 1.5x, https:\/\/i0.wp.com\/www.grieta.org.mx\/wp-content\/uploads\/2018\/03\/14524434_1106112876131411_958039263622046936_o.jpg?resize=700%2C400&ssl=1 2x"},"classes":[]},{"id":7517,"url":"https:\/\/www.grieta.org.mx\/index.php\/2015\/09\/15\/asi-se-enfrento-la-policia-de-tlaxcala-contra-normalistas-video\/","url_meta":{"origin":15018,"position":2},"title":"As\u00ed se enfrent\u00f3 la Polic\u00eda de Tlaxcala contra normalistas (video)","author":"grieta","date":"15 septiembre, 2015","format":false,"excerpt":"Aristegui Noticias Estudiantes de la Normal Rural \u201cBenito Ju\u00e1rez\u201d de Panotla, Tlaxcala, chocaron con granaderos de la Comisi\u00f3n Estatal de Seguridad, al tratar de bloquear la carretera a San Mart\u00edn Texmelucan. Un contingente de aproximadamente un centenar de normalistas fue replegado por los elementos policiacos, quienes incluso arremetieron contra mujeres\u2026","rel":"","context":"En &quot;CINTILLO&quot;","block_context":{"text":"CINTILLO","link":"https:\/\/www.grieta.org.mx\/index.php\/category\/cintillo\/"},"img":{"alt_text":"","src":"https:\/\/i0.wp.com\/www.grieta.org.mx\/wp-content\/uploads\/2018\/03\/14524434_1106112876131411_958039263622046936_o.jpg?resize=350%2C200&ssl=1","width":350,"height":200,"srcset":"https:\/\/i0.wp.com\/www.grieta.org.mx\/wp-content\/uploads\/2018\/03\/14524434_1106112876131411_958039263622046936_o.jpg?resize=350%2C200&ssl=1 1x, https:\/\/i0.wp.com\/www.grieta.org.mx\/wp-content\/uploads\/2018\/03\/14524434_1106112876131411_958039263622046936_o.jpg?resize=525%2C300&ssl=1 1.5x, https:\/\/i0.wp.com\/www.grieta.org.mx\/wp-content\/uploads\/2018\/03\/14524434_1106112876131411_958039263622046936_o.jpg?resize=700%2C400&ssl=1 2x"},"classes":[]},{"id":872,"url":"https:\/\/www.grieta.org.mx\/index.php\/2015\/03\/03\/jovenes-detenidos-en-cancun-durante-manifestacion-por-normalistas-denuncian-a-policias\/","url_meta":{"origin":15018,"position":3},"title":"J\u00f3venes detenidos en Canc\u00fan durante manifestaci\u00f3n por normalistas denuncian a polic\u00edas","author":"grieta","date":"3 marzo, 2015","format":false,"excerpt":"Ciudad de M\u00e9xico, 3 de marzo (SinEmbargo\/LucesDelSiglo) .\u2013El Juez Segundo de Distrito, Gerardo V\u00e1zquez Morales, admiti\u00f3 la demanda por el delito de tortura e incomunicaci\u00f3n en contra de la Secretar\u00eda de Seguridad P\u00fablica de Benito Ju\u00e1rez, y la Polic\u00eda Judicial de la zona norte de Quintana Roo, por actos perpetrados\u2026","rel":"","context":"En &quot;CINTILLO&quot;","block_context":{"text":"CINTILLO","link":"https:\/\/www.grieta.org.mx\/index.php\/category\/cintillo\/"},"img":{"alt_text":"","src":"https:\/\/i0.wp.com\/www.grieta.org.mx\/wp-content\/uploads\/2018\/03\/14524434_1106112876131411_958039263622046936_o.jpg?resize=350%2C200&ssl=1","width":350,"height":200,"srcset":"https:\/\/i0.wp.com\/www.grieta.org.mx\/wp-content\/uploads\/2018\/03\/14524434_1106112876131411_958039263622046936_o.jpg?resize=350%2C200&ssl=1 1x, https:\/\/i0.wp.com\/www.grieta.org.mx\/wp-content\/uploads\/2018\/03\/14524434_1106112876131411_958039263622046936_o.jpg?resize=525%2C300&ssl=1 1.5x, https:\/\/i0.wp.com\/www.grieta.org.mx\/wp-content\/uploads\/2018\/03\/14524434_1106112876131411_958039263622046936_o.jpg?resize=700%2C400&ssl=1 2x"},"classes":[]},{"id":7431,"url":"https:\/\/www.grieta.org.mx\/index.php\/2015\/11\/27\/normalistas-marchan-en-michoacan-e-inician-planton-indefinido\/","url_meta":{"origin":15018,"position":4},"title":"Normalistas marchan en Michoac\u00e1n e inician plant\u00f3n indefinido","author":"Admin","date":"27 noviembre, 2015","format":false,"excerpt":"FRANCISCO CASTELLANOS J. MORELIA, Mich., (apro).- Integrantes de los diferentes planteles de la Organizaci\u00f3n de Normales Oficiales del Estado de Michoac\u00e1n (ONOEM), respaldados por docentes y habitantes de comunidades ind\u00edgenas, marcharon este viernes a Casa de Gobierno y al centro de la capital michoacana, donde iniciaron un \u201cun plant\u00f3n\u201d indefinido.\u2026","rel":"","context":"En &quot;CINTILLO&quot;","block_context":{"text":"CINTILLO","link":"https:\/\/www.grieta.org.mx\/index.php\/category\/cintillo\/"},"img":{"alt_text":"","src":"https:\/\/i0.wp.com\/www.grieta.org.mx\/wp-content\/uploads\/2018\/03\/14524434_1106112876131411_958039263622046936_o.jpg?resize=350%2C200&ssl=1","width":350,"height":200,"srcset":"https:\/\/i0.wp.com\/www.grieta.org.mx\/wp-content\/uploads\/2018\/03\/14524434_1106112876131411_958039263622046936_o.jpg?resize=350%2C200&ssl=1 1x, https:\/\/i0.wp.com\/www.grieta.org.mx\/wp-content\/uploads\/2018\/03\/14524434_1106112876131411_958039263622046936_o.jpg?resize=525%2C300&ssl=1 1.5x, https:\/\/i0.wp.com\/www.grieta.org.mx\/wp-content\/uploads\/2018\/03\/14524434_1106112876131411_958039263622046936_o.jpg?resize=700%2C400&ssl=1 2x"},"classes":[]},{"id":8166,"url":"https:\/\/www.grieta.org.mx\/index.php\/2015\/03\/26\/se-manifiestan-en-mexicali-a-seis-meses-de-la-desaparicion-de-los-normalistas-en-iguala\/","url_meta":{"origin":15018,"position":5},"title":"Se manifiestan en Mexicali a seis meses de la desaparici\u00f3n de los normalistas en Iguala","author":"grieta","date":"26 marzo, 2015","format":false,"excerpt":"Eneida S\u00e1nchez Zambrano, Mexicali, B.C. Al grito de \u201cno est\u00e1n solos\u201d y \u201cAyotzinapa somos todos\u201d llegaron al monumento Benito Ju\u00e1rez manifestantes mexicalenses que acompa\u00f1an a estudiantes y padres de familia de los normalistas desaparecidos en Iguala en septiembre del a\u00f1o pasado. Bajo los rayos del sol, padres de familia, adultos\u2026","rel":"","context":"En &quot;CINTILLO&quot;","block_context":{"text":"CINTILLO","link":"https:\/\/www.grieta.org.mx\/index.php\/category\/cintillo\/"},"img":{"alt_text":"","src":"https:\/\/i0.wp.com\/www.grieta.org.mx\/wp-content\/uploads\/2018\/03\/14524434_1106112876131411_958039263622046936_o.jpg?resize=350%2C200&ssl=1","width":350,"height":200,"srcset":"https:\/\/i0.wp.com\/www.grieta.org.mx\/wp-content\/uploads\/2018\/03\/14524434_1106112876131411_958039263622046936_o.jpg?resize=350%2C200&ssl=1 1x, https:\/\/i0.wp.com\/www.grieta.org.mx\/wp-content\/uploads\/2018\/03\/14524434_1106112876131411_958039263622046936_o.jpg?resize=525%2C300&ssl=1 1.5x, https:\/\/i0.wp.com\/www.grieta.org.mx\/wp-content\/uploads\/2018\/03\/14524434_1106112876131411_958039263622046936_o.jpg?resize=700%2C400&ssl=1 2x"},"classes":[]}],"_links":{"self":[{"href":"https:\/\/www.grieta.org.mx\/index.php\/wp-json\/wp\/v2\/posts\/15018","targetHints":{"allow":["GET"]}}],"collection":[{"href":"https:\/\/www.grieta.org.mx\/index.php\/wp-json\/wp\/v2\/posts"}],"about":[{"href":"https:\/\/www.grieta.org.mx\/index.php\/wp-json\/wp\/v2\/types\/post"}],"author":[{"embeddable":true,"href":"https:\/\/www.grieta.org.mx\/index.php\/wp-json\/wp\/v2\/users\/2"}],"replies":[{"embeddable":true,"href":"https:\/\/www.grieta.org.mx\/index.php\/wp-json\/wp\/v2\/comments?post=15018"}],"version-history":[{"count":1,"href":"https:\/\/www.grieta.org.mx\/index.php\/wp-json\/wp\/v2\/posts\/15018\/revisions"}],"predecessor-version":[{"id":15029,"href":"https:\/\/www.grieta.org.mx\/index.php\/wp-json\/wp\/v2\/posts\/15018\/revisions\/15029"}],"wp:featuredmedia":[{"embeddable":true,"href":"https:\/\/www.grieta.org.mx\/index.php\/wp-json\/wp\/v2\/media\/21928"}],"wp:attachment":[{"href":"https:\/\/www.grieta.org.mx\/index.php\/wp-json\/wp\/v2\/media?parent=15018"}],"wp:term":[{"taxonomy":"category","embeddable":true,"href":"https:\/\/www.grieta.org.mx\/index.php\/wp-json\/wp\/v2\/categories?post=15018"},{"taxonomy":"post_tag","embeddable":true,"href":"https:\/\/www.grieta.org.mx\/index.php\/wp-json\/wp\/v2\/tags?post=15018"}],"curies":[{"name":"wp","href":"https:\/\/api.w.org\/{rel}","templated":true}]}}