{"id":15010,"date":"2016-06-25T18:50:55","date_gmt":"2016-06-25T18:50:55","guid":{"rendered":"http:\/\/www.grieta.org.mx\/?p=15010"},"modified":"2018-09-26T23:14:59","modified_gmt":"2018-09-27T04:14:59","slug":"medicos-de-morelos-se-sumaron-a-protesta-nacional","status":"publish","type":"post","link":"https:\/\/www.grieta.org.mx\/index.php\/2016\/06\/25\/medicos-de-morelos-se-sumaron-a-protesta-nacional\/","title":{"rendered":"M\u00e9dicos de Morelos se sumaron a protesta nacional"},"content":{"rendered":"<p>Tlahui Preciado<\/p>\n<p>M\u00e9dicos de Morelos se sumaron al movimiento nacional &#8220;#YoSoyMedico17&#8221; en protesta por la criminalizaci\u00f3n del gremio y en contra de la reforma en salud. Un grupo de profesionales de la medicina lo hizo en silencio y con pancartas en el z\u00f3calo de esta ciudad, en tanto que, por su lado, la presidenta del Colegio de M\u00e9dicos Cirujanos del Estado de Morelos, Reyna B\u00e1rcenas Hurtado, se\u00f1al\u00f3 que se cancel\u00f3 el paro escalonado generalizado, por amenazas de suspensi\u00f3n de contratos o descuentos a trabajadores de instituciones p\u00fablicas.<br \/>\nLos doctores de diversas instituciones, vestidos con bata blanca, portando un mo\u00f1o rojinegro en la solapa y con pancartas de leyendas en rechazo a la universalidad de la salud, se apostaron en el &#8220;Jard\u00edn Ju\u00e1rez&#8221;. Sin emitir pronunciamiento formal (pues argumentaron que no hab\u00eda vocero) expresaron que como en otras entidades del pa\u00eds, los m\u00e9dicos de Morelos reclaman que se den a conocer p\u00fablicamente los detalles de la reforma en el sector. Recordaron que la convocatoria se hizo fundamentalmente a trav\u00e9s de redes sociales y algunos otros se enteraron a trav\u00e9s de sus colegios.<br \/>\nDistribuyeron documentos en los que exponen que en el fondo, con la citada reforma el gobierno busca limitar la atenci\u00f3n m\u00e9dica en el actual esquema de seguridad social, con la consecuencia a mediano plazo de que miles de pacientes dejen de tener acceso a la salud por el cobro de algunos servicios o procedimientos.<br \/>\nEn consonancia con el movimiento nacional, los morelenses hicieron notar que la universalidad habr\u00e1 de afectar los derechos laborales de los trabajadores del ISSSTE, del Instituto Mexicano del Seguro Social y de los que laboran en unidades de lo que hoy se conoce como salubridad.<\/p>\n<p>Los galenos -que permanecieron en el lugar alrededor de dos horas- aseguraron que ninguno de los presentes abandon\u00f3 sus servicios, no se afect\u00f3 la atenci\u00f3n, ni se detuvieron labores en hospitales o unidades de consulta. Comentaron que algunos hicieron uso de d\u00edas de descanso o laboran en turno vespertino.<br \/>\nPor su parte, desde temprana hora integrantes de la mesa directiva del Colegio de M\u00e9dicos del estado de Morelos, expresaron -en conferencia de prensa- que el paro escalonado generalizado se cancel\u00f3, pero se mantienen en la misma postura de adhesi\u00f3n al movimiento nacional.<br \/>\nLa presidenta de la organizaci\u00f3n que agrupa a todas las asociaciones de m\u00e9dicos en la entidad, Reyna B\u00e1rcenas Hurtado, dijo que se suspendi\u00f3 esta actividad -que ya hab\u00edan anunciado en d\u00edas pasados- porque hubo amenazas a muchos de los trabajadores de instituciones de salud, con que se les suspender\u00edan los contratos, o con que se les aplicar\u00edan descuentos, entre otras formas de presi\u00f3n ejercida desde las autoridades de salud.<br \/>\nLos dirigentes subrayaron que no obstante, la postura de la comunidad m\u00e9dica se mantiene, por lo que reclaman que cese la persecuci\u00f3n de los m\u00e9dicos por presuntos casos de negligencia m\u00e9dica, por los que son tratados como criminales.<br \/>\nTambi\u00e9n expusieron que desde su punto de vista, la citada reforma en salud debe ser sometida a consulta p\u00fablica, pues los profesionales de ese campo jam\u00e1s han sido consultados como tales y desconocen los detalles puntuales de la modificaci\u00f3n legal, y naturalmente sus alcances.<br \/>\nPlantearon que el simple hecho de que el gobierno federal anuncie que con esta modificaci\u00f3n las personas podr\u00e1n ser atendidas en cualquier instituci\u00f3n, sin importar a qu\u00e9 instancia est\u00e9n afiliadas, ya implica (desde su punto de vista) afectaci\u00f3n laboral para los trabajadores del sector. Recordaron que las prestaciones que tienen son distintas, la cantidad de personal no ha aumentado en proporci\u00f3n con la demanda de atenci\u00f3n en la mayor\u00eda de los casos, y en lo administrativo los recursos que se destinan al IMSS, al ISSSTE o al Seguro Popular son diferentes en cuanto a monto y origen. El Instituto Mexicano del Seguro Social, mencionaron por ejemplo, tiene un componente muy importante en sus finanzas, a trav\u00e9s de las cuotas obrero-patronales, a diferencia de lo que sucede con el Seguro Popular.<br \/>\nReyna B\u00e1rcenas sostuvo que para su colegio es muy importante que la poblaci\u00f3n sepa que muchas veces los m\u00e9dicos enfrentan carencias importantes. No hay medicamentos, no hay equipamiento, quir\u00f3fanos suficientes, en otros casos camas en hospitales, entre otras carencias que complican la atenci\u00f3n y la calidad de la misma a los pacientes y se culpa a los doctores.<br \/>\nLa presidenta fue cuestionada en la conferencia de prensa sobre las recientes declaraciones de la secretaria de Salud, Patricia Mora Gonz\u00e1lez, quien afirm\u00f3 que en lugar de realizar manifestaciones, la lideresa deber\u00eda acercarse a ella como cabeza del sector. Al respecto, lament\u00f3 que la funcionaria tome el asunto de manera personal o considere que el movimiento se limita a una reuni\u00f3n. Destac\u00f3 que se trata de un problema y una postura del gremio a nivel nacional. La reforma en salud no est\u00e1 en el \u00e1mbito de sus facultades.<br \/>\n&#8220;Adem\u00e1s, no se puede tapar el sol con un dedo y negar que hay carencias en las unidades m\u00e9dicas. Como colegio somos legalmente \u00f3rganos de consulta que deben ser tomados en cuenta antes de las reformas a la ley y en todos los aspectos. Consideramos que en todo caso, deber\u00eda ser la secretaria del estado la que busque el acercamiento con el gremio&#8221;, a\u00f1adi\u00f3.<\/p>\n","protected":false},"excerpt":{"rendered":"<p>Tlahui Preciado M\u00e9dicos de Morelos se sumaron al movimiento nacional &#8220;#YoSoyMedico17&#8221; en protesta por la criminalizaci\u00f3n del gremio y en contra de la reforma en salud. Un grupo de profesionales &hellip; <a href=\"https:\/\/www.grieta.org.mx\/index.php\/2016\/06\/25\/medicos-de-morelos-se-sumaron-a-protesta-nacional\/\" class=\"more-link\">Leer m\u00e1s<\/a><\/p>\n","protected":false},"author":2,"featured_media":21928,"comment_status":"closed","ping_status":"closed","sticky":false,"template":"","format":"standard","meta":{"ngg_post_thumbnail":0,"_jetpack_newsletter_access":"","_jetpack_dont_email_post_to_subs":false,"_jetpack_newsletter_tier_id":0,"_jetpack_memberships_contains_paywalled_content":false,"_jetpack_memberships_contains_paid_content":false,"footnotes":""},"categories":[80,22,482,1763,2],"tags":[747,738],"class_list":{"0":"post-15010","1":"post","2":"type-post","3":"status-publish","4":"format-standard","5":"has-post-thumbnail","6":"hentry","7":"category-cintillo","8":"category-morelos","10":"category-movilizaciones-del-sector-salud-en-morelos","11":"category-noticias-nacionales","12":"tag-movilizaciones-medicos","13":"tag-reforma-salud","14":"entry"},"jetpack_featured_media_url":"https:\/\/www.grieta.org.mx\/wp-content\/uploads\/2018\/03\/14524434_1106112876131411_958039263622046936_o.jpg","jetpack_sharing_enabled":true,"jetpack_shortlink":"https:\/\/wp.me\/p7ZJR4-3U6","jetpack_likes_enabled":false,"jetpack-related-posts":[{"id":15009,"url":"https:\/\/www.grieta.org.mx\/index.php\/2016\/08\/12\/movilizaciones-contra-la-reforma-al-sector-salud-en-morelos\/","url_meta":{"origin":15010,"position":0},"title":"Movilizaciones del sector salud en Morelos","author":"grieta","date":"12 agosto, 2016","format":false,"excerpt":"12\/08\/16. Exigen reinstalaci\u00f3n completa de personal m\u00e9dico despedido en hospital de Puente de Ixtla La Uni\u00f3n de Morelos 02\/08\/16. Protestan por el despido de 15 empleados del hospital comunitario de Puente de Ixtla La Uni\u00f3n de Morelos 02\/08\/16. De 95 millones el recorte a los hospitales La Uni\u00f3n de Morelos\u2026","rel":"","context":"En &quot;Morelos&quot;","block_context":{"text":"Morelos","link":"https:\/\/www.grieta.org.mx\/index.php\/category\/noticias-nacionales\/morelos\/"},"img":{"alt_text":"","src":"https:\/\/i0.wp.com\/www.grieta.org.mx\/wp-content\/uploads\/2018\/03\/14524434_1106112876131411_958039263622046936_o.jpg?resize=350%2C200&ssl=1","width":350,"height":200,"srcset":"https:\/\/i0.wp.com\/www.grieta.org.mx\/wp-content\/uploads\/2018\/03\/14524434_1106112876131411_958039263622046936_o.jpg?resize=350%2C200&ssl=1 1x, https:\/\/i0.wp.com\/www.grieta.org.mx\/wp-content\/uploads\/2018\/03\/14524434_1106112876131411_958039263622046936_o.jpg?resize=525%2C300&ssl=1 1.5x, https:\/\/i0.wp.com\/www.grieta.org.mx\/wp-content\/uploads\/2018\/03\/14524434_1106112876131411_958039263622046936_o.jpg?resize=700%2C400&ssl=1 2x"},"classes":[]},{"id":47362,"url":"https:\/\/www.grieta.org.mx\/index.php\/2020\/04\/03\/medicos-del-imss-en-morelos-se-manifiestan-y-exigen-equipo-de-proteccion-morelos\/","url_meta":{"origin":15010,"position":1},"title":"M\u00e9dicos del IMSS en Morelos se manifiestan y exigen equipo de protecci\u00f3n (Morelos)","author":"Admin","date":"3 abril, 2020","format":false,"excerpt":"Justino Miranda \/ El Universal CUERNAVACA, Mor.- Personal m\u00e9dicos del IMSS en Cuautla, municipio del oriente del estado, se manifestaron mediante el bloqueo parcial de la avenida Reforma, frente al hospital general, para exigir condiciones de protecci\u00f3n para enfrentar la contingencia sanitaria del Covid-19. El grupo de m\u00e9dicos y enfermeras\u2026","rel":"","context":"En &quot;CINTILLO&quot;","block_context":{"text":"CINTILLO","link":"https:\/\/www.grieta.org.mx\/index.php\/category\/cintillo\/"},"img":{"alt_text":"","src":"https:\/\/i0.wp.com\/www.grieta.org.mx\/wp-content\/uploads\/2020\/04\/https-_www.eluniversal.com_.mx_sites_default_files_styles_f03-651x400_public_2020_04_03_enfermeros-morelos.jpg-itokL-5c-WZ-.jpg?resize=350%2C200&ssl=1","width":350,"height":200,"srcset":"https:\/\/i0.wp.com\/www.grieta.org.mx\/wp-content\/uploads\/2020\/04\/https-_www.eluniversal.com_.mx_sites_default_files_styles_f03-651x400_public_2020_04_03_enfermeros-morelos.jpg-itokL-5c-WZ-.jpg?resize=350%2C200&ssl=1 1x, https:\/\/i0.wp.com\/www.grieta.org.mx\/wp-content\/uploads\/2020\/04\/https-_www.eluniversal.com_.mx_sites_default_files_styles_f03-651x400_public_2020_04_03_enfermeros-morelos.jpg-itokL-5c-WZ-.jpg?resize=525%2C300&ssl=1 1.5x"},"classes":[]},{"id":15040,"url":"https:\/\/www.grieta.org.mx\/index.php\/2016\/06\/26\/movilizaciones-contra-la-reforma-al-sector-salud-en-chihuahua\/","url_meta":{"origin":15010,"position":2},"title":"Movilizaciones contra la reforma al sector salud en Chihuahua","author":"grieta","date":"26 junio, 2016","format":false,"excerpt":"21\/06\/16. Se manifestaron m\u00e9dicos del Movimiento Yo Soy #17 en el Hospital MorelosEl Herlaldo 19\/06\/16. M\u00e9dicos #YoSoy17 realizan manifestaci\u00f3n pac\u00edfica en la Plaza de ArmasEl Diario","rel":"","context":"En &quot;Chihuahua&quot;","block_context":{"text":"Chihuahua","link":"https:\/\/www.grieta.org.mx\/index.php\/category\/noticias-nacionales\/chihuahua\/"},"img":{"alt_text":"","src":"https:\/\/i0.wp.com\/www.grieta.org.mx\/wp-content\/uploads\/2018\/03\/14524434_1106112876131411_958039263622046936_o.jpg?resize=350%2C200&ssl=1","width":350,"height":200,"srcset":"https:\/\/i0.wp.com\/www.grieta.org.mx\/wp-content\/uploads\/2018\/03\/14524434_1106112876131411_958039263622046936_o.jpg?resize=350%2C200&ssl=1 1x, https:\/\/i0.wp.com\/www.grieta.org.mx\/wp-content\/uploads\/2018\/03\/14524434_1106112876131411_958039263622046936_o.jpg?resize=525%2C300&ssl=1 1.5x, https:\/\/i0.wp.com\/www.grieta.org.mx\/wp-content\/uploads\/2018\/03\/14524434_1106112876131411_958039263622046936_o.jpg?resize=700%2C400&ssl=1 2x"},"classes":[]},{"id":17208,"url":"https:\/\/www.grieta.org.mx\/index.php\/2016\/07\/16\/reacciona-gremio-por-recorte-al-presupuesto-de-salud\/","url_meta":{"origin":15010,"position":3},"title":"Reacciona gremio por recorte al presupuesto de Salud (MORELOS)","author":"grieta","date":"16 julio, 2016","format":false,"excerpt":"Israel Mariano, Morelos. Este fin de semana, el Sindicato Independiente Nacional de Trabajadores de Salud iniciar\u00e1 acciones ante el recorte del presupuesto para el sector, durante el Congreso Nacional, a realizarse en Oaxtepec. El secretario general de la secci\u00f3n 06 en Morelos, Agust\u00edn Ben\u00edtez Toledo, advirti\u00f3 que los recortes de\u2026","rel":"","context":"En &quot;CINTILLO&quot;","block_context":{"text":"CINTILLO","link":"https:\/\/www.grieta.org.mx\/index.php\/category\/cintillo\/"},"img":{"alt_text":"","src":"https:\/\/i0.wp.com\/www.grieta.org.mx\/wp-content\/uploads\/2018\/03\/14524434_1106112876131411_958039263622046936_o.jpg?resize=350%2C200&ssl=1","width":350,"height":200,"srcset":"https:\/\/i0.wp.com\/www.grieta.org.mx\/wp-content\/uploads\/2018\/03\/14524434_1106112876131411_958039263622046936_o.jpg?resize=350%2C200&ssl=1 1x, https:\/\/i0.wp.com\/www.grieta.org.mx\/wp-content\/uploads\/2018\/03\/14524434_1106112876131411_958039263622046936_o.jpg?resize=525%2C300&ssl=1 1.5x, https:\/\/i0.wp.com\/www.grieta.org.mx\/wp-content\/uploads\/2018\/03\/14524434_1106112876131411_958039263622046936_o.jpg?resize=700%2C400&ssl=1 2x"},"classes":[]},{"id":14950,"url":"https:\/\/www.grieta.org.mx\/index.php\/2016\/06\/23\/marchan-contra-la-reforma-de-salud\/","url_meta":{"origin":15010,"position":4},"title":"Marchan contra la Reforma de Salud","author":"grieta","date":"23 junio, 2016","format":false,"excerpt":"SALTILLO, COAH.- ACLARAN QUE NO HUBO PARO DE LABORES EN LOS HOSPITALES Un grupo de cincuenta m\u00e9dicos marcharon por las principales calles de Saltillo para manifestarse en contra de la Reforma de Salud, y pedir que se deje de criminalizar. \"Somos m\u00e9dicos, no dioses ni criminales\", indicaron durante la marcha\u2026","rel":"","context":"En &quot;CINTILLO&quot;","block_context":{"text":"CINTILLO","link":"https:\/\/www.grieta.org.mx\/index.php\/category\/cintillo\/"},"img":{"alt_text":"","src":"https:\/\/i0.wp.com\/www.grieta.org.mx\/wp-content\/uploads\/2018\/03\/14524434_1106112876131411_958039263622046936_o.jpg?resize=350%2C200&ssl=1","width":350,"height":200,"srcset":"https:\/\/i0.wp.com\/www.grieta.org.mx\/wp-content\/uploads\/2018\/03\/14524434_1106112876131411_958039263622046936_o.jpg?resize=350%2C200&ssl=1 1x, https:\/\/i0.wp.com\/www.grieta.org.mx\/wp-content\/uploads\/2018\/03\/14524434_1106112876131411_958039263622046936_o.jpg?resize=525%2C300&ssl=1 1.5x, https:\/\/i0.wp.com\/www.grieta.org.mx\/wp-content\/uploads\/2018\/03\/14524434_1106112876131411_958039263622046936_o.jpg?resize=700%2C400&ssl=1 2x"},"classes":[]},{"id":17012,"url":"https:\/\/www.grieta.org.mx\/index.php\/2016\/07\/13\/maestros-de-morelos-amenazan-con-no-iniciar-proximo-ciclo-escolar\/","url_meta":{"origin":15010,"position":5},"title":"Maestros de Morelos amenazan con no iniciar pr\u00f3ximo ciclo escolar","author":"grieta","date":"13 julio, 2016","format":false,"excerpt":"Rubicela Morelos Cruz, corresponsal Cuernavaca, Mor. A unas horas de encabezar una marcha contra la reforma educativa y en favor de la reinstalaci\u00f3n de 25 maestros, el vocero del Movimiento Magisterial de Bases (MBB), Alejandro Trujillo Gonz\u00e1lez, anunci\u00f3 la inauguraci\u00f3n del 13 Curso Taller Nacional del Educador Popular. El curso\u2026","rel":"","context":"En &quot;Morelos&quot;","block_context":{"text":"Morelos","link":"https:\/\/www.grieta.org.mx\/index.php\/category\/noticias-nacionales\/morelos\/"},"img":{"alt_text":"","src":"https:\/\/i0.wp.com\/www.grieta.org.mx\/wp-content\/uploads\/2018\/03\/14524434_1106112876131411_958039263622046936_o.jpg?resize=350%2C200&ssl=1","width":350,"height":200,"srcset":"https:\/\/i0.wp.com\/www.grieta.org.mx\/wp-content\/uploads\/2018\/03\/14524434_1106112876131411_958039263622046936_o.jpg?resize=350%2C200&ssl=1 1x, https:\/\/i0.wp.com\/www.grieta.org.mx\/wp-content\/uploads\/2018\/03\/14524434_1106112876131411_958039263622046936_o.jpg?resize=525%2C300&ssl=1 1.5x, https:\/\/i0.wp.com\/www.grieta.org.mx\/wp-content\/uploads\/2018\/03\/14524434_1106112876131411_958039263622046936_o.jpg?resize=700%2C400&ssl=1 2x"},"classes":[]}],"_links":{"self":[{"href":"https:\/\/www.grieta.org.mx\/index.php\/wp-json\/wp\/v2\/posts\/15010","targetHints":{"allow":["GET"]}}],"collection":[{"href":"https:\/\/www.grieta.org.mx\/index.php\/wp-json\/wp\/v2\/posts"}],"about":[{"href":"https:\/\/www.grieta.org.mx\/index.php\/wp-json\/wp\/v2\/types\/post"}],"author":[{"embeddable":true,"href":"https:\/\/www.grieta.org.mx\/index.php\/wp-json\/wp\/v2\/users\/2"}],"replies":[{"embeddable":true,"href":"https:\/\/www.grieta.org.mx\/index.php\/wp-json\/wp\/v2\/comments?post=15010"}],"version-history":[{"count":1,"href":"https:\/\/www.grieta.org.mx\/index.php\/wp-json\/wp\/v2\/posts\/15010\/revisions"}],"predecessor-version":[{"id":15015,"href":"https:\/\/www.grieta.org.mx\/index.php\/wp-json\/wp\/v2\/posts\/15010\/revisions\/15015"}],"wp:featuredmedia":[{"embeddable":true,"href":"https:\/\/www.grieta.org.mx\/index.php\/wp-json\/wp\/v2\/media\/21928"}],"wp:attachment":[{"href":"https:\/\/www.grieta.org.mx\/index.php\/wp-json\/wp\/v2\/media?parent=15010"}],"wp:term":[{"taxonomy":"category","embeddable":true,"href":"https:\/\/www.grieta.org.mx\/index.php\/wp-json\/wp\/v2\/categories?post=15010"},{"taxonomy":"post_tag","embeddable":true,"href":"https:\/\/www.grieta.org.mx\/index.php\/wp-json\/wp\/v2\/tags?post=15010"}],"curies":[{"name":"wp","href":"https:\/\/api.w.org\/{rel}","templated":true}]}}