{"id":14995,"date":"2016-05-01T02:38:50","date_gmt":"2016-05-01T02:38:50","guid":{"rendered":"http:\/\/www.grieta.org.mx\/?p=14995"},"modified":"2016-06-26T02:57:03","modified_gmt":"2016-06-26T02:57:03","slug":"demandan-medicos-seguridad-en-el-estado-nl","status":"publish","type":"post","link":"https:\/\/www.grieta.org.mx\/index.php\/2016\/05\/01\/demandan-medicos-seguridad-en-el-estado-nl\/","title":{"rendered":"Demandan m\u00e9dicos seguridad en el estado (NL)"},"content":{"rendered":"<p>Daniela Garc\u00eda<\/p>\n<p>Un grupo de m\u00e9dicos realiz\u00f3 un plant\u00f3n en la plaza La Pur\u00edsima para demandar al gobierno mayor seguridad en cl\u00ednicas y hospitales.<\/p>\n<p>M\u00e9dicos de Nuevo Le\u00f3n denunciaron una ola de inseguridad y violencia que los afecta a la hora de ejercer su profesi\u00f3n en la zona metropolitana de Monterrey y los municipios aleda\u00f1os, como robos, asaltos y hasta violencia f\u00edsica.<\/p>\n<p>En un plant\u00f3n realizado en la plaza La Pur\u00edsima, unos 30 m\u00e9dicos locales se sumaron al movimiento Yo Soy M\u00e9dico 17 que se llev\u00f3 a cabo de manera simult\u00e1nea en todo el pa\u00eds, en donde demandaron que se garantice la seguridad de los m\u00e9dicos y todos aquellos profesionales que laboran en cl\u00ednicas particulares y p\u00fablicas, as\u00ed como hospitales de diferentes tama\u00f1os. El coordinador del movimiento en Nuevo Le\u00f3n, el doctor Francisco Hern\u00e1ndez Ort\u00edz, explic\u00f3 que la intenci\u00f3n es hacer consciencia en las autoridades para que se refuercen los rondines de vigilancia en los alrededores de los centros de salud.<\/p>\n<p>El coordinador del movimiento local y otros m\u00e9dicos que acudieron a este plant\u00f3n dieron a conocer que en las pasadas semanas han ocurrido asaltos y ataques a profesionales m\u00e9dicos; este mes de abril atacaron las instalaciones de la Cl\u00ednica 28 del IMSS para robarles sus pertenencias, mientras los m\u00e9dicos que laboran en Montemorelos dieron a conocer que han sufrido asaltos en la carretera por criminales.<\/p>\n<p>&#8220;No podemos permitir que esto est\u00e9 pasando. Hay que manifestarnos, aunque seamos pocos, no importa. El chiste es que esto empiece a avanzar, porque ha habido mucha inseguridad en nuestro gremio.<\/p>\n<p>&#8220;Queremos ir con los alcaldes para pedirles y exigirles que las patrullas ronden las \u00e1reas de urgencias, que son las que dan el servicio de 24 horas. Y por lo que pas\u00f3 el 17 de abril en la Cl\u00ednica 28, pedirles que cubran estas \u00e1reas, que se manifiesten ah\u00ed. En todo el sector salud: popular, particular, IMSS, porque los que estamos aqu\u00ed somos del sector salud (p\u00fablico) y privado&#8221;, advirti\u00f3 Hern\u00e1ndez Ort\u00edz en entrevista con MILENIO Monterrey.<\/p>\n<p>Agreg\u00f3 que adem\u00e1s estar\u00e1n buscando una reuni\u00f3n con el Secretario de Salud, Manuel de la O, para que intercedan en materia de seguridad y prevenci\u00f3n, ya que la seguridad que se tiene dentro de los centros de salud es deficiente y no les garantiza que no ocurran hechos violentos dentro de las mismas instalaciones.<br bogus=\"1\"><\/p>\n<p><a href=\"http:\/\/www.milenio.com\/politica\/medicos_piden_seguridad-protesta_doctores_la_purisima_0_729527117.html\" target=\"_blank\">http:\/\/www.milenio.com\/politica\/medicos_piden_seguridad-protesta_doctores_la_purisima_0_729527117.html<\/a><\/p>\n","protected":false},"excerpt":{"rendered":"<p>Daniela Garc\u00eda Un grupo de m\u00e9dicos realiz\u00f3 un plant\u00f3n en la plaza La Pur\u00edsima para demandar al gobierno mayor seguridad en cl\u00ednicas y hospitales. M\u00e9dicos de Nuevo Le\u00f3n denunciaron una &hellip; <a href=\"https:\/\/www.grieta.org.mx\/index.php\/2016\/05\/01\/demandan-medicos-seguridad-en-el-estado-nl\/\" class=\"more-link\">Leer m\u00e1s<\/a><\/p>\n","protected":false},"author":2,"featured_media":21928,"comment_status":"closed","ping_status":"closed","sticky":false,"template":"","format":"standard","meta":{"ngg_post_thumbnail":0,"_jetpack_newsletter_access":"","_jetpack_dont_email_post_to_subs":false,"_jetpack_newsletter_tier_id":0,"_jetpack_memberships_contains_paywalled_content":false,"_jetpack_memberships_contains_paid_content":false,"footnotes":""},"categories":[80],"tags":[640,180,745,746],"class_list":["post-14995","post","type-post","status-publish","format-standard","has-post-thumbnail","hentry","category-cintillo","tag-medicos","tag-protesta","tag-seguridad","tag-violencia","entry"],"jetpack_featured_media_url":"https:\/\/www.grieta.org.mx\/wp-content\/uploads\/2018\/03\/14524434_1106112876131411_958039263622046936_o.jpg","jetpack_sharing_enabled":true,"jetpack_shortlink":"https:\/\/wp.me\/p7ZJR4-3TR","jetpack_likes_enabled":false,"jetpack-related-posts":[{"id":14981,"url":"https:\/\/www.grieta.org.mx\/index.php\/2016\/05\/10\/movilizaciones-contra-violencia-hacia-medicos-en-nuevo-leon\/","url_meta":{"origin":14995,"position":0},"title":"Movilizaciones contra violencia hacia m\u00e9dicos en Nuevo Le\u00f3n","author":"grieta","date":"10 mayo, 2016","format":false,"excerpt":"01\/05\/16. Demandan m\u00e9dicos seguridad en el estado (NL)Milenio Monterrey","rel":"","context":"En &quot;NOTICIAS NACIONALES&quot;","block_context":{"text":"NOTICIAS NACIONALES","link":"https:\/\/www.grieta.org.mx\/index.php\/category\/noticias-nacionales\/"},"img":{"alt_text":"","src":"https:\/\/i0.wp.com\/www.grieta.org.mx\/wp-content\/uploads\/2018\/03\/14524434_1106112876131411_958039263622046936_o.jpg?resize=350%2C200&ssl=1","width":350,"height":200,"srcset":"https:\/\/i0.wp.com\/www.grieta.org.mx\/wp-content\/uploads\/2018\/03\/14524434_1106112876131411_958039263622046936_o.jpg?resize=350%2C200&ssl=1 1x, https:\/\/i0.wp.com\/www.grieta.org.mx\/wp-content\/uploads\/2018\/03\/14524434_1106112876131411_958039263622046936_o.jpg?resize=525%2C300&ssl=1 1.5x, https:\/\/i0.wp.com\/www.grieta.org.mx\/wp-content\/uploads\/2018\/03\/14524434_1106112876131411_958039263622046936_o.jpg?resize=700%2C400&ssl=1 2x"},"classes":[]},{"id":14979,"url":"https:\/\/www.grieta.org.mx\/index.php\/2016\/06\/22\/medicos-protestan-en-leon-guanajuato\/","url_meta":{"origin":14995,"position":1},"title":"M\u00e9dicos protestan en Le\u00f3n, Guanajuato","author":"grieta","date":"22 junio, 2016","format":false,"excerpt":"LE\u00d3N, Gto. (SUN).- Un grupo de m\u00e9dicos de diversos hospitales del sector salud se manifest\u00f3 esta ma\u00f1ana en el Arco de la Calzada de esta ciudad, como parte del paro y protestas que a nivel nacional realiza el movimiento \u201c#YosoyM\u00e9dico17\u201d. De bata blanca y con un mo\u00f1o en colores rojo\u2026","rel":"","context":"En &quot;CINTILLO&quot;","block_context":{"text":"CINTILLO","link":"https:\/\/www.grieta.org.mx\/index.php\/category\/cintillo\/"},"img":{"alt_text":"","src":"https:\/\/i0.wp.com\/www.grieta.org.mx\/wp-content\/uploads\/2018\/03\/14524434_1106112876131411_958039263622046936_o.jpg?resize=350%2C200&ssl=1","width":350,"height":200,"srcset":"https:\/\/i0.wp.com\/www.grieta.org.mx\/wp-content\/uploads\/2018\/03\/14524434_1106112876131411_958039263622046936_o.jpg?resize=350%2C200&ssl=1 1x, https:\/\/i0.wp.com\/www.grieta.org.mx\/wp-content\/uploads\/2018\/03\/14524434_1106112876131411_958039263622046936_o.jpg?resize=525%2C300&ssl=1 1.5x, https:\/\/i0.wp.com\/www.grieta.org.mx\/wp-content\/uploads\/2018\/03\/14524434_1106112876131411_958039263622046936_o.jpg?resize=700%2C400&ssl=1 2x"},"classes":[]},{"id":15042,"url":"https:\/\/www.grieta.org.mx\/index.php\/2016\/06\/25\/medicos-yosoy17-realizan-manifestacion-pacifica-en-la-plaza-de-armas\/","url_meta":{"origin":14995,"position":2},"title":"M\u00e9dicos #YoSoy17 realizan manifestaci\u00f3n pac\u00edfica en la Plaza de Armas","author":"grieta","date":"25 junio, 2016","format":false,"excerpt":"El Diario Francisco C\u00f3rdova M\u00e1s de un centenar de m\u00e9dicos pertenecientes al movimiento #YoSoy17 se congregaron en Plaza de Armas para presentar un pliego petitorio donde se\u00f1alaron varios puntos, entre ellos piden dejar de criminalizar al gremio. #YoSoy17 es un movimiento que surge dos a\u00f1os atr\u00e1s con el caso de\u2026","rel":"","context":"En &quot;chihuahua&quot;","block_context":{"text":"chihuahua","link":"https:\/\/www.grieta.org.mx\/index.php\/category\/chihuahua\/"},"img":{"alt_text":"","src":"https:\/\/i0.wp.com\/www.grieta.org.mx\/wp-content\/uploads\/2018\/03\/14524434_1106112876131411_958039263622046936_o.jpg?resize=350%2C200&ssl=1","width":350,"height":200,"srcset":"https:\/\/i0.wp.com\/www.grieta.org.mx\/wp-content\/uploads\/2018\/03\/14524434_1106112876131411_958039263622046936_o.jpg?resize=350%2C200&ssl=1 1x, https:\/\/i0.wp.com\/www.grieta.org.mx\/wp-content\/uploads\/2018\/03\/14524434_1106112876131411_958039263622046936_o.jpg?resize=525%2C300&ssl=1 1.5x, https:\/\/i0.wp.com\/www.grieta.org.mx\/wp-content\/uploads\/2018\/03\/14524434_1106112876131411_958039263622046936_o.jpg?resize=700%2C400&ssl=1 2x"},"classes":[]},{"id":14748,"url":"https:\/\/www.grieta.org.mx\/index.php\/2016\/06\/22\/medicos-y-enfermeras-protestan-en-siete-ciudades-de-veracruz\/","url_meta":{"origin":14995,"position":3},"title":"M\u00e9dicos y enfermeras protestan en siete ciudades de Veracruz","author":"grieta","date":"22 junio, 2016","format":false,"excerpt":"Marcharon por las calles del puerto de Veracruz haciendo diversas demandas. Lamentan hechos en Oaxaca. M\u00e9dicos y enfermeras de siete ciudades de Veracruz: Poza Rica, Veracruz, Boca del R\u00edo, Coatzacoalcos, Orizaba, C\u00f3rdoba y Xalapa se sumaron al paro nacional de trabajadores del \u00e1rea de la salud, para denunciar falta de\u2026","rel":"","context":"En &quot;CINTILLO&quot;","block_context":{"text":"CINTILLO","link":"https:\/\/www.grieta.org.mx\/index.php\/category\/cintillo\/"},"img":{"alt_text":"","src":"https:\/\/i0.wp.com\/www.grieta.org.mx\/wp-content\/uploads\/2018\/03\/14524434_1106112876131411_958039263622046936_o.jpg?resize=350%2C200&ssl=1","width":350,"height":200,"srcset":"https:\/\/i0.wp.com\/www.grieta.org.mx\/wp-content\/uploads\/2018\/03\/14524434_1106112876131411_958039263622046936_o.jpg?resize=350%2C200&ssl=1 1x, https:\/\/i0.wp.com\/www.grieta.org.mx\/wp-content\/uploads\/2018\/03\/14524434_1106112876131411_958039263622046936_o.jpg?resize=525%2C300&ssl=1 1.5x, https:\/\/i0.wp.com\/www.grieta.org.mx\/wp-content\/uploads\/2018\/03\/14524434_1106112876131411_958039263622046936_o.jpg?resize=700%2C400&ssl=1 2x"},"classes":[]},{"id":10574,"url":"https:\/\/www.grieta.org.mx\/index.php\/2016\/04\/12\/en-el-sur-de-veracruz-personal-medico-realiza-paro-en-hospitales-por-inseguridad\/","url_meta":{"origin":14995,"position":4},"title":"En el sur de Veracruz personal m\u00e9dico realiza paro en hospitales por inseguridad","author":"grieta","date":"12 abril, 2016","format":false,"excerpt":"En el sur de Veracruz m\u00e9dicos y enfermeras realizaron un paro general en las instalaciones del Instituto de Seguridad y Servicios Sociales de los Trabajadores del Estado (ISSSTE) , el Instituto Mexicano del Seguro Social (IMSS), hospitales de Petr\u00f3leos Mexicanos (Pemex) y el General de Coatzacoalcos, con el fin de\u2026","rel":"","context":"En &quot;CINTILLO&quot;","block_context":{"text":"CINTILLO","link":"https:\/\/www.grieta.org.mx\/index.php\/category\/cintillo\/"},"img":{"alt_text":"","src":"https:\/\/i0.wp.com\/www.grieta.org.mx\/wp-content\/uploads\/2018\/03\/14524434_1106112876131411_958039263622046936_o.jpg?resize=350%2C200&ssl=1","width":350,"height":200,"srcset":"https:\/\/i0.wp.com\/www.grieta.org.mx\/wp-content\/uploads\/2018\/03\/14524434_1106112876131411_958039263622046936_o.jpg?resize=350%2C200&ssl=1 1x, https:\/\/i0.wp.com\/www.grieta.org.mx\/wp-content\/uploads\/2018\/03\/14524434_1106112876131411_958039263622046936_o.jpg?resize=525%2C300&ssl=1 1.5x, https:\/\/i0.wp.com\/www.grieta.org.mx\/wp-content\/uploads\/2018\/03\/14524434_1106112876131411_958039263622046936_o.jpg?resize=700%2C400&ssl=1 2x"},"classes":[]},{"id":48523,"url":"https:\/\/www.grieta.org.mx\/index.php\/2020\/04\/15\/asume-guardia-nacional-seguridad-en-clinicas-1-y-2-del-imss-san-luis-potosi\/","url_meta":{"origin":14995,"position":5},"title":"Asume Guardia Nacional seguridad en cl\u00ednicas 1 y 2 del IMSS (San Luis Potos\u00ed)","author":"grieta","date":"15 abril, 2020","format":false,"excerpt":"Bertha Escalante\/El Sol de San Luis 15 abril 2020 Buscan garantizar que m\u00e9dicos y enfermeras no sean agredidos por la propia poblaci\u00f3n como ha sucedido en otras regiones del pa\u00eds Foto: Bertha Escalante\/El Sol de San Luis Personal de la Guardia Nacional en San Luis Potos\u00ed asumi\u00f3 desde este mi\u00e9rcoles,\u2026","rel":"","context":"En &quot;CINTILLO&quot;","block_context":{"text":"CINTILLO","link":"https:\/\/www.grieta.org.mx\/index.php\/category\/cintillo\/"},"img":{"alt_text":"","src":"https:\/\/i0.wp.com\/www.grieta.org.mx\/wp-content\/uploads\/2020\/05\/Guardia-Nacional-cuidando-el-IMSS.jpg?resize=350%2C200&ssl=1","width":350,"height":200,"srcset":"https:\/\/i0.wp.com\/www.grieta.org.mx\/wp-content\/uploads\/2020\/05\/Guardia-Nacional-cuidando-el-IMSS.jpg?resize=350%2C200&ssl=1 1x, https:\/\/i0.wp.com\/www.grieta.org.mx\/wp-content\/uploads\/2020\/05\/Guardia-Nacional-cuidando-el-IMSS.jpg?resize=525%2C300&ssl=1 1.5x, https:\/\/i0.wp.com\/www.grieta.org.mx\/wp-content\/uploads\/2020\/05\/Guardia-Nacional-cuidando-el-IMSS.jpg?resize=700%2C400&ssl=1 2x"},"classes":[]}],"_links":{"self":[{"href":"https:\/\/www.grieta.org.mx\/index.php\/wp-json\/wp\/v2\/posts\/14995","targetHints":{"allow":["GET"]}}],"collection":[{"href":"https:\/\/www.grieta.org.mx\/index.php\/wp-json\/wp\/v2\/posts"}],"about":[{"href":"https:\/\/www.grieta.org.mx\/index.php\/wp-json\/wp\/v2\/types\/post"}],"author":[{"embeddable":true,"href":"https:\/\/www.grieta.org.mx\/index.php\/wp-json\/wp\/v2\/users\/2"}],"replies":[{"embeddable":true,"href":"https:\/\/www.grieta.org.mx\/index.php\/wp-json\/wp\/v2\/comments?post=14995"}],"version-history":[{"count":1,"href":"https:\/\/www.grieta.org.mx\/index.php\/wp-json\/wp\/v2\/posts\/14995\/revisions"}],"predecessor-version":[{"id":14996,"href":"https:\/\/www.grieta.org.mx\/index.php\/wp-json\/wp\/v2\/posts\/14995\/revisions\/14996"}],"wp:featuredmedia":[{"embeddable":true,"href":"https:\/\/www.grieta.org.mx\/index.php\/wp-json\/wp\/v2\/media\/21928"}],"wp:attachment":[{"href":"https:\/\/www.grieta.org.mx\/index.php\/wp-json\/wp\/v2\/media?parent=14995"}],"wp:term":[{"taxonomy":"category","embeddable":true,"href":"https:\/\/www.grieta.org.mx\/index.php\/wp-json\/wp\/v2\/categories?post=14995"},{"taxonomy":"post_tag","embeddable":true,"href":"https:\/\/www.grieta.org.mx\/index.php\/wp-json\/wp\/v2\/tags?post=14995"}],"curies":[{"name":"wp","href":"https:\/\/api.w.org\/{rel}","templated":true}]}}