{"id":14981,"date":"2016-05-10T22:16:55","date_gmt":"2016-05-10T22:16:55","guid":{"rendered":"http:\/\/www.grieta.org.mx\/?p=14981"},"modified":"2016-06-26T02:58:33","modified_gmt":"2016-06-26T02:58:33","slug":"movilizaciones-contra-violencia-hacia-medicos-en-nuevo-leon","status":"publish","type":"post","link":"https:\/\/www.grieta.org.mx\/index.php\/2016\/05\/10\/movilizaciones-contra-violencia-hacia-medicos-en-nuevo-leon\/","title":{"rendered":"Movilizaciones contra violencia hacia m\u00e9dicos en Nuevo Le\u00f3n"},"content":{"rendered":"<p><strong>01\/05\/16. <\/strong><a href=\"http:\/\/www.grieta.org.mx\/index.php\/2016\/05\/01\/demandan-medicos-seguridad-en-el-estado-nl\/\" target=\"_blank\">Demandan m\u00e9dicos seguridad en el estado (NL)<\/a><br \/><em>Milenio Monterrey<\/em><br  \/><\/p>\n","protected":false},"excerpt":{"rendered":"<p>01\/05\/16. Demandan m\u00e9dicos seguridad en el estado (NL)Milenio Monterrey<\/p>\n","protected":false},"author":2,"featured_media":21928,"comment_status":"closed","ping_status":"closed","sticky":false,"template":"","format":"standard","meta":{"ngg_post_thumbnail":0,"_jetpack_newsletter_access":"","_jetpack_dont_email_post_to_subs":false,"_jetpack_newsletter_tier_id":0,"_jetpack_memberships_contains_paywalled_content":false,"_jetpack_memberships_contains_paid_content":false,"footnotes":""},"categories":[2,24],"tags":[],"class_list":["post-14981","post","type-post","status-publish","format-standard","has-post-thumbnail","hentry","category-noticias-nacionales","category-nuevo-leon","entry"],"jetpack_featured_media_url":"https:\/\/www.grieta.org.mx\/wp-content\/uploads\/2018\/03\/14524434_1106112876131411_958039263622046936_o.jpg","jetpack_sharing_enabled":true,"jetpack_shortlink":"https:\/\/wp.me\/p7ZJR4-3TD","jetpack_likes_enabled":false,"jetpack-related-posts":[{"id":49313,"url":"https:\/\/www.grieta.org.mx\/index.php\/2020\/05\/15\/medicos-residentes-de-hospital-del-issste-en-monterrey-estan-en-paro-por-falta-de-pago-nuevo-leon\/","url_meta":{"origin":14981,"position":0},"title":"M\u00e9dicos residentes de hospital del ISSSTE en Monterrey est\u00e1n en paro por falta de pago (Nuevo Le\u00f3n)","author":"grieta","date":"15 mayo, 2020","format":false,"excerpt":"Los m\u00e9dicos reportaron el problema desde la primera quincena de marzo, pero a la fecha sus demandas no han sido atendidas. ANIMAL POL\u00cdTICO Los m\u00e9dicos residentes del Hospital Regional ISSSTE Monterrey se encuentran en paro de labores debido a que no han recibido sus pagos desde marzo pasado. La Asamblea\u2026","rel":"","context":"En &quot;CINTILLO&quot;","block_context":{"text":"CINTILLO","link":"https:\/\/www.grieta.org.mx\/index.php\/category\/cintillo\/"},"img":{"alt_text":"","src":"https:\/\/i0.wp.com\/www.grieta.org.mx\/wp-content\/uploads\/2020\/05\/residentes-e1589563253742.jpg?resize=350%2C200&ssl=1","width":350,"height":200,"srcset":"https:\/\/i0.wp.com\/www.grieta.org.mx\/wp-content\/uploads\/2020\/05\/residentes-e1589563253742.jpg?resize=350%2C200&ssl=1 1x, https:\/\/i0.wp.com\/www.grieta.org.mx\/wp-content\/uploads\/2020\/05\/residentes-e1589563253742.jpg?resize=525%2C300&ssl=1 1.5x, https:\/\/i0.wp.com\/www.grieta.org.mx\/wp-content\/uploads\/2020\/05\/residentes-e1589563253742.jpg?resize=700%2C400&ssl=1 2x, https:\/\/i0.wp.com\/www.grieta.org.mx\/wp-content\/uploads\/2020\/05\/residentes-e1589563253742.jpg?resize=1050%2C600&ssl=1 3x"},"classes":[]},{"id":23214,"url":"https:\/\/www.grieta.org.mx\/index.php\/2018\/05\/15\/protestan-en-festejo-del-dia-del-maestro-por-servicios-medicos-nuevo-leon\/","url_meta":{"origin":14981,"position":1},"title":"Protestan en festejo del D\u00eda del Maestro por servicios m\u00e9dicos (Nuevo Le\u00f3n)","author":"grieta","date":"15 mayo, 2018","format":false,"excerpt":"Sandra Gonz\u00e1lez \/ Multimedios Digital Alrededor de 15 docentes se plantaron sobre la avenida Fundidora para exigir que se mejore el servicio de salud. MONTERREY.- Mientras el festejo por el D\u00eda del Maestro se realizaba en Cintermex, al exterior, sobre la avenida Fundidora un peque\u00f1o grupo realiz\u00f3 un plant\u00f3n para\u2026","rel":"","context":"En &quot;CINTILLO&quot;","block_context":{"text":"CINTILLO","link":"https:\/\/www.grieta.org.mx\/index.php\/category\/cintillo\/"},"img":{"alt_text":"","src":"https:\/\/i0.wp.com\/www.grieta.org.mx\/wp-content\/uploads\/2018\/05\/maestros-servicio.jpeg?resize=350%2C200&ssl=1","width":350,"height":200,"srcset":"https:\/\/i0.wp.com\/www.grieta.org.mx\/wp-content\/uploads\/2018\/05\/maestros-servicio.jpeg?resize=350%2C200&ssl=1 1x, https:\/\/i0.wp.com\/www.grieta.org.mx\/wp-content\/uploads\/2018\/05\/maestros-servicio.jpeg?resize=525%2C300&ssl=1 1.5x"},"classes":[]},{"id":22108,"url":"https:\/\/www.grieta.org.mx\/index.php\/2018\/03\/13\/imss-privatiza-hospitales-en-nuevo-leon-chiapas-y-nayarit\/","url_meta":{"origin":14981,"position":2},"title":"IMSS privatiza hospitales en Nuevo Le\u00f3n, Chiapas y Nayarit","author":"grieta","date":"13 marzo, 2018","format":false,"excerpt":"Nancy Flores El pasado 9 de marzo, el Instituto Mexicano del Seguro Social (IMSS) formaliz\u00f3 la privatizaci\u00f3n del Hospital Regional de Garc\u00eda, Nuevo Le\u00f3n; as\u00ed como de los hospitales generales de zona de Tapachula, Chiapas; y Bah\u00eda de Banderas, Nayarit. La cesi\u00f3n de los derechos a favor de la iniciativa\u2026","rel":"","context":"En &quot;CINTILLO&quot;","block_context":{"text":"CINTILLO","link":"https:\/\/www.grieta.org.mx\/index.php\/category\/cintillo\/"},"img":{"alt_text":"","src":"https:\/\/i0.wp.com\/www.grieta.org.mx\/wp-content\/uploads\/2018\/03\/Priv-IMSS-1.jpg?resize=350%2C200&ssl=1","width":350,"height":200,"srcset":"https:\/\/i0.wp.com\/www.grieta.org.mx\/wp-content\/uploads\/2018\/03\/Priv-IMSS-1.jpg?resize=350%2C200&ssl=1 1x, https:\/\/i0.wp.com\/www.grieta.org.mx\/wp-content\/uploads\/2018\/03\/Priv-IMSS-1.jpg?resize=525%2C300&ssl=1 1.5x, https:\/\/i0.wp.com\/www.grieta.org.mx\/wp-content\/uploads\/2018\/03\/Priv-IMSS-1.jpg?resize=700%2C400&ssl=1 2x"},"classes":[]},{"id":14995,"url":"https:\/\/www.grieta.org.mx\/index.php\/2016\/05\/01\/demandan-medicos-seguridad-en-el-estado-nl\/","url_meta":{"origin":14981,"position":3},"title":"Demandan m\u00e9dicos seguridad en el estado (NL)","author":"grieta","date":"1 mayo, 2016","format":false,"excerpt":"Daniela Garc\u00eda Un grupo de m\u00e9dicos realiz\u00f3 un plant\u00f3n en la plaza La Pur\u00edsima para demandar al gobierno mayor seguridad en cl\u00ednicas y hospitales. M\u00e9dicos de Nuevo Le\u00f3n denunciaron una ola de inseguridad y violencia que los afecta a la hora de ejercer su profesi\u00f3n en la zona metropolitana de\u2026","rel":"","context":"En &quot;CINTILLO&quot;","block_context":{"text":"CINTILLO","link":"https:\/\/www.grieta.org.mx\/index.php\/category\/cintillo\/"},"img":{"alt_text":"","src":"https:\/\/i0.wp.com\/www.grieta.org.mx\/wp-content\/uploads\/2018\/03\/14524434_1106112876131411_958039263622046936_o.jpg?resize=350%2C200&ssl=1","width":350,"height":200,"srcset":"https:\/\/i0.wp.com\/www.grieta.org.mx\/wp-content\/uploads\/2018\/03\/14524434_1106112876131411_958039263622046936_o.jpg?resize=350%2C200&ssl=1 1x, https:\/\/i0.wp.com\/www.grieta.org.mx\/wp-content\/uploads\/2018\/03\/14524434_1106112876131411_958039263622046936_o.jpg?resize=525%2C300&ssl=1 1.5x, https:\/\/i0.wp.com\/www.grieta.org.mx\/wp-content\/uploads\/2018\/03\/14524434_1106112876131411_958039263622046936_o.jpg?resize=700%2C400&ssl=1 2x"},"classes":[]},{"id":14979,"url":"https:\/\/www.grieta.org.mx\/index.php\/2016\/06\/22\/medicos-protestan-en-leon-guanajuato\/","url_meta":{"origin":14981,"position":4},"title":"M\u00e9dicos protestan en Le\u00f3n, Guanajuato","author":"grieta","date":"22 junio, 2016","format":false,"excerpt":"LE\u00d3N, Gto. (SUN).- Un grupo de m\u00e9dicos de diversos hospitales del sector salud se manifest\u00f3 esta ma\u00f1ana en el Arco de la Calzada de esta ciudad, como parte del paro y protestas que a nivel nacional realiza el movimiento \u201c#YosoyM\u00e9dico17\u201d. De bata blanca y con un mo\u00f1o en colores rojo\u2026","rel":"","context":"En &quot;CINTILLO&quot;","block_context":{"text":"CINTILLO","link":"https:\/\/www.grieta.org.mx\/index.php\/category\/cintillo\/"},"img":{"alt_text":"","src":"https:\/\/i0.wp.com\/www.grieta.org.mx\/wp-content\/uploads\/2018\/03\/14524434_1106112876131411_958039263622046936_o.jpg?resize=350%2C200&ssl=1","width":350,"height":200,"srcset":"https:\/\/i0.wp.com\/www.grieta.org.mx\/wp-content\/uploads\/2018\/03\/14524434_1106112876131411_958039263622046936_o.jpg?resize=350%2C200&ssl=1 1x, https:\/\/i0.wp.com\/www.grieta.org.mx\/wp-content\/uploads\/2018\/03\/14524434_1106112876131411_958039263622046936_o.jpg?resize=525%2C300&ssl=1 1.5x, https:\/\/i0.wp.com\/www.grieta.org.mx\/wp-content\/uploads\/2018\/03\/14524434_1106112876131411_958039263622046936_o.jpg?resize=700%2C400&ssl=1 2x"},"classes":[]},{"id":50881,"url":"https:\/\/www.grieta.org.mx\/index.php\/2020\/06\/12\/reportan-30-contagios-de-covid-19-en-casa-de-migrantes-e-indigentes-en-nuevo-leon\/","url_meta":{"origin":14981,"position":5},"title":"Reportan 30 contagios de covid-19 en casa de migrantes e indigentes en Nuevo Le\u00f3n","author":"grieta","date":"12 junio, 2020","format":false,"excerpt":"Luciano Campos Garza\/ PROCESO MONTERREY, NL (apro).- Unas 30 personas dieron positivo a covid-19 en la casa de migrantes e indigentes INDI ubicada en la zona industrial de este municipio. \u00a0 El padre Felipe de Jes\u00fas S\u00e1nchez Gallegos, director del Instituto Normativo de los Indigentes (INDI) inform\u00f3 que a partir\u2026","rel":"","context":"En &quot;CINTILLO&quot;","block_context":{"text":"CINTILLO","link":"https:\/\/www.grieta.org.mx\/index.php\/category\/cintillo\/"},"img":{"alt_text":"","src":"https:\/\/i0.wp.com\/www.grieta.org.mx\/wp-content\/uploads\/2020\/06\/indi-870x522.jpg?resize=350%2C200&ssl=1","width":350,"height":200,"srcset":"https:\/\/i0.wp.com\/www.grieta.org.mx\/wp-content\/uploads\/2020\/06\/indi-870x522.jpg?resize=350%2C200&ssl=1 1x, https:\/\/i0.wp.com\/www.grieta.org.mx\/wp-content\/uploads\/2020\/06\/indi-870x522.jpg?resize=525%2C300&ssl=1 1.5x, https:\/\/i0.wp.com\/www.grieta.org.mx\/wp-content\/uploads\/2020\/06\/indi-870x522.jpg?resize=700%2C400&ssl=1 2x"},"classes":[]}],"_links":{"self":[{"href":"https:\/\/www.grieta.org.mx\/index.php\/wp-json\/wp\/v2\/posts\/14981","targetHints":{"allow":["GET"]}}],"collection":[{"href":"https:\/\/www.grieta.org.mx\/index.php\/wp-json\/wp\/v2\/posts"}],"about":[{"href":"https:\/\/www.grieta.org.mx\/index.php\/wp-json\/wp\/v2\/types\/post"}],"author":[{"embeddable":true,"href":"https:\/\/www.grieta.org.mx\/index.php\/wp-json\/wp\/v2\/users\/2"}],"replies":[{"embeddable":true,"href":"https:\/\/www.grieta.org.mx\/index.php\/wp-json\/wp\/v2\/comments?post=14981"}],"version-history":[{"count":1,"href":"https:\/\/www.grieta.org.mx\/index.php\/wp-json\/wp\/v2\/posts\/14981\/revisions"}],"predecessor-version":[{"id":14997,"href":"https:\/\/www.grieta.org.mx\/index.php\/wp-json\/wp\/v2\/posts\/14981\/revisions\/14997"}],"wp:featuredmedia":[{"embeddable":true,"href":"https:\/\/www.grieta.org.mx\/index.php\/wp-json\/wp\/v2\/media\/21928"}],"wp:attachment":[{"href":"https:\/\/www.grieta.org.mx\/index.php\/wp-json\/wp\/v2\/media?parent=14981"}],"wp:term":[{"taxonomy":"category","embeddable":true,"href":"https:\/\/www.grieta.org.mx\/index.php\/wp-json\/wp\/v2\/categories?post=14981"},{"taxonomy":"post_tag","embeddable":true,"href":"https:\/\/www.grieta.org.mx\/index.php\/wp-json\/wp\/v2\/tags?post=14981"}],"curies":[{"name":"wp","href":"https:\/\/api.w.org\/{rel}","templated":true}]}}