{"id":14956,"date":"2016-06-23T06:02:40","date_gmt":"2016-06-23T06:02:40","guid":{"rendered":"http:\/\/www.grieta.org.mx\/?p=14956"},"modified":"2019-01-29T13:15:29","modified_gmt":"2019-01-29T19:15:29","slug":"se-manifiestan-en-calles-de-gomez","status":"publish","type":"post","link":"https:\/\/www.grieta.org.mx\/index.php\/2016\/06\/23\/se-manifiestan-en-calles-de-gomez\/","title":{"rendered":"Se manifiestan en calles de G\u00f3mez"},"content":{"rendered":"<figure id=\"attachment_14957\" aria-describedby=\"caption-attachment-14957\" style=\"width: 680px\" class=\"wp-caption aligncenter\"><img loading=\"lazy\" decoding=\"async\" data-attachment-id=\"14957\" data-permalink=\"https:\/\/www.grieta.org.mx\/index.php\/2016\/06\/23\/se-manifiestan-en-calles-de-gomez\/medicos-manifiestan-gomez-palacio\/\" data-orig-file=\"https:\/\/www.grieta.org.mx\/wp-content\/uploads\/2016\/06\/medicos-manifiestan-gomez-palacio.jpeg\" data-orig-size=\"1024,681\" data-comments-opened=\"0\" data-image-meta=\"{&quot;aperture&quot;:&quot;0&quot;,&quot;credit&quot;:&quot;&quot;,&quot;camera&quot;:&quot;&quot;,&quot;caption&quot;:&quot;&quot;,&quot;created_timestamp&quot;:&quot;0&quot;,&quot;copyright&quot;:&quot;&quot;,&quot;focal_length&quot;:&quot;0&quot;,&quot;iso&quot;:&quot;0&quot;,&quot;shutter_speed&quot;:&quot;0&quot;,&quot;title&quot;:&quot;&quot;,&quot;orientation&quot;:&quot;0&quot;}\" data-image-title=\"M\u00e9dicos se manifiestan en G\u00f3mez Palacio\" data-image-description=\"\" data-image-caption=\"&lt;p&gt;Protestan. M\u00e9dicos de la Laguna de Durango reclaman mejores condiciones de trabajo en hospitales p\u00fablicos. (El Siglo de Torre\u00f3n)&lt;\/p&gt;\n\" data-medium-file=\"https:\/\/www.grieta.org.mx\/wp-content\/uploads\/2016\/06\/medicos-manifiestan-gomez-palacio-300x200.jpeg\" data-large-file=\"https:\/\/www.grieta.org.mx\/wp-content\/uploads\/2016\/06\/medicos-manifiestan-gomez-palacio-1024x681.jpeg\" class=\"wp-image-14957\" src=\"http:\/\/www.grieta.org.mx\/wp-content\/uploads\/2016\/06\/medicos-manifiestan-gomez-palacio.jpeg\" alt=\"Protestan. M\u00e9dicos de la Laguna de Durango reclaman mejores condiciones de trabajo en hospitales p\u00fablicos. (El Siglo de Torre\u00f3n)\" width=\"680\" height=\"452\" srcset=\"https:\/\/www.grieta.org.mx\/wp-content\/uploads\/2016\/06\/medicos-manifiestan-gomez-palacio.jpeg 1024w, https:\/\/www.grieta.org.mx\/wp-content\/uploads\/2016\/06\/medicos-manifiestan-gomez-palacio-300x200.jpeg 300w, https:\/\/www.grieta.org.mx\/wp-content\/uploads\/2016\/06\/medicos-manifiestan-gomez-palacio-768x511.jpeg 768w\" sizes=\"auto, (max-width: 680px) 100vw, 680px\" \/><figcaption id=\"caption-attachment-14957\" class=\"wp-caption-text\">Protestan. M\u00e9dicos de la Laguna de Durango reclaman mejores condiciones de trabajo en hospitales p\u00fablicos. (El Siglo de Torre\u00f3n)<\/figcaption><\/figure>\n<p><strong>G\u00d3MEZ PALACIO, DGO.-<\/strong><\/p>\n<blockquote><p>M\u00e9dicos de Ciudad Lerdo y G\u00f3mez Palacio marcharon ayer mi\u00e9rcoles por la tarde en contra la criminalizaci\u00f3n del gremio en casos de supuesta negligencia y la privatizaci\u00f3n del servicio de Salud P\u00fablica.<\/p><\/blockquote>\n<p>Fue a las 18:00 horas que los galenos manifestantes se reunieron en el estacionamiento de un centro comercial, ubicado sobre el bulevar Miguel Alem\u00e1n entre ambas ciudades; desde ah\u00ed realizaron un recorrido con direcci\u00f3n a Torre\u00f3n.<\/p>\n<p><strong>SE UNEN A MOVIMIENTO NACIONAL<\/strong><\/p>\n<p>Los m\u00e9dicos mostraron pancartas y letreros en los que pidieron a la ciudadan\u00eda su comprensi\u00f3n, adem\u00e1s de que mostraron su apoyo al movimiento nacional de protestas que se ha extendido en redes sociales con la etiqueta #YoSoyM\u00e9dico17.<\/p>\n<p>El recorrido se realiz\u00f3 por espacio de casi 40 minutos en el bulevar Miguel Alem\u00e1n y participaron alrededor de 40 m\u00e9dicos de toda la regi\u00f3n.<\/p>\n<p>La protesta termin\u00f3 en el estacionamiento del mismo centro comercial, a la entrada de ciudad Lerdo; no se registraron incidentes mayores durante el recorrido.<\/p>\n<p><strong>Se suma Torre\u00f3n<\/strong><\/p>\n<p>Torre\u00f3n se sum\u00f3 a la movilizaci\u00f3n convocada por el movimiento #Yosoym\u00e9dico17 para protestar contra la criminalizaci\u00f3n del gremio en casos de supuesta negligencia, la privatizaci\u00f3n de los servicios de salud y las carencias de las instituciones p\u00fablicas.<\/p>\n<p>Aunque no llevaron un paro como fue convocado, a las 12 del d\u00eda de ayer m\u00e9dicos, especialistas y pasantes que trabajan en diversas instituciones de salud, se plantaron en la explanada de la Plaza Mayor para manifestar su apoyo a la movilizaci\u00f3n y externar sus inconformidades.<\/p>\n<p>&#8220;Las condiciones son deplorables, tenemos un gran volumen de pacientes, es poco el recurso tanto de personal de salud como de medicamentos, material e insumos en general&#8221;, dijo Carolina Leyva m\u00e9dico pasante de servicio social.<\/p>\n<p>Dijo que la asistencia fue poca, pues acudieron cerca de 20 personas, debido a las amenazas que recibieron para no asistir en algunas instituciones.<\/p>\n<p><strong>Hacen saber su sentir<\/strong><\/p>\n<p>Rechazan privatizaci\u00f3n de salud p\u00fablica.<\/p>\n<p>? Unos 40 m\u00e9dicos marcharon en G\u00f3mez Palacio.<\/p>\n<p>? Piden que se mejoren condiciones de hospitales en el sector p\u00fablico.<\/p>\n<p><a href=\"https:\/\/www.elsiglodetorreon.com.mx\/noticia\/1236488.se-manifiestan-en-calles-de-gomez.html\" target=\"_blank\">https:\/\/www.elsiglodetorreon.com.mx\/noticia\/1236488.se-manifiestan-en-calles-de-gomez.html<\/a><\/p>\n","protected":false},"excerpt":{"rendered":"<p>G\u00d3MEZ PALACIO, DGO.- M\u00e9dicos de Ciudad Lerdo y G\u00f3mez Palacio marcharon ayer mi\u00e9rcoles por la tarde en contra la criminalizaci\u00f3n del gremio en casos de supuesta negligencia y la privatizaci\u00f3n &hellip; <a href=\"https:\/\/www.grieta.org.mx\/index.php\/2016\/06\/23\/se-manifiestan-en-calles-de-gomez\/\" class=\"more-link\">Leer m\u00e1s<\/a><\/p>\n","protected":false},"author":2,"featured_media":28648,"comment_status":"closed","ping_status":"closed","sticky":false,"template":"","format":"standard","meta":{"ngg_post_thumbnail":0,"_jetpack_newsletter_access":"","_jetpack_dont_email_post_to_subs":false,"_jetpack_newsletter_tier_id":0,"_jetpack_memberships_contains_paywalled_content":false,"_jetpack_memberships_contains_paid_content":false,"footnotes":""},"categories":[80,15,910,1101,1205,2,83],"tags":[181,183,640,738],"class_list":["post-14956","post","type-post","status-publish","format-standard","has-post-thumbnail","hentry","category-cintillo","category-durango","category-explotacion-y-precariedad-laboral","category-conflictos-laborales-en-durango","category-movilizaciones-del-sector-salud-en-durango","category-noticias-nacionales","category-temas-nacionales","tag-gomez-palacio","tag-manifestacion","tag-medicos","tag-reforma-salud","entry"],"jetpack_featured_media_url":"https:\/\/www.grieta.org.mx\/wp-content\/uploads\/2016\/06\/836935.jpeg","jetpack_sharing_enabled":true,"jetpack_shortlink":"https:\/\/wp.me\/p7ZJR4-3Te","jetpack_likes_enabled":false,"jetpack-related-posts":[{"id":11753,"url":"https:\/\/www.grieta.org.mx\/index.php\/2016\/05\/04\/exigen-maestros-pagos-de-jubilaciones-y-medicamentos-en-la-laguna-de-durango\/","url_meta":{"origin":14956,"position":0},"title":"Exigen maestros pagos de jubilaciones y medicamentos en La Laguna de Durango","author":"grieta","date":"4 mayo, 2016","format":false,"excerpt":"Mayela Avila G\u00f3mez Palacio, Durango (04\/05\/2016).- Este mi\u00e9rcoles, maestros de la secci\u00f3n 44 del Sindicato Nacional de Trabajadores de la Educaci\u00f3n se manifestaron en las instalaciones de la subsecretar\u00eda de Educaci\u00f3n en la regi\u00f3n Laguna con sede en G\u00f3mez Palacio, en protesta por irregularidades para el pago de finiquitos y\u2026","rel":"","context":"En &quot;CINTILLO&quot;","block_context":{"text":"CINTILLO","link":"https:\/\/www.grieta.org.mx\/index.php\/category\/cintillo\/"},"img":{"alt_text":"","src":"https:\/\/i0.wp.com\/www.grieta.org.mx\/wp-content\/uploads\/2018\/03\/14524434_1106112876131411_958039263622046936_o.jpg?resize=350%2C200&ssl=1","width":350,"height":200,"srcset":"https:\/\/i0.wp.com\/www.grieta.org.mx\/wp-content\/uploads\/2018\/03\/14524434_1106112876131411_958039263622046936_o.jpg?resize=350%2C200&ssl=1 1x, https:\/\/i0.wp.com\/www.grieta.org.mx\/wp-content\/uploads\/2018\/03\/14524434_1106112876131411_958039263622046936_o.jpg?resize=525%2C300&ssl=1 1.5x, https:\/\/i0.wp.com\/www.grieta.org.mx\/wp-content\/uploads\/2018\/03\/14524434_1106112876131411_958039263622046936_o.jpg?resize=700%2C400&ssl=1 2x"},"classes":[]},{"id":2166,"url":"https:\/\/www.grieta.org.mx\/index.php\/2016\/02\/26\/conalep-sigue-con-paros-escalonados\/","url_meta":{"origin":14956,"position":1},"title":"Conalep sigue con paros escalonados","author":"grieta","date":"26 febrero, 2016","format":false,"excerpt":"Por: Liliana Rinc\u00f3n G\u00f3mez Palacio, Durango (26\/02\/2016).- Desde el lunes 22 de febrero los maestros del Conalep ubicado en la colonia Fidel Vel\u00e1zquez de G\u00f3mez Palacio, realizan paros de labores escalonados como medida de protesta porque dejaron de recibir vales de despensa, por poco m\u00e1s de quinientos pesos mensuales. Eleazar\u2026","rel":"","context":"En &quot;CINTILLO&quot;","block_context":{"text":"CINTILLO","link":"https:\/\/www.grieta.org.mx\/index.php\/category\/cintillo\/"},"img":{"alt_text":"","src":"https:\/\/i0.wp.com\/www.grieta.org.mx\/wp-content\/uploads\/2018\/03\/14524434_1106112876131411_958039263622046936_o.jpg?resize=350%2C200&ssl=1","width":350,"height":200,"srcset":"https:\/\/i0.wp.com\/www.grieta.org.mx\/wp-content\/uploads\/2018\/03\/14524434_1106112876131411_958039263622046936_o.jpg?resize=350%2C200&ssl=1 1x, https:\/\/i0.wp.com\/www.grieta.org.mx\/wp-content\/uploads\/2018\/03\/14524434_1106112876131411_958039263622046936_o.jpg?resize=525%2C300&ssl=1 1.5x, https:\/\/i0.wp.com\/www.grieta.org.mx\/wp-content\/uploads\/2018\/03\/14524434_1106112876131411_958039263622046936_o.jpg?resize=700%2C400&ssl=1 2x"},"classes":[]},{"id":34417,"url":"https:\/\/www.grieta.org.mx\/index.php\/2019\/06\/05\/empleados-de-coca-cola-se-van-a-paro-en-gomez-palacio-acusan-trato-inhumano-durango\/","url_meta":{"origin":14956,"position":2},"title":"Empleados de Coca-Cola se van a paro en G\u00f3mez Palacio, acusan trato &#8220;inhumano&#8221; (Durango)","author":"grieta","date":"5 junio, 2019","format":false,"excerpt":"LUIS ALATORRE\/Milenio. 30 repartidores de no recorrieron sus rutas hoy mi\u00e9rcoles, para manifestarse por la falta de vacaciones, turnos de hasta 14 horas y la falta de personal. https:\/\/www.milenio.com\/estados\/empleados-coca-cola-paro-gomez-palacio-acusan-trato-inhumano G\u00f3mez Palacio, Durango. Empleados de la Embotelladora Coca Cola en Santa Rita, Durango, se declararon en paro y acusaron que los\u2026","rel":"","context":"En &quot;CINTILLO&quot;","block_context":{"text":"CINTILLO","link":"https:\/\/www.grieta.org.mx\/index.php\/category\/cintillo\/"},"img":{"alt_text":"","src":"https:\/\/i0.wp.com\/www.grieta.org.mx\/wp-content\/uploads\/2019\/06\/repartidores-camion-trabajadores-estibar-cajas_0_71_555_344.jpg?resize=350%2C200&ssl=1","width":350,"height":200,"srcset":"https:\/\/i0.wp.com\/www.grieta.org.mx\/wp-content\/uploads\/2019\/06\/repartidores-camion-trabajadores-estibar-cajas_0_71_555_344.jpg?resize=350%2C200&ssl=1 1x, https:\/\/i0.wp.com\/www.grieta.org.mx\/wp-content\/uploads\/2019\/06\/repartidores-camion-trabajadores-estibar-cajas_0_71_555_344.jpg?resize=525%2C300&ssl=1 1.5x, https:\/\/i0.wp.com\/www.grieta.org.mx\/wp-content\/uploads\/2019\/06\/repartidores-camion-trabajadores-estibar-cajas_0_71_555_344.jpg?resize=700%2C400&ssl=1 2x"},"classes":[]},{"id":1274,"url":"https:\/\/www.grieta.org.mx\/index.php\/2015\/11\/27\/enfermeras-marchan-y-entregan-pliego-petitorio\/","url_meta":{"origin":14956,"position":3},"title":"Enfermeras marchan y entregan pliego petitorio","author":"grieta","date":"27 noviembre, 2015","format":false,"excerpt":"El personal de enfermer\u00eda del Hospital General de G\u00f3mez Palacio que se encuentran bajo protesta por la desigual asignaci\u00f3n de bases, se manifestaron afuera de la presidencia municipal. G\u00f3mez Palacio, Durango A m\u00e1s de una semana de estar trabajando bajo protesta y ante la nula soluci\u00f3n a sus demandas por\u2026","rel":"","context":"En &quot;CINTILLO&quot;","block_context":{"text":"CINTILLO","link":"https:\/\/www.grieta.org.mx\/index.php\/category\/cintillo\/"},"img":{"alt_text":"","src":"https:\/\/i0.wp.com\/www.grieta.org.mx\/wp-content\/uploads\/2018\/03\/14524434_1106112876131411_958039263622046936_o.jpg?resize=350%2C200&ssl=1","width":350,"height":200,"srcset":"https:\/\/i0.wp.com\/www.grieta.org.mx\/wp-content\/uploads\/2018\/03\/14524434_1106112876131411_958039263622046936_o.jpg?resize=350%2C200&ssl=1 1x, https:\/\/i0.wp.com\/www.grieta.org.mx\/wp-content\/uploads\/2018\/03\/14524434_1106112876131411_958039263622046936_o.jpg?resize=525%2C300&ssl=1 1.5x, https:\/\/i0.wp.com\/www.grieta.org.mx\/wp-content\/uploads\/2018\/03\/14524434_1106112876131411_958039263622046936_o.jpg?resize=700%2C400&ssl=1 2x"},"classes":[]},{"id":15141,"url":"https:\/\/www.grieta.org.mx\/index.php\/2016\/06\/23\/medicos-alzan-la-voz\/","url_meta":{"origin":14956,"position":4},"title":"M\u00e9dicos alzan la voz","author":"grieta","date":"23 junio, 2016","format":false,"excerpt":"Al igual que en otras partes del pa\u00eds, m\u00e9dicos duranguenses se unieron a la manifestaci\u00f3n en contra de las agresiones que sufren y en repudio a la universalidad del sistema nacional de salud. El contingente avanz\u00f3 por la calle 5 de Febrero, partiendo del Jard\u00edn de San Antonio, hasta llegar\u2026","rel":"","context":"En &quot;CINTILLO&quot;","block_context":{"text":"CINTILLO","link":"https:\/\/www.grieta.org.mx\/index.php\/category\/cintillo\/"},"img":{"alt_text":"","src":"https:\/\/i0.wp.com\/www.grieta.org.mx\/wp-content\/uploads\/2016\/06\/marchan-contra-reforma-salud-durango-1.jpeg?resize=350%2C200&ssl=1","width":350,"height":200,"srcset":"https:\/\/i0.wp.com\/www.grieta.org.mx\/wp-content\/uploads\/2016\/06\/marchan-contra-reforma-salud-durango-1.jpeg?resize=350%2C200&ssl=1 1x, https:\/\/i0.wp.com\/www.grieta.org.mx\/wp-content\/uploads\/2016\/06\/marchan-contra-reforma-salud-durango-1.jpeg?resize=525%2C300&ssl=1 1.5x, https:\/\/i0.wp.com\/www.grieta.org.mx\/wp-content\/uploads\/2016\/06\/marchan-contra-reforma-salud-durango-1.jpeg?resize=700%2C400&ssl=1 2x"},"classes":[]},{"id":1276,"url":"https:\/\/www.grieta.org.mx\/index.php\/2015\/11\/26\/sigue-protesta-de-enfermeros-del-hg-de-gomez-palacio\/","url_meta":{"origin":14956,"position":5},"title":"Sigue protesta de enfermeros del HG de G\u00f3mez Palacio","author":"grieta","date":"26 noviembre, 2015","format":false,"excerpt":"Por no quedar conformes con la explicaci\u00f3n de la Secretar\u00eda de Salud del estado de Durango sobre el tema de regularizaciones, enfermeros del Hospital General de G\u00f3mez Palacio mantienen casas de campa\u00f1a y pancartas de inconformidad en la instituci\u00f3n. Pese a la visita del secretario de Salud, Eduardo D\u00edaz Ju\u00e1rez\u2026","rel":"","context":"En &quot;CINTILLO&quot;","block_context":{"text":"CINTILLO","link":"https:\/\/www.grieta.org.mx\/index.php\/category\/cintillo\/"},"img":{"alt_text":"","src":"https:\/\/i0.wp.com\/www.grieta.org.mx\/wp-content\/uploads\/2018\/03\/14524434_1106112876131411_958039263622046936_o.jpg?resize=350%2C200&ssl=1","width":350,"height":200,"srcset":"https:\/\/i0.wp.com\/www.grieta.org.mx\/wp-content\/uploads\/2018\/03\/14524434_1106112876131411_958039263622046936_o.jpg?resize=350%2C200&ssl=1 1x, https:\/\/i0.wp.com\/www.grieta.org.mx\/wp-content\/uploads\/2018\/03\/14524434_1106112876131411_958039263622046936_o.jpg?resize=525%2C300&ssl=1 1.5x, https:\/\/i0.wp.com\/www.grieta.org.mx\/wp-content\/uploads\/2018\/03\/14524434_1106112876131411_958039263622046936_o.jpg?resize=700%2C400&ssl=1 2x"},"classes":[]}],"_links":{"self":[{"href":"https:\/\/www.grieta.org.mx\/index.php\/wp-json\/wp\/v2\/posts\/14956","targetHints":{"allow":["GET"]}}],"collection":[{"href":"https:\/\/www.grieta.org.mx\/index.php\/wp-json\/wp\/v2\/posts"}],"about":[{"href":"https:\/\/www.grieta.org.mx\/index.php\/wp-json\/wp\/v2\/types\/post"}],"author":[{"embeddable":true,"href":"https:\/\/www.grieta.org.mx\/index.php\/wp-json\/wp\/v2\/users\/2"}],"replies":[{"embeddable":true,"href":"https:\/\/www.grieta.org.mx\/index.php\/wp-json\/wp\/v2\/comments?post=14956"}],"version-history":[{"count":1,"href":"https:\/\/www.grieta.org.mx\/index.php\/wp-json\/wp\/v2\/posts\/14956\/revisions"}],"predecessor-version":[{"id":14958,"href":"https:\/\/www.grieta.org.mx\/index.php\/wp-json\/wp\/v2\/posts\/14956\/revisions\/14958"}],"wp:featuredmedia":[{"embeddable":true,"href":"https:\/\/www.grieta.org.mx\/index.php\/wp-json\/wp\/v2\/media\/28648"}],"wp:attachment":[{"href":"https:\/\/www.grieta.org.mx\/index.php\/wp-json\/wp\/v2\/media?parent=14956"}],"wp:term":[{"taxonomy":"category","embeddable":true,"href":"https:\/\/www.grieta.org.mx\/index.php\/wp-json\/wp\/v2\/categories?post=14956"},{"taxonomy":"post_tag","embeddable":true,"href":"https:\/\/www.grieta.org.mx\/index.php\/wp-json\/wp\/v2\/tags?post=14956"}],"curies":[{"name":"wp","href":"https:\/\/api.w.org\/{rel}","templated":true}]}}