{"id":14950,"date":"2016-06-23T05:36:41","date_gmt":"2016-06-23T05:36:41","guid":{"rendered":"http:\/\/www.grieta.org.mx\/?p=14950"},"modified":"2016-06-25T05:49:45","modified_gmt":"2016-06-25T05:49:45","slug":"marchan-contra-la-reforma-de-salud","status":"publish","type":"post","link":"https:\/\/www.grieta.org.mx\/index.php\/2016\/06\/23\/marchan-contra-la-reforma-de-salud\/","title":{"rendered":"Marchan contra la Reforma de Salud"},"content":{"rendered":"<figure id=\"attachment_14951\" aria-describedby=\"caption-attachment-14951\" style=\"width: 680px\" class=\"wp-caption aligncenter\"><img loading=\"lazy\" decoding=\"async\" data-attachment-id=\"14951\" data-permalink=\"https:\/\/www.grieta.org.mx\/index.php\/2016\/06\/23\/marchan-contra-la-reforma-de-salud\/marchan-contra-reforma-salud-durango\/\" data-orig-file=\"https:\/\/www.grieta.org.mx\/wp-content\/uploads\/2016\/06\/marchan-contra-reforma-salud-durango.jpeg\" data-orig-size=\"1024,576\" data-comments-opened=\"0\" data-image-meta=\"{&quot;aperture&quot;:&quot;0&quot;,&quot;credit&quot;:&quot;&quot;,&quot;camera&quot;:&quot;&quot;,&quot;caption&quot;:&quot;&quot;,&quot;created_timestamp&quot;:&quot;0&quot;,&quot;copyright&quot;:&quot;&quot;,&quot;focal_length&quot;:&quot;0&quot;,&quot;iso&quot;:&quot;0&quot;,&quot;shutter_speed&quot;:&quot;0&quot;,&quot;title&quot;:&quot;&quot;,&quot;orientation&quot;:&quot;0&quot;}\" data-image-title=\"marchan-contra-reforma-salud-durango\" data-image-description=\"\" data-image-caption=\"&lt;p&gt;Unidos. M\u00e1s de 2,500 personas participaron en la manifestaci\u00f3n en Durango. (El Siglo de Torre\u00f3n)&lt;\/p&gt;\n\" data-medium-file=\"https:\/\/www.grieta.org.mx\/wp-content\/uploads\/2016\/06\/marchan-contra-reforma-salud-durango-300x169.jpeg\" data-large-file=\"https:\/\/www.grieta.org.mx\/wp-content\/uploads\/2016\/06\/marchan-contra-reforma-salud-durango-1024x576.jpeg\" class=\"wp-image-14951\" src=\"http:\/\/www.grieta.org.mx\/wp-content\/uploads\/2016\/06\/marchan-contra-reforma-salud-durango.jpeg\" alt=\"Unidos. M\u00e1s de 2,500 personas participaron en la manifestaci\u00f3n en Durango. (El Siglo de Torre\u00f3n)\" width=\"680\" height=\"383\" srcset=\"https:\/\/www.grieta.org.mx\/wp-content\/uploads\/2016\/06\/marchan-contra-reforma-salud-durango.jpeg 1024w, https:\/\/www.grieta.org.mx\/wp-content\/uploads\/2016\/06\/marchan-contra-reforma-salud-durango-300x169.jpeg 300w, https:\/\/www.grieta.org.mx\/wp-content\/uploads\/2016\/06\/marchan-contra-reforma-salud-durango-768x432.jpeg 768w\" sizes=\"auto, (max-width: 680px) 100vw, 680px\" \/><figcaption id=\"caption-attachment-14951\" class=\"wp-caption-text\">Unidos. M\u00e1s de 2,500 personas participaron en la manifestaci\u00f3n en Durango. (El Siglo de Torre\u00f3n)<\/figcaption><\/figure>\n<p><strong>SALTILLO, COAH.-<\/p>\n<p>ACLARAN QUE NO HUBO PARO DE LABORES EN LOS HOSPITALES<\/strong><\/p>\n<blockquote><p>Un grupo de cincuenta m\u00e9dicos marcharon por las principales calles de Saltillo para manifestarse en contra de la Reforma de Salud, y pedir que se deje de criminalizar.<\/p><\/blockquote>\n<p>&#8220;Somos m\u00e9dicos, no dioses ni criminales&#8221;, indicaron durante la marcha que se realiz\u00f3 la ma\u00f1ana de ayer mi\u00e9rcoles.<\/p>\n<p>Ang\u00e9lica D\u00edaz Castellanos, indic\u00f3 que esta marcha se realiz\u00f3 en apoyo a las manifestaci\u00f3n que se realizan en el resto del pa\u00eds.<\/p>\n<p>Fue a las 9:00 horas que docenas de maestros se congregaron en la avenida Venustiano Carranza para marchar al Palacio de Gobierno.<\/p>\n<p>Custodiados por dos patrullas, los m\u00e9dicos caminaron alrededor de cinco kil\u00f3metros.<\/p>\n<p>Portaban pancartas con leyendas como &#8220;Ni dioses, ni criminales&#8221; y &#8220;Privatizaci\u00f3n igual a corrupci\u00f3n&#8221;.<\/p>\n<p>Al llegar al Palacio de Gobierno permanecieron con las pancartas hasta el medio d\u00eda.<\/p>\n<p>Ang\u00e9lica D\u00edaz aclar\u00f3 que no hubo paro de labores e ndic\u00f3 que el resto me los m\u00e9dicos que forman parte del sistema de salud se solidarizaron en sus \u00e1reas de trabajo al portar un mo\u00f1o rojinegro. Adem\u00e1s en los municipios de Acu\u00f1a y Monclova tambi\u00e9n se convoc\u00f3 a una marcha para exhibir se respeten sus derechos.<\/p>\n<p>Piden que las instituciones se hagan cargo de sus responsabilidades como la dotaci\u00f3n de equipo y de insumos.<\/p>\n<p>Esta marcha tuvo r\u00e9plica en Veracruz, Oaxaca, Chiapas, Guerrero y Guanajuato.<\/p>\n<p><strong>En Durango, miles salen a protestar<\/strong><\/p>\n<p>La opacidad con que se desarrolla el proyecto de Reforma a la Ley General de Salud, as\u00ed como el creciente n\u00famero de casos en los que m\u00e9dicos son sometidos a proceso penal por hechos relacionados con su profesi\u00f3n, fueron dos de las razones que motivaron a m\u00e9dicos a encabezar una marcha que ayer aglutin\u00f3 a miles de personas.<\/p>\n<p>Fue minutos despu\u00e9s de las 17:00 horas que cientos de m\u00e9dicos, estudiantes y otros trabajadores de dependencias pertenecientes al Sector Salud comenzaron a avanzar desde el Jard\u00edn Morelos (mejor conocido como Jard\u00edn de San Antonio) con rumbo a la plaza IV Centario, donde programaron una concentraci\u00f3n masiva.<\/p>\n<p>Ah\u00ed se les sumaron otros profesionistas, como maestros que previamente anunciaron su adhesi\u00f3n, hasta completar -conforme avanzaba el contingente- m\u00e1s de 2 mil 500 personas; sin embargo, de acuerdo a c\u00e1lculos de los organizadores, en el momento de mayor concentraci\u00f3n la asistencia se acerc\u00f3 a las 5 mil personas.<\/p>\n<p>Los manifestantes no ocultaron su molestia con varias de las reformas promovidas en esta gesti\u00f3n de Enrique Pe\u00f1a Nieto, presidente de la Rep\u00fablica. &#8220;\u00a1Fuera Pe\u00f1a!&#8221; era una de las consignas.<\/p>\n<p><a href=\"https:\/\/www.elsiglodetorreon.com.mx\/noticia\/1236501.marchan-contra-la-reforma-de-salud.html\" target=\"_blank\">https:\/\/www.elsiglodetorreon.com.mx\/noticia\/1236501.marchan-contra-la-reforma-de-salud.html<\/a><\/p>\n","protected":false},"excerpt":{"rendered":"<p>SALTILLO, COAH.- ACLARAN QUE NO HUBO PARO DE LABORES EN LOS HOSPITALES Un grupo de cincuenta m\u00e9dicos marcharon por las principales calles de Saltillo para manifestarse en contra de la &hellip; <a href=\"https:\/\/www.grieta.org.mx\/index.php\/2016\/06\/23\/marchan-contra-la-reforma-de-salud\/\" class=\"more-link\">Leer m\u00e1s<\/a><\/p>\n","protected":false},"author":2,"featured_media":21928,"comment_status":"closed","ping_status":"closed","sticky":false,"template":"","format":"standard","meta":{"ngg_post_thumbnail":0,"_jetpack_newsletter_access":"","_jetpack_dont_email_post_to_subs":false,"_jetpack_newsletter_tier_id":0,"_jetpack_memberships_contains_paywalled_content":false,"_jetpack_memberships_contains_paid_content":false,"footnotes":""},"categories":[80,173],"tags":[640,738,295],"class_list":["post-14950","post","type-post","status-publish","format-standard","has-post-thumbnail","hentry","category-cintillo","category-durango","tag-medicos","tag-reforma-salud","tag-saltillo","entry"],"jetpack_featured_media_url":"https:\/\/www.grieta.org.mx\/wp-content\/uploads\/2018\/03\/14524434_1106112876131411_958039263622046936_o.jpg","jetpack_sharing_enabled":true,"jetpack_shortlink":"https:\/\/wp.me\/p7ZJR4-3T8","jetpack_likes_enabled":false,"jetpack-related-posts":[{"id":15141,"url":"https:\/\/www.grieta.org.mx\/index.php\/2016\/06\/23\/medicos-alzan-la-voz\/","url_meta":{"origin":14950,"position":0},"title":"M\u00e9dicos alzan la voz","author":"grieta","date":"23 junio, 2016","format":false,"excerpt":"Al igual que en otras partes del pa\u00eds, m\u00e9dicos duranguenses se unieron a la manifestaci\u00f3n en contra de las agresiones que sufren y en repudio a la universalidad del sistema nacional de salud. El contingente avanz\u00f3 por la calle 5 de Febrero, partiendo del Jard\u00edn de San Antonio, hasta llegar\u2026","rel":"","context":"En &quot;CINTILLO&quot;","block_context":{"text":"CINTILLO","link":"https:\/\/www.grieta.org.mx\/index.php\/category\/cintillo\/"},"img":{"alt_text":"","src":"https:\/\/i0.wp.com\/www.grieta.org.mx\/wp-content\/uploads\/2016\/06\/marchan-contra-reforma-salud-durango-1.jpeg?resize=350%2C200&ssl=1","width":350,"height":200,"srcset":"https:\/\/i0.wp.com\/www.grieta.org.mx\/wp-content\/uploads\/2016\/06\/marchan-contra-reforma-salud-durango-1.jpeg?resize=350%2C200&ssl=1 1x, https:\/\/i0.wp.com\/www.grieta.org.mx\/wp-content\/uploads\/2016\/06\/marchan-contra-reforma-salud-durango-1.jpeg?resize=525%2C300&ssl=1 1.5x, https:\/\/i0.wp.com\/www.grieta.org.mx\/wp-content\/uploads\/2016\/06\/marchan-contra-reforma-salud-durango-1.jpeg?resize=700%2C400&ssl=1 2x"},"classes":[]},{"id":14925,"url":"https:\/\/www.grieta.org.mx\/index.php\/2016\/06\/22\/se-solidariza-saltillo-con-profesores-en-oaxaca\/","url_meta":{"origin":14950,"position":1},"title":"Se solidariza Saltillo con profesores en Oaxaca","author":"grieta","date":"22 junio, 2016","format":false,"excerpt":"SALTILLO, COAH.- M\u00e1s de 2 mil personas tomaron las calles principales calles de Saltillo para pedir que se detenga la represi\u00f3n de maestros en Oaxaca. \"Fuera Pe\u00f1a y los Moreira\", \"somos maestros y apoyamos a nuestros compa\u00f1eros de Oaxaca\", \"Alto a la masacre\" y \"\u00bfLa reforma educativa va a caer?\"\u2026","rel":"","context":"En &quot;CINTILLO&quot;","block_context":{"text":"CINTILLO","link":"https:\/\/www.grieta.org.mx\/index.php\/category\/cintillo\/"},"img":{"alt_text":"","src":"https:\/\/i0.wp.com\/www.grieta.org.mx\/wp-content\/uploads\/2018\/03\/14524434_1106112876131411_958039263622046936_o.jpg?resize=350%2C200&ssl=1","width":350,"height":200,"srcset":"https:\/\/i0.wp.com\/www.grieta.org.mx\/wp-content\/uploads\/2018\/03\/14524434_1106112876131411_958039263622046936_o.jpg?resize=350%2C200&ssl=1 1x, https:\/\/i0.wp.com\/www.grieta.org.mx\/wp-content\/uploads\/2018\/03\/14524434_1106112876131411_958039263622046936_o.jpg?resize=525%2C300&ssl=1 1.5x, https:\/\/i0.wp.com\/www.grieta.org.mx\/wp-content\/uploads\/2018\/03\/14524434_1106112876131411_958039263622046936_o.jpg?resize=700%2C400&ssl=1 2x"},"classes":[]},{"id":14956,"url":"https:\/\/www.grieta.org.mx\/index.php\/2016\/06\/23\/se-manifiestan-en-calles-de-gomez\/","url_meta":{"origin":14950,"position":2},"title":"Se manifiestan en calles de G\u00f3mez","author":"grieta","date":"23 junio, 2016","format":false,"excerpt":"G\u00d3MEZ PALACIO, DGO.- M\u00e9dicos de Ciudad Lerdo y G\u00f3mez Palacio marcharon ayer mi\u00e9rcoles por la tarde en contra la criminalizaci\u00f3n del gremio en casos de supuesta negligencia y la privatizaci\u00f3n del servicio de Salud P\u00fablica. Fue a las 18:00 horas que los galenos manifestantes se reunieron en el estacionamiento de\u2026","rel":"","context":"En &quot;CINTILLO&quot;","block_context":{"text":"CINTILLO","link":"https:\/\/www.grieta.org.mx\/index.php\/category\/cintillo\/"},"img":{"alt_text":"","src":"https:\/\/i0.wp.com\/www.grieta.org.mx\/wp-content\/uploads\/2016\/06\/836935.jpeg?resize=350%2C200&ssl=1","width":350,"height":200,"srcset":"https:\/\/i0.wp.com\/www.grieta.org.mx\/wp-content\/uploads\/2016\/06\/836935.jpeg?resize=350%2C200&ssl=1 1x, https:\/\/i0.wp.com\/www.grieta.org.mx\/wp-content\/uploads\/2016\/06\/836935.jpeg?resize=525%2C300&ssl=1 1.5x, https:\/\/i0.wp.com\/www.grieta.org.mx\/wp-content\/uploads\/2016\/06\/836935.jpeg?resize=700%2C400&ssl=1 2x"},"classes":[]},{"id":2223,"url":"https:\/\/www.grieta.org.mx\/index.php\/2015\/12\/06\/maestros-se-manifiestan-para-pedir-respaldo-de-la-ciudadania\/","url_meta":{"origin":14950,"position":3},"title":"Maestros se manifiestan para pedir respaldo de la ciudadan\u00eda","author":"grieta","date":"6 diciembre, 2015","format":false,"excerpt":"Pueblo Nuevo, Dgo.- Aproximadamente 250 maestros de distintas instituciones educativas que forman parte del magisterio unido, se manifestaron en la plaza de esta cabecera municipal para pedirle a la ciudadan\u00eda su apoyo y respaldo en las actividades que realizan en contra de la reforma educativa. En entrevista con uno de\u2026","rel":"","context":"En &quot;CINTILLO&quot;","block_context":{"text":"CINTILLO","link":"https:\/\/www.grieta.org.mx\/index.php\/category\/cintillo\/"},"img":{"alt_text":"","src":"https:\/\/i0.wp.com\/www.grieta.org.mx\/wp-content\/uploads\/2018\/03\/14524434_1106112876131411_958039263622046936_o.jpg?resize=350%2C200&ssl=1","width":350,"height":200,"srcset":"https:\/\/i0.wp.com\/www.grieta.org.mx\/wp-content\/uploads\/2018\/03\/14524434_1106112876131411_958039263622046936_o.jpg?resize=350%2C200&ssl=1 1x, https:\/\/i0.wp.com\/www.grieta.org.mx\/wp-content\/uploads\/2018\/03\/14524434_1106112876131411_958039263622046936_o.jpg?resize=525%2C300&ssl=1 1.5x, https:\/\/i0.wp.com\/www.grieta.org.mx\/wp-content\/uploads\/2018\/03\/14524434_1106112876131411_958039263622046936_o.jpg?resize=700%2C400&ssl=1 2x"},"classes":[]},{"id":15040,"url":"https:\/\/www.grieta.org.mx\/index.php\/2016\/06\/26\/movilizaciones-contra-la-reforma-al-sector-salud-en-chihuahua\/","url_meta":{"origin":14950,"position":4},"title":"Movilizaciones contra la reforma al sector salud en Chihuahua","author":"grieta","date":"26 junio, 2016","format":false,"excerpt":"21\/06\/16. Se manifestaron m\u00e9dicos del Movimiento Yo Soy #17 en el Hospital MorelosEl Herlaldo 19\/06\/16. M\u00e9dicos #YoSoy17 realizan manifestaci\u00f3n pac\u00edfica en la Plaza de ArmasEl Diario","rel":"","context":"En &quot;Chihuahua&quot;","block_context":{"text":"Chihuahua","link":"https:\/\/www.grieta.org.mx\/index.php\/category\/noticias-nacionales\/chihuahua\/"},"img":{"alt_text":"","src":"https:\/\/i0.wp.com\/www.grieta.org.mx\/wp-content\/uploads\/2018\/03\/14524434_1106112876131411_958039263622046936_o.jpg?resize=350%2C200&ssl=1","width":350,"height":200,"srcset":"https:\/\/i0.wp.com\/www.grieta.org.mx\/wp-content\/uploads\/2018\/03\/14524434_1106112876131411_958039263622046936_o.jpg?resize=350%2C200&ssl=1 1x, https:\/\/i0.wp.com\/www.grieta.org.mx\/wp-content\/uploads\/2018\/03\/14524434_1106112876131411_958039263622046936_o.jpg?resize=525%2C300&ssl=1 1.5x, https:\/\/i0.wp.com\/www.grieta.org.mx\/wp-content\/uploads\/2018\/03\/14524434_1106112876131411_958039263622046936_o.jpg?resize=700%2C400&ssl=1 2x"},"classes":[]},{"id":15541,"url":"https:\/\/www.grieta.org.mx\/index.php\/2016\/06\/22\/sector-salud-se-une-a-la-protesta-popular-cdmx\/","url_meta":{"origin":14950,"position":5},"title":"Sector salud se une a la protesta popular (CDMX)","author":"grieta","date":"22 junio, 2016","format":false,"excerpt":"Alejandra Pe\u00f1a Arturo Lara Eduardo Blas Protestan contra la reforma a la ley de salud y exigen mejores condiciones laborales CDMX, 22 junio 2016.- M\u00e9dicos y enfermeras se manifiestaron en la Ciudad de M\u00e9xico en rechazo a la posible aprobaci\u00f3n a la Reforma a la Ley General de Salud. La\u2026","rel":"","context":"En &quot;cdmx&quot;","block_context":{"text":"cdmx","link":"https:\/\/www.grieta.org.mx\/index.php\/category\/cdmx\/"},"img":{"alt_text":"","src":"https:\/\/i0.wp.com\/www.grieta.org.mx\/wp-content\/uploads\/2018\/03\/14524434_1106112876131411_958039263622046936_o.jpg?resize=350%2C200&ssl=1","width":350,"height":200,"srcset":"https:\/\/i0.wp.com\/www.grieta.org.mx\/wp-content\/uploads\/2018\/03\/14524434_1106112876131411_958039263622046936_o.jpg?resize=350%2C200&ssl=1 1x, https:\/\/i0.wp.com\/www.grieta.org.mx\/wp-content\/uploads\/2018\/03\/14524434_1106112876131411_958039263622046936_o.jpg?resize=525%2C300&ssl=1 1.5x, https:\/\/i0.wp.com\/www.grieta.org.mx\/wp-content\/uploads\/2018\/03\/14524434_1106112876131411_958039263622046936_o.jpg?resize=700%2C400&ssl=1 2x"},"classes":[]}],"_links":{"self":[{"href":"https:\/\/www.grieta.org.mx\/index.php\/wp-json\/wp\/v2\/posts\/14950","targetHints":{"allow":["GET"]}}],"collection":[{"href":"https:\/\/www.grieta.org.mx\/index.php\/wp-json\/wp\/v2\/posts"}],"about":[{"href":"https:\/\/www.grieta.org.mx\/index.php\/wp-json\/wp\/v2\/types\/post"}],"author":[{"embeddable":true,"href":"https:\/\/www.grieta.org.mx\/index.php\/wp-json\/wp\/v2\/users\/2"}],"replies":[{"embeddable":true,"href":"https:\/\/www.grieta.org.mx\/index.php\/wp-json\/wp\/v2\/comments?post=14950"}],"version-history":[{"count":1,"href":"https:\/\/www.grieta.org.mx\/index.php\/wp-json\/wp\/v2\/posts\/14950\/revisions"}],"predecessor-version":[{"id":14952,"href":"https:\/\/www.grieta.org.mx\/index.php\/wp-json\/wp\/v2\/posts\/14950\/revisions\/14952"}],"wp:featuredmedia":[{"embeddable":true,"href":"https:\/\/www.grieta.org.mx\/index.php\/wp-json\/wp\/v2\/media\/21928"}],"wp:attachment":[{"href":"https:\/\/www.grieta.org.mx\/index.php\/wp-json\/wp\/v2\/media?parent=14950"}],"wp:term":[{"taxonomy":"category","embeddable":true,"href":"https:\/\/www.grieta.org.mx\/index.php\/wp-json\/wp\/v2\/categories?post=14950"},{"taxonomy":"post_tag","embeddable":true,"href":"https:\/\/www.grieta.org.mx\/index.php\/wp-json\/wp\/v2\/tags?post=14950"}],"curies":[{"name":"wp","href":"https:\/\/api.w.org\/{rel}","templated":true}]}}