{"id":14914,"date":"2016-06-23T03:57:25","date_gmt":"2016-06-23T03:57:25","guid":{"rendered":"http:\/\/www.grieta.org.mx\/?p=14914"},"modified":"2016-07-14T17:34:31","modified_gmt":"2016-07-14T22:34:31","slug":"movilizaciones-contra-la-reforma-al-sector-salud-en-sonora","status":"publish","type":"post","link":"https:\/\/www.grieta.org.mx\/index.php\/2016\/06\/23\/movilizaciones-contra-la-reforma-al-sector-salud-en-sonora\/","title":{"rendered":"Movilizaciones del sector salud en Sonora"},"content":{"rendered":"<p><strong>23\/06\/16. <\/strong><a href=\"http:\/\/www.grieta.org.mx\/index.php\/2016\/06\/23\/protestan-medicos-en-tres-ciudades\/\">Protestan m\u00e9dicos en tres ciudades<\/a><br \/>\n<em>El Imparcial<\/em><\/p>\n","protected":false},"excerpt":{"rendered":"<p>23\/06\/16. Protestan m\u00e9dicos en tres ciudades El Imparcial<\/p>\n","protected":false},"author":2,"featured_media":21928,"comment_status":"closed","ping_status":"closed","sticky":false,"template":"","format":"standard","meta":{"ngg_post_thumbnail":0,"_jetpack_newsletter_access":"","_jetpack_dont_email_post_to_subs":false,"_jetpack_newsletter_tier_id":0,"_jetpack_memberships_contains_paywalled_content":false,"_jetpack_memberships_contains_paid_content":false,"footnotes":""},"categories":[2,31],"tags":[],"class_list":["post-14914","post","type-post","status-publish","format-standard","has-post-thumbnail","hentry","category-noticias-nacionales","category-sonora","entry"],"jetpack_featured_media_url":"https:\/\/www.grieta.org.mx\/wp-content\/uploads\/2018\/03\/14524434_1106112876131411_958039263622046936_o.jpg","jetpack_sharing_enabled":true,"jetpack_shortlink":"https:\/\/wp.me\/p7ZJR4-3Sy","jetpack_likes_enabled":false,"jetpack-related-posts":[{"id":14747,"url":"https:\/\/www.grieta.org.mx\/index.php\/2016\/08\/17\/movilizaciones-contra-la-reforma-al-sector-salud-en-veracruz\/","url_meta":{"origin":14914,"position":0},"title":"Movilizaciones del sector salud en Veracruz","author":"grieta","date":"17 agosto, 2016","format":false,"excerpt":"17\/08\/16. Empleados Salud de Veracruz protestan porque no les pagan desde hace 2 meses Plumas Libres 23\/06\/16. Protestan m\u00e9dicos contra inseguridad y universalizaci\u00f3n de la salud Diario Xalapa 22\/06\/16. M\u00e9dicos y enfermeras protestan en siete ciudades de Veracruz E-consulta","rel":"","context":"En &quot;NOTICIAS NACIONALES&quot;","block_context":{"text":"NOTICIAS NACIONALES","link":"https:\/\/www.grieta.org.mx\/index.php\/category\/noticias-nacionales\/"},"img":{"alt_text":"","src":"https:\/\/i0.wp.com\/www.grieta.org.mx\/wp-content\/uploads\/2018\/03\/14524434_1106112876131411_958039263622046936_o.jpg?resize=350%2C200&ssl=1","width":350,"height":200,"srcset":"https:\/\/i0.wp.com\/www.grieta.org.mx\/wp-content\/uploads\/2018\/03\/14524434_1106112876131411_958039263622046936_o.jpg?resize=350%2C200&ssl=1 1x, https:\/\/i0.wp.com\/www.grieta.org.mx\/wp-content\/uploads\/2018\/03\/14524434_1106112876131411_958039263622046936_o.jpg?resize=525%2C300&ssl=1 1.5x, https:\/\/i0.wp.com\/www.grieta.org.mx\/wp-content\/uploads\/2018\/03\/14524434_1106112876131411_958039263622046936_o.jpg?resize=700%2C400&ssl=1 2x"},"classes":[]},{"id":14919,"url":"https:\/\/www.grieta.org.mx\/index.php\/2016\/06\/23\/protestan-medicos-en-tres-ciudades\/","url_meta":{"origin":14914,"position":1},"title":"Protestan m\u00e9dicos en tres ciudades","author":"grieta","date":"23 junio, 2016","format":false,"excerpt":"HERMOSILLO, Sonora. Tener una mayor seguridad y en caso de cometer alguna falta que sean juzgados conforme a la ley es lo que exigieron m\u00e9dicos de Hermosillo, Guaymas y Ciudad Obreg\u00f3n. A nivel nacional se llev\u00f3 a cabo una manifestaci\u00f3n pac\u00edfica por parte de doctores de diferentes unidades de salud,\u2026","rel":"","context":"En &quot;CINTILLO&quot;","block_context":{"text":"CINTILLO","link":"https:\/\/www.grieta.org.mx\/index.php\/category\/cintillo\/"},"img":{"alt_text":"","src":"https:\/\/i0.wp.com\/www.grieta.org.mx\/wp-content\/uploads\/2018\/03\/14524434_1106112876131411_958039263622046936_o.jpg?resize=350%2C200&ssl=1","width":350,"height":200,"srcset":"https:\/\/i0.wp.com\/www.grieta.org.mx\/wp-content\/uploads\/2018\/03\/14524434_1106112876131411_958039263622046936_o.jpg?resize=350%2C200&ssl=1 1x, https:\/\/i0.wp.com\/www.grieta.org.mx\/wp-content\/uploads\/2018\/03\/14524434_1106112876131411_958039263622046936_o.jpg?resize=525%2C300&ssl=1 1.5x, https:\/\/i0.wp.com\/www.grieta.org.mx\/wp-content\/uploads\/2018\/03\/14524434_1106112876131411_958039263622046936_o.jpg?resize=700%2C400&ssl=1 2x"},"classes":[]},{"id":9071,"url":"https:\/\/www.grieta.org.mx\/index.php\/2016\/09\/06\/movilizaciones-contra-la-reforma-educativa-y-la-evaluacion-magisterial-en-sonora\/","url_meta":{"origin":14914,"position":2},"title":"Movilizaciones contra la Reforma Educativa y la evaluaci\u00f3n magisterial en Sonora","author":"Admin","date":"6 septiembre, 2016","format":false,"excerpt":"06\/09\/16. Organizar\u00e1 CNTE ceremonia \"antigrito\" el 15 de septiembre El Imparcial 18\/08\/16. CNTE Sonora enfocar\u00e1 manifestaciones hacia grupos empresariales Uniobreg\u00f3n 12\/07\/16. Fue una manifestaci\u00f3n pac\u00edfica: CNTE Sonora Dossier Pol\u00edtico 12\/07\/16. Protesta la CNTE en casetas de cobro El Imparcial 21\/06\/16. Realiza CNTE protesta en calles de la ciudad El Imparcial\u2026","rel":"","context":"En &quot;NOTICIAS NACIONALES&quot;","block_context":{"text":"NOTICIAS NACIONALES","link":"https:\/\/www.grieta.org.mx\/index.php\/category\/noticias-nacionales\/"},"img":{"alt_text":"","src":"https:\/\/i0.wp.com\/www.grieta.org.mx\/wp-content\/uploads\/2018\/03\/14524434_1106112876131411_958039263622046936_o.jpg?resize=350%2C200&ssl=1","width":350,"height":200,"srcset":"https:\/\/i0.wp.com\/www.grieta.org.mx\/wp-content\/uploads\/2018\/03\/14524434_1106112876131411_958039263622046936_o.jpg?resize=350%2C200&ssl=1 1x, https:\/\/i0.wp.com\/www.grieta.org.mx\/wp-content\/uploads\/2018\/03\/14524434_1106112876131411_958039263622046936_o.jpg?resize=525%2C300&ssl=1 1.5x, https:\/\/i0.wp.com\/www.grieta.org.mx\/wp-content\/uploads\/2018\/03\/14524434_1106112876131411_958039263622046936_o.jpg?resize=700%2C400&ssl=1 2x"},"classes":[]},{"id":15477,"url":"https:\/\/www.grieta.org.mx\/index.php\/2016\/06\/22\/movilizaciones-del-sector-salud-en-guanajuato\/","url_meta":{"origin":14914,"position":3},"title":"Movilizaciones del sector salud en Guanajuato","author":"grieta","date":"22 junio, 2016","format":false,"excerpt":"22\/06\/2016. M\u00e9dicos protestan en Le\u00f3n, Guanajuato Diario de Yucat\u00e1n 01\/08\/2015. Protestan en Guanajuato contra privatizaci\u00f3n de la saludAM 28\/07\/2015. M\u00e9dicos de Guanajuato advierten de paro laboral si no mejoran sus condiciones laboralesZona Franca 23\/06\/2015. Exigen m\u00e9dicos mayor seguridadAM 23\/06\/2015. Exigen estudiantes de medicina seguridad y mejores condiciones laboralesZona Franca","rel":"","context":"En &quot;Guanajuato&quot;","block_context":{"text":"Guanajuato","link":"https:\/\/www.grieta.org.mx\/index.php\/category\/noticias-nacionales\/guanajuato\/"},"img":{"alt_text":"","src":"https:\/\/i0.wp.com\/www.grieta.org.mx\/wp-content\/uploads\/2018\/03\/14524434_1106112876131411_958039263622046936_o.jpg?resize=350%2C200&ssl=1","width":350,"height":200,"srcset":"https:\/\/i0.wp.com\/www.grieta.org.mx\/wp-content\/uploads\/2018\/03\/14524434_1106112876131411_958039263622046936_o.jpg?resize=350%2C200&ssl=1 1x, https:\/\/i0.wp.com\/www.grieta.org.mx\/wp-content\/uploads\/2018\/03\/14524434_1106112876131411_958039263622046936_o.jpg?resize=525%2C300&ssl=1 1.5x, https:\/\/i0.wp.com\/www.grieta.org.mx\/wp-content\/uploads\/2018\/03\/14524434_1106112876131411_958039263622046936_o.jpg?resize=700%2C400&ssl=1 2x"},"classes":[]},{"id":15284,"url":"https:\/\/www.grieta.org.mx\/index.php\/2016\/09\/05\/movilizaciones-del-sector-salud-en-sinaloa\/","url_meta":{"origin":14914,"position":4},"title":"Movilizaciones del sector salud en Sinaloa","author":"grieta","date":"5 septiembre, 2016","format":false,"excerpt":"Movilizaciones en contra de la inseguridad y la violencia en la profesi\u00f3n 05\/09\/16. Sinaloa, la impunidad en asesinatos de m\u00e9dicos no tiene cura La Silla Rota 14\/08\/16. Piden en Sinaloa atender a heridos de bala en hospitales militares El Universal 23\/06\/16. Movilizan asesinatos a m\u00e9dicos en Culiac\u00e1n Noroeste 23\/06\/16. \"Exigimos\u2026","rel":"","context":"En &quot;NOTICIAS NACIONALES&quot;","block_context":{"text":"NOTICIAS NACIONALES","link":"https:\/\/www.grieta.org.mx\/index.php\/category\/noticias-nacionales\/"},"img":{"alt_text":"","src":"https:\/\/i0.wp.com\/www.grieta.org.mx\/wp-content\/uploads\/2018\/03\/14524434_1106112876131411_958039263622046936_o.jpg?resize=350%2C200&ssl=1","width":350,"height":200,"srcset":"https:\/\/i0.wp.com\/www.grieta.org.mx\/wp-content\/uploads\/2018\/03\/14524434_1106112876131411_958039263622046936_o.jpg?resize=350%2C200&ssl=1 1x, https:\/\/i0.wp.com\/www.grieta.org.mx\/wp-content\/uploads\/2018\/03\/14524434_1106112876131411_958039263622046936_o.jpg?resize=525%2C300&ssl=1 1.5x, https:\/\/i0.wp.com\/www.grieta.org.mx\/wp-content\/uploads\/2018\/03\/14524434_1106112876131411_958039263622046936_o.jpg?resize=700%2C400&ssl=1 2x"},"classes":[]},{"id":15431,"url":"https:\/\/www.grieta.org.mx\/index.php\/2016\/06\/22\/movilizaciones-contra-la-reforma-al-sector-salud-en-yucatan\/","url_meta":{"origin":14914,"position":5},"title":"Movilizaciones contra la reforma al sector salud en Yucat\u00e1n","author":"grieta","date":"22 junio, 2016","format":false,"excerpt":"22\/06\/16. Protestan m\u00e9dicos yucatecos Desde el Balc\u00f3n","rel":"","context":"En &quot;NOTICIAS NACIONALES&quot;","block_context":{"text":"NOTICIAS NACIONALES","link":"https:\/\/www.grieta.org.mx\/index.php\/category\/noticias-nacionales\/"},"img":{"alt_text":"","src":"https:\/\/i0.wp.com\/www.grieta.org.mx\/wp-content\/uploads\/2018\/03\/14524434_1106112876131411_958039263622046936_o.jpg?resize=350%2C200&ssl=1","width":350,"height":200,"srcset":"https:\/\/i0.wp.com\/www.grieta.org.mx\/wp-content\/uploads\/2018\/03\/14524434_1106112876131411_958039263622046936_o.jpg?resize=350%2C200&ssl=1 1x, https:\/\/i0.wp.com\/www.grieta.org.mx\/wp-content\/uploads\/2018\/03\/14524434_1106112876131411_958039263622046936_o.jpg?resize=525%2C300&ssl=1 1.5x, https:\/\/i0.wp.com\/www.grieta.org.mx\/wp-content\/uploads\/2018\/03\/14524434_1106112876131411_958039263622046936_o.jpg?resize=700%2C400&ssl=1 2x"},"classes":[]}],"_links":{"self":[{"href":"https:\/\/www.grieta.org.mx\/index.php\/wp-json\/wp\/v2\/posts\/14914","targetHints":{"allow":["GET"]}}],"collection":[{"href":"https:\/\/www.grieta.org.mx\/index.php\/wp-json\/wp\/v2\/posts"}],"about":[{"href":"https:\/\/www.grieta.org.mx\/index.php\/wp-json\/wp\/v2\/types\/post"}],"author":[{"embeddable":true,"href":"https:\/\/www.grieta.org.mx\/index.php\/wp-json\/wp\/v2\/users\/2"}],"replies":[{"embeddable":true,"href":"https:\/\/www.grieta.org.mx\/index.php\/wp-json\/wp\/v2\/comments?post=14914"}],"version-history":[{"count":1,"href":"https:\/\/www.grieta.org.mx\/index.php\/wp-json\/wp\/v2\/posts\/14914\/revisions"}],"predecessor-version":[{"id":16702,"href":"https:\/\/www.grieta.org.mx\/index.php\/wp-json\/wp\/v2\/posts\/14914\/revisions\/16702"}],"wp:featuredmedia":[{"embeddable":true,"href":"https:\/\/www.grieta.org.mx\/index.php\/wp-json\/wp\/v2\/media\/21928"}],"wp:attachment":[{"href":"https:\/\/www.grieta.org.mx\/index.php\/wp-json\/wp\/v2\/media?parent=14914"}],"wp:term":[{"taxonomy":"category","embeddable":true,"href":"https:\/\/www.grieta.org.mx\/index.php\/wp-json\/wp\/v2\/categories?post=14914"},{"taxonomy":"post_tag","embeddable":true,"href":"https:\/\/www.grieta.org.mx\/index.php\/wp-json\/wp\/v2\/tags?post=14914"}],"curies":[{"name":"wp","href":"https:\/\/api.w.org\/{rel}","templated":true}]}}