{"id":14909,"date":"2016-06-22T03:52:19","date_gmt":"2016-06-22T03:52:19","guid":{"rendered":"http:\/\/www.grieta.org.mx\/?p=14909"},"modified":"2016-06-25T03:53:01","modified_gmt":"2016-06-25T03:53:01","slug":"culminan-marchas-contra-la-universalizacion-del-sector-salud","status":"publish","type":"post","link":"https:\/\/www.grieta.org.mx\/index.php\/2016\/06\/22\/culminan-marchas-contra-la-universalizacion-del-sector-salud\/","title":{"rendered":"Culminan marchas contra la universalizaci\u00f3n del sector salud"},"content":{"rendered":"<p>Ver\u00f3nica Torres\/ La Voz de Michoac\u00e1n<\/p>\n<p>Morelia, Michoac\u00e1n.- Al grito de \u201cPueblo escucha, la salud es nuestra lucha\u201d y \u201cPe\u00f1a entiende, la salud no se vende\u201d, miles de m\u00e9dicos, enfermeras y trabajadores del Sector Salud Michoac\u00e1n y Guerrero se unieron a la marcha nacional en contra de la Reforma de Salud que se cocina en el Senado de la Rep\u00fablica; la \u201cUniversalizaci\u00f3n de los Servicios de Salud no pasar\u00e1\u201d, form\u00f3 parte de las protestas que se vivieron durante este mi\u00e9rcoles en Morelia, en varias ciudades del interior del estado como L\u00e1zaro C\u00e1rdenas y Zamora.<\/p>\n<p>Apoyados por la secci\u00f3n 18 de la Coordinadora Nacional de Trabajadores de la Educaci\u00f3n (CNTE), familiares, usuarios y derechohabientes de las distintas instituciones del Sector Salud, repudiaron las reformas que laceran la vida de los mexicanos; se estima que fueron m\u00e1s de 4, 000 personas las que participaron en las diversas marchas pac\u00edficas en Michoac\u00e1n.<\/p>\n<p>Con sus famosas batas blancas y con los uniformes intachables, el Sector Salud evidenci\u00f3 la falta de insumos y medicamentos en las instancias m\u00e9dicas, tanto de la Secretar\u00eda de Salud, as\u00ed como en el Instituto Mexicano del Seguro Social (IMSS) y el Instituto de Seguridad y Servicios Sociales de los Trabajadores del Estado (ISSSTE).<\/p>\n<p>Aunado a la carencia de profesionales de la salud y las bajas condiciones de trabajo en las que tienen que laborar las m\u00e1s de ocho jornadas en cada uno de los espacios laborales; falta de seguridad y vigilancia en las unidades de salud, levantones y secuestros por parte del crimen organizado, hasta violaciones a doctoras y enfermeras, fueron parte de las consignas que evidenci\u00f3 el Movimiento #YoSoyM\u00e9dico17 en Michoac\u00e1n.<\/p>\n<p>Al respecto, uno de los voceros del movimiento, Mario Carrillo Tapia exigi\u00f3 a las autoridades a trazar estrategias que generen las condiciones laborales dentro y fuera de las instancias de salud, no solo con la entrega de insumos para laborar y proporcionar la atenci\u00f3n a los usuarios, sino tambi\u00e9n para la seguridad de los profesionales que, d\u00eda con d\u00eda, viven con miedo.<\/p>\n<p>https:\/\/youtu.be\/gmrxw8rXwpQ<\/p>\n<p><a href=\"http:\/\/www.lavozdemichoacan.com.mx\/culminan-marchas-contra-la-universalizacion-del-sector-salud\/\" target=\"_blank\">http:\/\/www.lavozdemichoacan.com.mx\/culminan-marchas-contra-la-universalizacion-del-sector-salud\/<\/a><\/p>\n","protected":false},"excerpt":{"rendered":"<p>Ver\u00f3nica Torres\/ La Voz de Michoac\u00e1n Morelia, Michoac\u00e1n.- Al grito de \u201cPueblo escucha, la salud es nuestra lucha\u201d y \u201cPe\u00f1a entiende, la salud no se vende\u201d, miles de m\u00e9dicos, enfermeras &hellip; <a href=\"https:\/\/www.grieta.org.mx\/index.php\/2016\/06\/22\/culminan-marchas-contra-la-universalizacion-del-sector-salud\/\" class=\"more-link\">Leer m\u00e1s<\/a><\/p>\n","protected":false},"author":2,"featured_media":21928,"comment_status":"closed","ping_status":"closed","sticky":false,"template":"","format":"standard","meta":{"ngg_post_thumbnail":0,"_jetpack_newsletter_access":"","_jetpack_dont_email_post_to_subs":false,"_jetpack_newsletter_tier_id":0,"_jetpack_memberships_contains_paywalled_content":false,"_jetpack_memberships_contains_paid_content":false,"footnotes":""},"categories":[80,82],"tags":[738],"class_list":["post-14909","post","type-post","status-publish","format-standard","has-post-thumbnail","hentry","category-cintillo","category-michoacan","tag-reforma-salud","entry"],"jetpack_featured_media_url":"https:\/\/www.grieta.org.mx\/wp-content\/uploads\/2018\/03\/14524434_1106112876131411_958039263622046936_o.jpg","jetpack_sharing_enabled":true,"jetpack_shortlink":"https:\/\/wp.me\/p7ZJR4-3St","jetpack_likes_enabled":false,"jetpack-related-posts":[{"id":14903,"url":"https:\/\/www.grieta.org.mx\/index.php\/2016\/07\/31\/movilizaciones-contra-la-reforma-al-sector-salud-en-michoacan\/","url_meta":{"origin":14909,"position":0},"title":"Movilizaciones del sector salud en Michoac\u00e1n","author":"grieta","date":"31 julio, 2016","format":false,"excerpt":"31\/07\/16. Ante falta de recontrataci\u00f3n, previene sector salud interponer denuncia Quadrat\u00edn 04\/07\/16. Amplian tomas en sector salud por despidos Quadrat\u00edn 22\/06\/16. Culminan marchas contra la universalizaci\u00f3n del sector salud La Voz Michoac\u00e1n","rel":"","context":"En &quot;Michoac\u00e1n&quot;","block_context":{"text":"Michoac\u00e1n","link":"https:\/\/www.grieta.org.mx\/index.php\/category\/noticias-nacionales\/michoacan\/"},"img":{"alt_text":"","src":"https:\/\/i0.wp.com\/www.grieta.org.mx\/wp-content\/uploads\/2018\/03\/14524434_1106112876131411_958039263622046936_o.jpg?resize=350%2C200&ssl=1","width":350,"height":200,"srcset":"https:\/\/i0.wp.com\/www.grieta.org.mx\/wp-content\/uploads\/2018\/03\/14524434_1106112876131411_958039263622046936_o.jpg?resize=350%2C200&ssl=1 1x, https:\/\/i0.wp.com\/www.grieta.org.mx\/wp-content\/uploads\/2018\/03\/14524434_1106112876131411_958039263622046936_o.jpg?resize=525%2C300&ssl=1 1.5x, https:\/\/i0.wp.com\/www.grieta.org.mx\/wp-content\/uploads\/2018\/03\/14524434_1106112876131411_958039263622046936_o.jpg?resize=700%2C400&ssl=1 2x"},"classes":[]},{"id":8974,"url":"https:\/\/www.grieta.org.mx\/index.php\/2015\/10\/26\/sindicalizados-del-sector-salud-se-manifiestan-en-morelia-y-en-michoacan\/","url_meta":{"origin":14909,"position":1},"title":"Sindicalizados del sector salud se manifiestan en Morelia y en Michoac\u00e1n","author":"Admin","date":"26 octubre, 2015","format":false,"excerpt":"Morelia, Mich., a 26 de octubre de 2015.- Trabajadores adscritos al Sindicato de Trabajadores Descentralizados de Servicios de Salud de Michoac\u00e1n (SDTSSM) \u201cL\u00e1zaro C\u00e1rdenas\u201d, realizan una manifestaci\u00f3n este lunes en la ciudad de Morelia y en diferentes puntos del estado, para exigir que sean cumplidos diversos acuerdos. Por una parte,\u2026","rel":"","context":"En &quot;CINTILLO&quot;","block_context":{"text":"CINTILLO","link":"https:\/\/www.grieta.org.mx\/index.php\/category\/cintillo\/"},"img":{"alt_text":"","src":"https:\/\/i0.wp.com\/www.grieta.org.mx\/wp-content\/uploads\/2018\/03\/14524434_1106112876131411_958039263622046936_o.jpg?resize=350%2C200&ssl=1","width":350,"height":200,"srcset":"https:\/\/i0.wp.com\/www.grieta.org.mx\/wp-content\/uploads\/2018\/03\/14524434_1106112876131411_958039263622046936_o.jpg?resize=350%2C200&ssl=1 1x, https:\/\/i0.wp.com\/www.grieta.org.mx\/wp-content\/uploads\/2018\/03\/14524434_1106112876131411_958039263622046936_o.jpg?resize=525%2C300&ssl=1 1.5x, https:\/\/i0.wp.com\/www.grieta.org.mx\/wp-content\/uploads\/2018\/03\/14524434_1106112876131411_958039263622046936_o.jpg?resize=700%2C400&ssl=1 2x"},"classes":[]},{"id":15877,"url":"https:\/\/www.grieta.org.mx\/index.php\/2016\/07\/04\/amplian-tomas-en-sector-salud-por-despidos\/","url_meta":{"origin":14909,"position":2},"title":"Amplian tomas en sector salud por despidos","author":"Admin","date":"4 julio, 2016","format":false,"excerpt":"Juan Bustos\/Quadrat\u00edn MORELIA, Mich., 04 de julio de 2016.- Este lunes, el Sindicato de Trabajadores Descentralizados de los Servicios de Salud en Michoac\u00e1n (STDSSM) \u201cL\u00e1zaro C\u00e1rdenas\u201d ampli\u00f3 tomas que realiza en \u00e1reas administrativas del sector salud a las oficinas del Seguro Popular ubicadas en Allende, por los despidos mil 200\u2026","rel":"","context":"En &quot;CINTILLO&quot;","block_context":{"text":"CINTILLO","link":"https:\/\/www.grieta.org.mx\/index.php\/category\/cintillo\/"},"img":{"alt_text":"","src":"https:\/\/i0.wp.com\/www.grieta.org.mx\/wp-content\/uploads\/2018\/03\/14524434_1106112876131411_958039263622046936_o.jpg?resize=350%2C200&ssl=1","width":350,"height":200,"srcset":"https:\/\/i0.wp.com\/www.grieta.org.mx\/wp-content\/uploads\/2018\/03\/14524434_1106112876131411_958039263622046936_o.jpg?resize=350%2C200&ssl=1 1x, https:\/\/i0.wp.com\/www.grieta.org.mx\/wp-content\/uploads\/2018\/03\/14524434_1106112876131411_958039263622046936_o.jpg?resize=525%2C300&ssl=1 1.5x, https:\/\/i0.wp.com\/www.grieta.org.mx\/wp-content\/uploads\/2018\/03\/14524434_1106112876131411_958039263622046936_o.jpg?resize=700%2C400&ssl=1 2x"},"classes":[]},{"id":8970,"url":"https:\/\/www.grieta.org.mx\/index.php\/2015\/11\/12\/arriba-manifestacion-de-trabajadores-de-salud-al-congreso-de-michoacan\/","url_meta":{"origin":14909,"position":3},"title":"Arriba manifestaci\u00f3n de trabajadores de Salud al Congreso de Michoac\u00e1n","author":"Admin","date":"12 noviembre, 2015","format":false,"excerpt":"MORELIA, Mich., 12 de noviembre de 2015.- Los agremiados adheridos al Sindicato Estatal de Salud culminaron su marcha a las afuera de la sede del Congreso de Michoac\u00e1n. Con esta protesta los empleados del sector Salud exigen a los legisladores que se cubran el pago de los adeudos atrasados y\u2026","rel":"","context":"En &quot;CINTILLO&quot;","block_context":{"text":"CINTILLO","link":"https:\/\/www.grieta.org.mx\/index.php\/category\/cintillo\/"},"img":{"alt_text":"","src":"https:\/\/i0.wp.com\/www.grieta.org.mx\/wp-content\/uploads\/2018\/03\/14524434_1106112876131411_958039263622046936_o.jpg?resize=350%2C200&ssl=1","width":350,"height":200,"srcset":"https:\/\/i0.wp.com\/www.grieta.org.mx\/wp-content\/uploads\/2018\/03\/14524434_1106112876131411_958039263622046936_o.jpg?resize=350%2C200&ssl=1 1x, https:\/\/i0.wp.com\/www.grieta.org.mx\/wp-content\/uploads\/2018\/03\/14524434_1106112876131411_958039263622046936_o.jpg?resize=525%2C300&ssl=1 1.5x, https:\/\/i0.wp.com\/www.grieta.org.mx\/wp-content\/uploads\/2018\/03\/14524434_1106112876131411_958039263622046936_o.jpg?resize=700%2C400&ssl=1 2x"},"classes":[]},{"id":8963,"url":"https:\/\/www.grieta.org.mx\/index.php\/2015\/11\/12\/conflictos-laborales-en-michoacan\/","url_meta":{"origin":14909,"position":4},"title":"Conflictos laborales en Michoac\u00e1n","author":"Admin","date":"12 noviembre, 2015","format":false,"excerpt":"Sindicatos del sector salud se movilizan en Michoac\u00e1n por formalizaci\u00f3n laboral, el pago de salarios y la destituci\u00f3n del titular de la dependencia 12\/11\/15. Arriba manifestaci\u00f3n de trabajadores de Salud al Congreso de Michoac\u00e1n Quadrat\u00edn 26\/10\/15. Sindicatos de Salud hacen plant\u00f3n en Casa y Palacio de Gobierno Provincia 26\/10\/15. Sindicalizados\u2026","rel":"","context":"En &quot;Michoac\u00e1n&quot;","block_context":{"text":"Michoac\u00e1n","link":"https:\/\/www.grieta.org.mx\/index.php\/category\/noticias-nacionales\/michoacan\/"},"img":{"alt_text":"","src":"https:\/\/i0.wp.com\/www.grieta.org.mx\/wp-content\/uploads\/2018\/03\/14524434_1106112876131411_958039263622046936_o.jpg?resize=350%2C200&ssl=1","width":350,"height":200,"srcset":"https:\/\/i0.wp.com\/www.grieta.org.mx\/wp-content\/uploads\/2018\/03\/14524434_1106112876131411_958039263622046936_o.jpg?resize=350%2C200&ssl=1 1x, https:\/\/i0.wp.com\/www.grieta.org.mx\/wp-content\/uploads\/2018\/03\/14524434_1106112876131411_958039263622046936_o.jpg?resize=525%2C300&ssl=1 1.5x, https:\/\/i0.wp.com\/www.grieta.org.mx\/wp-content\/uploads\/2018\/03\/14524434_1106112876131411_958039263622046936_o.jpg?resize=700%2C400&ssl=1 2x"},"classes":[]},{"id":15387,"url":"https:\/\/www.grieta.org.mx\/index.php\/2016\/06\/23\/marchan-en-el-istmo-contra-la-universalizacion-de-la-salud\/","url_meta":{"origin":14909,"position":5},"title":"Marchan en el istmo contra la Universalizaci\u00f3n de la Salud","author":"grieta","date":"23 junio, 2016","format":false,"excerpt":"E. Santiago, Oaxaca. #SalinaCruz 23 jun (#Istmopress) .- Al grito de \u201cVa a caer, va a caer la reforma va a caer\u201d, as\u00ed marcharon esta trabajadores del sector Salud en este municipio. Esta marcha que parti\u00f3 frente a la cl\u00ednica del Instituto Mexicano del Seguro Social IMSS, tambi\u00e9n fue en\u2026","rel":"","context":"En &quot;CINTILLO&quot;","block_context":{"text":"CINTILLO","link":"https:\/\/www.grieta.org.mx\/index.php\/category\/cintillo\/"},"img":{"alt_text":"","src":"https:\/\/i0.wp.com\/www.grieta.org.mx\/wp-content\/uploads\/2018\/03\/14524434_1106112876131411_958039263622046936_o.jpg?resize=350%2C200&ssl=1","width":350,"height":200,"srcset":"https:\/\/i0.wp.com\/www.grieta.org.mx\/wp-content\/uploads\/2018\/03\/14524434_1106112876131411_958039263622046936_o.jpg?resize=350%2C200&ssl=1 1x, https:\/\/i0.wp.com\/www.grieta.org.mx\/wp-content\/uploads\/2018\/03\/14524434_1106112876131411_958039263622046936_o.jpg?resize=525%2C300&ssl=1 1.5x, https:\/\/i0.wp.com\/www.grieta.org.mx\/wp-content\/uploads\/2018\/03\/14524434_1106112876131411_958039263622046936_o.jpg?resize=700%2C400&ssl=1 2x"},"classes":[]}],"_links":{"self":[{"href":"https:\/\/www.grieta.org.mx\/index.php\/wp-json\/wp\/v2\/posts\/14909","targetHints":{"allow":["GET"]}}],"collection":[{"href":"https:\/\/www.grieta.org.mx\/index.php\/wp-json\/wp\/v2\/posts"}],"about":[{"href":"https:\/\/www.grieta.org.mx\/index.php\/wp-json\/wp\/v2\/types\/post"}],"author":[{"embeddable":true,"href":"https:\/\/www.grieta.org.mx\/index.php\/wp-json\/wp\/v2\/users\/2"}],"replies":[{"embeddable":true,"href":"https:\/\/www.grieta.org.mx\/index.php\/wp-json\/wp\/v2\/comments?post=14909"}],"version-history":[{"count":1,"href":"https:\/\/www.grieta.org.mx\/index.php\/wp-json\/wp\/v2\/posts\/14909\/revisions"}],"predecessor-version":[{"id":14910,"href":"https:\/\/www.grieta.org.mx\/index.php\/wp-json\/wp\/v2\/posts\/14909\/revisions\/14910"}],"wp:featuredmedia":[{"embeddable":true,"href":"https:\/\/www.grieta.org.mx\/index.php\/wp-json\/wp\/v2\/media\/21928"}],"wp:attachment":[{"href":"https:\/\/www.grieta.org.mx\/index.php\/wp-json\/wp\/v2\/media?parent=14909"}],"wp:term":[{"taxonomy":"category","embeddable":true,"href":"https:\/\/www.grieta.org.mx\/index.php\/wp-json\/wp\/v2\/categories?post=14909"},{"taxonomy":"post_tag","embeddable":true,"href":"https:\/\/www.grieta.org.mx\/index.php\/wp-json\/wp\/v2\/tags?post=14909"}],"curies":[{"name":"wp","href":"https:\/\/api.w.org\/{rel}","templated":true}]}}