{"id":14906,"date":"2016-06-22T03:48:23","date_gmt":"2016-06-22T03:48:23","guid":{"rendered":"http:\/\/www.grieta.org.mx\/?p=14906"},"modified":"2016-06-25T03:57:07","modified_gmt":"2016-06-25T03:57:07","slug":"torreon-se-suma-a-movilizaciones-de-yosoymedico17","status":"publish","type":"post","link":"https:\/\/www.grieta.org.mx\/index.php\/2016\/06\/22\/torreon-se-suma-a-movilizaciones-de-yosoymedico17\/","title":{"rendered":"Torre\u00f3n se suma a movilizaciones de #Yosoym\u00e9dico17"},"content":{"rendered":"<figure id=\"attachment_14912\" aria-describedby=\"caption-attachment-14912\" style=\"width: 680px\" class=\"wp-caption aligncenter\"><img loading=\"lazy\" decoding=\"async\" data-attachment-id=\"14912\" data-permalink=\"https:\/\/www.grieta.org.mx\/index.php\/2016\/06\/22\/torreon-se-suma-a-movilizaciones-de-yosoymedico17\/manifestacion-medicos-torreon\/\" data-orig-file=\"https:\/\/www.grieta.org.mx\/wp-content\/uploads\/2016\/06\/manifestacion-medicos-torreon.jpeg\" data-orig-size=\"1024,1024\" data-comments-opened=\"0\" data-image-meta=\"{&quot;aperture&quot;:&quot;0&quot;,&quot;credit&quot;:&quot;&quot;,&quot;camera&quot;:&quot;&quot;,&quot;caption&quot;:&quot;&quot;,&quot;created_timestamp&quot;:&quot;0&quot;,&quot;copyright&quot;:&quot;&quot;,&quot;focal_length&quot;:&quot;0&quot;,&quot;iso&quot;:&quot;0&quot;,&quot;shutter_speed&quot;:&quot;0&quot;,&quot;title&quot;:&quot;&quot;,&quot;orientation&quot;:&quot;0&quot;}\" data-image-title=\"Manifestaci\u00f3n m\u00e9dicos Torre\u00f3n\" data-image-description=\"\" data-image-caption=\"&lt;p&gt;Se plantaron en la explanada de la Plaza Mayor para manifestar su apoyo a la movilizaci\u00f3n y externar sus inconformidades. (Especial)&lt;\/p&gt;\n\" data-medium-file=\"https:\/\/www.grieta.org.mx\/wp-content\/uploads\/2016\/06\/manifestacion-medicos-torreon-300x300.jpeg\" data-large-file=\"https:\/\/www.grieta.org.mx\/wp-content\/uploads\/2016\/06\/manifestacion-medicos-torreon.jpeg\" class=\"wp-image-14912\" src=\"http:\/\/www.grieta.org.mx\/wp-content\/uploads\/2016\/06\/manifestacion-medicos-torreon.jpeg\" alt=\"Se plantaron en la explanada de la Plaza Mayor para manifestar su apoyo a la movilizaci\u00f3n y externar sus inconformidades. (Especial)\" width=\"680\" height=\"680\" srcset=\"https:\/\/www.grieta.org.mx\/wp-content\/uploads\/2016\/06\/manifestacion-medicos-torreon.jpeg 1024w, https:\/\/www.grieta.org.mx\/wp-content\/uploads\/2016\/06\/manifestacion-medicos-torreon-150x150.jpeg 150w, https:\/\/www.grieta.org.mx\/wp-content\/uploads\/2016\/06\/manifestacion-medicos-torreon-300x300.jpeg 300w, https:\/\/www.grieta.org.mx\/wp-content\/uploads\/2016\/06\/manifestacion-medicos-torreon-768x768.jpeg 768w\" sizes=\"auto, (max-width: 680px) 100vw, 680px\" \/><figcaption id=\"caption-attachment-14912\" class=\"wp-caption-text\">Se plantaron en la explanada de la Plaza Mayor para manifestar su apoyo a la movilizaci\u00f3n y externar sus inconformidades. (Especial)<\/figcaption><\/figure>\n<p><strong>TORRE\u00d3N, COAH.-<\/strong><\/p>\n<blockquote><p>Torre\u00f3n se sum\u00f3 a la movilizaci\u00f3n convocada por el movimiento #Yosoym\u00e9dico17 para protestar contra la criminalizaci\u00f3n del gremio en casos de supuesta negligencia, la privatizaci\u00f3n de los servicios de salud y las carencias de las instituciones p\u00fablicas.<\/p><\/blockquote>\n<p>Aunque no llevaron un paro como fue convocado, a las 12 del d\u00eda m\u00e9dicos, m\u00e9dicos especialistas y m\u00e9dicos pasantes, que trabajan en diversas instituciones de salud, se plantaron en la explanada de la Plaza Mayor para manifestar su apoyo a la movilizaci\u00f3n y externar sus inconformidades.<\/p>\n<p>\u201cLas condiciones son deplorables, tenemos un gran volumen de pacientes, es poco el recurso tanto de personal de salud como de medicamentos, material e insumos en general\u201d, dijo Carolina Leyva, m\u00e9dico pasante de servicio social.<\/p>\n<p>\u201cEstuvimos como protesta un tiempo para que se diera en cuenta el gobierno de nuestro descontento y pedir que nos apoye, no a la privatizaci\u00f3n, m\u00e1s recursos, el respeto al m\u00e9dico, que no se est\u00e9 criminalizando, nadie se levanta diciendo -los voy a matar- despu\u00e9s de que estudiamos mucho\u201d.<\/p>\n<p>Dijo que la asistencia fue poca, pues acudieron cerca de 20 personas, debido a las amenazas que recibieron para no asistir en algunas instituciones.<\/p>\n<p>\u201cPor medio de represalias muchos faltaron, los que nos armamos de valor fuimos los que acudimos\u201d.<\/p>\n<p>Sin embargo esto no fue impedimento para que se mostrara el apoyo.<\/p>\n<p>Agregaron que participar\u00edan tambi\u00e9n en la marcha convocada en G\u00f3mez Palacio y Lerdo la tarde de hoy para sumar esfuerzos.<\/p>\n<p><a href=\"https:\/\/www.elsiglodetorreon.com.mx\/noticia\/1236453.torreon-se-suma-a-movilizaciones-de-yosoymedico17.html\" target=\"_blank\">https:\/\/www.elsiglodetorreon.com.mx\/noticia\/1236453.torreon-se-suma-a-movilizaciones-de-yosoymedico17.html<\/a><\/p>\n","protected":false},"excerpt":{"rendered":"<p>TORRE\u00d3N, COAH.- Torre\u00f3n se sum\u00f3 a la movilizaci\u00f3n convocada por el movimiento #Yosoym\u00e9dico17 para protestar contra la criminalizaci\u00f3n del gremio en casos de supuesta negligencia, la privatizaci\u00f3n de los servicios &hellip; <a href=\"https:\/\/www.grieta.org.mx\/index.php\/2016\/06\/22\/torreon-se-suma-a-movilizaciones-de-yosoymedico17\/\" class=\"more-link\">Leer m\u00e1s<\/a><\/p>\n","protected":false},"author":2,"featured_media":21928,"comment_status":"closed","ping_status":"closed","sticky":false,"template":"","format":"standard","meta":{"ngg_post_thumbnail":0,"_jetpack_newsletter_access":"","_jetpack_dont_email_post_to_subs":false,"_jetpack_newsletter_tier_id":0,"_jetpack_memberships_contains_paywalled_content":false,"_jetpack_memberships_contains_paid_content":false,"footnotes":""},"categories":[80],"tags":[640,645,738,261],"class_list":["post-14906","post","type-post","status-publish","format-standard","has-post-thumbnail","hentry","category-cintillo","tag-medicos","tag-movilizacion","tag-reforma-salud","tag-torreon","entry"],"jetpack_featured_media_url":"https:\/\/www.grieta.org.mx\/wp-content\/uploads\/2018\/03\/14524434_1106112876131411_958039263622046936_o.jpg","jetpack_sharing_enabled":true,"jetpack_shortlink":"https:\/\/wp.me\/p7ZJR4-3Sq","jetpack_likes_enabled":false,"jetpack-related-posts":[{"id":14956,"url":"https:\/\/www.grieta.org.mx\/index.php\/2016\/06\/23\/se-manifiestan-en-calles-de-gomez\/","url_meta":{"origin":14906,"position":0},"title":"Se manifiestan en calles de G\u00f3mez","author":"grieta","date":"23 junio, 2016","format":false,"excerpt":"G\u00d3MEZ PALACIO, DGO.- M\u00e9dicos de Ciudad Lerdo y G\u00f3mez Palacio marcharon ayer mi\u00e9rcoles por la tarde en contra la criminalizaci\u00f3n del gremio en casos de supuesta negligencia y la privatizaci\u00f3n del servicio de Salud P\u00fablica. Fue a las 18:00 horas que los galenos manifestantes se reunieron en el estacionamiento de\u2026","rel":"","context":"En &quot;CINTILLO&quot;","block_context":{"text":"CINTILLO","link":"https:\/\/www.grieta.org.mx\/index.php\/category\/cintillo\/"},"img":{"alt_text":"","src":"https:\/\/i0.wp.com\/www.grieta.org.mx\/wp-content\/uploads\/2016\/06\/836935.jpeg?resize=350%2C200&ssl=1","width":350,"height":200,"srcset":"https:\/\/i0.wp.com\/www.grieta.org.mx\/wp-content\/uploads\/2016\/06\/836935.jpeg?resize=350%2C200&ssl=1 1x, https:\/\/i0.wp.com\/www.grieta.org.mx\/wp-content\/uploads\/2016\/06\/836935.jpeg?resize=525%2C300&ssl=1 1.5x, https:\/\/i0.wp.com\/www.grieta.org.mx\/wp-content\/uploads\/2016\/06\/836935.jpeg?resize=700%2C400&ssl=1 2x"},"classes":[]},{"id":6608,"url":"https:\/\/www.grieta.org.mx\/index.php\/2016\/06\/24\/movilizacion-de-trabajadores-en-coahuila-contra-privatizacion-de-la-salud\/","url_meta":{"origin":14906,"position":1},"title":"Movilizaciones del sector salud en Coahuila","author":"grieta","date":"24 junio, 2016","format":false,"excerpt":"23\/06\/16. Marchan contra la Reforma de Salud (Saltillo) El Siglo de Torre\u00f3n 22\/06\/16. Torre\u00f3n se suma a movilizaciones de #Yosoym\u00e9dico17 El Siglo de Torre\u00f3n 01\/08\/15. Empleados de Salud toman las calles en catorce ciudades; rechazan una privatizaci\u00f3n Apia Virtual 01\/08\/15. Marchan contra Reformas al Sector Salud El Siglo de Torre\u00f3n","rel":"","context":"En &quot;Coahuila&quot;","block_context":{"text":"Coahuila","link":"https:\/\/www.grieta.org.mx\/index.php\/category\/noticias-nacionales\/coahuila\/"},"img":{"alt_text":"","src":"https:\/\/i0.wp.com\/www.grieta.org.mx\/wp-content\/uploads\/2018\/03\/14524434_1106112876131411_958039263622046936_o.jpg?resize=350%2C200&ssl=1","width":350,"height":200,"srcset":"https:\/\/i0.wp.com\/www.grieta.org.mx\/wp-content\/uploads\/2018\/03\/14524434_1106112876131411_958039263622046936_o.jpg?resize=350%2C200&ssl=1 1x, https:\/\/i0.wp.com\/www.grieta.org.mx\/wp-content\/uploads\/2018\/03\/14524434_1106112876131411_958039263622046936_o.jpg?resize=525%2C300&ssl=1 1.5x, https:\/\/i0.wp.com\/www.grieta.org.mx\/wp-content\/uploads\/2018\/03\/14524434_1106112876131411_958039263622046936_o.jpg?resize=700%2C400&ssl=1 2x"},"classes":[]},{"id":15099,"url":"https:\/\/www.grieta.org.mx\/index.php\/2016\/06\/22\/medicos-se-suman-a-protestas-en-estados-bcs\/","url_meta":{"origin":14906,"position":2},"title":"M\u00e9dicos se suman a protestas en estados","author":"grieta","date":"22 junio, 2016","format":false,"excerpt":"M\u00e9dicos y enfermeras de diversas entidades del pa\u00eds se sumaron a las acciones de protesta del sector, entre \u00e9stas, mejores condiciones laborales. Baja California Sur Esta tarde, m\u00e9dicos de Baja California Sur, en Los Cabos y en La Paz, se sumaron a las acciones de protesta nacionales del sector. Una\u2026","rel":"","context":"En &quot;CINTILLO&quot;","block_context":{"text":"CINTILLO","link":"https:\/\/www.grieta.org.mx\/index.php\/category\/cintillo\/"},"img":{"alt_text":"","src":"https:\/\/i0.wp.com\/www.grieta.org.mx\/wp-content\/uploads\/2018\/03\/14524434_1106112876131411_958039263622046936_o.jpg?resize=350%2C200&ssl=1","width":350,"height":200,"srcset":"https:\/\/i0.wp.com\/www.grieta.org.mx\/wp-content\/uploads\/2018\/03\/14524434_1106112876131411_958039263622046936_o.jpg?resize=350%2C200&ssl=1 1x, https:\/\/i0.wp.com\/www.grieta.org.mx\/wp-content\/uploads\/2018\/03\/14524434_1106112876131411_958039263622046936_o.jpg?resize=525%2C300&ssl=1 1.5x, https:\/\/i0.wp.com\/www.grieta.org.mx\/wp-content\/uploads\/2018\/03\/14524434_1106112876131411_958039263622046936_o.jpg?resize=700%2C400&ssl=1 2x"},"classes":[]},{"id":15791,"url":"https:\/\/www.grieta.org.mx\/index.php\/2016\/06\/27\/marchan-miles-en-apoyo-al-magisterio\/","url_meta":{"origin":14906,"position":3},"title":"Marchan miles en apoyo al magisterio","author":"grieta","date":"27 junio, 2016","format":false,"excerpt":"COMARCA LAGUNERA.- SE UNEN MAESTROS, M\u00c9DICOS, EXPOLIC\u00cdAS Y SOCIEDAD CIVIL De G\u00f3mez Palacio a Torre\u00f3n, miles de maestros laguneros, motociclistas, m\u00e9dicos y asociaciones como la de Expolic\u00edas y Sociedad Civil de M\u00e9xico, marcharon por segunda vez por las principales calles de La Laguna en apoyo al magisterio de Oaxaca y\u2026","rel":"","context":"En &quot;CINTILLO&quot;","block_context":{"text":"CINTILLO","link":"https:\/\/www.grieta.org.mx\/index.php\/category\/cintillo\/"},"img":{"alt_text":"","src":"https:\/\/i0.wp.com\/www.grieta.org.mx\/wp-content\/uploads\/2018\/03\/14524434_1106112876131411_958039263622046936_o.jpg?resize=350%2C200&ssl=1","width":350,"height":200,"srcset":"https:\/\/i0.wp.com\/www.grieta.org.mx\/wp-content\/uploads\/2018\/03\/14524434_1106112876131411_958039263622046936_o.jpg?resize=350%2C200&ssl=1 1x, https:\/\/i0.wp.com\/www.grieta.org.mx\/wp-content\/uploads\/2018\/03\/14524434_1106112876131411_958039263622046936_o.jpg?resize=525%2C300&ssl=1 1.5x, https:\/\/i0.wp.com\/www.grieta.org.mx\/wp-content\/uploads\/2018\/03\/14524434_1106112876131411_958039263622046936_o.jpg?resize=700%2C400&ssl=1 2x"},"classes":[]},{"id":11238,"url":"https:\/\/www.grieta.org.mx\/index.php\/2016\/04\/25\/feministas-realizan-marcha-contra-la-violencia-de-genero\/","url_meta":{"origin":14906,"position":4},"title":"Feministas realizan marcha contra la violencia de g\u00e9nero","author":"grieta","date":"25 abril, 2016","format":false,"excerpt":"Colectivos feministas en La Laguna realizaron una protesta contra la violencia machista. Fue a las 18:00 horas del domingo que se concentraron con mantas y letreros, frente a la Fuente del Pensador en la Alameda Zaragoza de Torre\u00f3n. Las manifestantes gritaron consignas contra la cultura del abuso a las mujeres,\u2026","rel":"","context":"En &quot;CINTILLO&quot;","block_context":{"text":"CINTILLO","link":"https:\/\/www.grieta.org.mx\/index.php\/category\/cintillo\/"},"img":{"alt_text":"","src":"https:\/\/i0.wp.com\/www.grieta.org.mx\/wp-content\/uploads\/2018\/03\/14524434_1106112876131411_958039263622046936_o.jpg?resize=350%2C200&ssl=1","width":350,"height":200,"srcset":"https:\/\/i0.wp.com\/www.grieta.org.mx\/wp-content\/uploads\/2018\/03\/14524434_1106112876131411_958039263622046936_o.jpg?resize=350%2C200&ssl=1 1x, https:\/\/i0.wp.com\/www.grieta.org.mx\/wp-content\/uploads\/2018\/03\/14524434_1106112876131411_958039263622046936_o.jpg?resize=525%2C300&ssl=1 1.5x, https:\/\/i0.wp.com\/www.grieta.org.mx\/wp-content\/uploads\/2018\/03\/14524434_1106112876131411_958039263622046936_o.jpg?resize=700%2C400&ssl=1 2x"},"classes":[]},{"id":15684,"url":"https:\/\/www.grieta.org.mx\/index.php\/2016\/06\/22\/sector-salud-de-queretaro-se-suma-a-movilizacion-nacional-de-medicos\/","url_meta":{"origin":14906,"position":5},"title":"Sector salud de Quer\u00e9taro se suma a movilizaci\u00f3n nacional de m\u00e9dicos","author":"grieta","date":"22 junio, 2016","format":false,"excerpt":"Ira\u00ed Silva\/RR Noticias Sin interferir el tr\u00e1nsito vehicular y peatonal, personal del Instituto Mexicano del Seguro Social y sector salud en general se manifestaron en solidaridad con el movimiento nacional en defensa del derecho a la salud del pueblo mexicano. De acuerdo con Miguel \u00c1ngel Garc\u00eda, m\u00e9dico del IMSS, esta\u2026","rel":"","context":"En &quot;CINTILLO&quot;","block_context":{"text":"CINTILLO","link":"https:\/\/www.grieta.org.mx\/index.php\/category\/cintillo\/"},"img":{"alt_text":"","src":"https:\/\/i0.wp.com\/www.grieta.org.mx\/wp-content\/uploads\/2018\/03\/14524434_1106112876131411_958039263622046936_o.jpg?resize=350%2C200&ssl=1","width":350,"height":200,"srcset":"https:\/\/i0.wp.com\/www.grieta.org.mx\/wp-content\/uploads\/2018\/03\/14524434_1106112876131411_958039263622046936_o.jpg?resize=350%2C200&ssl=1 1x, https:\/\/i0.wp.com\/www.grieta.org.mx\/wp-content\/uploads\/2018\/03\/14524434_1106112876131411_958039263622046936_o.jpg?resize=525%2C300&ssl=1 1.5x, https:\/\/i0.wp.com\/www.grieta.org.mx\/wp-content\/uploads\/2018\/03\/14524434_1106112876131411_958039263622046936_o.jpg?resize=700%2C400&ssl=1 2x"},"classes":[]}],"_links":{"self":[{"href":"https:\/\/www.grieta.org.mx\/index.php\/wp-json\/wp\/v2\/posts\/14906","targetHints":{"allow":["GET"]}}],"collection":[{"href":"https:\/\/www.grieta.org.mx\/index.php\/wp-json\/wp\/v2\/posts"}],"about":[{"href":"https:\/\/www.grieta.org.mx\/index.php\/wp-json\/wp\/v2\/types\/post"}],"author":[{"embeddable":true,"href":"https:\/\/www.grieta.org.mx\/index.php\/wp-json\/wp\/v2\/users\/2"}],"replies":[{"embeddable":true,"href":"https:\/\/www.grieta.org.mx\/index.php\/wp-json\/wp\/v2\/comments?post=14906"}],"version-history":[{"count":1,"href":"https:\/\/www.grieta.org.mx\/index.php\/wp-json\/wp\/v2\/posts\/14906\/revisions"}],"predecessor-version":[{"id":14913,"href":"https:\/\/www.grieta.org.mx\/index.php\/wp-json\/wp\/v2\/posts\/14906\/revisions\/14913"}],"wp:featuredmedia":[{"embeddable":true,"href":"https:\/\/www.grieta.org.mx\/index.php\/wp-json\/wp\/v2\/media\/21928"}],"wp:attachment":[{"href":"https:\/\/www.grieta.org.mx\/index.php\/wp-json\/wp\/v2\/media?parent=14906"}],"wp:term":[{"taxonomy":"category","embeddable":true,"href":"https:\/\/www.grieta.org.mx\/index.php\/wp-json\/wp\/v2\/categories?post=14906"},{"taxonomy":"post_tag","embeddable":true,"href":"https:\/\/www.grieta.org.mx\/index.php\/wp-json\/wp\/v2\/tags?post=14906"}],"curies":[{"name":"wp","href":"https:\/\/api.w.org\/{rel}","templated":true}]}}