{"id":14868,"date":"2016-06-23T02:49:21","date_gmt":"2016-06-23T02:49:21","guid":{"rendered":"http:\/\/www.grieta.org.mx\/?p=14868"},"modified":"2016-06-25T02:51:10","modified_gmt":"2016-06-25T02:51:10","slug":"asesinan-a-jesus-jimenez-de-brigada-nacional-de-busqueda-de-desaparecidos","status":"publish","type":"post","link":"https:\/\/www.grieta.org.mx\/index.php\/2016\/06\/23\/asesinan-a-jesus-jimenez-de-brigada-nacional-de-busqueda-de-desaparecidos\/","title":{"rendered":"Asesinan a Jes\u00fas Jim\u00e9nez de Brigada Nacional de B\u00fasqueda de desaparecidos"},"content":{"rendered":"<p>Citlali T\u00e9llez<\/p>\n<p>Jos\u00e9 Jes\u00fas Jim\u00e9nez Gaona, integrante de la Brigada Nacional de B\u00fasqueda de Desaparecidos, fue asesinado la noche del mi\u00e9rcoles 22 de junio en Poza Rica, Veracruz; su esposa Francisca V\u00e1zquez fue herida en el mismo ataque y se encuentra grave.<\/p>\n<p>La Fiscal\u00eda General del Estado de Veracruz inform\u00f3 que \u201cLos hechos se suscitaron la tarde de hoy en calles de la colonia Flores Mag\u00f3n de la ciudad de Tuxpan, donde de acuerdo con los primeros testimonios recabados por los polic\u00edas investigadores, tres tripulantes de una camioneta Dodge tipo Journey color roja, dieron alcance a un veh\u00edculo marca Ford tipo Focus color blanco, con placas de circulaci\u00f3n del Estado de M\u00e9xico, cuyos ocupantes fueron agredidos con disparos de armas de fuego\u201d. Detall\u00f3 que en el lugar se encontraron \u201ccasquillos de rifles de asalto\u201d.<\/p>\n<p>Desde 2011, Jos\u00e9 Jes\u00fas Jim\u00e9nez Gaona y Francisca V\u00e1zquez buscaban a su hija Jenny Isabel Jim\u00e9nez desaparecida desde el 25 de mayo del 2011.  <\/p>\n<p>Actualmente forman parte del colectivo Familiares en B\u00fasqueda de Mar\u00eda. En 2015, Jim\u00e9nez fue elegido como observador de las actuaciones de la fiscal\u00eda estatal para la investigaci\u00f3n y b\u00fasqueda de persona desaparecidas en Veracruz.<\/p>\n<p>Organizaciones observadoras exigen a las autoridades federales y estatales prevenir cualquier tipo de agresi\u00f3n contra su esposa Francisca V\u00e1zquez y contra los integrantes del colectivo. Adem\u00e1s exigieron a la Fiscal\u00eda General del Estado hacer una investigaci\u00f3n inmediata de los hechos para su pronto esclarecimiento.<\/p>\n<p><a href=\"http:\/\/www.somoselmedio.org\/article\/asesinan-jes%C3%BAs-jim%C3%A9nez-de-brigada-nacional-de-b%C3%BAsqueda-de-desaparecidos\" target=\"_blank\">http:\/\/www.somoselmedio.org\/article\/asesinan-jes%C3%BAs-jim%C3%A9nez-de-brigada-nacional-de-b%C3%BAsqueda-de-desaparecidos<\/a><\/p>\n","protected":false},"excerpt":{"rendered":"<p>Citlali T\u00e9llez Jos\u00e9 Jes\u00fas Jim\u00e9nez Gaona, integrante de la Brigada Nacional de B\u00fasqueda de Desaparecidos, fue asesinado la noche del mi\u00e9rcoles 22 de junio en Poza Rica, Veracruz; su esposa &hellip; <a href=\"https:\/\/www.grieta.org.mx\/index.php\/2016\/06\/23\/asesinan-a-jesus-jimenez-de-brigada-nacional-de-busqueda-de-desaparecidos\/\" class=\"more-link\">Leer m\u00e1s<\/a><\/p>\n","protected":false},"author":2,"featured_media":21928,"comment_status":"closed","ping_status":"closed","sticky":false,"template":"","format":"standard","meta":{"ngg_post_thumbnail":0,"_jetpack_newsletter_access":"","_jetpack_dont_email_post_to_subs":false,"_jetpack_newsletter_tier_id":0,"_jetpack_memberships_contains_paywalled_content":false,"_jetpack_memberships_contains_paid_content":false,"footnotes":""},"categories":[80,257],"tags":[121],"class_list":["post-14868","post","type-post","status-publish","format-standard","has-post-thumbnail","hentry","category-cintillo","category-veracruz","tag-desaparecidos","entry"],"jetpack_featured_media_url":"https:\/\/www.grieta.org.mx\/wp-content\/uploads\/2018\/03\/14524434_1106112876131411_958039263622046936_o.jpg","jetpack_sharing_enabled":true,"jetpack_shortlink":"https:\/\/wp.me\/p7ZJR4-3RO","jetpack_likes_enabled":false,"jetpack-related-posts":[{"id":10560,"url":"https:\/\/www.grieta.org.mx\/index.php\/2016\/09\/12\/desaparecidos-en-veracruz\/","url_meta":{"origin":14868,"position":0},"title":"Desaparecidos en Veracruz","author":"grieta","date":"12 septiembre, 2016","format":false,"excerpt":"El Colectivo Solecito Veracruzano contin\u00faa labores de b\u00fasqueda de desaparecidos 12\/09\/16. Mujeres que buscan fosas acusan que Fiscal\u00eda de Veracruz entorpece su b\u00fasqueda Animal Pol\u00edtico 29\/08\/16. Un narcocementerio llamado Veracruz Proceso 15\/08\/16. Encuentran 37 fosas clandestinas en ocho d\u00edas en Veracruz El Financiero 15\/08\/16. Encuentran fosas clandestinas en Veracruz, suman\u2026","rel":"","context":"En &quot;Desaparecidos&quot;","block_context":{"text":"Desaparecidos","link":"https:\/\/www.grieta.org.mx\/index.php\/category\/temas-nacionales\/desaparecidos\/"},"img":{"alt_text":"","src":"https:\/\/i0.wp.com\/www.grieta.org.mx\/wp-content\/uploads\/2018\/03\/14524434_1106112876131411_958039263622046936_o.jpg?resize=350%2C200&ssl=1","width":350,"height":200,"srcset":"https:\/\/i0.wp.com\/www.grieta.org.mx\/wp-content\/uploads\/2018\/03\/14524434_1106112876131411_958039263622046936_o.jpg?resize=350%2C200&ssl=1 1x, https:\/\/i0.wp.com\/www.grieta.org.mx\/wp-content\/uploads\/2018\/03\/14524434_1106112876131411_958039263622046936_o.jpg?resize=525%2C300&ssl=1 1.5x, https:\/\/i0.wp.com\/www.grieta.org.mx\/wp-content\/uploads\/2018\/03\/14524434_1106112876131411_958039263622046936_o.jpg?resize=700%2C400&ssl=1 2x"},"classes":[]},{"id":45648,"url":"https:\/\/www.grieta.org.mx\/index.php\/2020\/02\/26\/familias-de-desaparecidos-denuncian-campos-de-exterminio-en-veracruz\/","url_meta":{"origin":14868,"position":1},"title":"Familias de desaparecidos denuncian campos de exterminio en Veracruz","author":"Admin","date":"26 febrero, 2020","format":false,"excerpt":"Eliana Gilet \/ Sputnik News La quinta Brigada Nacional de B\u00fasqueda de personas desaparecidas en M\u00e9xico trabaj\u00f3 durante 15 d\u00edas en la zona norte del estado de Veracruz, particularmente afectado por la reiterada comisi\u00f3n de este delito de lesa humanidad, es decir, que no prescribe y que siempre puede ser\u2026","rel":"","context":"En &quot;CINTILLO&quot;","block_context":{"text":"CINTILLO","link":"https:\/\/www.grieta.org.mx\/index.php\/category\/cintillo\/"},"img":{"alt_text":"","src":"https:\/\/i0.wp.com\/www.grieta.org.mx\/wp-content\/uploads\/2020\/03\/Screenshot_2020-03-06-Familias-de-desaparecidos-denuncian-campos-de-exterminio-en-Veracruz.png?resize=350%2C200&ssl=1","width":350,"height":200,"srcset":"https:\/\/i0.wp.com\/www.grieta.org.mx\/wp-content\/uploads\/2020\/03\/Screenshot_2020-03-06-Familias-de-desaparecidos-denuncian-campos-de-exterminio-en-Veracruz.png?resize=350%2C200&ssl=1 1x, https:\/\/i0.wp.com\/www.grieta.org.mx\/wp-content\/uploads\/2020\/03\/Screenshot_2020-03-06-Familias-de-desaparecidos-denuncian-campos-de-exterminio-en-Veracruz.png?resize=525%2C300&ssl=1 1.5x, https:\/\/i0.wp.com\/www.grieta.org.mx\/wp-content\/uploads\/2020\/03\/Screenshot_2020-03-06-Familias-de-desaparecidos-denuncian-campos-de-exterminio-en-Veracruz.png?resize=700%2C400&ssl=1 2x, https:\/\/i0.wp.com\/www.grieta.org.mx\/wp-content\/uploads\/2020\/03\/Screenshot_2020-03-06-Familias-de-desaparecidos-denuncian-campos-de-exterminio-en-Veracruz.png?resize=1050%2C600&ssl=1 3x"},"classes":[]},{"id":18516,"url":"https:\/\/www.grieta.org.mx\/index.php\/2016\/08\/01\/concluye-brigada-nacional-de-busqueda-de-desaparecidos-sin-confianza-alguna-en-sus-gobiernos\/","url_meta":{"origin":14868,"position":2},"title":"Concluye Brigada Nacional de B\u00fasqueda de Desaparecidos, sin confianza alguna en sus gobiernos","author":"grieta","date":"1 agosto, 2016","format":false,"excerpt":"Rodrigo Islas Brito\/RIOaxaca. Oaxaca de Ju\u00e1rez. Despu\u00e9s de poco m\u00e1s de diez d\u00edas de labores de b\u00fasqueda la Segunda Brigada Nacional de B\u00fasqueda de Personas Desaparecidas dej\u00f3 estado de Veracruz subrayando que fueron las condiciones de la actual crisis humanitaria por la que pasa M\u00e9xico, que ha permitido la desaparici\u00f3n\u2026","rel":"","context":"En &quot;CINTILLO&quot;","block_context":{"text":"CINTILLO","link":"https:\/\/www.grieta.org.mx\/index.php\/category\/cintillo\/"},"img":{"alt_text":"","src":"https:\/\/i0.wp.com\/www.grieta.org.mx\/wp-content\/uploads\/2018\/03\/14524434_1106112876131411_958039263622046936_o.jpg?resize=350%2C200&ssl=1","width":350,"height":200,"srcset":"https:\/\/i0.wp.com\/www.grieta.org.mx\/wp-content\/uploads\/2018\/03\/14524434_1106112876131411_958039263622046936_o.jpg?resize=350%2C200&ssl=1 1x, https:\/\/i0.wp.com\/www.grieta.org.mx\/wp-content\/uploads\/2018\/03\/14524434_1106112876131411_958039263622046936_o.jpg?resize=525%2C300&ssl=1 1.5x, https:\/\/i0.wp.com\/www.grieta.org.mx\/wp-content\/uploads\/2018\/03\/14524434_1106112876131411_958039263622046936_o.jpg?resize=700%2C400&ssl=1 2x"},"classes":[]},{"id":10752,"url":"https:\/\/www.grieta.org.mx\/index.php\/2016\/04\/22\/en-solo-15-dias-en-veracruz-brigada-de-busqueda-de-desaparecidos-encontro-15-fosas\/","url_meta":{"origin":14868,"position":3},"title":"En s\u00f3lo 15 d\u00edas en Veracruz, Brigada de b\u00fasqueda de desaparecidos encontr\u00f3 15 fosas","author":"grieta","date":"22 abril, 2016","format":false,"excerpt":"Manu Ureste La Brigada Nacional de B\u00fasqueda de familiares de personas desaparecidas inform\u00f3 la tarde de este viernes que, en tan solo 15 d\u00edas de trabajo en diferentes lugares del estado de Veracruz, localiz\u00f3 15 fosas clandestinas con restos humanos, muchos de ellos calcinados. La Brigada se\u00f1al\u00f3 que los hallazgos\u2026","rel":"","context":"En &quot;CINTILLO&quot;","block_context":{"text":"CINTILLO","link":"https:\/\/www.grieta.org.mx\/index.php\/category\/cintillo\/"},"img":{"alt_text":"","src":"https:\/\/i0.wp.com\/www.grieta.org.mx\/wp-content\/uploads\/2018\/03\/14524434_1106112876131411_958039263622046936_o.jpg?resize=350%2C200&ssl=1","width":350,"height":200,"srcset":"https:\/\/i0.wp.com\/www.grieta.org.mx\/wp-content\/uploads\/2018\/03\/14524434_1106112876131411_958039263622046936_o.jpg?resize=350%2C200&ssl=1 1x, https:\/\/i0.wp.com\/www.grieta.org.mx\/wp-content\/uploads\/2018\/03\/14524434_1106112876131411_958039263622046936_o.jpg?resize=525%2C300&ssl=1 1.5x, https:\/\/i0.wp.com\/www.grieta.org.mx\/wp-content\/uploads\/2018\/03\/14524434_1106112876131411_958039263622046936_o.jpg?resize=700%2C400&ssl=1 2x"},"classes":[]},{"id":44192,"url":"https:\/\/www.grieta.org.mx\/index.php\/2020\/02\/09\/mexicanos-lanzan-busqueda-masiva-de-desaparecidos-en-veracruz-foco-de-la-tragedia\/","url_meta":{"origin":14868,"position":4},"title":"Mexicanos lanzan b\u00fasqueda masiva de desaparecidos en Veracruz, foco de la tragedia","author":"grieta","date":"9 febrero, 2020","format":false,"excerpt":"Lizbeth Diaz \/ INFOBAE CIUDAD DE M\u00c9XICO, 7 feb (Reuters) - Con picos y palas, cientos de mexicanos iniciar\u00e1n el lunes una nueva b\u00fasqueda de desaparecidos en el estado Veracruz, ubicado en el sureste del pa\u00eds y uno de los epicentros de este drama, en el mayor operativo de este\u2026","rel":"","context":"En &quot;CINTILLO&quot;","block_context":{"text":"CINTILLO","link":"https:\/\/www.grieta.org.mx\/index.php\/category\/cintillo\/"},"img":{"alt_text":"","src":"https:\/\/i0.wp.com\/www.grieta.org.mx\/wp-content\/uploads\/2020\/02\/https-_www.infobae.com_new-resizer_CCMCwrK1MBaiRVxMqtx0uLUcGfE_750x0_filters-quality100_arc-anglerfish-arc2-prod-infobae.s3.amazonaws.com_public_AHUPQHB6OFE2RC7AAKXMGZBHYI.jpg?resize=350%2C200&ssl=1","width":350,"height":200,"srcset":"https:\/\/i0.wp.com\/www.grieta.org.mx\/wp-content\/uploads\/2020\/02\/https-_www.infobae.com_new-resizer_CCMCwrK1MBaiRVxMqtx0uLUcGfE_750x0_filters-quality100_arc-anglerfish-arc2-prod-infobae.s3.amazonaws.com_public_AHUPQHB6OFE2RC7AAKXMGZBHYI.jpg?resize=350%2C200&ssl=1 1x, https:\/\/i0.wp.com\/www.grieta.org.mx\/wp-content\/uploads\/2020\/02\/https-_www.infobae.com_new-resizer_CCMCwrK1MBaiRVxMqtx0uLUcGfE_750x0_filters-quality100_arc-anglerfish-arc2-prod-infobae.s3.amazonaws.com_public_AHUPQHB6OFE2RC7AAKXMGZBHYI.jpg?resize=525%2C300&ssl=1 1.5x, https:\/\/i0.wp.com\/www.grieta.org.mx\/wp-content\/uploads\/2020\/02\/https-_www.infobae.com_new-resizer_CCMCwrK1MBaiRVxMqtx0uLUcGfE_750x0_filters-quality100_arc-anglerfish-arc2-prod-infobae.s3.amazonaws.com_public_AHUPQHB6OFE2RC7AAKXMGZBHYI.jpg?resize=700%2C400&ssl=1 2x"},"classes":[]},{"id":44218,"url":"https:\/\/www.grieta.org.mx\/index.php\/2020\/02\/09\/inicia-la-mayor-busqueda-de-desaparecidos-en-mexico-veracruz\/","url_meta":{"origin":14868,"position":5},"title":"Inicia la mayor b\u00fasqueda de desaparecidos en M\u00e9xico (Veracruz)","author":"grieta","date":"9 febrero, 2020","format":false,"excerpt":"Texto: Jos\u00e9 Ignacio De Alba \/ Pie de P\u00e1gina Foto: M\u00f3nica Gonz\u00e1lez Unas 350 personas de 21 estados del pa\u00eds inician en Veracruz una extensa jornada de localizaci\u00f3n de cuerpos. Mientras, el gobierno mexicano se mantiene al margen Papantla, Veracruz, es una de las zonas m\u00e1s peligrosas del pa\u00eds. Y\u2026","rel":"","context":"En &quot;CINTILLO&quot;","block_context":{"text":"CINTILLO","link":"https:\/\/www.grieta.org.mx\/index.php\/category\/cintillo\/"},"img":{"alt_text":"","src":"https:\/\/i0.wp.com\/www.grieta.org.mx\/wp-content\/uploads\/2020\/02\/pdp_brigadadebusqueda_monicagonzalez.jpg?resize=350%2C200&ssl=1","width":350,"height":200,"srcset":"https:\/\/i0.wp.com\/www.grieta.org.mx\/wp-content\/uploads\/2020\/02\/pdp_brigadadebusqueda_monicagonzalez.jpg?resize=350%2C200&ssl=1 1x, https:\/\/i0.wp.com\/www.grieta.org.mx\/wp-content\/uploads\/2020\/02\/pdp_brigadadebusqueda_monicagonzalez.jpg?resize=525%2C300&ssl=1 1.5x, https:\/\/i0.wp.com\/www.grieta.org.mx\/wp-content\/uploads\/2020\/02\/pdp_brigadadebusqueda_monicagonzalez.jpg?resize=700%2C400&ssl=1 2x"},"classes":[]}],"_links":{"self":[{"href":"https:\/\/www.grieta.org.mx\/index.php\/wp-json\/wp\/v2\/posts\/14868","targetHints":{"allow":["GET"]}}],"collection":[{"href":"https:\/\/www.grieta.org.mx\/index.php\/wp-json\/wp\/v2\/posts"}],"about":[{"href":"https:\/\/www.grieta.org.mx\/index.php\/wp-json\/wp\/v2\/types\/post"}],"author":[{"embeddable":true,"href":"https:\/\/www.grieta.org.mx\/index.php\/wp-json\/wp\/v2\/users\/2"}],"replies":[{"embeddable":true,"href":"https:\/\/www.grieta.org.mx\/index.php\/wp-json\/wp\/v2\/comments?post=14868"}],"version-history":[{"count":1,"href":"https:\/\/www.grieta.org.mx\/index.php\/wp-json\/wp\/v2\/posts\/14868\/revisions"}],"predecessor-version":[{"id":14870,"href":"https:\/\/www.grieta.org.mx\/index.php\/wp-json\/wp\/v2\/posts\/14868\/revisions\/14870"}],"wp:featuredmedia":[{"embeddable":true,"href":"https:\/\/www.grieta.org.mx\/index.php\/wp-json\/wp\/v2\/media\/21928"}],"wp:attachment":[{"href":"https:\/\/www.grieta.org.mx\/index.php\/wp-json\/wp\/v2\/media?parent=14868"}],"wp:term":[{"taxonomy":"category","embeddable":true,"href":"https:\/\/www.grieta.org.mx\/index.php\/wp-json\/wp\/v2\/categories?post=14868"},{"taxonomy":"post_tag","embeddable":true,"href":"https:\/\/www.grieta.org.mx\/index.php\/wp-json\/wp\/v2\/tags?post=14868"}],"curies":[{"name":"wp","href":"https:\/\/api.w.org\/{rel}","templated":true}]}}