{"id":14849,"date":"2016-06-22T02:02:15","date_gmt":"2016-06-22T02:02:15","guid":{"rendered":"http:\/\/www.grieta.org.mx\/?p=14849"},"modified":"2018-06-15T17:56:49","modified_gmt":"2018-06-15T22:56:49","slug":"marchas-colapsan-a-la-capital-se-suman-salud-universitarios-y-comunidades-indigenas","status":"publish","type":"post","link":"https:\/\/www.grieta.org.mx\/index.php\/2016\/06\/22\/marchas-colapsan-a-la-capital-se-suman-salud-universitarios-y-comunidades-indigenas\/","title":{"rendered":"Marchas colapsan la capital de Oaxaca, se suman Salud, universitarios y comunidades ind\u00edgenas"},"content":{"rendered":"<p>P\u00e1gina 3.<\/p>\n<p>Arturo Rodr\u00edguez\/Pedro Mat\u00edas, <\/p>\n<p>Oaxaca.- Con marchas, bloqueos carreteros, protestas y visitas a medios de comunicaci\u00f3n para difundir la \u201cmasacre\u201d de Nochixtl\u00e1n, maestros, universitarios, trabajadores de salud y estudiantes y comunidades ind\u00edgenas condenaron la violencia contra el magisterio y exigieron mesa de di\u00e1logo.<\/p>\n<p>En v\u00edspera de la instalaci\u00f3n de una mesa de di\u00e1logo entre el secretario de Gobernaci\u00f3n, Miguel \u00c1ngel Osorio Chong y la Comisi\u00f3n \u00danica de Negociaci\u00f3n de la Coordinadora Nacional de Trabajadores de la Educaci\u00f3n (CNTE), la asamblea estatal acord\u00f3 realizar bloqueos en los 37 sectores, dando paso al transporte p\u00fablico y particular, y deteniendo \u00fanicamente al transporte de las empresas transnacionales.<\/p>\n<p>Los profesores de la regi\u00f3n mixteca se reincorporan al bloqueo de Nochixtl\u00e1n donde se registraron los disturbios el pasado domingo 19 de junio que dej\u00f3 un saldo oficial de ocho muertos, 103 heridos, 23 detenidos y unos 60 veh\u00edculos incendiados.<\/p>\n<p>De igual forma, se  reactiva el bloqueo en el crucero de Hacienda Blanca y se mantienen en el Istmo los bloqueos en Mat\u00edas Romero, Juchit\u00e1n, Santa Mar\u00eda Huamelula, Tehuantepec, Jalapa del Marqu\u00e9s, Tequisitl\u00e1n y Zanatepec.<\/p>\n<p>Y en la Sierra Sur y Costa contin\u00faan los bloqueos en San Gabriel Mixtepec y Huaxpaltepec, en R\u00edo Grande y el Cerro del Vidrio.<\/p>\n<p>Mientras que las comisiones del Istmo, Tuxtepec y Valles Centrales \u201ccoberturan\u201d radiodifusoras, la Corporaci\u00f3n Oaxaque\u00f1a de Radio y Televisi\u00f3n para \u201cdifundir la masacre ocurrida en Nochixtl\u00e1n, Hacienda Blanca y Viguera\u201d.<\/p>\n<p>En tanto que en la capital contin\u00faan tomadas las calles de Armenta y L\u00f3pez, Hidalgo, Guerrero, Bustamante, el z\u00f3calo y la Alameda donde se encuentra instalado el campamento magisterial desde el pasado 15 de mayo.<\/p>\n<p>En solidaridad con la Secci\u00f3n 22 del Sindicato Nacional de Trabajadores de la Educaci\u00f3n (SNTE-CNTE), las comunidades ind\u00edgenas mixes, realizaron una marcha de Tamazulapan del Espiritu Santo a Ayutla y los zapotecos de la Sierra Ju\u00e1rez marcharon de Guelatao a Ixtl\u00e1n.<\/p>\n<p>En la capital, la Secci\u00f3n 35 del Sindicato Nacional de Trabajadores de la Secretar\u00eda de Salud (SNTSS) realizaron una marcha de la fuente de las 8 regiones al z\u00f3calo de Oaxaca, mientras que estudiantes de la facultad de Odontolog\u00eda de la Universidad Aut\u00f3noma \u201cBenito Ju\u00e1rez\u201d de Oaxaca (UABJO) e integrantes del STAUO realizaron en valla humana vestidos de blanco en solidaridad con el magisterio.<\/p>\n<p>En la rector\u00eda de la UABJO se coloc\u00f3 una lona monumental con la consigna: Los universitarios exigimos un alto total a los actos de violencia institucional en contra de os maestros oaxaque\u00f1os y la instalaci\u00f3n de una mesa de di\u00e1logo entre las partes\u201d.<\/p>\n<p>En otro extremo, estudiantes del Instituto Tecnol\u00f3gico de Oaxaca realizaron una marcha donde resalt\u00f3 que \u201cestamos aqu\u00ed y estamos manifest\u00e1ndonos y venimos a lucha por todo, no solo por Nochixtl\u00e1n, no solo por el terrorismo, hoy se viene a luchar por el pueblo por la justicia y se acabe una barbarie\u201d.<\/p>\n<p>Y corearon: \u201cQue vengan a ver, que vengan a ver, esto no es un gobierno, es una puta de cabaret\u201d, \u201cEl que no brinque es Pe\u00f1a. El que no brinque es Pe\u00f1a\u201d, \u201cA ver, a ver, qui\u00e9n lleva la batuta, el pueblo organizado, no el hijo de puta\u201d.<\/p>\n<p>De igual forma, estudiantes del Colegio de Bachilleres de Oaxaca (COBAO) y del Centro de Bachillerato Tecnol\u00f3gico Industrial y de Servicios (CBTIS), se sumaron a las marchas, a unas horas de la instalaci\u00f3n del di\u00e1logo entre el secretario de Gobernaci\u00f3n, Miguel \u00c1ngel Osorio Chong, como representante del gobierno federal, y la Comisi\u00f3n \u00danica de Negociaci\u00f3n de la CNTE, con la Comisi\u00f3n Nacional de Mediaci\u00f3n, integrada por Miguel \u00c1lvarez G\u00e1ndara, Pietro Ameglio, Jorge Fern\u00e1ndez Souza, Magdalena G\u00f3mez, Enrique Gonz\u00e1lez Ruiz, Dolores Gonz\u00e1lez Saravia, Gilberto L\u00f3pez y Rivas, Pablo Romo Cedano.<\/p>\n<p><a href=\"http:\/\/pagina3.mx\/2016\/06\/marchas-colapsan-a-la-capital-se-suman-salud-universitarios-y-comunidades-indigenas\/\" target=\"_blank\">http:\/\/pagina3.mx\/2016\/06\/marchas-colapsan-a-la-capital-se-suman-salud-universitarios-y-comunidades-indigenas\/<\/a><\/p>\n","protected":false},"excerpt":{"rendered":"<p>P\u00e1gina 3. Arturo Rodr\u00edguez\/Pedro Mat\u00edas, Oaxaca.- Con marchas, bloqueos carreteros, protestas y visitas a medios de comunicaci\u00f3n para difundir la \u201cmasacre\u201d de Nochixtl\u00e1n, maestros, universitarios, trabajadores de salud y estudiantes &hellip; <a href=\"https:\/\/www.grieta.org.mx\/index.php\/2016\/06\/22\/marchas-colapsan-a-la-capital-se-suman-salud-universitarios-y-comunidades-indigenas\/\" class=\"more-link\">Leer m\u00e1s<\/a><\/p>\n","protected":false},"author":2,"featured_media":21928,"comment_status":"closed","ping_status":"closed","sticky":false,"template":"","format":"standard","meta":{"ngg_post_thumbnail":0,"_jetpack_newsletter_access":"","_jetpack_dont_email_post_to_subs":false,"_jetpack_newsletter_tier_id":0,"_jetpack_memberships_contains_paywalled_content":false,"_jetpack_memberships_contains_paid_content":false,"footnotes":""},"categories":[80,1341,2,25],"tags":[174,107,133,93,180,135],"class_list":["post-14849","post","type-post","status-publish","format-standard","has-post-thumbnail","hentry","category-cintillo","category-movilizaciones-contra-la-reforma-educativa-y-evaluacion-magisterial-en-oaxaca","category-noticias-nacionales","category-oaxaca","tag-derechos-humanos","tag-educacion","tag-maestros","tag-oaxaca","tag-protesta","tag-reforma-educativa","entry"],"jetpack_featured_media_url":"https:\/\/www.grieta.org.mx\/wp-content\/uploads\/2018\/03\/14524434_1106112876131411_958039263622046936_o.jpg","jetpack_sharing_enabled":true,"jetpack_shortlink":"https:\/\/wp.me\/p7ZJR4-3Rv","jetpack_likes_enabled":false,"jetpack-related-posts":[{"id":18696,"url":"https:\/\/www.grieta.org.mx\/index.php\/2016\/08\/01\/maestros-realizan-3-bloqueos-en-oaxaca-toman-accesos-a-guelaguetza\/","url_meta":{"origin":14849,"position":0},"title":"Maestros realizan 3 bloqueos en Oaxaca; toman accesos a Guelaguetza","author":"grieta","date":"1 agosto, 2016","format":false,"excerpt":"Redacci\u00f3n Reporte Indigo Varios grupos de integrantes de la Secci\u00f3n 22 de la Coordinadora Nacional de los Trabajadores de la Educaci\u00f3n (CNTE), tomaron varias vialidades de la ciudad de Oaxaca. Los profesores mantienen tomados los 3 accesos principales al Cerro del Fort\u00edn, en tanto polic\u00edas estatales vigilan los cercos portando\u2026","rel":"","context":"En &quot;CINTILLO&quot;","block_context":{"text":"CINTILLO","link":"https:\/\/www.grieta.org.mx\/index.php\/category\/cintillo\/"},"img":{"alt_text":"","src":"https:\/\/i0.wp.com\/www.grieta.org.mx\/wp-content\/uploads\/2018\/03\/14524434_1106112876131411_958039263622046936_o.jpg?resize=350%2C200&ssl=1","width":350,"height":200,"srcset":"https:\/\/i0.wp.com\/www.grieta.org.mx\/wp-content\/uploads\/2018\/03\/14524434_1106112876131411_958039263622046936_o.jpg?resize=350%2C200&ssl=1 1x, https:\/\/i0.wp.com\/www.grieta.org.mx\/wp-content\/uploads\/2018\/03\/14524434_1106112876131411_958039263622046936_o.jpg?resize=525%2C300&ssl=1 1.5x, https:\/\/i0.wp.com\/www.grieta.org.mx\/wp-content\/uploads\/2018\/03\/14524434_1106112876131411_958039263622046936_o.jpg?resize=700%2C400&ssl=1 2x"},"classes":[]},{"id":19715,"url":"https:\/\/www.grieta.org.mx\/index.php\/2016\/08\/16\/pese-a-amenazas-de-pena-nieto-s-22-continua-con-bloqueos-tomas-de-oficinas-y-plazas-comerciales-oaxaca\/","url_meta":{"origin":14849,"position":1},"title":"Pese a amenazas de Pe\u00f1a Nieto, S-22 contin\u00faa con bloqueos, tomas de oficinas y plazas comerciales (Oaxaca)","author":"grieta","date":"16 agosto, 2016","format":false,"excerpt":"Pagina 3. Pedro Mat\u00edas, Oaxaca.- Pese a la amenaza del Presidente Enrique Pe\u00f1a Nieto de que \u201cel gobierno de la Rep\u00fablica no tendr\u00e1 reparo alguno en aplicar el uso de la fuerza\u201d cuando la v\u00eda del di\u00e1logo se haya agotado con la Coordinadora Nacional de Trabajadores de la Educaci\u00f3n (CNTE),\u2026","rel":"","context":"En &quot;CINTILLO&quot;","block_context":{"text":"CINTILLO","link":"https:\/\/www.grieta.org.mx\/index.php\/category\/cintillo\/"},"img":{"alt_text":"","src":"https:\/\/i0.wp.com\/www.grieta.org.mx\/wp-content\/uploads\/2018\/03\/14524434_1106112876131411_958039263622046936_o.jpg?resize=350%2C200&ssl=1","width":350,"height":200,"srcset":"https:\/\/i0.wp.com\/www.grieta.org.mx\/wp-content\/uploads\/2018\/03\/14524434_1106112876131411_958039263622046936_o.jpg?resize=350%2C200&ssl=1 1x, https:\/\/i0.wp.com\/www.grieta.org.mx\/wp-content\/uploads\/2018\/03\/14524434_1106112876131411_958039263622046936_o.jpg?resize=525%2C300&ssl=1 1.5x, https:\/\/i0.wp.com\/www.grieta.org.mx\/wp-content\/uploads\/2018\/03\/14524434_1106112876131411_958039263622046936_o.jpg?resize=700%2C400&ssl=1 2x"},"classes":[]},{"id":14316,"url":"https:\/\/www.grieta.org.mx\/index.php\/2016\/06\/15\/barricadas-marchas-y-bloqueos-a-10-anos-del-fallido-desalojo-de-maestros-en-oaxaca\/","url_meta":{"origin":14849,"position":2},"title":"Barricadas, marchas y bloqueos, a 10 a\u00f1os del fallido desalojo de maestros en Oaxaca","author":"grieta","date":"15 junio, 2016","format":false,"excerpt":"Jorge A. P\u00e9rez y Diana Manzo, Oaxaca Profesores afiliados a la secci\u00f3n 22 de la Coordinadora Nacional de los Trabajadores de la Educaci\u00f3n (CNTE), quienes se oponen a la implementaci\u00f3n de la reforma educativa, conmemoraron este martes con una marcha el d\u00e9cimo aniversario de que el ex gobernador pri\u00edsta de\u2026","rel":"","context":"En &quot;CINTILLO&quot;","block_context":{"text":"CINTILLO","link":"https:\/\/www.grieta.org.mx\/index.php\/category\/cintillo\/"},"img":{"alt_text":"","src":"https:\/\/i0.wp.com\/www.grieta.org.mx\/wp-content\/uploads\/2018\/03\/14524434_1106112876131411_958039263622046936_o.jpg?resize=350%2C200&ssl=1","width":350,"height":200,"srcset":"https:\/\/i0.wp.com\/www.grieta.org.mx\/wp-content\/uploads\/2018\/03\/14524434_1106112876131411_958039263622046936_o.jpg?resize=350%2C200&ssl=1 1x, https:\/\/i0.wp.com\/www.grieta.org.mx\/wp-content\/uploads\/2018\/03\/14524434_1106112876131411_958039263622046936_o.jpg?resize=525%2C300&ssl=1 1.5x, https:\/\/i0.wp.com\/www.grieta.org.mx\/wp-content\/uploads\/2018\/03\/14524434_1106112876131411_958039263622046936_o.jpg?resize=700%2C400&ssl=1 2x"},"classes":[]},{"id":14857,"url":"https:\/\/www.grieta.org.mx\/index.php\/2016\/06\/20\/toman-universitarios-instalaciones-de-cu-oax-en-apoyo-al-magisterio\/","url_meta":{"origin":14849,"position":3},"title":"Toman universitarios instalaciones de CU en Oaxaca, en apoyo al magisterio","author":"grieta","date":"20 junio, 2016","format":false,"excerpt":"Quadrat\u00edn. Guadalupe Thomas, Oaxaca.- Un grupo de personas que manifestaron ser estudiantes de la Universidad Aut\u00f3noma Benito Ju\u00e1rez de Oaxaca (UABJO) tomaron las instalaciones de Ciudad Universitaria en apoyo a la Secci\u00f3n 22 del Sindicato Nacional de Trabajadores de la Educaci\u00f3n. Manuel Ram\u00edrez, quien se identific\u00f3 como estudiante de la\u2026","rel":"","context":"En &quot;CINTILLO&quot;","block_context":{"text":"CINTILLO","link":"https:\/\/www.grieta.org.mx\/index.php\/category\/cintillo\/"},"img":{"alt_text":"","src":"https:\/\/i0.wp.com\/www.grieta.org.mx\/wp-content\/uploads\/2018\/03\/14524434_1106112876131411_958039263622046936_o.jpg?resize=350%2C200&ssl=1","width":350,"height":200,"srcset":"https:\/\/i0.wp.com\/www.grieta.org.mx\/wp-content\/uploads\/2018\/03\/14524434_1106112876131411_958039263622046936_o.jpg?resize=350%2C200&ssl=1 1x, https:\/\/i0.wp.com\/www.grieta.org.mx\/wp-content\/uploads\/2018\/03\/14524434_1106112876131411_958039263622046936_o.jpg?resize=525%2C300&ssl=1 1.5x, https:\/\/i0.wp.com\/www.grieta.org.mx\/wp-content\/uploads\/2018\/03\/14524434_1106112876131411_958039263622046936_o.jpg?resize=700%2C400&ssl=1 2x"},"classes":[]},{"id":1949,"url":"https:\/\/www.grieta.org.mx\/index.php\/2015\/12\/14\/ignora-gobierno-bloqueos-normalistas-intensificaran-movilizaciones\/","url_meta":{"origin":14849,"position":4},"title":"\u201cIgnora gobierno bloqueos\u201d; normalistas intensificar\u00e1n movilizaciones","author":"grieta","date":"14 diciembre, 2015","format":false,"excerpt":"Noticias. Uriel L\u00f3pez Salazar, Oaxaca de Ju\u00e1rez.- Estudiantes de las 11 normales de Oaxaca que exigen la entrega de 950 plazas sin examen, denunciaron que tras varios d\u00edas de movilizaciones no han obtenido respuesta a su exigencia de di\u00e1logo con los Gobiernos Estatal y Federal. En conferencia realizada la tarde\u2026","rel":"","context":"En &quot;CINTILLO&quot;","block_context":{"text":"CINTILLO","link":"https:\/\/www.grieta.org.mx\/index.php\/category\/cintillo\/"},"img":{"alt_text":"","src":"https:\/\/i0.wp.com\/www.grieta.org.mx\/wp-content\/uploads\/2018\/03\/14524434_1106112876131411_958039263622046936_o.jpg?resize=350%2C200&ssl=1","width":350,"height":200,"srcset":"https:\/\/i0.wp.com\/www.grieta.org.mx\/wp-content\/uploads\/2018\/03\/14524434_1106112876131411_958039263622046936_o.jpg?resize=350%2C200&ssl=1 1x, https:\/\/i0.wp.com\/www.grieta.org.mx\/wp-content\/uploads\/2018\/03\/14524434_1106112876131411_958039263622046936_o.jpg?resize=525%2C300&ssl=1 1.5x, https:\/\/i0.wp.com\/www.grieta.org.mx\/wp-content\/uploads\/2018\/03\/14524434_1106112876131411_958039263622046936_o.jpg?resize=700%2C400&ssl=1 2x"},"classes":[]},{"id":14786,"url":"https:\/\/www.grieta.org.mx\/index.php\/2016\/06\/23\/se-solidariza-cnte-hidalgo-con-maestros-de-oaxaca\/","url_meta":{"origin":14849,"position":5},"title":"Se solidariza CNTE-Hidalgo con maestros de Oaxaca","author":"grieta","date":"23 junio, 2016","format":false,"excerpt":"Ver\u00f3nica Monroy Profesores de diversas instituciones miembros de la Coordinadora Nacional de Trabajadores de la Educaci\u00f3n (CNTE), con marchas y colocaci\u00f3n de lonas en espacios p\u00fablicos y en los propios planteles han expresado su solidaridad con sus hom\u00f3logos de Oaxaca, adem\u00e1s han repudiado los hechos violentos que se registraron el\u2026","rel":"","context":"En &quot;CINTILLO&quot;","block_context":{"text":"CINTILLO","link":"https:\/\/www.grieta.org.mx\/index.php\/category\/cintillo\/"},"img":{"alt_text":"","src":"https:\/\/i0.wp.com\/www.grieta.org.mx\/wp-content\/uploads\/2018\/03\/14524434_1106112876131411_958039263622046936_o.jpg?resize=350%2C200&ssl=1","width":350,"height":200,"srcset":"https:\/\/i0.wp.com\/www.grieta.org.mx\/wp-content\/uploads\/2018\/03\/14524434_1106112876131411_958039263622046936_o.jpg?resize=350%2C200&ssl=1 1x, https:\/\/i0.wp.com\/www.grieta.org.mx\/wp-content\/uploads\/2018\/03\/14524434_1106112876131411_958039263622046936_o.jpg?resize=525%2C300&ssl=1 1.5x, https:\/\/i0.wp.com\/www.grieta.org.mx\/wp-content\/uploads\/2018\/03\/14524434_1106112876131411_958039263622046936_o.jpg?resize=700%2C400&ssl=1 2x"},"classes":[]}],"_links":{"self":[{"href":"https:\/\/www.grieta.org.mx\/index.php\/wp-json\/wp\/v2\/posts\/14849","targetHints":{"allow":["GET"]}}],"collection":[{"href":"https:\/\/www.grieta.org.mx\/index.php\/wp-json\/wp\/v2\/posts"}],"about":[{"href":"https:\/\/www.grieta.org.mx\/index.php\/wp-json\/wp\/v2\/types\/post"}],"author":[{"embeddable":true,"href":"https:\/\/www.grieta.org.mx\/index.php\/wp-json\/wp\/v2\/users\/2"}],"replies":[{"embeddable":true,"href":"https:\/\/www.grieta.org.mx\/index.php\/wp-json\/wp\/v2\/comments?post=14849"}],"version-history":[{"count":1,"href":"https:\/\/www.grieta.org.mx\/index.php\/wp-json\/wp\/v2\/posts\/14849\/revisions"}],"predecessor-version":[{"id":23725,"href":"https:\/\/www.grieta.org.mx\/index.php\/wp-json\/wp\/v2\/posts\/14849\/revisions\/23725"}],"wp:featuredmedia":[{"embeddable":true,"href":"https:\/\/www.grieta.org.mx\/index.php\/wp-json\/wp\/v2\/media\/21928"}],"wp:attachment":[{"href":"https:\/\/www.grieta.org.mx\/index.php\/wp-json\/wp\/v2\/media?parent=14849"}],"wp:term":[{"taxonomy":"category","embeddable":true,"href":"https:\/\/www.grieta.org.mx\/index.php\/wp-json\/wp\/v2\/categories?post=14849"},{"taxonomy":"post_tag","embeddable":true,"href":"https:\/\/www.grieta.org.mx\/index.php\/wp-json\/wp\/v2\/tags?post=14849"}],"curies":[{"name":"wp","href":"https:\/\/api.w.org\/{rel}","templated":true}]}}