{"id":14744,"date":"2016-06-23T03:48:25","date_gmt":"2016-06-23T03:48:25","guid":{"rendered":"http:\/\/www.grieta.org.mx\/?p=14744"},"modified":"2016-06-24T03:49:56","modified_gmt":"2016-06-24T03:49:56","slug":"ejecutan-en-poza-rica-a-padre-activista-que-buscaba-a-su-hija-jenny-isabel-jimenez","status":"publish","type":"post","link":"https:\/\/www.grieta.org.mx\/index.php\/2016\/06\/23\/ejecutan-en-poza-rica-a-padre-activista-que-buscaba-a-su-hija-jenny-isabel-jimenez\/","title":{"rendered":"Ejecutan en Poza Rica a padre activista que buscaba a su hija, Jenny Isabel Jim\u00e9nez"},"content":{"rendered":"<p> No\u00e9 Zavaleta\/<\/p>\n<p>Xalapa, Ver. (apro).- Jos\u00e9 de Jes\u00fas Jim\u00e9nez Gaona quien buscaba a su hija desaparecida, Jenny Isabel Jim\u00e9nez V\u00e1zquez, fue acribillado la noche del mi\u00e9rcoles pasado por un grupo armado que huy\u00f3 con rumbo desconocido en el municipio de Poza Rica, al norte de Veracruz.<\/p>\n<p>En el ataque contra Jim\u00e9nez Gaona, su esposa fue herida de gravedad y permanece en terapia intensiva.<\/p>\n<p>Jim\u00e9nez Gaona, era un activista de la regi\u00f3n norte de la entidad y desde la desaparici\u00f3n de su hija empez\u00f3 a organizarse con familiares de otras personas desaparecidas para formar un colectivo de b\u00fasqueda y presionar as\u00ed al gobierno saliente del priista, Javier Duarte de Ochoa, a la Secretar\u00eda de Seguridad P\u00fablica (SSP) y a la Fiscal\u00eda General del estado.<\/p>\n<p>Araceli Salcedo, integrante de la Brigada Nacional de B\u00fasqueda de Personas Desaparecidas y Fosas Clandestinas e integrante del Colectivo Solecito declar\u00f3 a Apro que hay mucha rabia, coraje e indignaci\u00f3n por este atroz crimen.<\/p>\n<p>\u201cNos est\u00e1n asesinando s\u00f3lo por eso. Son estrategias que utiliza el gobierno, ellos tuvieron una reuni\u00f3n el d\u00eda 15 de mayo, ah\u00ed el compa\u00f1ero Gaona exigi\u00f3 la b\u00fasqueda de su hija, hoy ten\u00eda que haber estado en una reuni\u00f3n para agilizar la b\u00fasqueda\u2026 ya no alcanz\u00f3 a llegar\u201d, lament\u00f3.<\/p>\n<p>Gaona buscaba a su Isabel Jim\u00e9nez, de 23 a\u00f1os de edad, desaparecida en mayo del 2011, sin que a la fecha ninguna autoridad haya podido dar informes de su paradero.<\/p>\n<p>Los sicarios de Jim\u00e9nez Gaona le dispararon en varias ocasiones por lo que muri\u00f3 instant\u00e1neamente.<\/p>\n<p>Aracely Salcedo asegur\u00f3 que este cobarde ataque no inhibir\u00e1 a la brigada, ni debilitar\u00e1 la b\u00fasqueda de sus seres queridos.<\/p>\n<p>\u201cRepudiamos el gobierno, y no nos queda otra cosa que tener una uni\u00f3n y seguir , por \u00e9l , por la b\u00fasqueda de su hija Isabel, por nosotros, por nuestros hijos\u2026 vamos a volver a la brigada\u201d, afirm\u00f3.<\/p>\n<p>Hasta el momento, la Fiscal\u00eda General del Estado no ha fijado una postura y solo se limit\u00f3 a publicar un bolet\u00edn escueto en el que asegura que \u201cabri\u00f3 una investigaci\u00f3n\u201d por los ataques ocurridos en el norte de la entidad, en donde una persona perdi\u00f3 la vida y otra result\u00f3 herida.<\/p>\n<p><a href=\"http:\/\/plumaslibres.com.mx\/2016\/06\/23\/164065\/\" target=\"_blank\">http:\/\/plumaslibres.com.mx\/2016\/06\/23\/164065\/<\/a><\/p>\n","protected":false},"excerpt":{"rendered":"<p>No\u00e9 Zavaleta\/ Xalapa, Ver. (apro).- Jos\u00e9 de Jes\u00fas Jim\u00e9nez Gaona quien buscaba a su hija desaparecida, Jenny Isabel Jim\u00e9nez V\u00e1zquez, fue acribillado la noche del mi\u00e9rcoles pasado por un grupo &hellip; <a href=\"https:\/\/www.grieta.org.mx\/index.php\/2016\/06\/23\/ejecutan-en-poza-rica-a-padre-activista-que-buscaba-a-su-hija-jenny-isabel-jimenez\/\" class=\"more-link\">Leer m\u00e1s<\/a><\/p>\n","protected":false},"author":2,"featured_media":21928,"comment_status":"closed","ping_status":"closed","sticky":false,"template":"","format":"standard","meta":{"ngg_post_thumbnail":0,"_jetpack_newsletter_access":"","_jetpack_dont_email_post_to_subs":false,"_jetpack_newsletter_tier_id":0,"_jetpack_memberships_contains_paywalled_content":false,"_jetpack_memberships_contains_paid_content":false,"footnotes":""},"categories":[80],"tags":[],"class_list":["post-14744","post","type-post","status-publish","format-standard","has-post-thumbnail","hentry","category-cintillo","entry"],"jetpack_featured_media_url":"https:\/\/www.grieta.org.mx\/wp-content\/uploads\/2018\/03\/14524434_1106112876131411_958039263622046936_o.jpg","jetpack_sharing_enabled":true,"jetpack_shortlink":"https:\/\/wp.me\/p7ZJR4-3PO","jetpack_likes_enabled":false,"jetpack-related-posts":[{"id":14868,"url":"https:\/\/www.grieta.org.mx\/index.php\/2016\/06\/23\/asesinan-a-jesus-jimenez-de-brigada-nacional-de-busqueda-de-desaparecidos\/","url_meta":{"origin":14744,"position":0},"title":"Asesinan a Jes\u00fas Jim\u00e9nez de Brigada Nacional de B\u00fasqueda de desaparecidos","author":"grieta","date":"23 junio, 2016","format":false,"excerpt":"Citlali T\u00e9llez Jos\u00e9 Jes\u00fas Jim\u00e9nez Gaona, integrante de la Brigada Nacional de B\u00fasqueda de Desaparecidos, fue asesinado la noche del mi\u00e9rcoles 22 de junio en Poza Rica, Veracruz; su esposa Francisca V\u00e1zquez fue herida en el mismo ataque y se encuentra grave. La Fiscal\u00eda General del Estado de Veracruz inform\u00f3\u2026","rel":"","context":"En &quot;CINTILLO&quot;","block_context":{"text":"CINTILLO","link":"https:\/\/www.grieta.org.mx\/index.php\/category\/cintillo\/"},"img":{"alt_text":"","src":"https:\/\/i0.wp.com\/www.grieta.org.mx\/wp-content\/uploads\/2018\/03\/14524434_1106112876131411_958039263622046936_o.jpg?resize=350%2C200&ssl=1","width":350,"height":200,"srcset":"https:\/\/i0.wp.com\/www.grieta.org.mx\/wp-content\/uploads\/2018\/03\/14524434_1106112876131411_958039263622046936_o.jpg?resize=350%2C200&ssl=1 1x, https:\/\/i0.wp.com\/www.grieta.org.mx\/wp-content\/uploads\/2018\/03\/14524434_1106112876131411_958039263622046936_o.jpg?resize=525%2C300&ssl=1 1.5x, https:\/\/i0.wp.com\/www.grieta.org.mx\/wp-content\/uploads\/2018\/03\/14524434_1106112876131411_958039263622046936_o.jpg?resize=700%2C400&ssl=1 2x"},"classes":[]},{"id":10560,"url":"https:\/\/www.grieta.org.mx\/index.php\/2016\/09\/12\/desaparecidos-en-veracruz\/","url_meta":{"origin":14744,"position":1},"title":"Desaparecidos en Veracruz","author":"grieta","date":"12 septiembre, 2016","format":false,"excerpt":"El Colectivo Solecito Veracruzano contin\u00faa labores de b\u00fasqueda de desaparecidos 12\/09\/16. Mujeres que buscan fosas acusan que Fiscal\u00eda de Veracruz entorpece su b\u00fasqueda Animal Pol\u00edtico 29\/08\/16. Un narcocementerio llamado Veracruz Proceso 15\/08\/16. Encuentran 37 fosas clandestinas en ocho d\u00edas en Veracruz El Financiero 15\/08\/16. Encuentran fosas clandestinas en Veracruz, suman\u2026","rel":"","context":"En &quot;Desaparecidos&quot;","block_context":{"text":"Desaparecidos","link":"https:\/\/www.grieta.org.mx\/index.php\/category\/temas-nacionales\/desaparecidos\/"},"img":{"alt_text":"","src":"https:\/\/i0.wp.com\/www.grieta.org.mx\/wp-content\/uploads\/2018\/03\/14524434_1106112876131411_958039263622046936_o.jpg?resize=350%2C200&ssl=1","width":350,"height":200,"srcset":"https:\/\/i0.wp.com\/www.grieta.org.mx\/wp-content\/uploads\/2018\/03\/14524434_1106112876131411_958039263622046936_o.jpg?resize=350%2C200&ssl=1 1x, https:\/\/i0.wp.com\/www.grieta.org.mx\/wp-content\/uploads\/2018\/03\/14524434_1106112876131411_958039263622046936_o.jpg?resize=525%2C300&ssl=1 1.5x, https:\/\/i0.wp.com\/www.grieta.org.mx\/wp-content\/uploads\/2018\/03\/14524434_1106112876131411_958039263622046936_o.jpg?resize=700%2C400&ssl=1 2x"},"classes":[]},{"id":71567,"url":"https:\/\/www.grieta.org.mx\/index.php\/2025\/04\/06\/27-personas-buscadoras-han-sido-asesinadas-y-tres-mas-desaparecidas-en-mexico\/","url_meta":{"origin":14744,"position":2},"title":"27 personas buscadoras han sido asesinadas y tres m\u00e1s desaparecidas en M\u00e9xico","author":"grieta","date":"6 abril, 2025","format":false,"excerpt":"Imagen: Fotos de personas buscadoras que han sido asesinadas por buscar a su familiar \/ Zona Docs En medio de la terrible crisis de desaparici\u00f3n de personas que no cesa en M\u00e9xico, las familias que buscan a sus seres queridos tambi\u00e9n se han vuelto objeto de amenazas y ataques, con\u2026","rel":"","context":"En &quot;CINTILLO&quot;","block_context":{"text":"CINTILLO","link":"https:\/\/www.grieta.org.mx\/index.php\/category\/cintillo\/"},"img":{"alt_text":"","src":"https:\/\/i0.wp.com\/www.grieta.org.mx\/wp-content\/uploads\/2025\/04\/eaLlPL53.jpeg?resize=350%2C200&ssl=1","width":350,"height":200,"srcset":"https:\/\/i0.wp.com\/www.grieta.org.mx\/wp-content\/uploads\/2025\/04\/eaLlPL53.jpeg?resize=350%2C200&ssl=1 1x, https:\/\/i0.wp.com\/www.grieta.org.mx\/wp-content\/uploads\/2025\/04\/eaLlPL53.jpeg?resize=525%2C300&ssl=1 1.5x, https:\/\/i0.wp.com\/www.grieta.org.mx\/wp-content\/uploads\/2025\/04\/eaLlPL53.jpeg?resize=700%2C400&ssl=1 2x, https:\/\/i0.wp.com\/www.grieta.org.mx\/wp-content\/uploads\/2025\/04\/eaLlPL53.jpeg?resize=1050%2C600&ssl=1 3x"},"classes":[]},{"id":7139,"url":"https:\/\/www.grieta.org.mx\/index.php\/2015\/08\/14\/tabasco-hija-de-indigena-presa-en-huelga-de-hambre\/","url_meta":{"origin":14744,"position":3},"title":"Tabasco: hija de ind\u00edgena presa, en huelga de hambre","author":"grieta","date":"14 agosto, 2015","format":false,"excerpt":"Ren\u00e9 Alberto L\u00f3pez Una menor ind\u00edgena inici\u00f3 ayer una huelga de hambre frente al Tribunal Superior de Justicia (TSJ) para pedir la liberaci\u00f3n de su madre, Alicia Jim\u00e9nez Hern\u00e1ndez, activista de la organizaci\u00f3n M\u00e9xico Despierta, detenida el martes pasado por participar en un zafarrancho en el Congreso local. Mar\u00eda Guadalupe,\u2026","rel":"","context":"En &quot;CINTILLO&quot;","block_context":{"text":"CINTILLO","link":"https:\/\/www.grieta.org.mx\/index.php\/category\/cintillo\/"},"img":{"alt_text":"","src":"https:\/\/i0.wp.com\/www.grieta.org.mx\/wp-content\/uploads\/2018\/03\/14524434_1106112876131411_958039263622046936_o.jpg?resize=350%2C200&ssl=1","width":350,"height":200,"srcset":"https:\/\/i0.wp.com\/www.grieta.org.mx\/wp-content\/uploads\/2018\/03\/14524434_1106112876131411_958039263622046936_o.jpg?resize=350%2C200&ssl=1 1x, https:\/\/i0.wp.com\/www.grieta.org.mx\/wp-content\/uploads\/2018\/03\/14524434_1106112876131411_958039263622046936_o.jpg?resize=525%2C300&ssl=1 1.5x, https:\/\/i0.wp.com\/www.grieta.org.mx\/wp-content\/uploads\/2018\/03\/14524434_1106112876131411_958039263622046936_o.jpg?resize=700%2C400&ssl=1 2x"},"classes":[]},{"id":69844,"url":"https:\/\/www.grieta.org.mx\/index.php\/2024\/09\/27\/quien-buscara-a-sus-desaparecidos-diez-padres-y-madres-buscadores-murieron-en-veracruz-en-los-ultimos-8-anos\/","url_meta":{"origin":14744,"position":4},"title":"\u00bfQui\u00e9n buscar\u00e1 a sus desaparecidos? Diez padres y madres buscadores murieron en Veracruz en los \u00faltimos 8 a\u00f1os","author":"grieta","date":"27 septiembre, 2024","format":false,"excerpt":"En M\u00e9xico hay m\u00e1s de 60 colectivos de familiares buscando a m\u00e1s de 40 mil personas desaparecidas, de esos, 15 pertenecen a Veracruz Itzel Molina \/ Diario de Xalapa La localizaci\u00f3n de un hijo desaparecido es el objetivo primordial de padres y madres que se convierten en buscadoras, pero algunas\u2026","rel":"","context":"En &quot;CINTILLO&quot;","block_context":{"text":"CINTILLO","link":"https:\/\/www.grieta.org.mx\/index.php\/category\/cintillo\/"},"img":{"alt_text":"","src":"https:\/\/i0.wp.com\/www.grieta.org.mx\/wp-content\/uploads\/2024\/09\/Personas-desaparecidas-_-Busqueda-de-personas-_-Desaparecidos.jpeg?resize=350%2C200&ssl=1","width":350,"height":200,"srcset":"https:\/\/i0.wp.com\/www.grieta.org.mx\/wp-content\/uploads\/2024\/09\/Personas-desaparecidas-_-Busqueda-de-personas-_-Desaparecidos.jpeg?resize=350%2C200&ssl=1 1x, https:\/\/i0.wp.com\/www.grieta.org.mx\/wp-content\/uploads\/2024\/09\/Personas-desaparecidas-_-Busqueda-de-personas-_-Desaparecidos.jpeg?resize=525%2C300&ssl=1 1.5x, https:\/\/i0.wp.com\/www.grieta.org.mx\/wp-content\/uploads\/2024\/09\/Personas-desaparecidas-_-Busqueda-de-personas-_-Desaparecidos.jpeg?resize=700%2C400&ssl=1 2x"},"classes":[]},{"id":35883,"url":"https:\/\/www.grieta.org.mx\/index.php\/2019\/06\/24\/mueren-migrantes-en-aguas-del-bravo-tamaulipas\/","url_meta":{"origin":14744,"position":5},"title":"Mueren migrantes en aguas del Bravo (Tamaulipas)","author":"grieta","date":"24 junio, 2019","format":false,"excerpt":"Fotograf\u00eda: El Ma\u00f1ana Miguel Jim\u00e9nez \/ El Ma\u00f1ana Ahogados, padre e hija perdieron la vida cuando intentaron cruzar el r\u00edo hacia EU La ma\u00f1ana de este lunes elementos de Bomberos encontraron el cuerpo de un salvadore\u00f1o y su hija que el pasado domingo por la tarde intentaron cruzar el r\u00edo\u2026","rel":"","context":"En &quot;CINTILLO&quot;","block_context":{"text":"CINTILLO","link":"https:\/\/www.grieta.org.mx\/index.php\/category\/cintillo\/"},"img":{"alt_text":"","src":"https:\/\/i0.wp.com\/www.grieta.org.mx\/wp-content\/uploads\/2019\/07\/Mueren-migrantes-en-aguas-del-Bravo-tama-jul.jpg?resize=350%2C200&ssl=1","width":350,"height":200,"srcset":"https:\/\/i0.wp.com\/www.grieta.org.mx\/wp-content\/uploads\/2019\/07\/Mueren-migrantes-en-aguas-del-Bravo-tama-jul.jpg?resize=350%2C200&ssl=1 1x, https:\/\/i0.wp.com\/www.grieta.org.mx\/wp-content\/uploads\/2019\/07\/Mueren-migrantes-en-aguas-del-Bravo-tama-jul.jpg?resize=525%2C300&ssl=1 1.5x"},"classes":[]}],"_links":{"self":[{"href":"https:\/\/www.grieta.org.mx\/index.php\/wp-json\/wp\/v2\/posts\/14744","targetHints":{"allow":["GET"]}}],"collection":[{"href":"https:\/\/www.grieta.org.mx\/index.php\/wp-json\/wp\/v2\/posts"}],"about":[{"href":"https:\/\/www.grieta.org.mx\/index.php\/wp-json\/wp\/v2\/types\/post"}],"author":[{"embeddable":true,"href":"https:\/\/www.grieta.org.mx\/index.php\/wp-json\/wp\/v2\/users\/2"}],"replies":[{"embeddable":true,"href":"https:\/\/www.grieta.org.mx\/index.php\/wp-json\/wp\/v2\/comments?post=14744"}],"version-history":[{"count":1,"href":"https:\/\/www.grieta.org.mx\/index.php\/wp-json\/wp\/v2\/posts\/14744\/revisions"}],"predecessor-version":[{"id":14745,"href":"https:\/\/www.grieta.org.mx\/index.php\/wp-json\/wp\/v2\/posts\/14744\/revisions\/14745"}],"wp:featuredmedia":[{"embeddable":true,"href":"https:\/\/www.grieta.org.mx\/index.php\/wp-json\/wp\/v2\/media\/21928"}],"wp:attachment":[{"href":"https:\/\/www.grieta.org.mx\/index.php\/wp-json\/wp\/v2\/media?parent=14744"}],"wp:term":[{"taxonomy":"category","embeddable":true,"href":"https:\/\/www.grieta.org.mx\/index.php\/wp-json\/wp\/v2\/categories?post=14744"},{"taxonomy":"post_tag","embeddable":true,"href":"https:\/\/www.grieta.org.mx\/index.php\/wp-json\/wp\/v2\/tags?post=14744"}],"curies":[{"name":"wp","href":"https:\/\/api.w.org\/{rel}","templated":true}]}}