{"id":14696,"date":"2016-06-23T10:29:59","date_gmt":"2016-06-23T10:29:59","guid":{"rendered":"http:\/\/www.grieta.org.mx\/?p=14696"},"modified":"2016-06-23T15:43:21","modified_gmt":"2016-06-23T15:43:21","slug":"marchan-5-mil-contra-la-violencia-en-oaxaca-jalisco","status":"publish","type":"post","link":"https:\/\/www.grieta.org.mx\/index.php\/2016\/06\/23\/marchan-5-mil-contra-la-violencia-en-oaxaca-jalisco\/","title":{"rendered":"Marchan 5 mil contra la violencia en Oaxaca (Jalisco)"},"content":{"rendered":"<p> Elizabeth Ortiz<\/p>\n<p>Mientras se llevaba a cabo la mesa de di\u00e1logo entre el gobierno federal y la Coordinadora Nacional de Trabajadores de la Educaci\u00f3n (CNTE), miles de personas marcharon en Jalisco en repudio por la muerte de civiles en Nochixtl\u00e1n, Oaxaca.<\/p>\n<p>Del plant\u00f3n que mantiene el Sindicato de Trabajadores del Colegio de Bachilleres sali\u00f3 el contingente hacia la delegaci\u00f3n de la Procuradur\u00eda General de la Rep\u00fablica (PGR) en Jalisco.<\/p>\n<p>\u00a1Fuera Pe\u00f1a, fuera Pe\u00f1a! Gritaban los manifestantes.<\/p>\n<p>El Frente Magisterial de Jalisco encabez\u00f3 la marcha a la que se unieron grupos como el Colectivo de Reflexi\u00f3n Universitaria (CRU) de la Universidad de Guadalajara (UdeG), adem\u00e1s de maestros cesados del Movimiento Magisterial Jalisciense.<\/p>\n<p>Seg\u00fan los organizadores del movimiento, el contingente era de 4 mil 800 a 5 mil personas. Avanzaron hacia la avenida Vallarta, tomaron Federalismo y llegaron a 16 de Septiembre, donde bloquearon los cuatro carriles. Apenas lleg\u00f3 el contingente, los participantes comenzaron a gritar: \u00a1Asesinos, asesinos!<\/p>\n<p>En el plant\u00f3n, un grupo de j\u00f3venes que ten\u00eda cubierta la cara con paliacates hizo pintas en el edificio. \u201cNo m\u00e1s muertos\u201d, y pintaron el 43 para recordar al n\u00famero de estudiantes desaparecidos en Ayotzinapa.<\/p>\n<p>Luego, varios oradores dieron un mensaje, entre ellos, Francisco Salas, profesor de bases magisteriales: \u201cQue quede claro que el magisterio y el pueblo de Jalisco lo dejan bien estipulado, dicho a Aurelio Nu\u00f1o que no es bienvenido en este estado y que no lo reconocemos como secretario de Educaci\u00f3n P\u00fablica, que se vaya lo antes posible\u201d.<\/p>\n<p>\u00a1Fuera Nu\u00f1o, fuera Nu\u00f1o! Respondieron los manifestantes.<\/p>\n<p>Dijo que el verdugo siempre ha sido el mismo, materialmente las fuerzas armadas, los polic\u00edas de todos los niveles de gobierno; luego, de las personas asesinadas en Oaxaca, se\u00f1al\u00f3 que se trata de un terrorismo de estado.<\/p>\n<p>Tambi\u00e9n envi\u00f3 un mensaje a los medios de comunicaci\u00f3n masivos: \u201cMientras m\u00e1s nos tilden de v\u00e1ndalos, m\u00e1s vamos a luchar por nuestros derechos (\u2026) Mientras m\u00e1s nos tilden de flojos, m\u00e1s vamos a luchar por la educaci\u00f3n p\u00fablica\u201d.<br \/>\nSe manifiestan frente a consulado<\/p>\n<p>Como parte de las actividades de solidaridad con el magisterio en Oaxaca, cerca de 20 maestros jaliscienses se manifestaron frente al Consulado de Estados Unidos y leyeron un documento con dos exigencias: que el pa\u00eds vecino deje de vender armas a M\u00e9xico y que se pronuncie en contra de las violaciones de derechos humanos.<\/p>\n<p>Frente al consulado, en calle Libertad, los maestros mostraron sus pancartas y gritaron consignas frente a la usual fila de personas que buscan obtener una visa para ir a Estados Unidos.<\/p>\n<p>Durante la manifestaci\u00f3n, dos patrullas de la Polic\u00eda estatal estuvieron estacionadas a cuadra y media del consulado; cerca de 10 elementos, con equipos antimotines, esperaron en el lugar, adem\u00e1s hubo presencia de la Secretar\u00eda de Movilidad (Semov) y polic\u00edas de Guadalajara.<\/p>\n<div class=\"jetpack-video-wrapper\"><iframe loading=\"lazy\" title=\"Marchan en Jalisco contra la violencia en Oaxaca\" width=\"1170\" height=\"658\" src=\"https:\/\/www.youtube.com\/embed\/MgDOEt5qC4g?feature=oembed\" frameborder=\"0\" allow=\"accelerometer; autoplay; clipboard-write; encrypted-media; gyroscope; picture-in-picture\" allowfullscreen><\/iframe><\/div>\n<p><a href=\"http:\/\/www.ntrguadalajara.com\/post.php?id_nota=43075\" target=\"_blank\">http:\/\/www.ntrguadalajara.com\/post.php?id_nota=43075<\/a><\/p>\n","protected":false},"excerpt":{"rendered":"<p>Elizabeth Ortiz Mientras se llevaba a cabo la mesa de di\u00e1logo entre el gobierno federal y la Coordinadora Nacional de Trabajadores de la Educaci\u00f3n (CNTE), miles de personas marcharon en &hellip; <a href=\"https:\/\/www.grieta.org.mx\/index.php\/2016\/06\/23\/marchan-5-mil-contra-la-violencia-en-oaxaca-jalisco\/\" class=\"more-link\">Leer m\u00e1s<\/a><\/p>\n","protected":false},"author":2,"featured_media":21928,"comment_status":"closed","ping_status":"closed","sticky":false,"template":"","format":"standard","meta":{"ngg_post_thumbnail":0,"_jetpack_newsletter_access":"","_jetpack_dont_email_post_to_subs":false,"_jetpack_newsletter_tier_id":0,"_jetpack_memberships_contains_paywalled_content":false,"_jetpack_memberships_contains_paid_content":false,"footnotes":""},"categories":[80,230],"tags":[135],"class_list":["post-14696","post","type-post","status-publish","format-standard","has-post-thumbnail","hentry","category-cintillo","category-jalisco","tag-reforma-educativa","entry"],"jetpack_featured_media_url":"https:\/\/www.grieta.org.mx\/wp-content\/uploads\/2018\/03\/14524434_1106112876131411_958039263622046936_o.jpg","jetpack_sharing_enabled":true,"jetpack_shortlink":"https:\/\/wp.me\/p7ZJR4-3P2","jetpack_likes_enabled":false,"jetpack-related-posts":[{"id":3198,"url":"https:\/\/www.grieta.org.mx\/index.php\/2015\/07\/05\/oaxaca-aguanta-jalisco-se-levanta-5-mil-maestros-marchan-en-protesta\/","url_meta":{"origin":14696,"position":0},"title":"\u201c\u00a1Oaxaca aguanta, Jalisco se levanta!\u201d, 5 mil maestros marchan en protesta","author":"grieta","date":"5 julio, 2015","format":false,"excerpt":"Aar\u00f3n Estrada M\u00e1s de cinco mil maestros de diversas regiones del estado marcharon de las instalaciones de Televisa Guadalajara a la Plaza Liberaci\u00f3n en protesta por la aplicaci\u00f3n de los ex\u00e1menes de evaluaci\u00f3n y de la \u201ccampa\u00f1a de linchamiento medi\u00e1tico\u201d que en diversos medios de comunicaci\u00f3n se ha orquestado en\u2026","rel":"","context":"En &quot;CINTILLO&quot;","block_context":{"text":"CINTILLO","link":"https:\/\/www.grieta.org.mx\/index.php\/category\/cintillo\/"},"img":{"alt_text":"","src":"https:\/\/i0.wp.com\/www.grieta.org.mx\/wp-content\/uploads\/2018\/03\/14524434_1106112876131411_958039263622046936_o.jpg?resize=350%2C200&ssl=1","width":350,"height":200,"srcset":"https:\/\/i0.wp.com\/www.grieta.org.mx\/wp-content\/uploads\/2018\/03\/14524434_1106112876131411_958039263622046936_o.jpg?resize=350%2C200&ssl=1 1x, https:\/\/i0.wp.com\/www.grieta.org.mx\/wp-content\/uploads\/2018\/03\/14524434_1106112876131411_958039263622046936_o.jpg?resize=525%2C300&ssl=1 1.5x, https:\/\/i0.wp.com\/www.grieta.org.mx\/wp-content\/uploads\/2018\/03\/14524434_1106112876131411_958039263622046936_o.jpg?resize=700%2C400&ssl=1 2x"},"classes":[]},{"id":3171,"url":"https:\/\/www.grieta.org.mx\/index.php\/2016\/08\/23\/movilizaciones-contra-la-reforma-educativa-y-la-evaluacion-magisterial-en-jalisco\/","url_meta":{"origin":14696,"position":1},"title":"Movilizaciones contra la Reforma educativa y evaluaci\u00f3n magisterial en Jalisco","author":"grieta","date":"23 agosto, 2016","format":false,"excerpt":"23\/08\/16. Maestros se manifestaron en el Aeropuerto Internacional de Guadalajara contra la Reforma Educativa Canal 44 23\/08\/16. Maestros en la regi\u00f3n de Los Altos trabajan bajo protesta (Video)Canal 44 27\/07\/16. Bloquean maestros casetasAM Lagos de Moreno 17\/07\/16. Frente Magisterial advierte accionesNtr Guadalajara 04\/07\/16. Abuchean a Aurelio Nu\u00f1o en JaliscoProceso 23\/06\/16.\u2026","rel":"","context":"En &quot;Jalisco&quot;","block_context":{"text":"Jalisco","link":"https:\/\/www.grieta.org.mx\/index.php\/category\/noticias-nacionales\/jalisco\/"},"img":{"alt_text":"","src":"https:\/\/i0.wp.com\/www.grieta.org.mx\/wp-content\/uploads\/2018\/03\/14524434_1106112876131411_958039263622046936_o.jpg?resize=350%2C200&ssl=1","width":350,"height":200,"srcset":"https:\/\/i0.wp.com\/www.grieta.org.mx\/wp-content\/uploads\/2018\/03\/14524434_1106112876131411_958039263622046936_o.jpg?resize=350%2C200&ssl=1 1x, https:\/\/i0.wp.com\/www.grieta.org.mx\/wp-content\/uploads\/2018\/03\/14524434_1106112876131411_958039263622046936_o.jpg?resize=525%2C300&ssl=1 1.5x, https:\/\/i0.wp.com\/www.grieta.org.mx\/wp-content\/uploads\/2018\/03\/14524434_1106112876131411_958039263622046936_o.jpg?resize=700%2C400&ssl=1 2x"},"classes":[]},{"id":51536,"url":"https:\/\/www.grieta.org.mx\/index.php\/2020\/06\/29\/hay-3-mil-casos-de-profesores-con-salarios-atrasados-jalisco\/","url_meta":{"origin":14696,"position":2},"title":"Hay 3 mil casos de profesores con salarios atrasados (Jalisco)","author":"grieta","date":"29 junio, 2020","format":false,"excerpt":"Foto: Ignacio P\u00e9rez Vega Ignacio P\u00e9rez Vega \/ UDGTV Guadalajara, Jalisco.\u00a0Para los maestros de educaci\u00f3n b\u00e1sica del sistema educativo ya no es noticia que la Secretar\u00eda de Educaci\u00f3n siga sin resolver el problema de falta de pago de salarios. En este momento, el c\u00e1lculo es que son 3 mil los\u2026","rel":"","context":"En &quot;CINTILLO&quot;","block_context":{"text":"CINTILLO","link":"https:\/\/www.grieta.org.mx\/index.php\/category\/cintillo\/"},"img":{"alt_text":"","src":"https:\/\/i0.wp.com\/www.grieta.org.mx\/wp-content\/uploads\/2020\/07\/Mestros-sin-pago-Ignacio-P%C3%A9rez-Vega.jpeg?resize=350%2C200&ssl=1","width":350,"height":200,"srcset":"https:\/\/i0.wp.com\/www.grieta.org.mx\/wp-content\/uploads\/2020\/07\/Mestros-sin-pago-Ignacio-P%C3%A9rez-Vega.jpeg?resize=350%2C200&ssl=1 1x, https:\/\/i0.wp.com\/www.grieta.org.mx\/wp-content\/uploads\/2020\/07\/Mestros-sin-pago-Ignacio-P%C3%A9rez-Vega.jpeg?resize=525%2C300&ssl=1 1.5x, https:\/\/i0.wp.com\/www.grieta.org.mx\/wp-content\/uploads\/2020\/07\/Mestros-sin-pago-Ignacio-P%C3%A9rez-Vega.jpeg?resize=700%2C400&ssl=1 2x, https:\/\/i0.wp.com\/www.grieta.org.mx\/wp-content\/uploads\/2020\/07\/Mestros-sin-pago-Ignacio-P%C3%A9rez-Vega.jpeg?resize=1050%2C600&ssl=1 3x"},"classes":[]},{"id":3193,"url":"https:\/\/www.grieta.org.mx\/index.php\/2015\/07\/31\/maestros-de-jalisco-entregan-amparos-contra-reforma-educativa\/","url_meta":{"origin":14696,"position":3},"title":"Maestros de Jalisco entregan amparos contra reforma educativa","author":"grieta","date":"31 julio, 2015","format":false,"excerpt":"FABIOLA HERN\u00c1NDEZ La estrategia jur\u00eddica pretende cancelar la evaluaci\u00f3n a docentes Se convocar\u00e1n a m\u00e1s de 400 maestros en la Glorieta de la Minerva Profesores realizan la segunda entrega de amparos en contra de la Reforma Educativa en Ciudad Judicial GUADALAJARA, JALISCO (31\/JUL\/2015).- Profesores pertenecientes al Frente Magisterial de Jalisco\u2026","rel":"","context":"En &quot;CINTILLO&quot;","block_context":{"text":"CINTILLO","link":"https:\/\/www.grieta.org.mx\/index.php\/category\/cintillo\/"},"img":{"alt_text":"","src":"https:\/\/i0.wp.com\/www.grieta.org.mx\/wp-content\/uploads\/2018\/03\/14524434_1106112876131411_958039263622046936_o.jpg?resize=350%2C200&ssl=1","width":350,"height":200,"srcset":"https:\/\/i0.wp.com\/www.grieta.org.mx\/wp-content\/uploads\/2018\/03\/14524434_1106112876131411_958039263622046936_o.jpg?resize=350%2C200&ssl=1 1x, https:\/\/i0.wp.com\/www.grieta.org.mx\/wp-content\/uploads\/2018\/03\/14524434_1106112876131411_958039263622046936_o.jpg?resize=525%2C300&ssl=1 1.5x, https:\/\/i0.wp.com\/www.grieta.org.mx\/wp-content\/uploads\/2018\/03\/14524434_1106112876131411_958039263622046936_o.jpg?resize=700%2C400&ssl=1 2x"},"classes":[]},{"id":35489,"url":"https:\/\/www.grieta.org.mx\/index.php\/2019\/06\/21\/exigen-maestros-su-reinstalacion-tras-ser-cesados-por-la-anterior-reforma-educativa-jalisco\/","url_meta":{"origin":14696,"position":4},"title":"Exigen maestros su reinstalaci\u00f3n tras ser cesados por la anterior reforma educativa (Jalisco)","author":"grieta","date":"21 junio, 2019","format":false,"excerpt":"Foto: Rosario Bare\u00f1o Son 183\u00a0 docentes en Jalisco con antiguedad de hasta 20 a\u00f1os que fueron cesados; 72 de educaci\u00f3n b\u00e1sica y 111 de educaci\u00f3n media-superior Rosario Bare\u00f1o \/ El Occidental Exigen maestros la reinstalaci\u00f3n de sus plazas tras ser cesados en marzo del 2016 por no aceptar ser evaluados\u2026","rel":"","context":"En &quot;CINTILLO&quot;","block_context":{"text":"CINTILLO","link":"https:\/\/www.grieta.org.mx\/index.php\/category\/cintillo\/"},"img":{"alt_text":"","src":"https:\/\/i0.wp.com\/www.grieta.org.mx\/wp-content\/uploads\/2019\/06\/mestros.jpg?resize=350%2C200&ssl=1","width":350,"height":200,"srcset":"https:\/\/i0.wp.com\/www.grieta.org.mx\/wp-content\/uploads\/2019\/06\/mestros.jpg?resize=350%2C200&ssl=1 1x, https:\/\/i0.wp.com\/www.grieta.org.mx\/wp-content\/uploads\/2019\/06\/mestros.jpg?resize=525%2C300&ssl=1 1.5x, https:\/\/i0.wp.com\/www.grieta.org.mx\/wp-content\/uploads\/2019\/06\/mestros.jpg?resize=700%2C400&ssl=1 2x"},"classes":[]},{"id":3196,"url":"https:\/\/www.grieta.org.mx\/index.php\/2015\/07\/16\/jalisco-no-al-examen-no-a-la-reforma\/","url_meta":{"origin":14696,"position":5},"title":"Jalisco: \u201c\u00a1No al examen, no a la reforma!\u201d","author":"grieta","date":"16 julio, 2015","format":false,"excerpt":"Por Rogelio Castro Miles de maestros toman las calles gritando Acompa\u00f1ados de algunos padres de familia y escasos alumnos, los integrantes del Frente Magisterial de Jalisco marcharon hacia Televisa Jalisco, el PRI estatal y el edificio legislativo, que fue cercado por polic\u00edas estatales ante la llegada del contingente Miles de\u2026","rel":"","context":"En &quot;CINTILLO&quot;","block_context":{"text":"CINTILLO","link":"https:\/\/www.grieta.org.mx\/index.php\/category\/cintillo\/"},"img":{"alt_text":"","src":"https:\/\/i0.wp.com\/www.grieta.org.mx\/wp-content\/uploads\/2018\/03\/14524434_1106112876131411_958039263622046936_o.jpg?resize=350%2C200&ssl=1","width":350,"height":200,"srcset":"https:\/\/i0.wp.com\/www.grieta.org.mx\/wp-content\/uploads\/2018\/03\/14524434_1106112876131411_958039263622046936_o.jpg?resize=350%2C200&ssl=1 1x, https:\/\/i0.wp.com\/www.grieta.org.mx\/wp-content\/uploads\/2018\/03\/14524434_1106112876131411_958039263622046936_o.jpg?resize=525%2C300&ssl=1 1.5x, https:\/\/i0.wp.com\/www.grieta.org.mx\/wp-content\/uploads\/2018\/03\/14524434_1106112876131411_958039263622046936_o.jpg?resize=700%2C400&ssl=1 2x"},"classes":[]}],"_links":{"self":[{"href":"https:\/\/www.grieta.org.mx\/index.php\/wp-json\/wp\/v2\/posts\/14696","targetHints":{"allow":["GET"]}}],"collection":[{"href":"https:\/\/www.grieta.org.mx\/index.php\/wp-json\/wp\/v2\/posts"}],"about":[{"href":"https:\/\/www.grieta.org.mx\/index.php\/wp-json\/wp\/v2\/types\/post"}],"author":[{"embeddable":true,"href":"https:\/\/www.grieta.org.mx\/index.php\/wp-json\/wp\/v2\/users\/2"}],"replies":[{"embeddable":true,"href":"https:\/\/www.grieta.org.mx\/index.php\/wp-json\/wp\/v2\/comments?post=14696"}],"version-history":[{"count":1,"href":"https:\/\/www.grieta.org.mx\/index.php\/wp-json\/wp\/v2\/posts\/14696\/revisions"}],"predecessor-version":[{"id":14702,"href":"https:\/\/www.grieta.org.mx\/index.php\/wp-json\/wp\/v2\/posts\/14696\/revisions\/14702"}],"wp:featuredmedia":[{"embeddable":true,"href":"https:\/\/www.grieta.org.mx\/index.php\/wp-json\/wp\/v2\/media\/21928"}],"wp:attachment":[{"href":"https:\/\/www.grieta.org.mx\/index.php\/wp-json\/wp\/v2\/media?parent=14696"}],"wp:term":[{"taxonomy":"category","embeddable":true,"href":"https:\/\/www.grieta.org.mx\/index.php\/wp-json\/wp\/v2\/categories?post=14696"},{"taxonomy":"post_tag","embeddable":true,"href":"https:\/\/www.grieta.org.mx\/index.php\/wp-json\/wp\/v2\/tags?post=14696"}],"curies":[{"name":"wp","href":"https:\/\/api.w.org\/{rel}","templated":true}]}}