{"id":14646,"date":"2016-06-20T16:49:25","date_gmt":"2016-06-20T16:49:25","guid":{"rendered":"http:\/\/www.grieta.org.mx\/?p=14646"},"modified":"2016-06-22T17:05:56","modified_gmt":"2016-06-22T17:05:56","slug":"refugiados-enfrentan-en-la-calle-las-altas-temperaturas","status":"publish","type":"post","link":"https:\/\/www.grieta.org.mx\/index.php\/2016\/06\/20\/refugiados-enfrentan-en-la-calle-las-altas-temperaturas\/","title":{"rendered":"Refugiados enfrentan en la calle las altas temperaturas"},"content":{"rendered":"<p><img loading=\"lazy\" decoding=\"async\" data-attachment-id=\"14647\" data-permalink=\"https:\/\/www.grieta.org.mx\/index.php\/2016\/06\/20\/refugiados-enfrentan-en-la-calle-las-altas-temperaturas\/img_9026\/\" data-orig-file=\"https:\/\/www.grieta.org.mx\/wp-content\/uploads\/2016\/06\/img_9026.jpg\" data-orig-size=\"660,440\" data-comments-opened=\"0\" data-image-meta=\"{&quot;aperture&quot;:&quot;0&quot;,&quot;credit&quot;:&quot;&quot;,&quot;camera&quot;:&quot;&quot;,&quot;caption&quot;:&quot;&quot;,&quot;created_timestamp&quot;:&quot;0&quot;,&quot;copyright&quot;:&quot;&quot;,&quot;focal_length&quot;:&quot;0&quot;,&quot;iso&quot;:&quot;0&quot;,&quot;shutter_speed&quot;:&quot;0&quot;,&quot;title&quot;:&quot;&quot;,&quot;orientation&quot;:&quot;0&quot;}\" data-image-title=\"img_9026\" data-image-description=\"\" data-image-caption=\"\" data-medium-file=\"https:\/\/www.grieta.org.mx\/wp-content\/uploads\/2016\/06\/img_9026-300x200.jpg\" data-large-file=\"https:\/\/www.grieta.org.mx\/wp-content\/uploads\/2016\/06\/img_9026.jpg\" src=\"http:\/\/www.grieta.org.mx\/wp-content\/uploads\/2016\/06\/img_9026-300x200.jpg\" alt=\"img_9026\" width=\"300\" height=\"200\" class=\"aligncenter size-medium wp-image-14647\" srcset=\"https:\/\/www.grieta.org.mx\/wp-content\/uploads\/2016\/06\/img_9026-300x200.jpg 300w, https:\/\/www.grieta.org.mx\/wp-content\/uploads\/2016\/06\/img_9026.jpg 660w\" sizes=\"auto, (max-width: 300px) 100vw, 300px\" \/><\/p>\n<p>Por<br \/>\nGabriela Mart\u00ednez<\/p>\n<p>Tijuana, 20 de junio.-  Con temperaturas que rebasan los 35 grados, al menos unas 30 familias de Guerrero, Michoac\u00e1n y de Hait\u00ed tuvieron que pasar la noche sobre una banqueta tapados con cartones y bajo cobijas tendidas en la garita San Ysidro, porque no alcanzaron espacio los refugios de la ciudad.<\/p>\n<p>Las familias son parte de la ola de migrantes mexicanos y extranjeros desplazados por la violencia en sus hogares de origen, que durante el \u00faltimo mes han llegado a Tijuana para pedir asilo pol\u00edtico a las autoridades de Estados Unidos, y que mientras esperan han tenido que pernoctar en parques, bodegas y en la calle, mientras los que contaron con m\u00e1s suerte terminaron en alg\u00fan albergue.<\/p>\n<p>En pleno D\u00eda Internacional del Refugiado, que se conmemora este 20 de junio, cientos mujeres, hombres, ni\u00f1os y ancianos de diferentes entidades y de otros pa\u00edses contin\u00faan durmiendo en la v\u00eda p\u00fablica a la espera de que alguno de los refugios de migrantes tenga espacio.  <\/p>\n<p>Una de los migrantes, Dalia, lleg\u00f3 a la ciudad hace tres semanas; viaj\u00f3 desde el poblado de L\u00e1zaro C\u00e1rdenas, Michoac\u00e1n, junto con su hijo y su sobrino, luego de que mataran a su hermano y fuera amenazada de muerte lla tambi\u00e9n.<\/p>\n<p>\u201cLa verdad no esper\u00e9 que estar aqu\u00ed fuera a ser tan dif\u00edcil. All\u00e1 nos dijeron que pod\u00edamos pedir asilo, pero nadie nos dijo que estar\u00edamos viviendo en la calle ni que esto fuera a tardar tanto, con lluvia, calor, a veces con comida y otras no\u201d.<\/p>\n<p>Narr\u00f3 que las primera tres noches que estuvo en Tijuana, durmi\u00f3 junto son su hijo y su sobrino en el parque ubicado a un costado de la garita San Ysidro, hasta que personal del Grupo Beta los llev\u00f3 a ellos y al resto de las familias que tambi\u00e9n pernoctaban en ese sitio a un refugio situado en la colonia Castillo, en donde solo les dieron asilo por tres noches.<\/p>\n<p>Despu\u00e9s de eso, un conocido les ofreci\u00f3 una bodega en donde les permitieron dormir y ba\u00f1arse, aunque solo pudieron quedarse una semana y finalmente terminaron nuevamente en la garita, durmiendo en la intemperie, protegidos con cartones y unas cobijas que coloraron como techo para cubrirse del intenso sol durante el d\u00eda.<\/p>\n<p>Por su parte, Laura, integrante de otra de las familias que llegaron a esta ciudad en busca de asilo pol\u00edtico, lleg\u00f3 hace una semana de Guerrero, junto con sus dos hermanas y su madre, una mujer de 68 a\u00f1os. Refiri\u00f3 que en su estado natal dejaron sobrinos, hermanos y maridos porque no hab\u00eda dinero para trasladarse juntos, y aquellos se quedaron a trabajar y seguir enfrentando la violencia de todos los d\u00edas.<\/p>\n<p>Asegura que  asociaciones civiles les prometieron ir por ellos para darles albergue una vez que se desocupen espacios en los refugios, \u201cpero as\u00ed como se los llevan, otros (migrantes) llegan para lo mismo. Entonces es de no acabarse. La prioridad es para extranjeros as\u00ed que aqu\u00ed estamos, aguantando el calor y el hambre\u201d, se\u00f1al\u00f3.<\/p>\n<p>La vocera de la Coalici\u00f3n Pro Defensa del Migrante, Esmeralda Siu, advirti\u00f3 que los albergues contin\u00faan llenos porque diariamente llegan m\u00e1s grupos de migrantes a la ciudad y cuando apenas se desocupa un espacio en los refugios, ya los llenan de nuevo con las familias reci\u00e9n llegadas.<\/p>\n<p>\u201cEstamos haciendo lo que podemos, pero los lugares como La Casa del Migrantes, Casa Madre Assunta o el Desayunador, est\u00e1n al tope. Poco a poco van desalojando, pero mientras, ya hay otras decenas esperando en la calle por un lugar. Necesitamos apoyo de las autoridades. Estoy segura que esta gente no sab\u00eda que estar\u00eda en estas condiciones\u201d, lament\u00f3.<\/p>\n<p><a href=\"http:\/\/jornadabc.mx\/tijuana\/20-06-2016\/refugiados-enfrentan-en-la-calle-las-altas-temperaturas\" target=\"_blank\">http:\/\/jornadabc.mx\/tijuana\/20-06-2016\/refugiados-enfrentan-en-la-calle-las-altas-temperaturas<\/a><\/p>\n","protected":false},"excerpt":{"rendered":"<p>Por Gabriela Mart\u00ednez Tijuana, 20 de junio.- Con temperaturas que rebasan los 35 grados, al menos unas 30 familias de Guerrero, Michoac\u00e1n y de Hait\u00ed tuvieron que pasar la noche &hellip; <a href=\"https:\/\/www.grieta.org.mx\/index.php\/2016\/06\/20\/refugiados-enfrentan-en-la-calle-las-altas-temperaturas\/\" class=\"more-link\">Leer m\u00e1s<\/a><\/p>\n","protected":false},"author":2,"featured_media":21928,"comment_status":"closed","ping_status":"closed","sticky":false,"template":"","format":"standard","meta":{"ngg_post_thumbnail":0,"_jetpack_newsletter_access":"","_jetpack_dont_email_post_to_subs":false,"_jetpack_newsletter_tier_id":0,"_jetpack_memberships_contains_paywalled_content":false,"_jetpack_memberships_contains_paid_content":false,"footnotes":""},"categories":[80,86],"tags":[158],"class_list":["post-14646","post","type-post","status-publish","format-standard","has-post-thumbnail","hentry","category-cintillo","category-migrantes","tag-migrantes","entry"],"jetpack_featured_media_url":"https:\/\/www.grieta.org.mx\/wp-content\/uploads\/2018\/03\/14524434_1106112876131411_958039263622046936_o.jpg","jetpack_sharing_enabled":true,"jetpack_shortlink":"https:\/\/wp.me\/p7ZJR4-3Oe","jetpack_likes_enabled":false,"jetpack-related-posts":[{"id":14672,"url":"https:\/\/www.grieta.org.mx\/index.php\/2016\/06\/07\/migrantes-africanos-y-haitianos-llenan-albergues-en-tijuana-gobierno-sin-plan-de-atencion\/","url_meta":{"origin":14646,"position":0},"title":"Migrantes africanos y haitianos llenan albergues en Tijuana, gobierno sin plan de atenci\u00f3n","author":"grieta","date":"7 junio, 2016","format":false,"excerpt":"Ante la llegada de extranjeros y mexicanos a Tijuana, en busca de asilo pol\u00edtico en Estados Unidos, los albergues operados por organizaciones civiles exigen al gobierno que responda con un plan de atenci\u00f3n a largo plazo, puesto que los flujos migratorios provenientes de pa\u00edses como Etiop\u00eda, Hait\u00ed, Ucrania, Cuba, Ghana\u2026","rel":"","context":"En &quot;Migrantes&quot;","block_context":{"text":"Migrantes","link":"https:\/\/www.grieta.org.mx\/index.php\/category\/temas-nacionales\/migrantes\/"},"img":{"alt_text":"","src":"https:\/\/i0.wp.com\/www.grieta.org.mx\/wp-content\/uploads\/2018\/03\/14524434_1106112876131411_958039263622046936_o.jpg?resize=350%2C200&ssl=1","width":350,"height":200,"srcset":"https:\/\/i0.wp.com\/www.grieta.org.mx\/wp-content\/uploads\/2018\/03\/14524434_1106112876131411_958039263622046936_o.jpg?resize=350%2C200&ssl=1 1x, https:\/\/i0.wp.com\/www.grieta.org.mx\/wp-content\/uploads\/2018\/03\/14524434_1106112876131411_958039263622046936_o.jpg?resize=525%2C300&ssl=1 1.5x, https:\/\/i0.wp.com\/www.grieta.org.mx\/wp-content\/uploads\/2018\/03\/14524434_1106112876131411_958039263622046936_o.jpg?resize=700%2C400&ssl=1 2x"},"classes":[]},{"id":8700,"url":"https:\/\/www.grieta.org.mx\/index.php\/2016\/08\/31\/secuestro-de-migrantes-en-bc\/","url_meta":{"origin":14646,"position":1},"title":"Migrantes inundan Baja California","author":"grieta","date":"31 agosto, 2016","format":false,"excerpt":"31\/08\/16. Contin\u00faa llegada de migrantes extranjeros y mexicanos que buscan asilo en EU La Jornada Baja California 20\/08\/16. A la baja llegada de migrantes a BC que quieren asilo en EU El Sol de Puebla 10\/08\/16. Libera INM al grupo de migrantes detenidos en Mexicali La Jornada Baja California 10\/08\/16.\u2026","rel":"","context":"En &quot;Baja California&quot;","block_context":{"text":"Baja California","link":"https:\/\/www.grieta.org.mx\/index.php\/category\/noticias-nacionales\/baja-california\/"},"img":{"alt_text":"","src":"https:\/\/i0.wp.com\/www.grieta.org.mx\/wp-content\/uploads\/2018\/03\/14524434_1106112876131411_958039263622046936_o.jpg?resize=350%2C200&ssl=1","width":350,"height":200,"srcset":"https:\/\/i0.wp.com\/www.grieta.org.mx\/wp-content\/uploads\/2018\/03\/14524434_1106112876131411_958039263622046936_o.jpg?resize=350%2C200&ssl=1 1x, https:\/\/i0.wp.com\/www.grieta.org.mx\/wp-content\/uploads\/2018\/03\/14524434_1106112876131411_958039263622046936_o.jpg?resize=525%2C300&ssl=1 1.5x, https:\/\/i0.wp.com\/www.grieta.org.mx\/wp-content\/uploads\/2018\/03\/14524434_1106112876131411_958039263622046936_o.jpg?resize=700%2C400&ssl=1 2x"},"classes":[]},{"id":27607,"url":"https:\/\/www.grieta.org.mx\/index.php\/2018\/11\/15\/agresiones-a-migrantes-en-playas-de-tijuana-terminan-con-pedradas-y-agresiones-a-prensa\/","url_meta":{"origin":14646,"position":2},"title":"Agresiones a migrantes en Playas de Tijuana terminan con pedradas y agresiones a prensa","author":"grieta","date":"15 noviembre, 2018","format":false,"excerpt":"Polic\u00edas resguardan la zona. Fotograf\u00eda: Jorge Due\u00f1es Lourdes Loza Romero Durante el traslado de los migrantes centroamericanos hacia el albergue temporal que se habilit\u00f3 en la tarde y noche del mi\u00e9rcoles el gobierno municipal y el estatal, un grupo de ciudadanos que se identific\u00f3 como \u201cresidentes\u201d del fraccionamiento Playas de\u2026","rel":"","context":"En &quot;Baja California&quot;","block_context":{"text":"Baja California","link":"https:\/\/www.grieta.org.mx\/index.php\/category\/noticias-nacionales\/baja-california\/"},"img":{"alt_text":"","src":"https:\/\/i0.wp.com\/www.grieta.org.mx\/wp-content\/uploads\/2018\/11\/WhatsApp-Image-2018-11-14-at-9.56.02-PM-750x500.jpeg?resize=350%2C200&ssl=1","width":350,"height":200,"srcset":"https:\/\/i0.wp.com\/www.grieta.org.mx\/wp-content\/uploads\/2018\/11\/WhatsApp-Image-2018-11-14-at-9.56.02-PM-750x500.jpeg?resize=350%2C200&ssl=1 1x, https:\/\/i0.wp.com\/www.grieta.org.mx\/wp-content\/uploads\/2018\/11\/WhatsApp-Image-2018-11-14-at-9.56.02-PM-750x500.jpeg?resize=525%2C300&ssl=1 1.5x, https:\/\/i0.wp.com\/www.grieta.org.mx\/wp-content\/uploads\/2018\/11\/WhatsApp-Image-2018-11-14-at-9.56.02-PM-750x500.jpeg?resize=700%2C400&ssl=1 2x"},"classes":[]},{"id":14667,"url":"https:\/\/www.grieta.org.mx\/index.php\/2016\/06\/20\/oleada-de-migrantes-sacude-a-tijuana\/","url_meta":{"origin":14646,"position":3},"title":"Oleada de migrantes sacude a Tijuana","author":"grieta","date":"20 junio, 2016","format":false,"excerpt":"Enfrenta la ciudad fronteriza movilidad masiva El Sol de Tijuana 20 de junio de 2016 Yolanda Caballero Jacobo Sin descanso, con la cabeza en alto y con la esperanza de lograr asilo pol\u00edtico en Estados Unidos, extranjeros y mexicanos sacudieron con migraci\u00f3n masiva a la esquina de Latinoam\u00e9rica: Tijuana. El\u2026","rel":"","context":"En &quot;CINTILLO&quot;","block_context":{"text":"CINTILLO","link":"https:\/\/www.grieta.org.mx\/index.php\/category\/cintillo\/"},"img":{"alt_text":"","src":"https:\/\/i0.wp.com\/www.grieta.org.mx\/wp-content\/uploads\/2018\/03\/14524434_1106112876131411_958039263622046936_o.jpg?resize=350%2C200&ssl=1","width":350,"height":200,"srcset":"https:\/\/i0.wp.com\/www.grieta.org.mx\/wp-content\/uploads\/2018\/03\/14524434_1106112876131411_958039263622046936_o.jpg?resize=350%2C200&ssl=1 1x, https:\/\/i0.wp.com\/www.grieta.org.mx\/wp-content\/uploads\/2018\/03\/14524434_1106112876131411_958039263622046936_o.jpg?resize=525%2C300&ssl=1 1.5x, https:\/\/i0.wp.com\/www.grieta.org.mx\/wp-content\/uploads\/2018\/03\/14524434_1106112876131411_958039263622046936_o.jpg?resize=700%2C400&ssl=1 2x"},"classes":[]},{"id":29296,"url":"https:\/\/www.grieta.org.mx\/index.php\/2019\/01\/02\/enfrentamiento-entre-migrantes-y-agentes-fronterizos-en-tijuana-fotoreportaje-baja-california\/","url_meta":{"origin":14646,"position":4},"title":"Enfrentamiento entre migrantes y agentes fronterizos en Tijuana, fotoreportaje (Baja California)","author":"grieta","date":"2 enero, 2019","format":false,"excerpt":"El Pa\u00eds. Nubes de gases lacrim\u00f3genos dispersaron a un grupo de migrantes que intentaba cruzar la frontera entre M\u00e9xico y Estados Unidos este martes 1 de enero. 1. Botes de gas lacrim\u00f3geno recolectados por los migrantes en Tijuana (M\u00e9xico), el 1 de enero de 2019. La patrulla fronteriza de Estados\u2026","rel":"","context":"En &quot;Baja California&quot;","block_context":{"text":"Baja California","link":"https:\/\/www.grieta.org.mx\/index.php\/category\/noticias-nacionales\/baja-california\/"},"img":{"alt_text":"","src":"https:\/\/i0.wp.com\/www.grieta.org.mx\/wp-content\/uploads\/2019\/02\/1-1.jpg?resize=350%2C200&ssl=1","width":350,"height":200,"srcset":"https:\/\/i0.wp.com\/www.grieta.org.mx\/wp-content\/uploads\/2019\/02\/1-1.jpg?resize=350%2C200&ssl=1 1x, https:\/\/i0.wp.com\/www.grieta.org.mx\/wp-content\/uploads\/2019\/02\/1-1.jpg?resize=525%2C300&ssl=1 1.5x, https:\/\/i0.wp.com\/www.grieta.org.mx\/wp-content\/uploads\/2019\/02\/1-1.jpg?resize=700%2C400&ssl=1 2x"},"classes":[]},{"id":19616,"url":"https:\/\/www.grieta.org.mx\/index.php\/2016\/08\/10\/detienen-en-mexicali-a-convoy-de-migrantes-africanos-con-rumbo-a-tijuana\/","url_meta":{"origin":14646,"position":5},"title":"Detienen en Mexicali a convoy de migrantes africanos con rumbo a Tijuana","author":"grieta","date":"10 agosto, 2016","format":false,"excerpt":"Mexicali, 10 de agosto.- M\u00e1s de 50 personas originarias de \u00c1frica que se dirig\u00edan a Tijuana fueron detenidos en un ret\u00e9n militar de Mexicali y trasladados a las oficinas del Instituto Nacional de Migraci\u00f3n (INM) con el objetivo de revisar su situaci\u00f3n migratoria. La ma\u00f1ana de este martes, dos camiones\u2026","rel":"","context":"En &quot;CINTILLO&quot;","block_context":{"text":"CINTILLO","link":"https:\/\/www.grieta.org.mx\/index.php\/category\/cintillo\/"},"img":{"alt_text":"","src":"https:\/\/i0.wp.com\/www.grieta.org.mx\/wp-content\/uploads\/2018\/03\/14524434_1106112876131411_958039263622046936_o.jpg?resize=350%2C200&ssl=1","width":350,"height":200,"srcset":"https:\/\/i0.wp.com\/www.grieta.org.mx\/wp-content\/uploads\/2018\/03\/14524434_1106112876131411_958039263622046936_o.jpg?resize=350%2C200&ssl=1 1x, https:\/\/i0.wp.com\/www.grieta.org.mx\/wp-content\/uploads\/2018\/03\/14524434_1106112876131411_958039263622046936_o.jpg?resize=525%2C300&ssl=1 1.5x, https:\/\/i0.wp.com\/www.grieta.org.mx\/wp-content\/uploads\/2018\/03\/14524434_1106112876131411_958039263622046936_o.jpg?resize=700%2C400&ssl=1 2x"},"classes":[]}],"_links":{"self":[{"href":"https:\/\/www.grieta.org.mx\/index.php\/wp-json\/wp\/v2\/posts\/14646","targetHints":{"allow":["GET"]}}],"collection":[{"href":"https:\/\/www.grieta.org.mx\/index.php\/wp-json\/wp\/v2\/posts"}],"about":[{"href":"https:\/\/www.grieta.org.mx\/index.php\/wp-json\/wp\/v2\/types\/post"}],"author":[{"embeddable":true,"href":"https:\/\/www.grieta.org.mx\/index.php\/wp-json\/wp\/v2\/users\/2"}],"replies":[{"embeddable":true,"href":"https:\/\/www.grieta.org.mx\/index.php\/wp-json\/wp\/v2\/comments?post=14646"}],"version-history":[{"count":1,"href":"https:\/\/www.grieta.org.mx\/index.php\/wp-json\/wp\/v2\/posts\/14646\/revisions"}],"predecessor-version":[{"id":14648,"href":"https:\/\/www.grieta.org.mx\/index.php\/wp-json\/wp\/v2\/posts\/14646\/revisions\/14648"}],"wp:featuredmedia":[{"embeddable":true,"href":"https:\/\/www.grieta.org.mx\/index.php\/wp-json\/wp\/v2\/media\/21928"}],"wp:attachment":[{"href":"https:\/\/www.grieta.org.mx\/index.php\/wp-json\/wp\/v2\/media?parent=14646"}],"wp:term":[{"taxonomy":"category","embeddable":true,"href":"https:\/\/www.grieta.org.mx\/index.php\/wp-json\/wp\/v2\/categories?post=14646"},{"taxonomy":"post_tag","embeddable":true,"href":"https:\/\/www.grieta.org.mx\/index.php\/wp-json\/wp\/v2\/tags?post=14646"}],"curies":[{"name":"wp","href":"https:\/\/api.w.org\/{rel}","templated":true}]}}