{"id":14626,"date":"2016-06-20T16:09:28","date_gmt":"2016-06-20T16:09:28","guid":{"rendered":"http:\/\/www.grieta.org.mx\/?p=14626"},"modified":"2016-06-22T16:48:30","modified_gmt":"2016-06-22T16:48:30","slug":"se-solidarizan-en-tijuana-con-profesores-de-oaxaca","status":"publish","type":"post","link":"https:\/\/www.grieta.org.mx\/index.php\/2016\/06\/20\/se-solidarizan-en-tijuana-con-profesores-de-oaxaca\/","title":{"rendered":"Se solidarizan en Tijuana con profesores de Oaxaca"},"content":{"rendered":"<p><img loading=\"lazy\" decoding=\"async\" data-attachment-id=\"14643\" data-permalink=\"https:\/\/www.grieta.org.mx\/index.php\/2016\/06\/20\/se-solidarizan-en-tijuana-con-profesores-de-oaxaca\/marcha_5\/\" data-orig-file=\"https:\/\/www.grieta.org.mx\/wp-content\/uploads\/2016\/06\/marcha_5.jpg\" data-orig-size=\"660,440\" data-comments-opened=\"0\" data-image-meta=\"{&quot;aperture&quot;:&quot;0&quot;,&quot;credit&quot;:&quot;&quot;,&quot;camera&quot;:&quot;&quot;,&quot;caption&quot;:&quot;&quot;,&quot;created_timestamp&quot;:&quot;0&quot;,&quot;copyright&quot;:&quot;&quot;,&quot;focal_length&quot;:&quot;0&quot;,&quot;iso&quot;:&quot;0&quot;,&quot;shutter_speed&quot;:&quot;0&quot;,&quot;title&quot;:&quot;&quot;,&quot;orientation&quot;:&quot;0&quot;}\" data-image-title=\"marcha_5\" data-image-description=\"\" data-image-caption=\"\" data-medium-file=\"https:\/\/www.grieta.org.mx\/wp-content\/uploads\/2016\/06\/marcha_5-300x200.jpg\" data-large-file=\"https:\/\/www.grieta.org.mx\/wp-content\/uploads\/2016\/06\/marcha_5.jpg\" src=\"http:\/\/www.grieta.org.mx\/wp-content\/uploads\/2016\/06\/marcha_5-300x200.jpg\" alt=\"marcha_5\" width=\"300\" height=\"200\" class=\"aligncenter size-medium wp-image-14643\" srcset=\"https:\/\/www.grieta.org.mx\/wp-content\/uploads\/2016\/06\/marcha_5-300x200.jpg 300w, https:\/\/www.grieta.org.mx\/wp-content\/uploads\/2016\/06\/marcha_5.jpg 660w\" sizes=\"auto, (max-width: 300px) 100vw, 300px\" \/><br \/>\nLos participantes en la marcha acusaron a las autoridades federales y estatales de Oaxaca de la violencia que dej\u00f3 ocho personas fallecidas y decenas de heridas. Foto Gabriela Mart\u00ednez<\/p>\n<p>Tijuana, 20 de junio.- Maestros, estudiantes y familias marcharon para protestar por los hechos violentos ocurridos durante las manifestaciones de profesores de Oaxaca contra la reforma educativa que han dejado ocho personas muertas y decenas de heridas.<\/p>\n<p>En solidaridad con los maestros y de forma simult\u00e1nea a movimientos registrados en otros puntos del pa\u00eds, organizaron una caminata y llevaron veladoras para exigir que se castigue a los responsables de la violencia y en particular se\u00f1alaron a agentes de la Polic\u00eda Federal.<\/p>\n<p><iframe loading=\"lazy\" width=\"800\" height=\"450\" src=\"https:\/\/www.youtube.com\/embed\/wOI1yjlVM8M\" frameborder=\"0\" allowfullscreen><\/iframe><\/p>\n<p>La marcha en la que participaron cerca de 500 personas entre integrantes del magisterio, hombres, mujeres y ni\u00f1os parti\u00f3 desde el monumento al maestro en Zona R\u00edo y continu\u00f3 por el bulevar Paseo de los H\u00e9roes; algunos cargaron cartulinas con mensajes de apoyo a docentes y de repudio a la violencia.<\/p>\n<p><a href=\"http:\/\/jornadabc.mx\/tijuana\/20-06-2016\/se-solidarizan-en-tijuana-con-profesores-de-oaxaca\" target=\"_blank\">http:\/\/jornadabc.mx\/tijuana\/20-06-2016\/se-solidarizan-en-tijuana-con-profesores-de-oaxaca<\/a><\/p>\n","protected":false},"excerpt":{"rendered":"<p>Los participantes en la marcha acusaron a las autoridades federales y estatales de Oaxaca de la violencia que dej\u00f3 ocho personas fallecidas y decenas de heridas. Foto Gabriela Mart\u00ednez Tijuana, &hellip; <a href=\"https:\/\/www.grieta.org.mx\/index.php\/2016\/06\/20\/se-solidarizan-en-tijuana-con-profesores-de-oaxaca\/\" class=\"more-link\">Leer m\u00e1s<\/a><\/p>\n","protected":false},"author":2,"featured_media":21928,"comment_status":"closed","ping_status":"closed","sticky":false,"template":"","format":"standard","meta":{"ngg_post_thumbnail":0,"_jetpack_newsletter_access":"","_jetpack_dont_email_post_to_subs":false,"_jetpack_newsletter_tier_id":0,"_jetpack_memberships_contains_paywalled_content":false,"_jetpack_memberships_contains_paid_content":false,"footnotes":""},"categories":[80],"tags":[674],"class_list":["post-14626","post","type-post","status-publish","format-standard","has-post-thumbnail","hentry","category-cintillo","tag-movilizaciones-maestros","entry"],"jetpack_featured_media_url":"https:\/\/www.grieta.org.mx\/wp-content\/uploads\/2018\/03\/14524434_1106112876131411_958039263622046936_o.jpg","jetpack_sharing_enabled":true,"jetpack_shortlink":"https:\/\/wp.me\/p7ZJR4-3NU","jetpack_likes_enabled":false,"jetpack-related-posts":[{"id":15785,"url":"https:\/\/www.grieta.org.mx\/index.php\/2016\/06\/26\/maestros-marchan-en-nava-contra-reforma-educativa-y-en-apoyo-a-oaxaca\/","url_meta":{"origin":14626,"position":0},"title":"Maestros marchan en Nava contra Reforma Educativa y en apoyo a Oaxaca","author":"grieta","date":"26 junio, 2016","format":false,"excerpt":"Decenas de profesores pertenecientes a las secciones 5 y 38 del SNTE, se manifestaron pac\u00edficamente con la realizaci\u00f3n de una marcha, mostrando su rechazo a la Reforma Educativa y en apoyo al movimiento magisterial de Oaxaca. Al grito de: \u201cOaxaca aguanta, Nava se levanta\u201d, el grupo de maestros fustigaron al\u2026","rel":"","context":"En &quot;CINTILLO&quot;","block_context":{"text":"CINTILLO","link":"https:\/\/www.grieta.org.mx\/index.php\/category\/cintillo\/"},"img":{"alt_text":"","src":"https:\/\/i0.wp.com\/www.grieta.org.mx\/wp-content\/uploads\/2018\/03\/14524434_1106112876131411_958039263622046936_o.jpg?resize=350%2C200&ssl=1","width":350,"height":200,"srcset":"https:\/\/i0.wp.com\/www.grieta.org.mx\/wp-content\/uploads\/2018\/03\/14524434_1106112876131411_958039263622046936_o.jpg?resize=350%2C200&ssl=1 1x, https:\/\/i0.wp.com\/www.grieta.org.mx\/wp-content\/uploads\/2018\/03\/14524434_1106112876131411_958039263622046936_o.jpg?resize=525%2C300&ssl=1 1.5x, https:\/\/i0.wp.com\/www.grieta.org.mx\/wp-content\/uploads\/2018\/03\/14524434_1106112876131411_958039263622046936_o.jpg?resize=700%2C400&ssl=1 2x"},"classes":[]},{"id":14925,"url":"https:\/\/www.grieta.org.mx\/index.php\/2016\/06\/22\/se-solidariza-saltillo-con-profesores-en-oaxaca\/","url_meta":{"origin":14626,"position":1},"title":"Se solidariza Saltillo con profesores en Oaxaca","author":"grieta","date":"22 junio, 2016","format":false,"excerpt":"SALTILLO, COAH.- M\u00e1s de 2 mil personas tomaron las calles principales calles de Saltillo para pedir que se detenga la represi\u00f3n de maestros en Oaxaca. \"Fuera Pe\u00f1a y los Moreira\", \"somos maestros y apoyamos a nuestros compa\u00f1eros de Oaxaca\", \"Alto a la masacre\" y \"\u00bfLa reforma educativa va a caer?\"\u2026","rel":"","context":"En &quot;CINTILLO&quot;","block_context":{"text":"CINTILLO","link":"https:\/\/www.grieta.org.mx\/index.php\/category\/cintillo\/"},"img":{"alt_text":"","src":"https:\/\/i0.wp.com\/www.grieta.org.mx\/wp-content\/uploads\/2018\/03\/14524434_1106112876131411_958039263622046936_o.jpg?resize=350%2C200&ssl=1","width":350,"height":200,"srcset":"https:\/\/i0.wp.com\/www.grieta.org.mx\/wp-content\/uploads\/2018\/03\/14524434_1106112876131411_958039263622046936_o.jpg?resize=350%2C200&ssl=1 1x, https:\/\/i0.wp.com\/www.grieta.org.mx\/wp-content\/uploads\/2018\/03\/14524434_1106112876131411_958039263622046936_o.jpg?resize=525%2C300&ssl=1 1.5x, https:\/\/i0.wp.com\/www.grieta.org.mx\/wp-content\/uploads\/2018\/03\/14524434_1106112876131411_958039263622046936_o.jpg?resize=700%2C400&ssl=1 2x"},"classes":[]},{"id":14930,"url":"https:\/\/www.grieta.org.mx\/index.php\/2016\/06\/23\/protestan-maestros-y-anuncian-marcha-monclova\/","url_meta":{"origin":14626,"position":2},"title":"Protestan maestros y anuncian marcha (Monclova)","author":"grieta","date":"23 junio, 2016","format":false,"excerpt":"Roberto Ortiz Realizan manifestaci\u00f3n en la plaza del Magisterio y denunciaron que est\u00e1n trabajando bajo protesta en contra de la Reforma Educativa. Se\u00f1alando que trabajan bajo protesta y en contra de la Reforma Educativa y bajo el grito de: \u201cOaxaca aguanta, Coahuila se levanta\u201d, maestros de la secci\u00f3n 5 y\u2026","rel":"","context":"En &quot;CINTILLO&quot;","block_context":{"text":"CINTILLO","link":"https:\/\/www.grieta.org.mx\/index.php\/category\/cintillo\/"},"img":{"alt_text":"","src":"https:\/\/i0.wp.com\/www.grieta.org.mx\/wp-content\/uploads\/2018\/03\/14524434_1106112876131411_958039263622046936_o.jpg?resize=350%2C200&ssl=1","width":350,"height":200,"srcset":"https:\/\/i0.wp.com\/www.grieta.org.mx\/wp-content\/uploads\/2018\/03\/14524434_1106112876131411_958039263622046936_o.jpg?resize=350%2C200&ssl=1 1x, https:\/\/i0.wp.com\/www.grieta.org.mx\/wp-content\/uploads\/2018\/03\/14524434_1106112876131411_958039263622046936_o.jpg?resize=525%2C300&ssl=1 1.5x, https:\/\/i0.wp.com\/www.grieta.org.mx\/wp-content\/uploads\/2018\/03\/14524434_1106112876131411_958039263622046936_o.jpg?resize=700%2C400&ssl=1 2x"},"classes":[]},{"id":17589,"url":"https:\/\/www.grieta.org.mx\/index.php\/2016\/06\/30\/opositores-a-las-reformas-se-unen-en-una-manifestacion-en-slp\/","url_meta":{"origin":14626,"position":3},"title":"Opositores a las reformas se unen en una manifestaci\u00f3n en SLP","author":"grieta","date":"30 junio, 2016","format":false,"excerpt":"Jorge Torres \u00a1Ya va a caer, ya va a caer, esa reforma va a caer!, gritaban cerca de 150 personas que marcharon por la avenida Carranza rumbo a Palacio de Gobierno, en donde exigieron un alto a la serie de agresiones que est\u00e1n sufriendo los profesores en Oaxaca, as\u00ed como\u2026","rel":"","context":"En &quot;CINTILLO&quot;","block_context":{"text":"CINTILLO","link":"https:\/\/www.grieta.org.mx\/index.php\/category\/cintillo\/"},"img":{"alt_text":"","src":"https:\/\/i0.wp.com\/www.grieta.org.mx\/wp-content\/uploads\/2018\/03\/14524434_1106112876131411_958039263622046936_o.jpg?resize=350%2C200&ssl=1","width":350,"height":200,"srcset":"https:\/\/i0.wp.com\/www.grieta.org.mx\/wp-content\/uploads\/2018\/03\/14524434_1106112876131411_958039263622046936_o.jpg?resize=350%2C200&ssl=1 1x, https:\/\/i0.wp.com\/www.grieta.org.mx\/wp-content\/uploads\/2018\/03\/14524434_1106112876131411_958039263622046936_o.jpg?resize=525%2C300&ssl=1 1.5x, https:\/\/i0.wp.com\/www.grieta.org.mx\/wp-content\/uploads\/2018\/03\/14524434_1106112876131411_958039263622046936_o.jpg?resize=700%2C400&ssl=1 2x"},"classes":[]},{"id":17590,"url":"https:\/\/www.grieta.org.mx\/index.php\/2016\/06\/30\/opositores-a-las-reformas-se-unen-en-una-manifestacion\/","url_meta":{"origin":14626,"position":4},"title":"Opositores a las reformas se unen en una manifestaci\u00f3n","author":"grieta","date":"30 junio, 2016","format":false,"excerpt":"La Jornada Jorge Torres \u00a1Ya va a caer, ya va a caer, esa reforma va a caer!, gritaban cerca de 150 personas que marcharon por la avenida Carranza rumbo a Palacio de Gobierno, en donde exigieron un alto a la serie de agresiones que est\u00e1n sufriendo los profesores en Oaxaca,\u2026","rel":"","context":"En &quot;CINTILLO&quot;","block_context":{"text":"CINTILLO","link":"https:\/\/www.grieta.org.mx\/index.php\/category\/cintillo\/"},"img":{"alt_text":"","src":"https:\/\/i0.wp.com\/www.grieta.org.mx\/wp-content\/uploads\/2018\/03\/14524434_1106112876131411_958039263622046936_o.jpg?resize=350%2C200&ssl=1","width":350,"height":200,"srcset":"https:\/\/i0.wp.com\/www.grieta.org.mx\/wp-content\/uploads\/2018\/03\/14524434_1106112876131411_958039263622046936_o.jpg?resize=350%2C200&ssl=1 1x, https:\/\/i0.wp.com\/www.grieta.org.mx\/wp-content\/uploads\/2018\/03\/14524434_1106112876131411_958039263622046936_o.jpg?resize=525%2C300&ssl=1 1.5x, https:\/\/i0.wp.com\/www.grieta.org.mx\/wp-content\/uploads\/2018\/03\/14524434_1106112876131411_958039263622046936_o.jpg?resize=700%2C400&ssl=1 2x"},"classes":[]},{"id":15780,"url":"https:\/\/www.grieta.org.mx\/index.php\/2016\/06\/25\/repudian-con-marcha-la-reforma-educativa\/","url_meta":{"origin":14626,"position":5},"title":"Repudian con marcha la Reforma Educativa","author":"grieta","date":"25 junio, 2016","format":false,"excerpt":"Azucena Tenorio\/Reportera Cumpliendo con lo pactado, maestros marcharon a la Subdirecci\u00f3n de Servicios Educativos, demostrando nuevamente su apoyo, a los profesores de la Secci\u00f3n 22 de la Coordinadora Nacional de los Trabajadores de la Educaci\u00f3n (CNTE), en Oaxaca. En punto de las 08:00 horas, maestros, abogados, enfermeras, ni\u00f1os y padres,\u2026","rel":"","context":"En &quot;CINTILLO&quot;","block_context":{"text":"CINTILLO","link":"https:\/\/www.grieta.org.mx\/index.php\/category\/cintillo\/"},"img":{"alt_text":"","src":"https:\/\/i0.wp.com\/www.grieta.org.mx\/wp-content\/uploads\/2018\/03\/14524434_1106112876131411_958039263622046936_o.jpg?resize=350%2C200&ssl=1","width":350,"height":200,"srcset":"https:\/\/i0.wp.com\/www.grieta.org.mx\/wp-content\/uploads\/2018\/03\/14524434_1106112876131411_958039263622046936_o.jpg?resize=350%2C200&ssl=1 1x, https:\/\/i0.wp.com\/www.grieta.org.mx\/wp-content\/uploads\/2018\/03\/14524434_1106112876131411_958039263622046936_o.jpg?resize=525%2C300&ssl=1 1.5x, https:\/\/i0.wp.com\/www.grieta.org.mx\/wp-content\/uploads\/2018\/03\/14524434_1106112876131411_958039263622046936_o.jpg?resize=700%2C400&ssl=1 2x"},"classes":[]}],"_links":{"self":[{"href":"https:\/\/www.grieta.org.mx\/index.php\/wp-json\/wp\/v2\/posts\/14626","targetHints":{"allow":["GET"]}}],"collection":[{"href":"https:\/\/www.grieta.org.mx\/index.php\/wp-json\/wp\/v2\/posts"}],"about":[{"href":"https:\/\/www.grieta.org.mx\/index.php\/wp-json\/wp\/v2\/types\/post"}],"author":[{"embeddable":true,"href":"https:\/\/www.grieta.org.mx\/index.php\/wp-json\/wp\/v2\/users\/2"}],"replies":[{"embeddable":true,"href":"https:\/\/www.grieta.org.mx\/index.php\/wp-json\/wp\/v2\/comments?post=14626"}],"version-history":[{"count":1,"href":"https:\/\/www.grieta.org.mx\/index.php\/wp-json\/wp\/v2\/posts\/14626\/revisions"}],"predecessor-version":[{"id":14645,"href":"https:\/\/www.grieta.org.mx\/index.php\/wp-json\/wp\/v2\/posts\/14626\/revisions\/14645"}],"wp:featuredmedia":[{"embeddable":true,"href":"https:\/\/www.grieta.org.mx\/index.php\/wp-json\/wp\/v2\/media\/21928"}],"wp:attachment":[{"href":"https:\/\/www.grieta.org.mx\/index.php\/wp-json\/wp\/v2\/media?parent=14626"}],"wp:term":[{"taxonomy":"category","embeddable":true,"href":"https:\/\/www.grieta.org.mx\/index.php\/wp-json\/wp\/v2\/categories?post=14626"},{"taxonomy":"post_tag","embeddable":true,"href":"https:\/\/www.grieta.org.mx\/index.php\/wp-json\/wp\/v2\/tags?post=14626"}],"curies":[{"name":"wp","href":"https:\/\/api.w.org\/{rel}","templated":true}]}}