{"id":1461,"date":"2015-10-06T16:23:14","date_gmt":"2015-10-06T16:23:14","guid":{"rendered":"http:\/\/50.22.11.12\/~grietaor\/?p=1461"},"modified":"2020-03-18T12:09:01","modified_gmt":"2020-03-18T18:09:01","slug":"afecta-monsanto-produccion-de-miel-en-chiapas-y-yucatan","status":"publish","type":"post","link":"https:\/\/www.grieta.org.mx\/index.php\/2015\/10\/06\/afecta-monsanto-produccion-de-miel-en-chiapas-y-yucatan\/","title":{"rendered":"Afecta Monsanto producci\u00f3n de miel en Chiapas y Yucat\u00e1n"},"content":{"rendered":"<p>\u201cM\u00e1s de 15 mil familias afectadas, muerte de colmena y miel de baja calidad\u201d, denuncian apicultores<br \/>\npor Perseo Greco<br \/>\nOctubre 6, 2015<\/p>\n<p>M\u00e9xico, DF. 5 de octubre. Diferentes organizaciones enfocadas a la protecci\u00f3n y cuidado del medio ambiente se reunieron para denunciar la destrucci\u00f3n de cientos de hect\u00e1reas que se han utilizado para la siembra de soya transg\u00e9nica e intentar terminar con la vida econ\u00f3mica del pueblo Maya dedicado a la apicultura en el estado de Yucat\u00e1n.<br \/>\nEn el 2012, la Secretar\u00eda de Agricultura, Ganader\u00eda, Desarrollo, Rural, Pesca y Alimentaci\u00f3n (Sagarpa) autoriz\u00f3 un permiso a Monsanto para el cultivo de soya gen\u00e9ticamente modificada en 253 mil hect\u00e1reas en la planicie huasteca, Chiapas, y la Pen\u00ednsula de Yucat\u00e1n. Los apicultores y las comunidades mayas determinaron que el permiso de este cultivo vulneraba sus derechos, ya que no se les consulto previamente de esta actividad, no se realiz\u00f3 ning\u00fan estudio de impacto ambiental a\u00fan estipulado en el Art\u00edculo 2 Constitucional y el Convenio N\u00b0 169 de la Organizaci\u00f3n Internacional del Trabajo (OIT).<br \/>\nCon este permiso se ver\u00edan afectada mas de 15 mil familias campesinas dedicadas originariamente a la actividad de distribuci\u00f3n y venta de productos derivados de la abeja en la selva Maya de Yucat\u00e1n.<br \/>\nAl permitirse este cultivo tambi\u00e9n se accedi\u00f3 a la utilizaci\u00f3n de peligrosas sustancias, entre ellas el herbicida Glifosato, clasificado como un probable cancer\u00edgeno por la Organizaci\u00f3n Mundial de la Salud (0MS). Adem\u00e1s, son exterminadas millones de colmenas productoras del 40 por ciento de la miel en M\u00e9xico, con ingresos de mil millones de pesos anualmente. La apicultura ha sido trascendental en el pueblo Maya, \u201cforma un c\u00edrculo virtuoso que permite obtener ingresos econ\u00f3micos y la conservaci\u00f3n de la biodiversidad\u201d.<br \/>\n\u201cEl motivo de mi presencia es platicar y denunciar ante ustedes como nos est\u00e1n asesinando con el cultivo de soya transg\u00e9nica, este cultivo es culturalmente desconocido, no genera empleos para nuestra gente al contrario destruye nuestros bosques, nuestras hect\u00e1reas heredadas desde hace siglos, esos bosques nos dan vida y tambi\u00e9n a nuestras especies entre ellas la abeja, que es una de las actividades m\u00e1s importantes para el pueblo Maya, para el municipio de Hopelch\u00e9n, pero no somos los \u00fanicos hay muchas familias afectadas por esta soya transg\u00e9nica que es nociva para la tierra y que con ello contamina el agua, con sus plaguicidas ha terminado con nuestra producci\u00f3n de miel, ya que ha asesinado a millones de colmenas\u201d, se\u00f1ala Leydi Pech integrante del Colectivo Ap\u00edcola Chenero.<br \/>\nCon este cultivo se ve afectado el bosque, selva, agua, diferentes especies son exterminadas en la fumigaci\u00f3n, esta abeja ya no produce la calidad adecuada de miel y los contratos de exportaci\u00f3n de M\u00e9xico a la Uni\u00f3n Europea incluyen como condici\u00f3n que dicha miel sea libre de transg\u00e9nicos y en las recientes investigaciones se ha encontrado contaminaci\u00f3n de esta soya transg\u00e9nica en el polen de esta colmena mielera.<br \/>\nPor \u00faltimo, cabe puntualizar, este 7 de octubre se realizar\u00e1 una reuni\u00f3n con el ministro Fernando Franco Gonz\u00e1lez e integrantes de la segunda sala de la Suprema Corte para decidir sobre los amparos en revisi\u00f3n presentados por autoridades tradicionales del pueblo Maya en contra del permiso de soya transg\u00e9nica otorgado a Monsanto.<br \/>\nCompartimos este enlace por si gustas solidarizarte: www.change.org\/p\/ministros-de-la-segunda-sala-de-la-suprema-cort\u2026<\/p>\n<p><a href=\"http:\/\/www.somoselmedio.org\/article\/afecta-monsanto-producci%C3%B3n-de-miel-en-chiapas-y-yucat%C3%A1n\" target=\"_blank\" rel=\"noopener noreferrer\">www.somoselmedio.org\/article\/afecta-monsanto-producci%C3%B3n-de-miel-en-chiapas-y-yucat%C3%A1n<\/a><\/p>\n","protected":false},"excerpt":{"rendered":"<p>\u201cM\u00e1s de 15 mil familias afectadas, muerte de colmena y miel de baja calidad\u201d, denuncian apicultores por Perseo Greco Octubre 6, 2015 M\u00e9xico, DF. 5 de octubre. Diferentes organizaciones enfocadas &hellip; <a href=\"https:\/\/www.grieta.org.mx\/index.php\/2015\/10\/06\/afecta-monsanto-produccion-de-miel-en-chiapas-y-yucatan\/\" class=\"more-link\">Leer m\u00e1s<\/a><\/p>\n","protected":false},"author":2,"featured_media":21928,"comment_status":"closed","ping_status":"open","sticky":false,"template":"","format":"standard","meta":{"ngg_post_thumbnail":0,"_jetpack_newsletter_access":"","_jetpack_dont_email_post_to_subs":false,"_jetpack_newsletter_tier_id":0,"_jetpack_memberships_contains_paywalled_content":false,"_jetpack_memberships_contains_paid_content":false,"footnotes":""},"categories":[60,69,42,11,80,958,976,984,1,954,3,2,28,1152,1153,1151,36],"tags":[160,91,161,159],"class_list":["post-1461","post","type-post","status-publish","format-standard","has-post-thumbnail","hentry","category-16-pueblo-maya","category-25-xpujil","category-agroindustria","category-campeche","category-cintillo","category-esp-campeche","category-esp-quintana-roo","category-esp-yucatan","category-espejos-de-la-resistencia","category-espejos-estados","category-megaproyectos","category-noticias-nacionales","category-quintana-roo","category-se-organizan-para-frenar-avance-de-transgenicos-en-yucatan-campeche-y-quintana-roo-yucatan","category-se-organizan-para-frenar-avance-de-transgenicos-en-yucatan-campeche-y-quintana-roo-quintana-roo","category-se-organizan-para-frenar-avance-de-transgenicos-en-yucatan-campeche-y-quintana-roo","category-yucatan","tag-apicultores","tag-contaminacion-ambiental","tag-monsanto","tag-transgenicos","entry"],"jetpack_featured_media_url":"https:\/\/www.grieta.org.mx\/wp-content\/uploads\/2018\/03\/14524434_1106112876131411_958039263622046936_o.jpg","jetpack_sharing_enabled":true,"jetpack_shortlink":"https:\/\/wp.me\/p7ZJR4-nz","jetpack_likes_enabled":false,"jetpack-related-posts":[{"id":1459,"url":"https:\/\/www.grieta.org.mx\/index.php\/2015\/10\/08\/autoridades-mayas-de-yucatan-y-campeche-congelan-avance-de-soya-transgenica-de-monsanto\/","url_meta":{"origin":1461,"position":0},"title":"Autoridades mayas de Yucat\u00e1n y Campeche congelan avance de soya transg\u00e9nica de Monsanto","author":"grieta","date":"8 octubre, 2015","format":false,"excerpt":"(08 de octubre, 2015).- La Suprema Corte de Justicia de la Naci\u00f3n (SCJN) acord\u00f3 que el 28 de octubre discutir\u00e1 en paquete los siete recursos de amparo en revisi\u00f3n interpuestos por apicultores de Yucat\u00e1n y Campeche contra la siembra de soya transg\u00e9nica, inform\u00f3 Jorge Fern\u00e1ndez, abogado que apoya a los\u2026","rel":"","context":"En &quot;16. Pueblo Maya&quot;","block_context":{"text":"16. Pueblo Maya","link":"https:\/\/www.grieta.org.mx\/index.php\/category\/espejos-de-la-resistencia\/16-pueblo-maya\/"},"img":{"alt_text":"","src":"https:\/\/i0.wp.com\/www.grieta.org.mx\/wp-content\/uploads\/2018\/03\/14524434_1106112876131411_958039263622046936_o.jpg?resize=350%2C200&ssl=1","width":350,"height":200,"srcset":"https:\/\/i0.wp.com\/www.grieta.org.mx\/wp-content\/uploads\/2018\/03\/14524434_1106112876131411_958039263622046936_o.jpg?resize=350%2C200&ssl=1 1x, https:\/\/i0.wp.com\/www.grieta.org.mx\/wp-content\/uploads\/2018\/03\/14524434_1106112876131411_958039263622046936_o.jpg?resize=525%2C300&ssl=1 1.5x, https:\/\/i0.wp.com\/www.grieta.org.mx\/wp-content\/uploads\/2018\/03\/14524434_1106112876131411_958039263622046936_o.jpg?resize=700%2C400&ssl=1 2x"},"classes":[]},{"id":11490,"url":"https:\/\/www.grieta.org.mx\/index.php\/2016\/04\/26\/continua-la-siembra-de-soya-transgenica-en-q-roo\/","url_meta":{"origin":1461,"position":1},"title":"Contin\u00faa la siembra de soya transg\u00e9nica en Q. Roo","author":"grieta","date":"26 abril, 2016","format":false,"excerpt":"Sentencia de amparo no responde la anulaci\u00f3n del permiso que le otorgaron a Monsanto. Javier Ortiz\/SIPSE BACALAR, Q. Roo.- Tras a\u00f1o y medio de esperar resoluci\u00f3n del juez sexto de distrito, productores de ma\u00edz y apicultores de varias comunidades del municipio de Bacalar, se dijeron decepcionados, pues s\u00f3lo recibieron resoluci\u00f3n\u2026","rel":"","context":"En &quot;16. Pueblo Maya&quot;","block_context":{"text":"16. Pueblo Maya","link":"https:\/\/www.grieta.org.mx\/index.php\/category\/espejos-de-la-resistencia\/16-pueblo-maya\/"},"img":{"alt_text":"","src":"https:\/\/i0.wp.com\/www.grieta.org.mx\/wp-content\/uploads\/2018\/03\/14524434_1106112876131411_958039263622046936_o.jpg?resize=350%2C200&ssl=1","width":350,"height":200,"srcset":"https:\/\/i0.wp.com\/www.grieta.org.mx\/wp-content\/uploads\/2018\/03\/14524434_1106112876131411_958039263622046936_o.jpg?resize=350%2C200&ssl=1 1x, https:\/\/i0.wp.com\/www.grieta.org.mx\/wp-content\/uploads\/2018\/03\/14524434_1106112876131411_958039263622046936_o.jpg?resize=525%2C300&ssl=1 1.5x, https:\/\/i0.wp.com\/www.grieta.org.mx\/wp-content\/uploads\/2018\/03\/14524434_1106112876131411_958039263622046936_o.jpg?resize=700%2C400&ssl=1 2x"},"classes":[]},{"id":15367,"url":"https:\/\/www.grieta.org.mx\/index.php\/2016\/06\/19\/suspenden-a-monsanto-permiso-de-siembra-de-soya-modificada-en-yucatan\/","url_meta":{"origin":1461,"position":2},"title":"Suspenden a Monsanto permiso de siembra de soya modificada en Yucat\u00e1n","author":"grieta","date":"19 junio, 2016","format":false,"excerpt":"La trasnacional recibi\u00f3 el aviso de parte del sector agropecuario el pasado martes 14 de junio, luego de una resoluci\u00f3n de un juzgado con sede en Yucat\u00e1n; estim\u00f3 que habr\u00eda alrededor de 6 mil agricultores afectados. La empresa productora de semillas Monsanto inform\u00f3 que el pasado martes recibi\u00f3 una notificaci\u00f3n\u2026","rel":"","context":"En &quot;16. Pueblo Maya&quot;","block_context":{"text":"16. Pueblo Maya","link":"https:\/\/www.grieta.org.mx\/index.php\/category\/espejos-de-la-resistencia\/16-pueblo-maya\/"},"img":{"alt_text":"","src":"https:\/\/i0.wp.com\/www.grieta.org.mx\/wp-content\/uploads\/2018\/03\/14524434_1106112876131411_958039263622046936_o.jpg?resize=350%2C200&ssl=1","width":350,"height":200,"srcset":"https:\/\/i0.wp.com\/www.grieta.org.mx\/wp-content\/uploads\/2018\/03\/14524434_1106112876131411_958039263622046936_o.jpg?resize=350%2C200&ssl=1 1x, https:\/\/i0.wp.com\/www.grieta.org.mx\/wp-content\/uploads\/2018\/03\/14524434_1106112876131411_958039263622046936_o.jpg?resize=525%2C300&ssl=1 1.5x, https:\/\/i0.wp.com\/www.grieta.org.mx\/wp-content\/uploads\/2018\/03\/14524434_1106112876131411_958039263622046936_o.jpg?resize=700%2C400&ssl=1 2x"},"classes":[]},{"id":912,"url":"https:\/\/www.grieta.org.mx\/index.php\/2016\/09\/13\/se-organizan-para-frenar-avance-de-transgenicos-en-yucatan-campeche-y-quintana-roo\/","url_meta":{"origin":1461,"position":3},"title":"Se organizan para frenar avance de transg\u00e9nicos en Yucat\u00e1n, Campeche y Quintana Roo","author":"grieta","date":"13 septiembre, 2016","format":false,"excerpt":"13\/04\/16. Conformaci\u00f3n de la Misi\u00f3n de Observaci\u00f3n de la Consulta al pueblo Maya sobre la siembra de soya gen\u00e9ticamente modificada de la empresa Monsanto Cayacyucatan 01\/04\/16. Irregularidades en Consulta Ind\u00edgena sobre la siembra de soya gen\u00e9ticamente en Campeche Infolliteras 22\/02\/16. Campeche, en mapa global sobre Riesgos Ambientales. Lo catalogan por\u2026","rel":"","context":"En &quot;16. Pueblo Maya&quot;","block_context":{"text":"16. Pueblo Maya","link":"https:\/\/www.grieta.org.mx\/index.php\/category\/espejos-de-la-resistencia\/16-pueblo-maya\/"},"img":{"alt_text":"","src":"https:\/\/i0.wp.com\/www.grieta.org.mx\/wp-content\/uploads\/2018\/03\/14524434_1106112876131411_958039263622046936_o.jpg?resize=350%2C200&ssl=1","width":350,"height":200,"srcset":"https:\/\/i0.wp.com\/www.grieta.org.mx\/wp-content\/uploads\/2018\/03\/14524434_1106112876131411_958039263622046936_o.jpg?resize=350%2C200&ssl=1 1x, https:\/\/i0.wp.com\/www.grieta.org.mx\/wp-content\/uploads\/2018\/03\/14524434_1106112876131411_958039263622046936_o.jpg?resize=525%2C300&ssl=1 1.5x, https:\/\/i0.wp.com\/www.grieta.org.mx\/wp-content\/uploads\/2018\/03\/14524434_1106112876131411_958039263622046936_o.jpg?resize=700%2C400&ssl=1 2x"},"classes":[]},{"id":17044,"url":"https:\/\/www.grieta.org.mx\/index.php\/2016\/07\/05\/dicen-no-a-transgenicos-campeche\/","url_meta":{"origin":1461,"position":4},"title":"Dicen no a transg\u00e9nicos (Campeche)","author":"grieta","date":"5 julio, 2016","format":false,"excerpt":"Hopelch\u00e9n: En Iturbide no se sembrar\u00e1 ning\u00fan cent\u00edmetro de soya transg\u00e9nica, advirti\u00f3 el comisario ejidal Abelardo Brice\u00f1o Montoy, quien dijo que en asamblea, los ejidatarios acordaron que no se d\u00e9 lugar a cultivos con semillas gen\u00e9ticamente modificadas, pues ponen en riesgo al sector ap\u00edcola. En entrevista con TRIBUNA la autoridad\u2026","rel":"","context":"En &quot;16. Pueblo Maya&quot;","block_context":{"text":"16. Pueblo Maya","link":"https:\/\/www.grieta.org.mx\/index.php\/category\/espejos-de-la-resistencia\/16-pueblo-maya\/"},"img":{"alt_text":"","src":"https:\/\/i0.wp.com\/www.grieta.org.mx\/wp-content\/uploads\/2018\/03\/14524434_1106112876131411_958039263622046936_o.jpg?resize=350%2C200&ssl=1","width":350,"height":200,"srcset":"https:\/\/i0.wp.com\/www.grieta.org.mx\/wp-content\/uploads\/2018\/03\/14524434_1106112876131411_958039263622046936_o.jpg?resize=350%2C200&ssl=1 1x, https:\/\/i0.wp.com\/www.grieta.org.mx\/wp-content\/uploads\/2018\/03\/14524434_1106112876131411_958039263622046936_o.jpg?resize=525%2C300&ssl=1 1.5x, https:\/\/i0.wp.com\/www.grieta.org.mx\/wp-content\/uploads\/2018\/03\/14524434_1106112876131411_958039263622046936_o.jpg?resize=700%2C400&ssl=1 2x"},"classes":[]},{"id":1366,"url":"https:\/\/www.grieta.org.mx\/index.php\/2015\/11\/13\/insisten-en-siembra-de-soya-transgenica-en-la-peninsula\/","url_meta":{"origin":1461,"position":5},"title":"Insisten en siembra de soya transg\u00e9nica en la Pen\u00ednsula","author":"grieta","date":"13 noviembre, 2015","format":false,"excerpt":"A pesar del amparo federal que suspende la siembra de soya transg\u00e9nica en el pa\u00eds, el director general de Inocuidad Agroalimentaria, Acu\u00edcola y Pesquera del Senasica, Hugo Fragoso S\u00e1nchez, advirti\u00f3 que continuar\u00e1 el proyecto que se suspendi\u00f3 en la Pen\u00ednsula de Yucat\u00e1n, toda vez que conf\u00eda obtener fallo favorable de\u2026","rel":"","context":"En &quot;16. Pueblo Maya&quot;","block_context":{"text":"16. Pueblo Maya","link":"https:\/\/www.grieta.org.mx\/index.php\/category\/espejos-de-la-resistencia\/16-pueblo-maya\/"},"img":{"alt_text":"","src":"https:\/\/i0.wp.com\/www.grieta.org.mx\/wp-content\/uploads\/2018\/03\/14524434_1106112876131411_958039263622046936_o.jpg?resize=350%2C200&ssl=1","width":350,"height":200,"srcset":"https:\/\/i0.wp.com\/www.grieta.org.mx\/wp-content\/uploads\/2018\/03\/14524434_1106112876131411_958039263622046936_o.jpg?resize=350%2C200&ssl=1 1x, https:\/\/i0.wp.com\/www.grieta.org.mx\/wp-content\/uploads\/2018\/03\/14524434_1106112876131411_958039263622046936_o.jpg?resize=525%2C300&ssl=1 1.5x, https:\/\/i0.wp.com\/www.grieta.org.mx\/wp-content\/uploads\/2018\/03\/14524434_1106112876131411_958039263622046936_o.jpg?resize=700%2C400&ssl=1 2x"},"classes":[]}],"_links":{"self":[{"href":"https:\/\/www.grieta.org.mx\/index.php\/wp-json\/wp\/v2\/posts\/1461","targetHints":{"allow":["GET"]}}],"collection":[{"href":"https:\/\/www.grieta.org.mx\/index.php\/wp-json\/wp\/v2\/posts"}],"about":[{"href":"https:\/\/www.grieta.org.mx\/index.php\/wp-json\/wp\/v2\/types\/post"}],"author":[{"embeddable":true,"href":"https:\/\/www.grieta.org.mx\/index.php\/wp-json\/wp\/v2\/users\/2"}],"replies":[{"embeddable":true,"href":"https:\/\/www.grieta.org.mx\/index.php\/wp-json\/wp\/v2\/comments?post=1461"}],"version-history":[{"count":1,"href":"https:\/\/www.grieta.org.mx\/index.php\/wp-json\/wp\/v2\/posts\/1461\/revisions"}],"predecessor-version":[{"id":46308,"href":"https:\/\/www.grieta.org.mx\/index.php\/wp-json\/wp\/v2\/posts\/1461\/revisions\/46308"}],"wp:featuredmedia":[{"embeddable":true,"href":"https:\/\/www.grieta.org.mx\/index.php\/wp-json\/wp\/v2\/media\/21928"}],"wp:attachment":[{"href":"https:\/\/www.grieta.org.mx\/index.php\/wp-json\/wp\/v2\/media?parent=1461"}],"wp:term":[{"taxonomy":"category","embeddable":true,"href":"https:\/\/www.grieta.org.mx\/index.php\/wp-json\/wp\/v2\/categories?post=1461"},{"taxonomy":"post_tag","embeddable":true,"href":"https:\/\/www.grieta.org.mx\/index.php\/wp-json\/wp\/v2\/tags?post=1461"}],"curies":[{"name":"wp","href":"https:\/\/api.w.org\/{rel}","templated":true}]}}