{"id":14606,"date":"2016-06-15T21:58:04","date_gmt":"2016-06-15T21:58:04","guid":{"rendered":"http:\/\/www.grieta.org.mx\/?p=14606"},"modified":"2018-04-11T12:13:34","modified_gmt":"2018-04-11T17:13:34","slug":"siguen-los-despidos-masivos-en-pemex-campeche","status":"publish","type":"post","link":"https:\/\/www.grieta.org.mx\/index.php\/2016\/06\/15\/siguen-los-despidos-masivos-en-pemex-campeche\/","title":{"rendered":"Siguen los despidos masivos en Pemex (Campeche)"},"content":{"rendered":"<p>Contin\u00faan recortes al interior de Petr\u00f3leos Mexicanos (Pemex). Un promedio de dos mil trabajadores ser\u00e1n despedidos entre junio y julio, mismos que ocupaban un edificio de la calle 31, y prev\u00e9n desocupaci\u00f3n de edificio de la calle 25, inform\u00f3 Manuel Hinojosa J\u00e1uregui, jubilado petrolero.<\/p>\n<p>Lament\u00f3 que no se est\u00e9 impulsando las fuentes de empleo por parte de Petr\u00f3leos Mexicanos, ni del l\u00edder sindical Carlos Antonio Romero Deschamps.<\/p>\n<p>Pemex gir\u00f3 instrucciones para dejar de ocupar edificios que por a\u00f1os fueron claves para la realizaci\u00f3n de asignaciones de contratos. Fueron las oficinas que sirvieron para que los empresarios ganaran proyectos. Muchos de ellos los entregaron mediante el proceso de adjudicaci\u00f3n directa.<\/p>\n<p>Habr\u00e1 m\u00e1s afectaci\u00f3n, vemos en diversas redes sociales c\u00f3mo los trabajadores de diversas empresas petroleras han tenido que vender sus pertenencias, pues han optado por regresar a sus lugares de origen al no tener recursos para seguir pagando rentas.<\/p>\n<p>Algunos empleados de Pemex indicaron que la reciente visita de Carlos Antonio Romero Deschamps, fue para inspeccionar cu\u00e1les son los edificios con los que se cuenta y de este modo buscar el recorte de trabajadores que siguen en el sindicato.<\/p>\n<p>Lejos de beneficiar a los de su gremio, ha venido a ver que edificios dejar de rentar y adelgazar la n\u00f3mina, al parecer ser\u00e1 a la primera quincena de julio cuando se despida a un promedio de dos mil trabajadores de ambas secciones sindicales, la 42 y la 47.<\/p>\n<p>Tentativamente los edificios que se estar\u00e1n desocupando son el exedificio Banca Promex, ubicada en la calle 31, hoy ocupado como edificio administrativo donde se pagaba un promedio de cinco millones de pesos mensuales.<\/p>\n<p>Lo que me han dicho otros compa\u00f1eros que aun laboran al interior de Pemex, es que tambien desocupar\u00e1n el edificio de la calle 25, por el cual pagaban cerca de seis millones de pesos, el poco personal que quede, ser\u00e1 trasladado a otras \u00e1reas que forman parte de Pemex, que a\u00fan se encuentran en la calle 31 y en la calle 33.<\/p>\n<p><a href=\"http:\/\/tribunacampeche.com\/carmen\/2016\/06\/15\/siguen-los-despidos-masivos-pemex-2\/\" target=\"_blank\">http:\/\/tribunacampeche.com\/carmen\/2016\/06\/15\/siguen-los-despidos-masivos-pemex-2\/<\/a><\/p>\n","protected":false},"excerpt":{"rendered":"<p>Contin\u00faan recortes al interior de Petr\u00f3leos Mexicanos (Pemex). Un promedio de dos mil trabajadores ser\u00e1n despedidos entre junio y julio, mismos que ocupaban un edificio de la calle 31, y &hellip; <a href=\"https:\/\/www.grieta.org.mx\/index.php\/2016\/06\/15\/siguen-los-despidos-masivos-en-pemex-campeche\/\" class=\"more-link\">Leer m\u00e1s<\/a><\/p>\n","protected":false},"author":2,"featured_media":21928,"comment_status":"closed","ping_status":"closed","sticky":false,"template":"","format":"standard","meta":{"ngg_post_thumbnail":0,"_jetpack_newsletter_access":"","_jetpack_dont_email_post_to_subs":false,"_jetpack_newsletter_tier_id":0,"_jetpack_memberships_contains_paywalled_content":false,"_jetpack_memberships_contains_paid_content":false,"footnotes":""},"categories":[11,123,80,1040],"tags":[163],"class_list":{"0":"post-14606","1":"post","2":"type-post","3":"status-publish","4":"format-standard","5":"has-post-thumbnail","6":"hentry","7":"category-campeche","9":"category-cintillo","10":"category-conflictos-laborales-en-campeche","11":"tag-despidos","12":"entry"},"jetpack_featured_media_url":"https:\/\/www.grieta.org.mx\/wp-content\/uploads\/2018\/03\/14524434_1106112876131411_958039263622046936_o.jpg","jetpack_sharing_enabled":true,"jetpack_shortlink":"https:\/\/wp.me\/p7ZJR4-3NA","jetpack_likes_enabled":false,"jetpack-related-posts":[{"id":20706,"url":"https:\/\/www.grieta.org.mx\/index.php\/2016\/06\/24\/paran-siete-horas-obreros-de-la-cotemar-campeche\/","url_meta":{"origin":14606,"position":0},"title":"Paran siete horas obreros de la Cotemar (Campeche)","author":"grieta","date":"24 junio, 2016","format":false,"excerpt":"Al menos 300 trabajadores de la Cotemar pararon labores durante siete horas, tras ser informados de que sus salarios ser\u00edan reducidos en un 40 por ciento. La noticia fue filtrada por familiares de los obreros que laboran en las plataformas del complejo Akal C2. Los trabajadores que laboran en la\u2026","rel":"","context":"En &quot;Campeche&quot;","block_context":{"text":"Campeche","link":"https:\/\/www.grieta.org.mx\/index.php\/category\/noticias-nacionales\/campeche\/"},"img":{"alt_text":"","src":"https:\/\/i0.wp.com\/www.grieta.org.mx\/wp-content\/uploads\/2018\/03\/14524434_1106112876131411_958039263622046936_o.jpg?resize=350%2C200&ssl=1","width":350,"height":200,"srcset":"https:\/\/i0.wp.com\/www.grieta.org.mx\/wp-content\/uploads\/2018\/03\/14524434_1106112876131411_958039263622046936_o.jpg?resize=350%2C200&ssl=1 1x, https:\/\/i0.wp.com\/www.grieta.org.mx\/wp-content\/uploads\/2018\/03\/14524434_1106112876131411_958039263622046936_o.jpg?resize=525%2C300&ssl=1 1.5x, https:\/\/i0.wp.com\/www.grieta.org.mx\/wp-content\/uploads\/2018\/03\/14524434_1106112876131411_958039263622046936_o.jpg?resize=700%2C400&ssl=1 2x"},"classes":[]},{"id":70066,"url":"https:\/\/www.grieta.org.mx\/index.php\/2024\/10\/06\/acusan-despidos-masivos-en-empresas-que-trabajan-para-pemex-en-ciudad-del-carmen-campeche\/","url_meta":{"origin":14606,"position":1},"title":"Acusan despidos masivos en empresas que trabajan para PEMEX en Ciudad del Carmen (Campeche)","author":"grieta","date":"6 octubre, 2024","format":false,"excerpt":"Perla Prado \/ Por Esto! Si en a\u00f1os anteriores cuando Petr\u00f3leos Mexicanos (PEMEX) le pagaba a sus proveedores los trabajadores sufr\u00edan por no recibir su aguinaldo, este 2024 el panorama se vislumbra peor debido a que ya empezaron los despidos masivos para no cumplir con esa prestaci\u00f3n anual, manifestaron algunos\u2026","rel":"","context":"En &quot;Campeche&quot;","block_context":{"text":"Campeche","link":"https:\/\/www.grieta.org.mx\/index.php\/category\/noticias-nacionales\/campeche\/"},"img":{"alt_text":"","src":"https:\/\/i0.wp.com\/www.grieta.org.mx\/wp-content\/uploads\/2024\/10\/Petroleros-e1728417423180.jpg?resize=350%2C200&ssl=1","width":350,"height":200,"srcset":"https:\/\/i0.wp.com\/www.grieta.org.mx\/wp-content\/uploads\/2024\/10\/Petroleros-e1728417423180.jpg?resize=350%2C200&ssl=1 1x, https:\/\/i0.wp.com\/www.grieta.org.mx\/wp-content\/uploads\/2024\/10\/Petroleros-e1728417423180.jpg?resize=525%2C300&ssl=1 1.5x, https:\/\/i0.wp.com\/www.grieta.org.mx\/wp-content\/uploads\/2024\/10\/Petroleros-e1728417423180.jpg?resize=700%2C400&ssl=1 2x"},"classes":[]},{"id":1734,"url":"https:\/\/www.grieta.org.mx\/index.php\/2015\/05\/05\/mueren-dos-trabajadores-por-accidente-en-plataforma-pemex\/","url_meta":{"origin":14606,"position":2},"title":"Mueren dos trabajadores por accidente en plataforma: Pemex","author":"grieta","date":"5 mayo, 2015","format":false,"excerpt":"La plataforma Troll Solution, propiedad de la empresa Typhoon, se lade\u00f3 cuando se estaba posicionando para dar servicio de mantenimiento a pozos por lo que 101 trabajadores tuvieron que ser desalojados, inform\u00f3 Petr\u00f3leos Mexicanos. CIUDAD DE M\u00c9XICO.- Dos trabajadores murieron este martes luego de que una plataforma en la Sonda\u2026","rel":"","context":"En &quot;campeche&quot;","block_context":{"text":"campeche","link":"https:\/\/www.grieta.org.mx\/index.php\/category\/campeche\/"},"img":{"alt_text":"","src":"https:\/\/i0.wp.com\/www.grieta.org.mx\/wp-content\/uploads\/2018\/03\/14524434_1106112876131411_958039263622046936_o.jpg?resize=350%2C200&ssl=1","width":350,"height":200,"srcset":"https:\/\/i0.wp.com\/www.grieta.org.mx\/wp-content\/uploads\/2018\/03\/14524434_1106112876131411_958039263622046936_o.jpg?resize=350%2C200&ssl=1 1x, https:\/\/i0.wp.com\/www.grieta.org.mx\/wp-content\/uploads\/2018\/03\/14524434_1106112876131411_958039263622046936_o.jpg?resize=525%2C300&ssl=1 1.5x, https:\/\/i0.wp.com\/www.grieta.org.mx\/wp-content\/uploads\/2018\/03\/14524434_1106112876131411_958039263622046936_o.jpg?resize=700%2C400&ssl=1 2x"},"classes":[]},{"id":1742,"url":"https:\/\/www.grieta.org.mx\/index.php\/2015\/05\/05\/otro-accidente-en-la-sonda-de-campeche-confirma-pemex-2-muertos-y-mas-de-100-evacuados-por-percance-en-plataforma-troll-solution\/","url_meta":{"origin":14606,"position":3},"title":"Otro Accidente en la Sonda de Campeche: Confirma Pemex 2 muertos y m\u00e1s de 100 evacuados por percance en plataforma \u2018Troll Solution\u2019","author":"grieta","date":"5 mayo, 2015","format":false,"excerpt":"La plataforma Troll Solution, instalada frente a costas de Campeche en el Golfo de M\u00e9xico, habr\u00eda sufrido un accidente este martes por el que se lade\u00f3, inform\u00f3 Petr\u00f3leos Mexicanos (Pemex). Dos personas murieron tras el incidente, confirm\u00f3 la paraestatal en su cuenta de Twitter. En su cuenta de Twitter, la\u2026","rel":"","context":"En &quot;campeche&quot;","block_context":{"text":"campeche","link":"https:\/\/www.grieta.org.mx\/index.php\/category\/campeche\/"},"img":{"alt_text":"","src":"https:\/\/i0.wp.com\/www.grieta.org.mx\/wp-content\/uploads\/2018\/03\/14524434_1106112876131411_958039263622046936_o.jpg?resize=350%2C200&ssl=1","width":350,"height":200,"srcset":"https:\/\/i0.wp.com\/www.grieta.org.mx\/wp-content\/uploads\/2018\/03\/14524434_1106112876131411_958039263622046936_o.jpg?resize=350%2C200&ssl=1 1x, https:\/\/i0.wp.com\/www.grieta.org.mx\/wp-content\/uploads\/2018\/03\/14524434_1106112876131411_958039263622046936_o.jpg?resize=525%2C300&ssl=1 1.5x, https:\/\/i0.wp.com\/www.grieta.org.mx\/wp-content\/uploads\/2018\/03\/14524434_1106112876131411_958039263622046936_o.jpg?resize=700%2C400&ssl=1 2x"},"classes":[]},{"id":1728,"url":"https:\/\/www.grieta.org.mx\/index.php\/2015\/06\/22\/pemex-suma-ya-tres-accidentes-en-la-sonda-de-campeche\/","url_meta":{"origin":14606,"position":4},"title":"Pemex suma ya tres accidentes en la Sonda de Campeche","author":"grieta","date":"22 junio, 2015","format":false,"excerpt":"CIUDAD DEL CARMEN.- Con la fuga de gas registrada hoy en la plataforma Akal-H, ubicada en la Sonda de Campeche, Petr\u00f3leos Mexicanos suma ya tres incidentes en sus instalaciones. Abkat\u00fan El primer incidente en el a\u00f1o fue en abril, cuando se registr\u00f3 una mega explosi\u00f3n en la plataforma Abkat\u00fan-Alfa, que\u2026","rel":"","context":"En &quot;campeche&quot;","block_context":{"text":"campeche","link":"https:\/\/www.grieta.org.mx\/index.php\/category\/campeche\/"},"img":{"alt_text":"","src":"https:\/\/i0.wp.com\/www.grieta.org.mx\/wp-content\/uploads\/2018\/03\/14524434_1106112876131411_958039263622046936_o.jpg?resize=350%2C200&ssl=1","width":350,"height":200,"srcset":"https:\/\/i0.wp.com\/www.grieta.org.mx\/wp-content\/uploads\/2018\/03\/14524434_1106112876131411_958039263622046936_o.jpg?resize=350%2C200&ssl=1 1x, https:\/\/i0.wp.com\/www.grieta.org.mx\/wp-content\/uploads\/2018\/03\/14524434_1106112876131411_958039263622046936_o.jpg?resize=525%2C300&ssl=1 1.5x, https:\/\/i0.wp.com\/www.grieta.org.mx\/wp-content\/uploads\/2018\/03\/14524434_1106112876131411_958039263622046936_o.jpg?resize=700%2C400&ssl=1 2x"},"classes":[]},{"id":1754,"url":"https:\/\/www.grieta.org.mx\/index.php\/2016\/01\/24\/nueva-explosion-de-pemex-en-la-sonda-de-campeche\/","url_meta":{"origin":14606,"position":5},"title":"Nueva explosi\u00f3n de Pemex en la Sonda de Campeche","author":"grieta","date":"24 enero, 2016","format":false,"excerpt":"Ahora fue en el cuarto de m\u00e1quinas de la plataforma Zaap-E, en el principal complejo de producci\u00f3n de petr\u00f3leo, el Ku-Maloob-Zaap, y Pemex da a conocer que no hubo lesionados, ni muertos. Por Daniel S\u00e1nchez CIUDAD DEL CARMEN, Cam. 23 de enero del 2016.- Un nuevo accidente se registr\u00f3 en\u2026","rel":"","context":"En &quot;campeche&quot;","block_context":{"text":"campeche","link":"https:\/\/www.grieta.org.mx\/index.php\/category\/campeche\/"},"img":{"alt_text":"","src":"https:\/\/i0.wp.com\/www.grieta.org.mx\/wp-content\/uploads\/2018\/03\/14524434_1106112876131411_958039263622046936_o.jpg?resize=350%2C200&ssl=1","width":350,"height":200,"srcset":"https:\/\/i0.wp.com\/www.grieta.org.mx\/wp-content\/uploads\/2018\/03\/14524434_1106112876131411_958039263622046936_o.jpg?resize=350%2C200&ssl=1 1x, https:\/\/i0.wp.com\/www.grieta.org.mx\/wp-content\/uploads\/2018\/03\/14524434_1106112876131411_958039263622046936_o.jpg?resize=525%2C300&ssl=1 1.5x, https:\/\/i0.wp.com\/www.grieta.org.mx\/wp-content\/uploads\/2018\/03\/14524434_1106112876131411_958039263622046936_o.jpg?resize=700%2C400&ssl=1 2x"},"classes":[]}],"_links":{"self":[{"href":"https:\/\/www.grieta.org.mx\/index.php\/wp-json\/wp\/v2\/posts\/14606","targetHints":{"allow":["GET"]}}],"collection":[{"href":"https:\/\/www.grieta.org.mx\/index.php\/wp-json\/wp\/v2\/posts"}],"about":[{"href":"https:\/\/www.grieta.org.mx\/index.php\/wp-json\/wp\/v2\/types\/post"}],"author":[{"embeddable":true,"href":"https:\/\/www.grieta.org.mx\/index.php\/wp-json\/wp\/v2\/users\/2"}],"replies":[{"embeddable":true,"href":"https:\/\/www.grieta.org.mx\/index.php\/wp-json\/wp\/v2\/comments?post=14606"}],"version-history":[{"count":1,"href":"https:\/\/www.grieta.org.mx\/index.php\/wp-json\/wp\/v2\/posts\/14606\/revisions"}],"predecessor-version":[{"id":14609,"href":"https:\/\/www.grieta.org.mx\/index.php\/wp-json\/wp\/v2\/posts\/14606\/revisions\/14609"}],"wp:featuredmedia":[{"embeddable":true,"href":"https:\/\/www.grieta.org.mx\/index.php\/wp-json\/wp\/v2\/media\/21928"}],"wp:attachment":[{"href":"https:\/\/www.grieta.org.mx\/index.php\/wp-json\/wp\/v2\/media?parent=14606"}],"wp:term":[{"taxonomy":"category","embeddable":true,"href":"https:\/\/www.grieta.org.mx\/index.php\/wp-json\/wp\/v2\/categories?post=14606"},{"taxonomy":"post_tag","embeddable":true,"href":"https:\/\/www.grieta.org.mx\/index.php\/wp-json\/wp\/v2\/tags?post=14606"}],"curies":[{"name":"wp","href":"https:\/\/api.w.org\/{rel}","templated":true}]}}