{"id":14542,"date":"2016-06-17T17:59:30","date_gmt":"2016-06-17T17:59:30","guid":{"rendered":"http:\/\/www.grieta.org.mx\/?p=14542"},"modified":"2016-06-19T18:15:13","modified_gmt":"2016-06-19T18:15:13","slug":"cnte-lleva-su-protesta-contra-reforma-educativa-a-carmen-campeche","status":"publish","type":"post","link":"https:\/\/www.grieta.org.mx\/index.php\/2016\/06\/17\/cnte-lleva-su-protesta-contra-reforma-educativa-a-carmen-campeche\/","title":{"rendered":"CNTE lleva su protesta contra Reforma Educativa a Carmen (Campeche)"},"content":{"rendered":"<p><img loading=\"lazy\" decoding=\"async\" data-attachment-id=\"14543\" data-permalink=\"https:\/\/www.grieta.org.mx\/index.php\/2016\/06\/17\/cnte-lleva-su-protesta-contra-reforma-educativa-a-carmen-campeche\/17mae-768x381\/\" data-orig-file=\"https:\/\/www.grieta.org.mx\/wp-content\/uploads\/2016\/06\/17mae-768x381.jpg\" data-orig-size=\"768,381\" data-comments-opened=\"0\" data-image-meta=\"{&quot;aperture&quot;:&quot;0&quot;,&quot;credit&quot;:&quot;&quot;,&quot;camera&quot;:&quot;&quot;,&quot;caption&quot;:&quot;&quot;,&quot;created_timestamp&quot;:&quot;0&quot;,&quot;copyright&quot;:&quot;&quot;,&quot;focal_length&quot;:&quot;0&quot;,&quot;iso&quot;:&quot;0&quot;,&quot;shutter_speed&quot;:&quot;0&quot;,&quot;title&quot;:&quot;&quot;,&quot;orientation&quot;:&quot;0&quot;}\" data-image-title=\"17mae-768&amp;#215;381\" data-image-description=\"\" data-image-caption=\"\" data-medium-file=\"https:\/\/www.grieta.org.mx\/wp-content\/uploads\/2016\/06\/17mae-768x381-300x149.jpg\" data-large-file=\"https:\/\/www.grieta.org.mx\/wp-content\/uploads\/2016\/06\/17mae-768x381.jpg\" src=\"http:\/\/www.grieta.org.mx\/wp-content\/uploads\/2016\/06\/17mae-768x381.jpg\" alt=\"17mae-768x381\" width=\"768\" height=\"381\" class=\"aligncenter size-full wp-image-14543\" srcset=\"https:\/\/www.grieta.org.mx\/wp-content\/uploads\/2016\/06\/17mae-768x381.jpg 768w, https:\/\/www.grieta.org.mx\/wp-content\/uploads\/2016\/06\/17mae-768x381-300x149.jpg 300w\" sizes=\"auto, (max-width: 768px) 100vw, 768px\" \/><\/p>\n<p>CIUDAD DEL CARMEN, Cam. 17 de junio del 2016.- Nuevamente, integrantes de la Coordinadora Nacional de los Trabajadores de la Educaci\u00f3n (CNTE), en coordinaci\u00f3n con padres de familia, organizaciones y alumnos, realizaron una marcha-mitin en la Isla, saliendo de la Glorieta del Camar\u00f3n rumbo a la plaza principal de esta ciudad, mostrando su posicionamiento en contra de la mal llamada Reforma Educativa.<\/p>\n<p>A unos d\u00edas de que el secretario estatal de Educaci\u00f3n, Ricardo Medina Farf\u00e1n, en su visita, anunciara que los maestros est\u00e1n en completa \u201ctranquililidad y paz con la Reforma Educativa\u201d, los manifestantes demostraron lo contrario durante su manifestaci\u00f3n pac\u00edfica.<\/p>\n<p>Acompa\u00f1ados de padres de familia y alumnos, gritaron consignas, como \u201cva a caer, va a caer, la Reforma Educativa va a caer\u201d; \u201csi hay que evaluar, con Pe\u00f1a hay que empezar\u201d; \u201cpueblo escucha, \u00fanete a la lucha\u201d, y a su paso, se fueron anexando m\u00e1s personas, quienes simpatizan con la lucha que se est\u00e1 dando a nivel nacional en contra no s\u00f3lo de la Reforma Educativa, sino de las reformas estructurales que han afectado profundamente al pueblo mexicano.<\/p>\n<p>Uno de los oradores espont\u00e1neos de esta ciudad arremeti\u00f3 en contra de la llamada Reforma Energ\u00e9tica que, en lugar de beneficiar al pueblo carmelita, se ha estado sumiendo en la pobreza y convirti\u00e9ndose poco a poco en un pueblo fantasma, por los miles de despidos en el sector petrolero.<\/p>\n<p>Tambi\u00e9n mencion\u00f3 que es una burla para los pescadores carmelitas el reciente anuncio del espurio e ileg\u00edtimo Alejandro Moreno C\u00e1rdenas, quien pretende reactivar la econom\u00eda carmelita, dando a los pescadores cheques por la cantidad de 10 mil pesos, para la actividad camaronera.<\/p>\n<p>Los transe\u00fantes y algunos automovilistas demostraron su apoyo a los manifestantes, diciendo \u201cduro contra el mal gobierno\u201d o pasando con el pu\u00f1o en alto en muestra de solidaridad.<\/p>\n<p>El representante de la CNTE, Silverio Tuz G\u00f3ngora, y el profesor Ricardo S\u00e1nchez Cerino, exigieron un alto a la brutalidad policiaca en contra de sus compa\u00f1eros del estado de Oaxaca, Guerrero, Michoac\u00e1n, Chiapas, Durango, Sonora y otros estados, donde han sido brutalmente desalojados sin mediar di\u00e1logo alguno de las autoridades del gobierno federal.<\/p>\n<p>Tambi\u00e9n reclamaron la forma criminal en que se realiz\u00f3 la detenci\u00f3n de los dos l\u00edderes de la secci\u00f3n XXII del estado de Oaxaca, exigiendo que sean liberados lo m\u00e1s pronto posible.<\/p>\n<p>Por \u00faltimo, demandaron que sean reinstalados a todos los maestros suspendidos por defender sus derechos laborales y no sujetarse a la imposici\u00f3n de la falsa Reforma Educativa.<\/p>\n<p><a href=\"http:\/\/paginabierta.mx\/sitio\/cnte-lleva-su-protesta-contra-reforma-educativa-a-carmen\/\" target=\"_blank\">http:\/\/paginabierta.mx\/sitio\/cnte-lleva-su-protesta-contra-reforma-educativa-a-carmen\/<\/a><\/p>\n","protected":false},"excerpt":{"rendered":"<p>CIUDAD DEL CARMEN, Cam. 17 de junio del 2016.- Nuevamente, integrantes de la Coordinadora Nacional de los Trabajadores de la Educaci\u00f3n (CNTE), en coordinaci\u00f3n con padres de familia, organizaciones y &hellip; <a href=\"https:\/\/www.grieta.org.mx\/index.php\/2016\/06\/17\/cnte-lleva-su-protesta-contra-reforma-educativa-a-carmen-campeche\/\" class=\"more-link\">Leer m\u00e1s<\/a><\/p>\n","protected":false},"author":2,"featured_media":21928,"comment_status":"closed","ping_status":"closed","sticky":false,"template":"","format":"standard","meta":{"ngg_post_thumbnail":0,"_jetpack_newsletter_access":"","_jetpack_dont_email_post_to_subs":false,"_jetpack_newsletter_tier_id":0,"_jetpack_memberships_contains_paywalled_content":false,"_jetpack_memberships_contains_paid_content":false,"footnotes":""},"categories":[123,80],"tags":[674,135],"class_list":["post-14542","post","type-post","status-publish","format-standard","has-post-thumbnail","hentry","category-campeche","category-cintillo","tag-movilizaciones-maestros","tag-reforma-educativa","entry"],"jetpack_featured_media_url":"https:\/\/www.grieta.org.mx\/wp-content\/uploads\/2018\/03\/14524434_1106112876131411_958039263622046936_o.jpg","jetpack_sharing_enabled":true,"jetpack_shortlink":"https:\/\/wp.me\/p7ZJR4-3My","jetpack_likes_enabled":false,"jetpack-related-posts":[{"id":7223,"url":"https:\/\/www.grieta.org.mx\/index.php\/2015\/06\/15\/maestros-de-la-cnte-se-manifiestan-en-contra-de-la-reforma-educativa\/","url_meta":{"origin":14542,"position":0},"title":"Maestros de la CNTE se manifiestan en contra de la reforma educativa","author":"grieta","date":"15 junio, 2015","format":false,"excerpt":"Carmen Pizano, Guanajuato, Gto. En contra de la reforma educativa aprobada en Guanajuato desde hace dos a\u00f1os, maestros agremiados a la Coordinadora Nacional de Trabajadores de la Educaci\u00f3n (CNTE), marcharon por el centro de Guanajuato capital. Alrededor de 150 profesores caminaron desde Los Pastitos hasta plantarse frente a Palacio de\u2026","rel":"","context":"En &quot;CINTILLO&quot;","block_context":{"text":"CINTILLO","link":"https:\/\/www.grieta.org.mx\/index.php\/category\/cintillo\/"},"img":{"alt_text":"","src":"https:\/\/i0.wp.com\/www.grieta.org.mx\/wp-content\/uploads\/2018\/03\/14524434_1106112876131411_958039263622046936_o.jpg?resize=350%2C200&ssl=1","width":350,"height":200,"srcset":"https:\/\/i0.wp.com\/www.grieta.org.mx\/wp-content\/uploads\/2018\/03\/14524434_1106112876131411_958039263622046936_o.jpg?resize=350%2C200&ssl=1 1x, https:\/\/i0.wp.com\/www.grieta.org.mx\/wp-content\/uploads\/2018\/03\/14524434_1106112876131411_958039263622046936_o.jpg?resize=525%2C300&ssl=1 1.5x, https:\/\/i0.wp.com\/www.grieta.org.mx\/wp-content\/uploads\/2018\/03\/14524434_1106112876131411_958039263622046936_o.jpg?resize=700%2C400&ssl=1 2x"},"classes":[]},{"id":17615,"url":"https:\/\/www.grieta.org.mx\/index.php\/2016\/07\/24\/maestros-vuelven-a-manifestarse-contra-reforma-educativa-campeche\/","url_meta":{"origin":14542,"position":1},"title":"Maestros vuelven a manifestarse contra Reforma Educativa (Campeche)","author":"grieta","date":"24 julio, 2016","format":false,"excerpt":"Maestros, padres de familia e integrantes de la sociedad civil se volvieron a manifestar en las calles del Centro Hist\u00f3rico contra la mal llamada Reforma Educativa y realizaron un mitin en el parque principal de la capital campechana, encabezados por la Coordinadora Estatal de Trabajadores de la Educaci\u00f3n de Campeche\u2026","rel":"","context":"En &quot;campeche&quot;","block_context":{"text":"campeche","link":"https:\/\/www.grieta.org.mx\/index.php\/category\/campeche\/"},"img":{"alt_text":"","src":"https:\/\/i0.wp.com\/www.grieta.org.mx\/wp-content\/uploads\/2018\/03\/14524434_1106112876131411_958039263622046936_o.jpg?resize=350%2C200&ssl=1","width":350,"height":200,"srcset":"https:\/\/i0.wp.com\/www.grieta.org.mx\/wp-content\/uploads\/2018\/03\/14524434_1106112876131411_958039263622046936_o.jpg?resize=350%2C200&ssl=1 1x, https:\/\/i0.wp.com\/www.grieta.org.mx\/wp-content\/uploads\/2018\/03\/14524434_1106112876131411_958039263622046936_o.jpg?resize=525%2C300&ssl=1 1.5x, https:\/\/i0.wp.com\/www.grieta.org.mx\/wp-content\/uploads\/2018\/03\/14524434_1106112876131411_958039263622046936_o.jpg?resize=700%2C400&ssl=1 2x"},"classes":[]},{"id":571,"url":"https:\/\/www.grieta.org.mx\/index.php\/2016\/09\/12\/movilizaciones-de-maestros-en-campeche-por-evaluacion-al-desempeno-y-reforma-educativa\/","url_meta":{"origin":14542,"position":2},"title":"Movilizaciones contra la Reforma Educativa y evaluaci\u00f3n magisterial en Campeche","author":"grieta","date":"12 septiembre, 2016","format":false,"excerpt":"12\/09\/16. Protestan en contra de reforma educativa (Campeche) El Expreso 24\/07\/16. Maestros vuelven a manifestarse contra Reforma Educativa (Campeche) P\u00e1gin@bierta 17\/07\/16. Maestros de Cetec exigen abrogar reforma educativa (Campeche) Tribuna 12\/07\/16. Campeche presente en las negociaciones de CNTE con Gobernaci\u00f3n P\u00e1gin@bierta 07\/07\/16. Volanteo y boteo de maestros democr\u00e1ticos en caseta\u2026","rel":"","context":"En &quot;Campeche&quot;","block_context":{"text":"Campeche","link":"https:\/\/www.grieta.org.mx\/index.php\/category\/noticias-nacionales\/campeche\/"},"img":{"alt_text":"","src":"https:\/\/i0.wp.com\/www.grieta.org.mx\/wp-content\/uploads\/2018\/03\/14524434_1106112876131411_958039263622046936_o.jpg?resize=350%2C200&ssl=1","width":350,"height":200,"srcset":"https:\/\/i0.wp.com\/www.grieta.org.mx\/wp-content\/uploads\/2018\/03\/14524434_1106112876131411_958039263622046936_o.jpg?resize=350%2C200&ssl=1 1x, https:\/\/i0.wp.com\/www.grieta.org.mx\/wp-content\/uploads\/2018\/03\/14524434_1106112876131411_958039263622046936_o.jpg?resize=525%2C300&ssl=1 1.5x, https:\/\/i0.wp.com\/www.grieta.org.mx\/wp-content\/uploads\/2018\/03\/14524434_1106112876131411_958039263622046936_o.jpg?resize=700%2C400&ssl=1 2x"},"classes":[]},{"id":15276,"url":"https:\/\/www.grieta.org.mx\/index.php\/2016\/06\/25\/va-a-caer-la-reforma-va-a-caer-protestan-maestros\/","url_meta":{"origin":14542,"position":3},"title":"\u00a1Va a caer, la reforma va a caer! protestan maestros (Sinaloa)","author":"grieta","date":"25 junio, 2016","format":false,"excerpt":"Zulma Morales, Sinaloa. Culiac\u00e1n, Sinaloa.- Docentes de Sinaloa se reunieron hoy con al finalidad de emprender una marcha pac\u00edfica en apoyo a la CNTE y en contra de la Reforma Educativa. Decenas de maestros levantaron la voz y sus pancartas en una marcha por la avenida Obreg\u00f3n, donde demandan que\u2026","rel":"","context":"En &quot;CINTILLO&quot;","block_context":{"text":"CINTILLO","link":"https:\/\/www.grieta.org.mx\/index.php\/category\/cintillo\/"},"img":{"alt_text":"","src":"https:\/\/i0.wp.com\/www.grieta.org.mx\/wp-content\/uploads\/2018\/03\/14524434_1106112876131411_958039263622046936_o.jpg?resize=350%2C200&ssl=1","width":350,"height":200,"srcset":"https:\/\/i0.wp.com\/www.grieta.org.mx\/wp-content\/uploads\/2018\/03\/14524434_1106112876131411_958039263622046936_o.jpg?resize=350%2C200&ssl=1 1x, https:\/\/i0.wp.com\/www.grieta.org.mx\/wp-content\/uploads\/2018\/03\/14524434_1106112876131411_958039263622046936_o.jpg?resize=525%2C300&ssl=1 1.5x, https:\/\/i0.wp.com\/www.grieta.org.mx\/wp-content\/uploads\/2018\/03\/14524434_1106112876131411_958039263622046936_o.jpg?resize=700%2C400&ssl=1 2x"},"classes":[]},{"id":17091,"url":"https:\/\/www.grieta.org.mx\/index.php\/2016\/07\/09\/marcha-la-cnte-en-sinaloa-en-apoyo-a-maestros-de-oaxaca\/","url_meta":{"origin":14542,"position":4},"title":"Marcha la CNTE en Sinaloa en apoyo a maestros de Oaxaca","author":"grieta","date":"9 julio, 2016","format":false,"excerpt":"Blanca Peinado, Sinaloa. Culiac\u00e1n, Sin.- Maestros pertenecientes a la Coordinadora Nacional de Trabajadores de la Educaci\u00f3n en Sinaloa, marcharon en la capital del estado en apoyo a las v\u00edctimas y presos pol\u00edticos en Oaxaca que sufren los costos de oponerse a la reforma de este sector, declar\u00f3 Victoriano Reyes Rosas.\u2026","rel":"","context":"En &quot;CINTILLO&quot;","block_context":{"text":"CINTILLO","link":"https:\/\/www.grieta.org.mx\/index.php\/category\/cintillo\/"},"img":{"alt_text":"","src":"https:\/\/i0.wp.com\/www.grieta.org.mx\/wp-content\/uploads\/2018\/03\/14524434_1106112876131411_958039263622046936_o.jpg?resize=350%2C200&ssl=1","width":350,"height":200,"srcset":"https:\/\/i0.wp.com\/www.grieta.org.mx\/wp-content\/uploads\/2018\/03\/14524434_1106112876131411_958039263622046936_o.jpg?resize=350%2C200&ssl=1 1x, https:\/\/i0.wp.com\/www.grieta.org.mx\/wp-content\/uploads\/2018\/03\/14524434_1106112876131411_958039263622046936_o.jpg?resize=525%2C300&ssl=1 1.5x, https:\/\/i0.wp.com\/www.grieta.org.mx\/wp-content\/uploads\/2018\/03\/14524434_1106112876131411_958039263622046936_o.jpg?resize=700%2C400&ssl=1 2x"},"classes":[]},{"id":15851,"url":"https:\/\/www.grieta.org.mx\/index.php\/2016\/07\/02\/padres-de-familia-bloquean-autopista-en-apoyo-a-maestros-del-cnte\/","url_meta":{"origin":14542,"position":5},"title":"Padres de familia bloquean autopista en apoyo a maestros del CNTE","author":"grieta","date":"2 julio, 2016","format":false,"excerpt":"Chalco, M\u00e9x.- 2 de Julio 2016.- Una centena de padres de familia, estudiantes y profesores de la Preparatoria n\u00famero 30 del municipio de Chalco realizaron manifestaci\u00f3n en la caseta de cobro n\u00famero 71 de Caminos y Puentes Federales (CAPUFE), en apoyo a los maestros de la Coordinadora Nacional de Trabajadores\u2026","rel":"","context":"En &quot;CINTILLO&quot;","block_context":{"text":"CINTILLO","link":"https:\/\/www.grieta.org.mx\/index.php\/category\/cintillo\/"},"img":{"alt_text":"","src":"https:\/\/i0.wp.com\/www.grieta.org.mx\/wp-content\/uploads\/2018\/03\/14524434_1106112876131411_958039263622046936_o.jpg?resize=350%2C200&ssl=1","width":350,"height":200,"srcset":"https:\/\/i0.wp.com\/www.grieta.org.mx\/wp-content\/uploads\/2018\/03\/14524434_1106112876131411_958039263622046936_o.jpg?resize=350%2C200&ssl=1 1x, https:\/\/i0.wp.com\/www.grieta.org.mx\/wp-content\/uploads\/2018\/03\/14524434_1106112876131411_958039263622046936_o.jpg?resize=525%2C300&ssl=1 1.5x, https:\/\/i0.wp.com\/www.grieta.org.mx\/wp-content\/uploads\/2018\/03\/14524434_1106112876131411_958039263622046936_o.jpg?resize=700%2C400&ssl=1 2x"},"classes":[]}],"_links":{"self":[{"href":"https:\/\/www.grieta.org.mx\/index.php\/wp-json\/wp\/v2\/posts\/14542","targetHints":{"allow":["GET"]}}],"collection":[{"href":"https:\/\/www.grieta.org.mx\/index.php\/wp-json\/wp\/v2\/posts"}],"about":[{"href":"https:\/\/www.grieta.org.mx\/index.php\/wp-json\/wp\/v2\/types\/post"}],"author":[{"embeddable":true,"href":"https:\/\/www.grieta.org.mx\/index.php\/wp-json\/wp\/v2\/users\/2"}],"replies":[{"embeddable":true,"href":"https:\/\/www.grieta.org.mx\/index.php\/wp-json\/wp\/v2\/comments?post=14542"}],"version-history":[{"count":1,"href":"https:\/\/www.grieta.org.mx\/index.php\/wp-json\/wp\/v2\/posts\/14542\/revisions"}],"predecessor-version":[{"id":14544,"href":"https:\/\/www.grieta.org.mx\/index.php\/wp-json\/wp\/v2\/posts\/14542\/revisions\/14544"}],"wp:featuredmedia":[{"embeddable":true,"href":"https:\/\/www.grieta.org.mx\/index.php\/wp-json\/wp\/v2\/media\/21928"}],"wp:attachment":[{"href":"https:\/\/www.grieta.org.mx\/index.php\/wp-json\/wp\/v2\/media?parent=14542"}],"wp:term":[{"taxonomy":"category","embeddable":true,"href":"https:\/\/www.grieta.org.mx\/index.php\/wp-json\/wp\/v2\/categories?post=14542"},{"taxonomy":"post_tag","embeddable":true,"href":"https:\/\/www.grieta.org.mx\/index.php\/wp-json\/wp\/v2\/tags?post=14542"}],"curies":[{"name":"wp","href":"https:\/\/api.w.org\/{rel}","templated":true}]}}