{"id":14464,"date":"2016-06-13T04:02:31","date_gmt":"2016-06-13T04:02:31","guid":{"rendered":"http:\/\/www.grieta.org.mx\/?p=14464"},"modified":"2018-07-13T00:19:24","modified_gmt":"2018-07-13T05:19:24","slug":"inah-avala-hidroelectrica-a-pesar-de-vestigios-arqueologicos-en-sierra-norte-de-puebla","status":"publish","type":"post","link":"https:\/\/www.grieta.org.mx\/index.php\/2016\/06\/13\/inah-avala-hidroelectrica-a-pesar-de-vestigios-arqueologicos-en-sierra-norte-de-puebla\/","title":{"rendered":"INAH avala hidroel\u00e9ctrica a pesar de vestigios arqueol\u00f3gicos en Sierra Norte de Puebla"},"content":{"rendered":"<p><img loading=\"lazy\" decoding=\"async\" data-attachment-id=\"14465\" data-permalink=\"https:\/\/www.grieta.org.mx\/index.php\/2016\/06\/13\/inah-avala-hidroelectrica-a-pesar-de-vestigios-arqueologicos-en-sierra-norte-de-puebla\/hidro_4\/\" data-orig-file=\"https:\/\/www.grieta.org.mx\/wp-content\/uploads\/2016\/06\/hidro_4.jpg\" data-orig-size=\"640,387\" data-comments-opened=\"0\" data-image-meta=\"{&quot;aperture&quot;:&quot;0&quot;,&quot;credit&quot;:&quot;&quot;,&quot;camera&quot;:&quot;&quot;,&quot;caption&quot;:&quot;&quot;,&quot;created_timestamp&quot;:&quot;0&quot;,&quot;copyright&quot;:&quot;&quot;,&quot;focal_length&quot;:&quot;0&quot;,&quot;iso&quot;:&quot;0&quot;,&quot;shutter_speed&quot;:&quot;0&quot;,&quot;title&quot;:&quot;&quot;,&quot;orientation&quot;:&quot;1&quot;}\" data-image-title=\"hidro_4\" data-image-description=\"\" data-image-caption=\"\" data-medium-file=\"https:\/\/www.grieta.org.mx\/wp-content\/uploads\/2016\/06\/hidro_4-300x181.jpg\" data-large-file=\"https:\/\/www.grieta.org.mx\/wp-content\/uploads\/2016\/06\/hidro_4.jpg\" src=\"http:\/\/www.grieta.org.mx\/wp-content\/uploads\/2016\/06\/hidro_4.jpg\" alt=\"hidro_4\" width=\"640\" height=\"387\" class=\"aligncenter size-full wp-image-14465\" srcset=\"https:\/\/www.grieta.org.mx\/wp-content\/uploads\/2016\/06\/hidro_4.jpg 640w, https:\/\/www.grieta.org.mx\/wp-content\/uploads\/2016\/06\/hidro_4-300x181.jpg 300w\" sizes=\"auto, (max-width: 640px) 100vw, 640px\" \/><\/p>\n<p>Por Leticia \u00c1nimas Vargas\/ Municipios Puebla <\/p>\n<p>Huauchinango, Pue.- El Instituto Nacional de Antropolog\u00eda e Historia (INAH) dio su visto bueno a la construcci\u00f3n de la Hidroel\u00e9ctrica Puebla 1 en territorio del pueblo totonak\u00fa de los municipios de San Felipe Tepatl\u00e1n, Ahuacatl\u00e1n y Tlapacoya, no obstante haber encontrado al menos un sitio potencial de monumentos arqueol\u00f3gicos.<\/p>\n<p>Lo anterior se desprende de la respuesta a la solicitud de informaci\u00f3n p\u00fablica 1115100037416, realizada por este medio de comunicaci\u00f3n, en la que la dependencia federal acept\u00f3 estar realizando el proyecto de \u201csalvamento Arqueol\u00f3gico del Proyecto Hidroel\u00e9ctrico Puebla 1\u201d con financiamiento de la empresa Deselec-Comexhidro y aleg\u00f3, que por encontrarse en ejecuci\u00f3n \u201cla informaci\u00f3n se considera como reservada\u201d.<\/p>\n<p>Entre las constancias entregadas aparece el oficio 401B(4)77\/2016\/1529 en el que el INAH informa a la empresa que el \u00e1rea donde se pretende instalar la subestaci\u00f3n, el almac\u00e9n y el campo de ingenieros  de la generadora de energ\u00eda, es considerada como \u201cpotencial de monumentos arqueol\u00f3gicos, por lo que se sugiere se reubiquen estas \u00e1reas en alg\u00fan punto que no represente afectaci\u00f3n de ning\u00fan monumento arqueol\u00f3gico, hist\u00f3rico o paleontol\u00f3gico. Por lo que \u00fanicamente no autoriza la realizaci\u00f3n de obras o infraestructura\u201d en el sitio del que da a conocer las coordenadas y que se ubica en medio de un lugar en el que se observa espesa vegetaci\u00f3n, muy cercano al r\u00edo Ajajalpan.<\/p>\n<p>La investigaci\u00f3n arqueol\u00f3gica fue iniciada por el INAH luego de que Deselec solicitara en julio de 2015 que le diera el visto bueno a su proyecto  hidroenerg\u00e9tico, pero el instituto condicion\u00f3 la aprobaci\u00f3n debido a que se\u00f1al\u00f3 que el \u00e1rea de ejecuci\u00f3n \u201ccomprende sitios arqueol\u00f3gicos que a\u00fan no est\u00e1n registrados y se desconoce sus caracter\u00edsticas e importancia\u201d y constituy\u00f3 un grupo de profesionistas, encabezado por Alberto Diez Barroso Repizo para realizarla.<\/p>\n<p>Seg\u00fan las constancias entregadas a este medio, la empresa Deselec pag\u00f3 por \u201cadelantado\u201d los vi\u00e1ticos a los integrantes del proyecto arqueol\u00f3gico, puso a su disposici\u00f3n dos veh\u00edculos \u201cde tiempo completo\u201d uno para el trabajo de campo y supervisi\u00f3n y otro para que sin dificultades se trasladaran a la ciudad de Puebla.<\/p>\n<p>Adem\u00e1s estableci\u00f3 un campamento base en la comunidad, \u201ccuya log\u00edstica correr\u00eda a cargo de los integrantes del proyecto arqueol\u00f3gico\u201d.<\/p>\n<p>Sin embargo, fue hasta abril de 2016, cuando los pobladores ind\u00edgenas de San Felipe Tepatl\u00e1n se percataron de la presencia de los estudiosos que les pidieron entrar a sus terrenos, provocando desconfianza e inconformidad, porque nunca les informaron para qu\u00e9 eran las mediciones y excavaciones que hac\u00edan, ni se identificaron plenamente con ellos.<\/p>\n<p>Las obras y los permisos<\/p>\n<p>En la solicitud hecha por la empresa al INAH, se enumeran las obras que componen la hidroel\u00e9ctrica Puebla 1: una presa de concreto con capacidad de 450 mil metros c\u00fabicos y cortina de 41 metros de altura; un t\u00fanel de conducci\u00f3n de agua de m\u00e1s de 4 mil metros de longitud (abajo del cerro), un pozo de oscilaci\u00f3n de 60 metros; tuber\u00eda de presi\u00f3n con ca\u00edda de 337 metros y longitud de 885 metros; una casa de m\u00e1quinas y subestaci\u00f3n con estructura de concreto para alojar una turbina Pelton; una subestaci\u00f3n el\u00e9ctrica de mil 800 metros cuadrados y una l\u00ednea de transmisi\u00f3n de m\u00e1s de 41 kil\u00f3metros que llegar\u00e1 hasta el Entabladero, Veracruz.<\/p>\n<p>La ubicaci\u00f3n de la infraestructura fue aprobada por el INAH, salvo la que tiene que ver con la subestaci\u00f3n, el campamento de ingenieros y el almac\u00e9n, aunque para salvar la dificultad, sugiri\u00f3 su reubicaci\u00f3n.<\/p>\n<p>Pero Deselec omiti\u00f3 informar al instituto sobre la construcci\u00f3n de un t\u00fanel de acceso hasta el ca\u00f1\u00f3n del r\u00edo Ajajalpan, por donde bajar\u00edan la maquinaria y los camiones que participar\u00e1n en la edificaci\u00f3n, como lo plante\u00f3 el responsable del proyecto Mauricio Justus en su primer acercamiento con los medios de comunicaci\u00f3n hace casi cuatro a\u00f1os.<\/p>\n<p>La empresa tambi\u00e9n asegur\u00f3 que cuenta para este proyecto con las autorizaciones favorables de la Semarnat, no obstante que hace algunos d\u00edas se desisti\u00f3 de la evaluaci\u00f3n ambiental a la que se hab\u00eda sometido y, tambi\u00e9n indic\u00f3 haber realizado una Consulta Ind\u00edgena en t\u00e9rminos del Convenio 169 de la OIT, cuando la falta de \u00e9sta es una de las principales reclamaciones que han hecho a los empresarios los ind\u00edgenas totonakus que se oponen a la hidroel\u00e9ctrica.<\/p>\n<p><a href=\"http:\/\/municipiospuebla.mx\/nota\/2016-06-13\/huauchinango\/inah-avala-hidroel\u00e9ctrica-pesar-de-vestigios-arqueol\u00f3gicos-en-sierra\">http:\/\/municipiospuebla.mx\/nota\/2016-06-13\/huauchinango\/inah-avala-hidroel\u00e9ctrica-pesar-de-vestigios-arqueol\u00f3gicos-en-sierra<\/a><\/p>\n","protected":false},"excerpt":{"rendered":"<p>Por Leticia \u00c1nimas Vargas\/ Municipios Puebla Huauchinango, Pue.- El Instituto Nacional de Antropolog\u00eda e Historia (INAH) dio su visto bueno a la construcci\u00f3n de la Hidroel\u00e9ctrica Puebla 1 en territorio &hellip; <a href=\"https:\/\/www.grieta.org.mx\/index.php\/2016\/06\/13\/inah-avala-hidroelectrica-a-pesar-de-vestigios-arqueologicos-en-sierra-norte-de-puebla\/\" class=\"more-link\">Leer m\u00e1s<\/a><\/p>\n","protected":false},"author":2,"featured_media":14465,"comment_status":"closed","ping_status":"closed","sticky":false,"template":"","format":"standard","meta":{"ngg_post_thumbnail":0,"_jetpack_newsletter_access":"","_jetpack_dont_email_post_to_subs":false,"_jetpack_newsletter_tier_id":0,"_jetpack_memberships_contains_paywalled_content":false,"_jetpack_memberships_contains_paid_content":false,"footnotes":""},"categories":[80,1443,3,922,942,2,1245,26],"tags":[732],"class_list":["post-14464","post","type-post","status-publish","format-standard","has-post-thumbnail","hentry","category-cintillo","category-hidroelectrica-puebla-1","category-megaproyectos","category-megaproyectos-estados","category-mp-puebla","category-noticias-nacionales","category-oposicion-a-las-hidroelectricas-en-puebla","category-puebla","tag-hidroelectricas","entry"],"jetpack_featured_media_url":"https:\/\/www.grieta.org.mx\/wp-content\/uploads\/2016\/06\/hidro_4.jpg","jetpack_sharing_enabled":true,"jetpack_shortlink":"https:\/\/wp.me\/p7ZJR4-3Li","jetpack_likes_enabled":false,"jetpack-related-posts":[{"id":36703,"url":"https:\/\/www.grieta.org.mx\/index.php\/2019\/07\/18\/reconoce-juez-federal-irregularidades-en-permisos-de-hidroelectrica-puebla\/","url_meta":{"origin":14464,"position":0},"title":"Reconoce juez federal irregularidades en permisos de hidroel\u00e9ctrica (Puebla)","author":"Admin","date":"18 julio, 2019","format":false,"excerpt":"Laura Ruiz \/ e-consulta Comunidades totonacas de Puebla lograron que un juez federal reconociera como inv\u00e1lidos los permisos para el Proyecto Hidroel\u00e9ctrica Puebla 1. El amparo fue promovido por habitantes de San Felipe Tepatl\u00e1n, Altica y San Mateo Tlacotepec, junto con el Consejo Tiyat Tlali. Seg\u00fan la sentencia se deber\u00eda\u2026","rel":"","context":"En &quot;26. Sierra Puebla&quot;","block_context":{"text":"26. Sierra Puebla","link":"https:\/\/www.grieta.org.mx\/index.php\/category\/espejos-de-la-resistencia\/26-sierra-puebla\/"},"img":{"alt_text":"","src":"https:\/\/i0.wp.com\/www.grieta.org.mx\/wp-content\/uploads\/2019\/07\/hidro_7_0.jpg?resize=350%2C200&ssl=1","width":350,"height":200,"srcset":"https:\/\/i0.wp.com\/www.grieta.org.mx\/wp-content\/uploads\/2019\/07\/hidro_7_0.jpg?resize=350%2C200&ssl=1 1x, https:\/\/i0.wp.com\/www.grieta.org.mx\/wp-content\/uploads\/2019\/07\/hidro_7_0.jpg?resize=525%2C300&ssl=1 1.5x"},"classes":[]},{"id":27819,"url":"https:\/\/www.grieta.org.mx\/index.php\/2018\/11\/28\/consultaran-a-comunidades-por-hidroelectrica-coyolapa-atzala-puebla\/","url_meta":{"origin":14464,"position":1},"title":"Consultar\u00e1n a comunidades por hidroel\u00e9ctrica Coyolapa-Atzala (Puebla)","author":"Admin","date":"28 noviembre, 2018","format":false,"excerpt":"Por Yomara Pacheco, ?Municipios Puebla? Tehuac\u00e1n, Pue.- Debido a la inconformidad y rechazo que prevalece entre los habitantes de varias comunidades de la Sierra Negra por el proyecto de la construcci\u00f3n de la Hidroel\u00e9ctrica Coyolapa-Atzala, el gobierno federal contempla efectuar una consulta ciudadana, para conocer las inquietudes de la poblaci\u00f3n\u2026","rel":"","context":"En &quot;CINTILLO&quot;","block_context":{"text":"CINTILLO","link":"https:\/\/www.grieta.org.mx\/index.php\/category\/cintillo\/"},"img":{"alt_text":"","src":"https:\/\/i0.wp.com\/www.grieta.org.mx\/wp-content\/uploads\/2018\/12\/claudio_hernandez.jpg?resize=350%2C200&ssl=1","width":350,"height":200,"srcset":"https:\/\/i0.wp.com\/www.grieta.org.mx\/wp-content\/uploads\/2018\/12\/claudio_hernandez.jpg?resize=350%2C200&ssl=1 1x, https:\/\/i0.wp.com\/www.grieta.org.mx\/wp-content\/uploads\/2018\/12\/claudio_hernandez.jpg?resize=525%2C300&ssl=1 1.5x, https:\/\/i0.wp.com\/www.grieta.org.mx\/wp-content\/uploads\/2018\/12\/claudio_hernandez.jpg?resize=700%2C400&ssl=1 2x"},"classes":[]},{"id":40243,"url":"https:\/\/www.grieta.org.mx\/index.php\/2019\/09\/24\/omitieron-consulta-indigena-en-proyecto-de-hidroelectrica-en-puebla-acusan\/","url_meta":{"origin":14464,"position":2},"title":"Omitieron consulta ind\u00edgena en proyecto de hidroel\u00e9ctrica en Puebla, acusan","author":"Admin","date":"24 septiembre, 2019","format":false,"excerpt":"Berenice Mart\u00ednez \/ El Sol de Puebla Integrantes de la organizaci\u00f3n civil Fundar y pobladores de la Sierra Norte de Puebla expusieron las afectaciones que ha generado el proyecto de la hidroel\u00e9ctrica 1 en comunidades del estado, con el consentimiento de autoridades ambientales y culturales como la Semarnat, Conagua, INAH\u2026","rel":"","context":"En &quot;26. Sierra Puebla&quot;","block_context":{"text":"26. Sierra Puebla","link":"https:\/\/www.grieta.org.mx\/index.php\/category\/espejos-de-la-resistencia\/26-sierra-puebla\/"},"img":{"alt_text":"","src":"https:\/\/i0.wp.com\/www.grieta.org.mx\/wp-content\/uploads\/2019\/10\/EFPWOa9XUAAyUYf-1.jpg?resize=350%2C200&ssl=1","width":350,"height":200,"srcset":"https:\/\/i0.wp.com\/www.grieta.org.mx\/wp-content\/uploads\/2019\/10\/EFPWOa9XUAAyUYf-1.jpg?resize=350%2C200&ssl=1 1x, https:\/\/i0.wp.com\/www.grieta.org.mx\/wp-content\/uploads\/2019\/10\/EFPWOa9XUAAyUYf-1.jpg?resize=525%2C300&ssl=1 1.5x, https:\/\/i0.wp.com\/www.grieta.org.mx\/wp-content\/uploads\/2019\/10\/EFPWOa9XUAAyUYf-1.jpg?resize=700%2C400&ssl=1 2x"},"classes":[]},{"id":14459,"url":"https:\/\/www.grieta.org.mx\/index.php\/2016\/04\/25\/alertan-de-falso-investigador-del-inah-en-tepatlan-puebla-y-lo-vinculan-con-deselec\/","url_meta":{"origin":14464,"position":3},"title":"Alertan de falso investigador del INAH en Tepatl\u00e1n, Puebla, y lo vinculan con Deselec","author":"grieta","date":"25 abril, 2016","format":false,"excerpt":"Por Leticia \u00c1nimas Vargas\/ Municipios Puebla San Felipe Tepatl\u00e1n, Pue.- Ning\u00fan proyecto de rescate arqueol\u00f3gico del Instituto Nacional de Antropolog\u00eda e Historia (INAH) involucra a San Felipe Tepatl\u00e1n, y quien ha realizado excavaciones en el municipio present\u00e1ndose como el trabajador Alberto D\u00edez Barroso Repizo, en realidad suplanta la identidad de\u2026","rel":"","context":"En &quot;CINTILLO&quot;","block_context":{"text":"CINTILLO","link":"https:\/\/www.grieta.org.mx\/index.php\/category\/cintillo\/"},"img":{"alt_text":"","src":"https:\/\/i0.wp.com\/www.grieta.org.mx\/wp-content\/uploads\/2018\/03\/14524434_1106112876131411_958039263622046936_o.jpg?resize=350%2C200&ssl=1","width":350,"height":200,"srcset":"https:\/\/i0.wp.com\/www.grieta.org.mx\/wp-content\/uploads\/2018\/03\/14524434_1106112876131411_958039263622046936_o.jpg?resize=350%2C200&ssl=1 1x, https:\/\/i0.wp.com\/www.grieta.org.mx\/wp-content\/uploads\/2018\/03\/14524434_1106112876131411_958039263622046936_o.jpg?resize=525%2C300&ssl=1 1.5x, https:\/\/i0.wp.com\/www.grieta.org.mx\/wp-content\/uploads\/2018\/03\/14524434_1106112876131411_958039263622046936_o.jpg?resize=700%2C400&ssl=1 2x"},"classes":[]},{"id":39298,"url":"https:\/\/www.grieta.org.mx\/index.php\/2019\/09\/01\/esperan-ganar-resolucion-para-frenar-hidroelectrica-en-ahuacatlan-puebla\/","url_meta":{"origin":14464,"position":4},"title":"Esperan ganar resoluci\u00f3n para frenar hidroel\u00e9ctrica en Ahuacatl\u00e1n (Puebla)","author":"Admin","date":"1 septiembre, 2019","format":false,"excerpt":"Mario Reyna \/ El Popular La empresa Comexhidro-Deselec 1 podr\u00eda iniciar actividades del proyecto hidroel\u00e9ctrico Puebla 1 en Ahuacatl\u00e1n y San Felipe Tepatl\u00e1n, no obstante el amparo que a\u00fan est\u00e1 por resolverse en un juzgado federal y el abierto rechazo del pueblo totonaco de la regi\u00f3n, que intenta retrasar el\u2026","rel":"","context":"En &quot;26. Sierra Puebla&quot;","block_context":{"text":"26. Sierra Puebla","link":"https:\/\/www.grieta.org.mx\/index.php\/category\/espejos-de-la-resistencia\/26-sierra-puebla\/"},"img":{"alt_text":"","src":"https:\/\/i0.wp.com\/www.grieta.org.mx\/wp-content\/uploads\/2019\/09\/3e3e2aaace562662ad5c573600498be1.jpg?resize=350%2C200&ssl=1","width":350,"height":200,"srcset":"https:\/\/i0.wp.com\/www.grieta.org.mx\/wp-content\/uploads\/2019\/09\/3e3e2aaace562662ad5c573600498be1.jpg?resize=350%2C200&ssl=1 1x, https:\/\/i0.wp.com\/www.grieta.org.mx\/wp-content\/uploads\/2019\/09\/3e3e2aaace562662ad5c573600498be1.jpg?resize=525%2C300&ssl=1 1.5x, https:\/\/i0.wp.com\/www.grieta.org.mx\/wp-content\/uploads\/2019\/09\/3e3e2aaace562662ad5c573600498be1.jpg?resize=700%2C400&ssl=1 2x"},"classes":[]},{"id":69852,"url":"https:\/\/www.grieta.org.mx\/index.php\/2024\/09\/26\/ayuntamiento-de-ahuacatlan-revoca-permisos-a-hidroelectrica-que-busca-suministrar-energia-a-walmart-puebla\/","url_meta":{"origin":14464,"position":5},"title":"Ayuntamiento de Ahuacatl\u00e1n revoca permisos a hidroel\u00e9ctrica que busca suministrar energ\u00eda a Walmart (Puebla)","author":"Admin","date":"26 septiembre, 2024","format":false,"excerpt":"Por Gabriela Hern\u00e1ndez \/ Proceso PUEBLA, Pue. (apro).- El ayuntamiento de Ahuacatl\u00e1n revoc\u00f3 permisos que esa comuna hab\u00eda otorgado en 2009 a la empresa Comexhidro-Deselec para construir una hidroel\u00e9ctrica sobre el r\u00edo Ajajalpan, en la Sierra Norte de Puebla, que pretende suministrar energ\u00eda a las tiendas Walmart. En sesi\u00f3n celebrada\u2026","rel":"","context":"En &quot;26. Sierra Puebla&quot;","block_context":{"text":"26. Sierra Puebla","link":"https:\/\/www.grieta.org.mx\/index.php\/category\/espejos-de-la-resistencia\/26-sierra-puebla\/"},"img":{"alt_text":"","src":"https:\/\/i0.wp.com\/www.grieta.org.mx\/wp-content\/uploads\/2019\/06\/hidroel%C3%A9ctrica.jpg?resize=350%2C200&ssl=1","width":350,"height":200,"srcset":"https:\/\/i0.wp.com\/www.grieta.org.mx\/wp-content\/uploads\/2019\/06\/hidroel%C3%A9ctrica.jpg?resize=350%2C200&ssl=1 1x, https:\/\/i0.wp.com\/www.grieta.org.mx\/wp-content\/uploads\/2019\/06\/hidroel%C3%A9ctrica.jpg?resize=525%2C300&ssl=1 1.5x, https:\/\/i0.wp.com\/www.grieta.org.mx\/wp-content\/uploads\/2019\/06\/hidroel%C3%A9ctrica.jpg?resize=700%2C400&ssl=1 2x"},"classes":[]}],"_links":{"self":[{"href":"https:\/\/www.grieta.org.mx\/index.php\/wp-json\/wp\/v2\/posts\/14464","targetHints":{"allow":["GET"]}}],"collection":[{"href":"https:\/\/www.grieta.org.mx\/index.php\/wp-json\/wp\/v2\/posts"}],"about":[{"href":"https:\/\/www.grieta.org.mx\/index.php\/wp-json\/wp\/v2\/types\/post"}],"author":[{"embeddable":true,"href":"https:\/\/www.grieta.org.mx\/index.php\/wp-json\/wp\/v2\/users\/2"}],"replies":[{"embeddable":true,"href":"https:\/\/www.grieta.org.mx\/index.php\/wp-json\/wp\/v2\/comments?post=14464"}],"version-history":[{"count":1,"href":"https:\/\/www.grieta.org.mx\/index.php\/wp-json\/wp\/v2\/posts\/14464\/revisions"}],"predecessor-version":[{"id":24586,"href":"https:\/\/www.grieta.org.mx\/index.php\/wp-json\/wp\/v2\/posts\/14464\/revisions\/24586"}],"wp:featuredmedia":[{"embeddable":true,"href":"https:\/\/www.grieta.org.mx\/index.php\/wp-json\/wp\/v2\/media\/14465"}],"wp:attachment":[{"href":"https:\/\/www.grieta.org.mx\/index.php\/wp-json\/wp\/v2\/media?parent=14464"}],"wp:term":[{"taxonomy":"category","embeddable":true,"href":"https:\/\/www.grieta.org.mx\/index.php\/wp-json\/wp\/v2\/categories?post=14464"},{"taxonomy":"post_tag","embeddable":true,"href":"https:\/\/www.grieta.org.mx\/index.php\/wp-json\/wp\/v2\/tags?post=14464"}],"curies":[{"name":"wp","href":"https:\/\/api.w.org\/{rel}","templated":true}]}}