{"id":14425,"date":"2016-03-29T18:10:40","date_gmt":"2016-03-29T18:10:40","guid":{"rendered":"http:\/\/www.grieta.org.mx\/?p=14425"},"modified":"2019-01-19T12:59:00","modified_gmt":"2019-01-19T18:59:00","slug":"aumenta-numero-de-ninos-repatriados-en-2016","status":"publish","type":"post","link":"https:\/\/www.grieta.org.mx\/index.php\/2016\/03\/29\/aumenta-numero-de-ninos-repatriados-en-2016\/","title":{"rendered":"Aumenta n\u00famero de ni\u00f1os repatriados en 2016"},"content":{"rendered":"<p>Martes, 29 de marzo de 2016<br \/>\nNotimex\/ NTR Zacatecas<\/p>\n<p>Zacatecas.- El n\u00famero de ni\u00f1os repatriados aument\u00f3 100 por ciento el primer trimestre de 2016, en comparaci\u00f3n al mismo periodo de 2015, inform\u00f3 Jes\u00fas Ricardo Rosales, subdirector de Atenci\u00f3n a -Grupos Vulnerables y Desarrollo Familiar del Sistema Estatal DIF (SEDIF).<\/p>\n<p>Explic\u00f3 que en lo que va del a\u00f1o, se han repatriado a 29 ni\u00f1os zacatecanos, menores de 17 a\u00f1os; 14 trajeron de vuelta al estado con recurso estatal y 15 por sus padres, quienes se trasladaron al pa\u00eds vecino para traerlos.<\/p>\n<p>Detall\u00f3 que durante el primer trimestre de 2015, se repatriaron seis ni\u00f1os, por lo que el aumento es notorio, ya que para este mi\u00e9rcoles y jueves se recoger\u00e1n otros tres menores en el aeropuerto de Aguascalientes, provenientes de las fronteras de Ojinaga y Reynosa, por lo que ser\u00edan 17 los repatriados por el SEDIF.<\/p>\n<p>La mayor\u00eda de los municipios que m\u00e1s repatriados tiene, destac\u00f3 Ricardo Rosales, son Sain Alto, Pinos, Villa Gonz\u00e1lez, Guadalupe y Fresnillo.<\/p>\n<p>Asimismo, refiri\u00f3 que 70 por ciento de los casos atendidos este a\u00f1o por el SEDIF, son de primera vez que son repatriados, mientras que el restante es la segunda.<\/p>\n<p>Enfatiz\u00f3 que entre los reintegrados se encuentra un ni\u00f1os que ha sido regresado dos veces, por lo que \u00e9sta ser\u00eda la tercera ocasi\u00f3n en que es devuelto en su intento por cruzar la frontera.<\/p>\n<p>Jes\u00fas Ricardo asever\u00f3 que \u201cuna vez que caen\u201d en el albergue de la frontera, son devueltos, por lo que no debe pasar m\u00e1s de 8 d\u00edas en el lugar; en este procedimiento se lleva de 1 a 4 d\u00edas, dependiendo del estado del cual deba trasladarse.<\/p>\n<p>Posteriormente, agreg\u00f3, se analiza en qu\u00e9 condiciones se encuentra el menor y se contacta a su familiares, por lo que no pasan muchos d\u00edas en el albergue del DIF, adem\u00e1s, se habla con sus tutores para que eviten que los menores vuelvan a exponerse de tal manera.<\/p>\n<p>Afirm\u00f3 que los ni\u00f1os por lo regular viajan solos y a este fen\u00f3meno se le denomina \u201cmigraci\u00f3n infantil no acompa\u00f1ada\u201d, pues van con alg\u00fan amigo o t\u00edo, quienes hacen los tr\u00e1mites con los polleros para poderlos ingresar a los Estados Unidos.<\/p>\n<p>El principal factor por el que los menores buscan radicar en este pa\u00eds, argument\u00f3, es por motivos econ\u00f3micos o porque alg\u00fan familiar vive all\u00e1; mientras que en la zona de los ca\u00f1ones, la migraci\u00f3n se da por un proceso cultural.<\/p>\n<p><a href=\"http:\/\/ntrzacatecas.com\/2016\/03\/29\/aumenta-numero-de-ninos-repatriados-en-2016\/\" target=\"_blank\">http:\/\/ntrzacatecas.com\/2016\/03\/29\/aumenta-numero-de-ninos-repatriados-en-2016\/<\/a><\/p>\n","protected":false},"excerpt":{"rendered":"<p>Martes, 29 de marzo de 2016 Notimex\/ NTR Zacatecas Zacatecas.- El n\u00famero de ni\u00f1os repatriados aument\u00f3 100 por ciento el primer trimestre de 2016, en comparaci\u00f3n al mismo periodo de &hellip; <a href=\"https:\/\/www.grieta.org.mx\/index.php\/2016\/03\/29\/aumenta-numero-de-ninos-repatriados-en-2016\/\" class=\"more-link\">Leer m\u00e1s<\/a><\/p>\n","protected":false},"author":2,"featured_media":21928,"comment_status":"closed","ping_status":"closed","sticky":false,"template":"","format":"standard","meta":{"ngg_post_thumbnail":0,"_jetpack_newsletter_access":"","_jetpack_dont_email_post_to_subs":false,"_jetpack_newsletter_tier_id":0,"_jetpack_memberships_contains_paywalled_content":false,"_jetpack_memberships_contains_paid_content":false,"footnotes":""},"categories":[80,1827,1842,86,1971,1972,2,83,76],"tags":[734,731,158],"class_list":["post-14425","post","type-post","status-publish","format-standard","has-post-thumbnail","hentry","category-cintillo","category-la-ninez-en-la-tormenta-capitalista","category-la-ninez-en-la-tormenta-en-zacatecas","category-migrantes","category-migrantes-y-migracion-en-zacatecas","category-ninos-repatriados-en-zacatecas","category-noticias-nacionales","category-temas-nacionales","category-zacatecas","tag-menores","tag-migracion","tag-migrantes","entry"],"jetpack_featured_media_url":"https:\/\/www.grieta.org.mx\/wp-content\/uploads\/2018\/03\/14524434_1106112876131411_958039263622046936_o.jpg","jetpack_sharing_enabled":true,"jetpack_shortlink":"https:\/\/wp.me\/p7ZJR4-3KF","jetpack_likes_enabled":false,"jetpack-related-posts":[{"id":14423,"url":"https:\/\/www.grieta.org.mx\/index.php\/2016\/06\/12\/gobierno-sin-politicas-publicas-para-atender-a-menores-repatriados\/","url_meta":{"origin":14425,"position":0},"title":"Gobierno, sin pol\u00edticas p\u00fablicas para atender a menores repatriados","author":"grieta","date":"12 junio, 2016","format":false,"excerpt":"Domingo, 12 de junio de 2016 FRANZELY REYNA Zacatecas.- Miguel Moctezuma Longoria, docente investigador de la Universidad Aut\u00f3noma de Zacatecas (UAZ), inform\u00f3 que el gobierno del estado no cuenta con pol\u00edticas p\u00fablicas ni educacionales para que los ni\u00f1os repatriados puedan integrarse de manera positiva a la sociedad. Explic\u00f3 que la\u2026","rel":"","context":"En &quot;CINTILLO&quot;","block_context":{"text":"CINTILLO","link":"https:\/\/www.grieta.org.mx\/index.php\/category\/cintillo\/"},"img":{"alt_text":"","src":"https:\/\/i0.wp.com\/www.grieta.org.mx\/wp-content\/uploads\/2018\/03\/14524434_1106112876131411_958039263622046936_o.jpg?resize=350%2C200&ssl=1","width":350,"height":200,"srcset":"https:\/\/i0.wp.com\/www.grieta.org.mx\/wp-content\/uploads\/2018\/03\/14524434_1106112876131411_958039263622046936_o.jpg?resize=350%2C200&ssl=1 1x, https:\/\/i0.wp.com\/www.grieta.org.mx\/wp-content\/uploads\/2018\/03\/14524434_1106112876131411_958039263622046936_o.jpg?resize=525%2C300&ssl=1 1.5x, https:\/\/i0.wp.com\/www.grieta.org.mx\/wp-content\/uploads\/2018\/03\/14524434_1106112876131411_958039263622046936_o.jpg?resize=700%2C400&ssl=1 2x"},"classes":[]},{"id":14427,"url":"https:\/\/www.grieta.org.mx\/index.php\/2015\/12\/09\/olvidan-a-ninos-repatriados\/","url_meta":{"origin":14425,"position":1},"title":"Olvidan a ni\u00f1os repatriados","author":"grieta","date":"9 diciembre, 2015","format":false,"excerpt":"Mi\u00e9rcoles, 9 de diciembre de 2015 ALEJANDRA L\u00d3PEZ El proyecto que el gobierno municipal, en coordinaci\u00f3n con autoridades de Estados Unidos y la Universidad Aut\u00f3noma de Zacatecas (UAZ), pretend\u00eda implementar para apoyar a menores repatriados est\u00e1 en el olvido, debido a la falta de recursos econ\u00f3micos. La estrategia consist\u00eda en\u2026","rel":"","context":"En &quot;CINTILLO&quot;","block_context":{"text":"CINTILLO","link":"https:\/\/www.grieta.org.mx\/index.php\/category\/cintillo\/"},"img":{"alt_text":"","src":"https:\/\/i0.wp.com\/www.grieta.org.mx\/wp-content\/uploads\/2018\/03\/14524434_1106112876131411_958039263622046936_o.jpg?resize=350%2C200&ssl=1","width":350,"height":200,"srcset":"https:\/\/i0.wp.com\/www.grieta.org.mx\/wp-content\/uploads\/2018\/03\/14524434_1106112876131411_958039263622046936_o.jpg?resize=350%2C200&ssl=1 1x, https:\/\/i0.wp.com\/www.grieta.org.mx\/wp-content\/uploads\/2018\/03\/14524434_1106112876131411_958039263622046936_o.jpg?resize=525%2C300&ssl=1 1.5x, https:\/\/i0.wp.com\/www.grieta.org.mx\/wp-content\/uploads\/2018\/03\/14524434_1106112876131411_958039263622046936_o.jpg?resize=700%2C400&ssl=1 2x"},"classes":[]},{"id":14437,"url":"https:\/\/www.grieta.org.mx\/index.php\/2016\/06\/17\/repatriacion-de-menores-migrantes-en-tamaulipas\/","url_meta":{"origin":14425,"position":2},"title":"Repatriaci\u00f3n de menores migrantes en Tamaulipas","author":"grieta","date":"17 junio, 2016","format":false,"excerpt":"14\/06\/16. M\u00e1s de 400 menores mexicanos han sido repatriados por Nuevo LaredoHoy Tamaulipas 27\/03\/2010. Estudian m\u00e1s de 11 mil menores migrantes y repatriados en ReynosaInfo 7 07\/02\/2009. Incrementa 20% \u00edndice de menores repatriados por zona de N. LaredoNTR Zacatecas","rel":"","context":"En &quot;CINTILLO&quot;","block_context":{"text":"CINTILLO","link":"https:\/\/www.grieta.org.mx\/index.php\/category\/cintillo\/"},"img":{"alt_text":"","src":"https:\/\/i0.wp.com\/www.grieta.org.mx\/wp-content\/uploads\/2018\/03\/14524434_1106112876131411_958039263622046936_o.jpg?resize=350%2C200&ssl=1","width":350,"height":200,"srcset":"https:\/\/i0.wp.com\/www.grieta.org.mx\/wp-content\/uploads\/2018\/03\/14524434_1106112876131411_958039263622046936_o.jpg?resize=350%2C200&ssl=1 1x, https:\/\/i0.wp.com\/www.grieta.org.mx\/wp-content\/uploads\/2018\/03\/14524434_1106112876131411_958039263622046936_o.jpg?resize=525%2C300&ssl=1 1.5x, https:\/\/i0.wp.com\/www.grieta.org.mx\/wp-content\/uploads\/2018\/03\/14524434_1106112876131411_958039263622046936_o.jpg?resize=700%2C400&ssl=1 2x"},"classes":[]},{"id":14406,"url":"https:\/\/www.grieta.org.mx\/index.php\/2016\/05\/26\/disminuye-numero-de-zacatecanos-repatriados\/","url_meta":{"origin":14425,"position":3},"title":"Disminuye n\u00famero de zacatecanos repatriados","author":"grieta","date":"26 mayo, 2016","format":false,"excerpt":"Jueves, 26 de mayo de 2016 CLAUDIO MONTES DE OCA Zacatecas.- Rigoberto Casta\u00f1eda Espinosa, titular de la Secretar\u00eda del Zacatecano Migrante (Sezami), inform\u00f3 que se ha reducido 27 por ciento el n\u00famero de zacatecanos repatriados en comparaci\u00f3n con el a\u00f1o pasado. Detall\u00f3 que, para la primera mitad de 2015, se\u2026","rel":"","context":"En &quot;CINTILLO&quot;","block_context":{"text":"CINTILLO","link":"https:\/\/www.grieta.org.mx\/index.php\/category\/cintillo\/"},"img":{"alt_text":"","src":"https:\/\/i0.wp.com\/www.grieta.org.mx\/wp-content\/uploads\/2018\/03\/14524434_1106112876131411_958039263622046936_o.jpg?resize=350%2C200&ssl=1","width":350,"height":200,"srcset":"https:\/\/i0.wp.com\/www.grieta.org.mx\/wp-content\/uploads\/2018\/03\/14524434_1106112876131411_958039263622046936_o.jpg?resize=350%2C200&ssl=1 1x, https:\/\/i0.wp.com\/www.grieta.org.mx\/wp-content\/uploads\/2018\/03\/14524434_1106112876131411_958039263622046936_o.jpg?resize=525%2C300&ssl=1 1.5x, https:\/\/i0.wp.com\/www.grieta.org.mx\/wp-content\/uploads\/2018\/03\/14524434_1106112876131411_958039263622046936_o.jpg?resize=700%2C400&ssl=1 2x"},"classes":[]},{"id":16508,"url":"https:\/\/www.grieta.org.mx\/index.php\/2014\/07\/15\/excluyen-a-ninos-jornaleros-de-programa-del-dif\/","url_meta":{"origin":14425,"position":4},"title":"Excluyen a ni\u00f1os jornaleros de programa del DIF","author":"grieta","date":"15 julio, 2014","format":false,"excerpt":"Alejandra L\u00f3pez | ntrzacatecas.com Fresnillo.- De acuerdo con las reglas de operaci\u00f3n del Programa Trabajo Infantil del DIF, no se contempla beneficiar a los menores jornaleros agr\u00edcolas. Adriana Troncoso, titular de este programa en el DIF municipal, consider\u00f3 que es importante que sean tomados en cuenta, pero no pueden hacerlo,\u2026","rel":"","context":"En &quot;CINTILLO&quot;","block_context":{"text":"CINTILLO","link":"https:\/\/www.grieta.org.mx\/index.php\/category\/cintillo\/"},"img":{"alt_text":"","src":"https:\/\/i0.wp.com\/www.grieta.org.mx\/wp-content\/uploads\/2018\/03\/14524434_1106112876131411_958039263622046936_o.jpg?resize=350%2C200&ssl=1","width":350,"height":200,"srcset":"https:\/\/i0.wp.com\/www.grieta.org.mx\/wp-content\/uploads\/2018\/03\/14524434_1106112876131411_958039263622046936_o.jpg?resize=350%2C200&ssl=1 1x, https:\/\/i0.wp.com\/www.grieta.org.mx\/wp-content\/uploads\/2018\/03\/14524434_1106112876131411_958039263622046936_o.jpg?resize=525%2C300&ssl=1 1.5x, https:\/\/i0.wp.com\/www.grieta.org.mx\/wp-content\/uploads\/2018\/03\/14524434_1106112876131411_958039263622046936_o.jpg?resize=700%2C400&ssl=1 2x"},"classes":[]},{"id":16501,"url":"https:\/\/www.grieta.org.mx\/index.php\/2016\/07\/05\/fallece-otro-nino-jornalero-en-fresnillo\/","url_meta":{"origin":14425,"position":5},"title":"Fallece otro ni\u00f1o jornalero en Fresnillo","author":"grieta","date":"5 julio, 2016","format":false,"excerpt":"STAFF\/NTRZACATECAS.COM Fresnillo.- En menos de una semana se report\u00f3 la muerte de otro hijo de jornalero; el deceso se registr\u00f3 a las 12:03 horas de este domingo sobre la calle G\u00f3mez Far\u00edas, en la comunidad R\u00edo Florido. Los afectados son originarios de Tlalpan, en el Estado de Guerrero; el ni\u00f1o\u2026","rel":"","context":"En &quot;CINTILLO&quot;","block_context":{"text":"CINTILLO","link":"https:\/\/www.grieta.org.mx\/index.php\/category\/cintillo\/"},"img":{"alt_text":"","src":"https:\/\/i0.wp.com\/www.grieta.org.mx\/wp-content\/uploads\/2018\/03\/14524434_1106112876131411_958039263622046936_o.jpg?resize=350%2C200&ssl=1","width":350,"height":200,"srcset":"https:\/\/i0.wp.com\/www.grieta.org.mx\/wp-content\/uploads\/2018\/03\/14524434_1106112876131411_958039263622046936_o.jpg?resize=350%2C200&ssl=1 1x, https:\/\/i0.wp.com\/www.grieta.org.mx\/wp-content\/uploads\/2018\/03\/14524434_1106112876131411_958039263622046936_o.jpg?resize=525%2C300&ssl=1 1.5x, https:\/\/i0.wp.com\/www.grieta.org.mx\/wp-content\/uploads\/2018\/03\/14524434_1106112876131411_958039263622046936_o.jpg?resize=700%2C400&ssl=1 2x"},"classes":[]}],"_links":{"self":[{"href":"https:\/\/www.grieta.org.mx\/index.php\/wp-json\/wp\/v2\/posts\/14425","targetHints":{"allow":["GET"]}}],"collection":[{"href":"https:\/\/www.grieta.org.mx\/index.php\/wp-json\/wp\/v2\/posts"}],"about":[{"href":"https:\/\/www.grieta.org.mx\/index.php\/wp-json\/wp\/v2\/types\/post"}],"author":[{"embeddable":true,"href":"https:\/\/www.grieta.org.mx\/index.php\/wp-json\/wp\/v2\/users\/2"}],"replies":[{"embeddable":true,"href":"https:\/\/www.grieta.org.mx\/index.php\/wp-json\/wp\/v2\/comments?post=14425"}],"version-history":[{"count":1,"href":"https:\/\/www.grieta.org.mx\/index.php\/wp-json\/wp\/v2\/posts\/14425\/revisions"}],"predecessor-version":[{"id":14426,"href":"https:\/\/www.grieta.org.mx\/index.php\/wp-json\/wp\/v2\/posts\/14425\/revisions\/14426"}],"wp:featuredmedia":[{"embeddable":true,"href":"https:\/\/www.grieta.org.mx\/index.php\/wp-json\/wp\/v2\/media\/21928"}],"wp:attachment":[{"href":"https:\/\/www.grieta.org.mx\/index.php\/wp-json\/wp\/v2\/media?parent=14425"}],"wp:term":[{"taxonomy":"category","embeddable":true,"href":"https:\/\/www.grieta.org.mx\/index.php\/wp-json\/wp\/v2\/categories?post=14425"},{"taxonomy":"post_tag","embeddable":true,"href":"https:\/\/www.grieta.org.mx\/index.php\/wp-json\/wp\/v2\/tags?post=14425"}],"curies":[{"name":"wp","href":"https:\/\/api.w.org\/{rel}","templated":true}]}}