{"id":14373,"date":"2016-06-17T17:08:05","date_gmt":"2016-06-17T17:08:05","guid":{"rendered":"http:\/\/www.grieta.org.mx\/?p=14373"},"modified":"2018-07-19T09:48:24","modified_gmt":"2018-07-19T14:48:24","slug":"siemens-y-gamesa-fusionan-negocios-eolicos","status":"publish","type":"post","link":"https:\/\/www.grieta.org.mx\/index.php\/2016\/06\/17\/siemens-y-gamesa-fusionan-negocios-eolicos\/","title":{"rendered":"Siemens y Gamesa fusionan negocios e\u00f3licos"},"content":{"rendered":"<p>17 de junio de 2016<br \/>\nRedacci\u00f3n. <\/p>\n<p>La nueva empresa que resulte de la fusi\u00f3n de ambas empresas tendr\u00e1 69 gigawatts instalados, una cartera de pedidos por 22 mil 497 millones de d\u00f3lares, seg\u00fan un comunicado de Gamesa. <\/p>\n<p>La alemana Siemens firm\u00f3 un acuerdo para fusionar su negocio de generaci\u00f3n e\u00f3lica con la firma espa\u00f1ola energ\u00e9tica Gamesa, la cual se dedica a la fabricaci\u00f3n de turbinas para producir electricidad por medio del aire que se venden en 17 pa\u00edses, incluido M\u00e9xico.<\/p>\n<p>Ambas empresas informaron este viernes que Siemens tendr\u00e1 una participaci\u00f3n de 59 por ciento de la nueva compa\u00f1\u00eda que resulte de la fusi\u00f3n y el resto estar\u00e1 en accionistas de Gamesa.<\/p>\n<p>De esta fusi\u00f3n nacer\u00e1 un grupo e\u00f3lico con 69 gigawatts instalados en todo el mundo, una cartera de pedidos valorada en 22 mil 497 millones de d\u00f3lares, ingresos de 10 mil 461 millones de d\u00f3lares y un flujo operativo (EBITDA por sus siglas en ingl\u00e9s) ajustado de 944 millones de d\u00f3lares. <\/p>\n<p>&#8220;Siemens consolidar\u00e1 en sus cuentas la sociedad resultante, que tendr\u00e1 su domicilio social y oficinas centrales en Espa\u00f1a y seguir\u00e1 cotizada en Espa\u00f1a. El centro de operaciones del negocio onshore estar\u00e1 en Espa\u00f1a, mientras que el del negocio offshore en Hamburgo (Alemania) y Vejle (Dinamarca)&#8221;, seg\u00fan un comunicado de Gamesa. <\/p>\n<p>&#8220;La combinaci\u00f3n de nuestro negocio e\u00f3lico con Gamesa sigue una l\u00f3gica industrial clara y convincente en una industria de crecimiento atractivo. Con esta combinaci\u00f3n de negocios, podemos proporcionar mayor valor a nuestros clientes y accionistas&#8221;, dijo Joe Kaeser, presidente y director general de Siemens AG. <\/p>\n<p>Gamesa proporcionara 65 aerogeneradores para el desarrollo de un parque e\u00f3lico en Zacatecas llamado La Bufa, la cual tendr\u00e1 una capacidad de 130 megawatts.<\/p>\n<p><a href=\"http:\/\/www.elfinanciero.com.mx\/empresas\/siemens-y-gamesa-fusionan-negocios-eolicos.html\" target=\"_blank\">http:\/\/www.elfinanciero.com.mx\/empresas\/siemens-y-gamesa-fusionan-negocios-eolicos.html<\/a><\/p>\n","protected":false},"excerpt":{"rendered":"<p>17 de junio de 2016 Redacci\u00f3n. La nueva empresa que resulte de la fusi\u00f3n de ambas empresas tendr\u00e1 69 gigawatts instalados, una cartera de pedidos por 22 mil 497 millones &hellip; <a href=\"https:\/\/www.grieta.org.mx\/index.php\/2016\/06\/17\/siemens-y-gamesa-fusionan-negocios-eolicos\/\" class=\"more-link\">Leer m\u00e1s<\/a><\/p>\n","protected":false},"author":2,"featured_media":21928,"comment_status":"closed","ping_status":"closed","sticky":false,"template":"","format":"standard","meta":{"ngg_post_thumbnail":0,"_jetpack_newsletter_access":"","_jetpack_dont_email_post_to_subs":false,"_jetpack_newsletter_tier_id":0,"_jetpack_memberships_contains_paywalled_content":false,"_jetpack_memberships_contains_paid_content":false,"footnotes":""},"categories":[80,2,37,1509,76],"tags":[516],"class_list":["post-14373","post","type-post","status-publish","format-standard","has-post-thumbnail","hentry","category-cintillo","category-noticias-nacionales","category-parques-eolicos","category-parques-eolicos-en-zacatecas","category-zacatecas","tag-parques-eolicos","entry"],"jetpack_featured_media_url":"https:\/\/www.grieta.org.mx\/wp-content\/uploads\/2018\/03\/14524434_1106112876131411_958039263622046936_o.jpg","jetpack_sharing_enabled":true,"jetpack_shortlink":"https:\/\/wp.me\/p7ZJR4-3JP","jetpack_likes_enabled":false,"jetpack-related-posts":[{"id":2793,"url":"https:\/\/www.grieta.org.mx\/index.php\/2015\/12\/12\/gamesa-construira-parque-eolico-de-130-mw-en-zacatecas-para-suministrar-energia-a-volkswagen\/","url_meta":{"origin":14373,"position":0},"title":"Gamesa construir\u00e1 parque e\u00f3lico de 130 MW en Zacatecas para suministrar energ\u00eda a Volkswagen","author":"grieta","date":"12 diciembre, 2015","format":false,"excerpt":"Gamesa instalar\u00e1 65 aerogeneradores G114-2.0 MW en el parque de La Bufa situado en el estado de Zacatecas, en el centro de M\u00e9xico. Gamesa, l\u00edder tecnol\u00f3gico global en la industria e\u00f3lica, ha firmado un contrato con los promotores Mexico Power Group y First Reserve para la construcci\u00f3n llave en mano\u2026","rel":"","context":"En &quot;CINTILLO&quot;","block_context":{"text":"CINTILLO","link":"https:\/\/www.grieta.org.mx\/index.php\/category\/cintillo\/"},"img":{"alt_text":"","src":"https:\/\/i0.wp.com\/www.grieta.org.mx\/wp-content\/uploads\/2015\/12\/eolica-3.jpg?resize=350%2C200&ssl=1","width":350,"height":200,"srcset":"https:\/\/i0.wp.com\/www.grieta.org.mx\/wp-content\/uploads\/2015\/12\/eolica-3.jpg?resize=350%2C200&ssl=1 1x, https:\/\/i0.wp.com\/www.grieta.org.mx\/wp-content\/uploads\/2015\/12\/eolica-3.jpg?resize=525%2C300&ssl=1 1.5x"},"classes":[]},{"id":6669,"url":"https:\/\/www.grieta.org.mx\/index.php\/2016\/04\/16\/en-coahuila-proyectan-seis-parques-eolicos\/","url_meta":{"origin":14373,"position":1},"title":"En Coahuila proyectan seis parques e\u00f3licos","author":"grieta","date":"16 abril, 2016","format":false,"excerpt":"14\/04\/16. Coahuila con tres proyectos para generar energ\u00eda E\u00f3lica; dos est\u00e1n avanzados Vanguardia 02\/02\/16. Gamesa instalar\u00e1 aerogeneradores en Coahuila Milenio 19\/11\/15. M\u00e9xico posee condiciones para las energ\u00edas renovables REVE 19\/11\/15. Adem\u00e1s de extraer petr\u00f3leo, ahora Bailleres producir\u00e1 electricidad con energ\u00eda e\u00f3lica La Jornada","rel":"","context":"En &quot;Coahuila&quot;","block_context":{"text":"Coahuila","link":"https:\/\/www.grieta.org.mx\/index.php\/category\/noticias-nacionales\/coahuila\/"},"img":{"alt_text":"","src":"https:\/\/i0.wp.com\/www.grieta.org.mx\/wp-content\/uploads\/2018\/03\/14524434_1106112876131411_958039263622046936_o.jpg?resize=350%2C200&ssl=1","width":350,"height":200,"srcset":"https:\/\/i0.wp.com\/www.grieta.org.mx\/wp-content\/uploads\/2018\/03\/14524434_1106112876131411_958039263622046936_o.jpg?resize=350%2C200&ssl=1 1x, https:\/\/i0.wp.com\/www.grieta.org.mx\/wp-content\/uploads\/2018\/03\/14524434_1106112876131411_958039263622046936_o.jpg?resize=525%2C300&ssl=1 1.5x, https:\/\/i0.wp.com\/www.grieta.org.mx\/wp-content\/uploads\/2018\/03\/14524434_1106112876131411_958039263622046936_o.jpg?resize=700%2C400&ssl=1 2x"},"classes":[]},{"id":2824,"url":"https:\/\/www.grieta.org.mx\/index.php\/2016\/02\/02\/gamesa-instalara-aerogeneradores-en-coahuila\/","url_meta":{"origin":14373,"position":2},"title":"Gamesa instalar\u00e1 aerogeneradores en Coahuila","author":"grieta","date":"2 febrero, 2016","format":false,"excerpt":"De acuerdo al contrato la firma espa\u00f1ola instalar\u00e1 y pondr\u00e1 en marcha 95 aerogeneradores G114-2.1 megavatios en este proyecto. Los trabajos de construcci\u00f3n se prev\u00e9 comiencen en diciembre. Saltillo, Coahuila La espa\u00f1ola Gamesa, especializada en tecnolog\u00eda e\u00f3lica, anunci\u00f3 el cierre de un contrato en M\u00e9xico para el suministro de 200\u2026","rel":"","context":"En &quot;CINTILLO&quot;","block_context":{"text":"CINTILLO","link":"https:\/\/www.grieta.org.mx\/index.php\/category\/cintillo\/"},"img":{"alt_text":"","src":"https:\/\/i0.wp.com\/www.grieta.org.mx\/wp-content\/uploads\/2018\/03\/14524434_1106112876131411_958039263622046936_o.jpg?resize=350%2C200&ssl=1","width":350,"height":200,"srcset":"https:\/\/i0.wp.com\/www.grieta.org.mx\/wp-content\/uploads\/2018\/03\/14524434_1106112876131411_958039263622046936_o.jpg?resize=350%2C200&ssl=1 1x, https:\/\/i0.wp.com\/www.grieta.org.mx\/wp-content\/uploads\/2018\/03\/14524434_1106112876131411_958039263622046936_o.jpg?resize=525%2C300&ssl=1 1.5x, https:\/\/i0.wp.com\/www.grieta.org.mx\/wp-content\/uploads\/2018\/03\/14524434_1106112876131411_958039263622046936_o.jpg?resize=700%2C400&ssl=1 2x"},"classes":[]},{"id":4298,"url":"https:\/\/www.grieta.org.mx\/index.php\/2016\/03\/28\/parques-eolicos-en-tamaulipas-2\/","url_meta":{"origin":14373,"position":3},"title":"Parques e\u00f3licos en Tamaulipas","author":"grieta","date":"28 marzo, 2016","format":false,"excerpt":"27\/04\/16. Registra 60% de avance construcci\u00f3n de parques e\u00f3licos en TamaulipasPosta 28\/02\/16. Parque e\u00f3lico electrificar\u00e1 a supermercados Expreso.press 22\/02\/16. En Tamaulipas funcionar\u00e1n 4 desarrollos e\u00f3licos este a\u00f1o La Regi\u00f3n Tamaulipas 09\/12\/15. Suma Tamaulipas 8 proyectos e\u00f3licos m\u00e1s La verdad Tamaulipas 29\/10\/15. Tamaulipas prepara nueve proyectos e\u00f3licos en el estado Z\u00f3calo\u2026","rel":"","context":"En &quot;Parques E\u00f3licos en Tamaulipas&quot;","block_context":{"text":"Parques E\u00f3licos en Tamaulipas","link":"https:\/\/www.grieta.org.mx\/index.php\/category\/megaproyectos\/parques-eolicos\/parques-eolicos-en-tamaulipas\/"},"img":{"alt_text":"","src":"https:\/\/i0.wp.com\/www.grieta.org.mx\/wp-content\/uploads\/2018\/03\/14524434_1106112876131411_958039263622046936_o.jpg?resize=350%2C200&ssl=1","width":350,"height":200,"srcset":"https:\/\/i0.wp.com\/www.grieta.org.mx\/wp-content\/uploads\/2018\/03\/14524434_1106112876131411_958039263622046936_o.jpg?resize=350%2C200&ssl=1 1x, https:\/\/i0.wp.com\/www.grieta.org.mx\/wp-content\/uploads\/2018\/03\/14524434_1106112876131411_958039263622046936_o.jpg?resize=525%2C300&ssl=1 1.5x, https:\/\/i0.wp.com\/www.grieta.org.mx\/wp-content\/uploads\/2018\/03\/14524434_1106112876131411_958039263622046936_o.jpg?resize=700%2C400&ssl=1 2x"},"classes":[]},{"id":33850,"url":"https:\/\/www.grieta.org.mx\/index.php\/2019\/05\/21\/estudios-demuestran-que-parques-eolicos-aumentan-temperaturas-en-zonas-donde-son-instalados-oaxaca\/","url_meta":{"origin":14373,"position":4},"title":"Estudios demuestran que parques e\u00f3licos aumentan temperaturas en zonas donde son instalados (Oaxaca)","author":"grieta","date":"21 mayo, 2019","format":false,"excerpt":"Avispa Midia. Por Eugenia L\u00f3pez, Las energ\u00edas llamadas renovables han tenido mucho \u00e9xito esos \u00faltimos a\u00f1os. Los parques e\u00f3licos est\u00e1n brotando alrededor del planeta, tanto en la tierra como en los mares. Seg\u00fan el Consejo Global de Energ\u00eda E\u00f3lica (GWEC por sus siglas en ingles), el desarrollo de energ\u00eda e\u00f3lica\u2026","rel":"","context":"En &quot;CINTILLO&quot;","block_context":{"text":"CINTILLO","link":"https:\/\/www.grieta.org.mx\/index.php\/category\/cintillo\/"},"img":{"alt_text":"","src":"https:\/\/i0.wp.com\/www.grieta.org.mx\/wp-content\/uploads\/2018\/03\/14524434_1106112876131411_958039263622046936_o.jpg?resize=350%2C200&ssl=1","width":350,"height":200,"srcset":"https:\/\/i0.wp.com\/www.grieta.org.mx\/wp-content\/uploads\/2018\/03\/14524434_1106112876131411_958039263622046936_o.jpg?resize=350%2C200&ssl=1 1x, https:\/\/i0.wp.com\/www.grieta.org.mx\/wp-content\/uploads\/2018\/03\/14524434_1106112876131411_958039263622046936_o.jpg?resize=525%2C300&ssl=1 1.5x, https:\/\/i0.wp.com\/www.grieta.org.mx\/wp-content\/uploads\/2018\/03\/14524434_1106112876131411_958039263622046936_o.jpg?resize=700%2C400&ssl=1 2x"},"classes":[]},{"id":31571,"url":"https:\/\/www.grieta.org.mx\/index.php\/2019\/04\/01\/y-la-conquista-sigue-detienen-a-10-zapotecas-por-orden-de-empresas-eolicas-iberdrola-y-grupo-mexico-oaxaca\/","url_meta":{"origin":14373,"position":5},"title":"Y la Conquista sigue: detienen a 10 zapotecas por orden de empresas e\u00f3licas Iberdrola y Grupo M\u00e9xico (Oaxaca)","author":"grieta","date":"1 abril, 2019","format":false,"excerpt":"P\u00e1gina 3. Por Diana Manzo y Pedro Mat\u00edas, Mientras AMLO pide que la Corona de Espa\u00f1a pida perd\u00f3n a M\u00e9xico por la conquista aqu\u00ed siguen pisoteando a ind\u00edgenas. OAXACA, Oax. (#pagina3.mx).- Mientras el presidente Andr\u00e9s Manuel L\u00f3pez Obrador pide a la corona espa\u00f1ola perd\u00f3n por los agravios cometidos en la\u2026","rel":"","context":"En &quot;CINTILLO&quot;","block_context":{"text":"CINTILLO","link":"https:\/\/www.grieta.org.mx\/index.php\/category\/cintillo\/"},"img":{"alt_text":"","src":"https:\/\/i0.wp.com\/www.grieta.org.mx\/wp-content\/uploads\/2019\/04\/Iberdrola.jpg?resize=350%2C200&ssl=1","width":350,"height":200,"srcset":"https:\/\/i0.wp.com\/www.grieta.org.mx\/wp-content\/uploads\/2019\/04\/Iberdrola.jpg?resize=350%2C200&ssl=1 1x, https:\/\/i0.wp.com\/www.grieta.org.mx\/wp-content\/uploads\/2019\/04\/Iberdrola.jpg?resize=525%2C300&ssl=1 1.5x, https:\/\/i0.wp.com\/www.grieta.org.mx\/wp-content\/uploads\/2019\/04\/Iberdrola.jpg?resize=700%2C400&ssl=1 2x"},"classes":[]}],"_links":{"self":[{"href":"https:\/\/www.grieta.org.mx\/index.php\/wp-json\/wp\/v2\/posts\/14373","targetHints":{"allow":["GET"]}}],"collection":[{"href":"https:\/\/www.grieta.org.mx\/index.php\/wp-json\/wp\/v2\/posts"}],"about":[{"href":"https:\/\/www.grieta.org.mx\/index.php\/wp-json\/wp\/v2\/types\/post"}],"author":[{"embeddable":true,"href":"https:\/\/www.grieta.org.mx\/index.php\/wp-json\/wp\/v2\/users\/2"}],"replies":[{"embeddable":true,"href":"https:\/\/www.grieta.org.mx\/index.php\/wp-json\/wp\/v2\/comments?post=14373"}],"version-history":[{"count":1,"href":"https:\/\/www.grieta.org.mx\/index.php\/wp-json\/wp\/v2\/posts\/14373\/revisions"}],"predecessor-version":[{"id":14375,"href":"https:\/\/www.grieta.org.mx\/index.php\/wp-json\/wp\/v2\/posts\/14373\/revisions\/14375"}],"wp:featuredmedia":[{"embeddable":true,"href":"https:\/\/www.grieta.org.mx\/index.php\/wp-json\/wp\/v2\/media\/21928"}],"wp:attachment":[{"href":"https:\/\/www.grieta.org.mx\/index.php\/wp-json\/wp\/v2\/media?parent=14373"}],"wp:term":[{"taxonomy":"category","embeddable":true,"href":"https:\/\/www.grieta.org.mx\/index.php\/wp-json\/wp\/v2\/categories?post=14373"},{"taxonomy":"post_tag","embeddable":true,"href":"https:\/\/www.grieta.org.mx\/index.php\/wp-json\/wp\/v2\/tags?post=14373"}],"curies":[{"name":"wp","href":"https:\/\/api.w.org\/{rel}","templated":true}]}}