{"id":14260,"date":"2016-05-30T04:53:18","date_gmt":"2016-05-30T04:53:18","guid":{"rendered":"http:\/\/www.grieta.org.mx\/?p=14260"},"modified":"2018-08-18T02:41:20","modified_gmt":"2018-08-18T07:41:20","slug":"explotacion-infantil-campo-potosino-bajo-la-lupa","status":"publish","type":"post","link":"https:\/\/www.grieta.org.mx\/index.php\/2016\/05\/30\/explotacion-infantil-campo-potosino-bajo-la-lupa\/","title":{"rendered":"Explotaci\u00f3n infantil, campo potosino, bajo la lupa (San Luis Potos\u00ed)"},"content":{"rendered":"<p><img decoding=\"async\" data-attachment-id=\"25639\" data-permalink=\"https:\/\/www.grieta.org.mx\/index.php\/2016\/05\/30\/explotacion-infantil-campo-potosino-bajo-la-lupa\/explotacion-infantil-campo-potosino-bajo-la-lupa-2\/\" data-orig-file=\"https:\/\/www.grieta.org.mx\/wp-content\/uploads\/2016\/05\/Explotaci\u00f3n-infantil-campo-potosino-bajo-la-lupa.jpg\" data-orig-size=\"1600,900\" data-comments-opened=\"0\" data-image-meta=\"{&quot;aperture&quot;:&quot;0&quot;,&quot;credit&quot;:&quot;&quot;,&quot;camera&quot;:&quot;&quot;,&quot;caption&quot;:&quot;&quot;,&quot;created_timestamp&quot;:&quot;0&quot;,&quot;copyright&quot;:&quot;&quot;,&quot;focal_length&quot;:&quot;0&quot;,&quot;iso&quot;:&quot;0&quot;,&quot;shutter_speed&quot;:&quot;0&quot;,&quot;title&quot;:&quot;&quot;,&quot;orientation&quot;:&quot;0&quot;}\" data-image-title=\"Explotaci\u00f3n infantil, campo potosino, bajo la lupa\" data-image-description=\"\" data-image-caption=\"\" data-medium-file=\"https:\/\/www.grieta.org.mx\/wp-content\/uploads\/2016\/05\/Explotaci\u00f3n-infantil-campo-potosino-bajo-la-lupa-300x169.jpg\" data-large-file=\"https:\/\/www.grieta.org.mx\/wp-content\/uploads\/2016\/05\/Explotaci\u00f3n-infantil-campo-potosino-bajo-la-lupa-1024x576.jpg\" src=\"http:\/\/www.grieta.org.mx\/wp-content\/uploads\/2016\/05\/Explotaci\u00f3n-infantil-campo-potosino-bajo-la-lupa.jpg\" alt=\"\" width=\"100%\" class=\"aligncenter size-full wp-image-25639\" srcset=\"https:\/\/www.grieta.org.mx\/wp-content\/uploads\/2016\/05\/Explotaci\u00f3n-infantil-campo-potosino-bajo-la-lupa.jpg 1600w, https:\/\/www.grieta.org.mx\/wp-content\/uploads\/2016\/05\/Explotaci\u00f3n-infantil-campo-potosino-bajo-la-lupa-300x169.jpg 300w, https:\/\/www.grieta.org.mx\/wp-content\/uploads\/2016\/05\/Explotaci\u00f3n-infantil-campo-potosino-bajo-la-lupa-768x432.jpg 768w, https:\/\/www.grieta.org.mx\/wp-content\/uploads\/2016\/05\/Explotaci\u00f3n-infantil-campo-potosino-bajo-la-lupa-1024x576.jpg 1024w, https:\/\/www.grieta.org.mx\/wp-content\/uploads\/2016\/05\/Explotaci\u00f3n-infantil-campo-potosino-bajo-la-lupa-889x500.jpg 889w\" sizes=\"(max-width: 1600px) 100vw, 1600px\" \/><\/p>\n<p>Hugo Lauss\u00edn \/ Plano Informativo<\/p>\n<p>En 2014, tras el fatal accidente ocurrido el 4 de julio sobre el kil\u00f3metro 123 m\u00e1s 800 metros de la carretera 57 M\u00e9xico- Piedras Negras, qued\u00f3 al descubierto que los trabajadores que prestaban sus servicios en la agroindustria potosina, principalmente en invernaderos, no contaban con prestaciones sociales, ni ning\u00fan tipo de protecci\u00f3n legal, lo que representaba que miles de trabajadores del Altiplano y gente que llegaba de las huastecas potosina, veracruzana e hidalguense, as\u00ed como Chiapas y Guerrero, laboraban en condiciones de explotaci\u00f3n.<\/p>\n<p>De entre ese universo de trabajadores maltratados, el porcentaje de menores de edad era de aproximadamente 30 por ciento, lo que provoc\u00f3 un severo golpe medi\u00e1tico a la agroindustria potosina.<\/p>\n<p>A casi dos a\u00f1os de aquel fatal accidente que cobr\u00f3 la vida de tres menores mixtecos, la vigilancia de las dependencias federal y estatal encargadas de supervisar este tipo de trabajos, as\u00ed como las organizaciones de derechos humanos y la propia Comisi\u00f3n Estatal de los Derechos Humanos (CEDH) ha obligado a las agroindustrias potosinas a erradicar el trabajo infantil en sus campos, pero tambi\u00e9n a proporcionar sueldos y todas las prestaciones de ley que corresponden a los trabajadores que desempe\u00f1an estos trabajos.<\/p>\n<p>Cuestionado por Plano Informativo acerca de si este a\u00f1o acompa\u00f1ar\u00e1n a la Secretar\u00eda del Trabajo, la Delegaci\u00f3n y Prodem a la visita a campos agr\u00edcolas para la detecci\u00f3n de trabajo infantil, el titular del organismo, Jorge Vega Arroyo, se\u00f1al\u00f3 que la CEDH tiene dentro del Proyecto Uni\u00f3n Europea la visita a campos agr\u00edcolas.<\/p>\n<p>\u201cYa estamos trabajando, pero adem\u00e1s nos estamos coordinando con la Delegaci\u00f3n Federal del Trabajo pues son ellos quienes otorgan este tipo de permisos.<\/p>\n<p>-\u00bfQu\u00e9 proceder\u00eda contra propietarios de ranchos?<\/p>\n<p>-Quien debe sancionar es la Secretar\u00eda del Trabajo y la delegaci\u00f3n en su caso imponer las sanciones correspondientes porque tiene que ver con un tipo de permisos para llevar ese tipo de actividad agr\u00edcola.<\/p>\n<p>Como se recordar\u00e1, hace casi ya dos a\u00f1os se registr\u00f3 un lamentable accidente que evidenci\u00f3 la explotaci\u00f3n infantil en los campos agr\u00edcolas del estado, con el fatal resultado de tres menores de edad muertos, como consecuencia de la volcadura de una camioneta que transportaba 30 personas dedicadas a la cosecha.<\/p>\n<p>El accidente, en la inmediaci\u00f3n de El Huizache, revel\u00f3 que los fallecidos y heridos ven\u00edan de la comunidad de La Noria, vecino de Guadalc\u00e1zar, cuando el conductor de la camioneta, por el exceso de peso, pierde el control resultando nuestros en el lugar tres menores de edad, y dos m\u00e1s fallecidos durante la atenci\u00f3n hospitalaria, todos ellos ind\u00edgenas mixtecos de Guerrero<\/p>\n<p>Por ello, diversas autoridades tras la tragedia, iniciaron la revisi\u00f3n de la situaci\u00f3n laboral de jornaleros agr\u00edcolas en la zona de Villa de Arista, Guadalc\u00e1zar, Venado, Villa de Guadalupe, Cedral, Vanegas y Estaci\u00f3n Catorce, donde en invernaderos propiedad de empresarios de la zona, as\u00ed como de Nuevo Le\u00f3n, Guadalajara y San Luis Potos\u00ed.<\/p>\n<p>Ah\u00ed, jornaleros de agroindustrias, principalmente invernaderos, son explotados con sueldos m\u00edseros, jornadas extenuantes y sinn\u00famero de humillaciones, denunci\u00f3 en su momento el activista Jes\u00fas Carmona, integrante de Respuesta alternativa AC, organizaci\u00f3n de derechos humanos con m\u00e1s de 14 a\u00f1os de trabajo.<\/p>\n<p>El activista se\u00f1al\u00f3 en aquella ocasi\u00f3n que \u201cdesde septiembre del a\u00f1o pasado se inici\u00f3 el trabajo de verificaci\u00f3n de condiciones laborales y nos hemos percatado que las mismas de los jornaleros agr\u00edcolas tanto locales como los que vienen de fuera, son por decir lo menos, precarias\u201d, se\u00f1al\u00f3.<\/p>\n<p>\u201cNo tienen prestaciones sociales, ning\u00fan tipo de protecci\u00f3n  legal, son una poblaci\u00f3n invisible al tema social en general, estamos hablando de miles de trabajadores de la zona del Altiplano,  pero tambi\u00e9n gente que llega de la Huasteca potosina, de Veracruz, de la Huasteca hidalguense, Chiapas, Guerrero\u201d.<\/p>\n<p>\u201cLlegan a trabajar en zonas de agroindustria, en invernaderos, extensiones tremendas de invernaderos, ah\u00ed hay mas de 60 invernaderos de extensiones enormes en zonas ejidales\u201d.<\/p>\n<p><a href=\"http:\/\/planoinformativo.com\/462207\/explotacion-infantil-campo-potosino-bajo-la-lupa-slp\" rel=\"noopener\" target=\"_blank\">http:\/\/planoinformativo.com\/462207\/explotacion-infantil-campo-potosino-bajo-la-lupa-slp<\/a><\/p>\n","protected":false},"excerpt":{"rendered":"<p>Hugo Lauss\u00edn \/ Plano Informativo En 2014, tras el fatal accidente ocurrido el 4 de julio sobre el kil\u00f3metro 123 m\u00e1s 800 metros de la carretera 57 M\u00e9xico- Piedras Negras, &hellip; <a href=\"https:\/\/www.grieta.org.mx\/index.php\/2016\/05\/30\/explotacion-infantil-campo-potosino-bajo-la-lupa\/\" class=\"more-link\">Leer m\u00e1s<\/a><\/p>\n","protected":false},"author":2,"featured_media":25639,"comment_status":"closed","ping_status":"closed","sticky":false,"template":"","format":"standard","meta":{"ngg_post_thumbnail":0,"_jetpack_newsletter_access":"","_jetpack_dont_email_post_to_subs":false,"_jetpack_newsletter_tier_id":0,"_jetpack_memberships_contains_paywalled_content":false,"_jetpack_memberships_contains_paid_content":false,"footnotes":""},"categories":[80,1350,910,1273,85,1441,2,141,29,83],"tags":[254,1291,204],"class_list":{"0":"post-14260","1":"post","2":"type-post","3":"status-publish","4":"format-standard","5":"has-post-thumbnail","6":"hentry","7":"category-cintillo","8":"category-explotacion-y-abuso-infantil-en-san-luis-potosi","9":"category-explotacion-y-precariedad-laboral","10":"category-explotacion-y-precariedad-laboral-en-san-luis-potosi","11":"category-jornaleros","12":"category-jornaleros-en-san-luis-potosi","13":"category-noticias-nacionales","14":"category-san-luis-potosi","16":"category-temas-nacionales","17":"tag-explotacion-de-menores","18":"tag-explotacion-laboral","19":"tag-jornaleros","20":"entry"},"jetpack_featured_media_url":"https:\/\/www.grieta.org.mx\/wp-content\/uploads\/2016\/05\/Explotaci\u00f3n-infantil-campo-potosino-bajo-la-lupa.jpg","jetpack_sharing_enabled":true,"jetpack_shortlink":"https:\/\/wp.me\/p7ZJR4-3I0","jetpack_likes_enabled":false,"jetpack-related-posts":[{"id":31676,"url":"https:\/\/www.grieta.org.mx\/index.php\/2019\/04\/01\/auge-agricola-en-sl-aumenta-explotacion-de-jornaleros-san-luis-potosi\/","url_meta":{"origin":14260,"position":0},"title":"Auge agr\u00edcola en SL aumenta explotaci\u00f3n de jornaleros (San Luis Potos\u00ed)","author":"grieta","date":"1 abril, 2019","format":false,"excerpt":"Jaime Hern\u00e1ndez \/ Pulso OSC advierte que se mantienen las condiciones deplorables en las que laboran y viven San Luis Potos\u00ed tiene una poblaci\u00f3n flotante de 94 mil 826 jornaleros agr\u00edcolas migrantes, y ha aumentado en los \u00faltimos a\u00f1os debido al incremento de los cultivos agr\u00edcolas en la entidad. Sin\u2026","rel":"","context":"En &quot;CINTILLO&quot;","block_context":{"text":"CINTILLO","link":"https:\/\/www.grieta.org.mx\/index.php\/category\/cintillo\/"},"img":{"alt_text":"","src":"https:\/\/i0.wp.com\/www.grieta.org.mx\/wp-content\/uploads\/2018\/03\/14524434_1106112876131411_958039263622046936_o.jpg?resize=350%2C200&ssl=1","width":350,"height":200,"srcset":"https:\/\/i0.wp.com\/www.grieta.org.mx\/wp-content\/uploads\/2018\/03\/14524434_1106112876131411_958039263622046936_o.jpg?resize=350%2C200&ssl=1 1x, https:\/\/i0.wp.com\/www.grieta.org.mx\/wp-content\/uploads\/2018\/03\/14524434_1106112876131411_958039263622046936_o.jpg?resize=525%2C300&ssl=1 1.5x, https:\/\/i0.wp.com\/www.grieta.org.mx\/wp-content\/uploads\/2018\/03\/14524434_1106112876131411_958039263622046936_o.jpg?resize=700%2C400&ssl=1 2x"},"classes":[]},{"id":37208,"url":"https:\/\/www.grieta.org.mx\/index.php\/2019\/07\/28\/explotan-en-slp-a-94-mil-jornaleros-indigenas-de-guerrero\/","url_meta":{"origin":14260,"position":1},"title":"Explotan en SLP a 94 mil jornaleros ind\u00edgenas de Guerrero","author":"grieta","date":"28 julio, 2019","format":false,"excerpt":"Cristian Morales \/ Quadrat\u00edn SLP SAN LUIS POTOS\u00cd, SLP., 28 de julio de 2019.- En condiciones de explotaci\u00f3n, sin servicios m\u00e9dicos y sumidos en la precariedad, han vivido cerca de 94 mil ind\u00edgenas de la regi\u00f3n Costa-Monta\u00f1a de Guerrero cuando llegan a laborar en cultivos de Cedral, Vanegas, Villa de\u2026","rel":"","context":"En &quot;CINTILLO&quot;","block_context":{"text":"CINTILLO","link":"https:\/\/www.grieta.org.mx\/index.php\/category\/cintillo\/"},"img":{"alt_text":"","src":"https:\/\/i0.wp.com\/www.grieta.org.mx\/wp-content\/uploads\/2019\/07\/campo-mexico-1160x700.jpg?resize=350%2C200&ssl=1","width":350,"height":200,"srcset":"https:\/\/i0.wp.com\/www.grieta.org.mx\/wp-content\/uploads\/2019\/07\/campo-mexico-1160x700.jpg?resize=350%2C200&ssl=1 1x, https:\/\/i0.wp.com\/www.grieta.org.mx\/wp-content\/uploads\/2019\/07\/campo-mexico-1160x700.jpg?resize=525%2C300&ssl=1 1.5x, https:\/\/i0.wp.com\/www.grieta.org.mx\/wp-content\/uploads\/2019\/07\/campo-mexico-1160x700.jpg?resize=700%2C400&ssl=1 2x, https:\/\/i0.wp.com\/www.grieta.org.mx\/wp-content\/uploads\/2019\/07\/campo-mexico-1160x700.jpg?resize=1050%2C600&ssl=1 3x"},"classes":[]},{"id":55014,"url":"https:\/\/www.grieta.org.mx\/index.php\/2020\/11\/12\/trabajadores-del-canal-13-de-san-luis-potosi-estallan-huelga-por-adeudo-salarial\/","url_meta":{"origin":14260,"position":2},"title":"Trabajadores del Canal 13 de San Luis Potos\u00ed estallan huelga por adeudo salarial","author":"grieta","date":"12 noviembre, 2020","format":false,"excerpt":"Felipe C\u00e1rdenas\/El Sol de San Luis 12 noviembre 2020 Luego de 25 a\u00f1os de transmitir ininterrumpidamente la se\u00f1al de televisora potosina Canal 13 se apag\u00f3 debido a un estallamiento de huelga por adeudos salariales a la plantilla laboral. El estallamiento de huelga lo encabez\u00f3 el l\u00edder local del Sitatyr, Diego\u2026","rel":"","context":"En &quot;CINTILLO&quot;","block_context":{"text":"CINTILLO","link":"https:\/\/www.grieta.org.mx\/index.php\/category\/cintillo\/"},"img":{"alt_text":"","src":"https:\/\/i0.wp.com\/www.grieta.org.mx\/wp-content\/uploads\/2020\/11\/El-lider-del-Sitatyr-en-SLP-estallo%CC%81-la-huelga.jpg?resize=350%2C200&ssl=1","width":350,"height":200,"srcset":"https:\/\/i0.wp.com\/www.grieta.org.mx\/wp-content\/uploads\/2020\/11\/El-lider-del-Sitatyr-en-SLP-estallo%CC%81-la-huelga.jpg?resize=350%2C200&ssl=1 1x, https:\/\/i0.wp.com\/www.grieta.org.mx\/wp-content\/uploads\/2020\/11\/El-lider-del-Sitatyr-en-SLP-estallo%CC%81-la-huelga.jpg?resize=525%2C300&ssl=1 1.5x, https:\/\/i0.wp.com\/www.grieta.org.mx\/wp-content\/uploads\/2020\/11\/El-lider-del-Sitatyr-en-SLP-estallo%CC%81-la-huelga.jpg?resize=700%2C400&ssl=1 2x"},"classes":[]},{"id":52336,"url":"https:\/\/www.grieta.org.mx\/index.php\/2020\/08\/01\/san-luis-potosi-entre-los-5-estados-donde-mas-ha-crecido-el-outsourcing-manpower\/","url_meta":{"origin":14260,"position":3},"title":"San Luis Potos\u00ed, entre los 5 estados donde m\u00e1s ha crecido el outsourcing: Manpower","author":"grieta","date":"1 agosto, 2020","format":false,"excerpt":"Nancy LizetHern\u00e1ndez\/El Universal SLP 1 agosto 2020 ManpowerGroup inform\u00f3 que, con base en los resultados del Censo Econ\u00f3mico 2019, San Luis Potos\u00ed se ubic\u00f3 dentro de las cinco entidades donde m\u00e1s ha crecido la contrataci\u00f3n de personal mediante outsourcing, alcanzando un 54% en los sectores de manufactura, servicios y comercio.\u2026","rel":"","context":"En &quot;CINTILLO&quot;","block_context":{"text":"CINTILLO","link":"https:\/\/www.grieta.org.mx\/index.php\/category\/cintillo\/"},"img":{"alt_text":"","src":"https:\/\/i0.wp.com\/www.grieta.org.mx\/wp-content\/uploads\/2020\/08\/outsorcing.png?resize=350%2C200&ssl=1","width":350,"height":200,"srcset":"https:\/\/i0.wp.com\/www.grieta.org.mx\/wp-content\/uploads\/2020\/08\/outsorcing.png?resize=350%2C200&ssl=1 1x, https:\/\/i0.wp.com\/www.grieta.org.mx\/wp-content\/uploads\/2020\/08\/outsorcing.png?resize=525%2C300&ssl=1 1.5x"},"classes":[]},{"id":33100,"url":"https:\/\/www.grieta.org.mx\/index.php\/2019\/05\/02\/trabajadores-del-parque-tangamanga-reclaman-salario-san-luis-potosi\/","url_meta":{"origin":14260,"position":4},"title":"Trabajadores del Parque Tangamanga reclaman salario (San Luis Potos\u00ed)","author":"grieta","date":"2 mayo, 2019","format":false,"excerpt":"Plano Informativo Hay una presunta retenci\u00f3n del salario correspondiente a la segunda quincena del mes de abril y por la falta de seguridad social. San Luis Potos\u00ed, SLP.- Trabajadores de los parques Tangamanga I y II, se manifestaron al exterior del Palacio del Gobierno del Estado, por la presunta retenci\u00f3n\u2026","rel":"","context":"En &quot;CINTILLO&quot;","block_context":{"text":"CINTILLO","link":"https:\/\/www.grieta.org.mx\/index.php\/category\/cintillo\/"},"img":{"alt_text":"","src":"https:\/\/i0.wp.com\/www.grieta.org.mx\/wp-content\/uploads\/2019\/05\/Trabajadores-del-Parque-Tangamanga-reclaman-salario-slp-may.jpg?resize=350%2C200&ssl=1","width":350,"height":200,"srcset":"https:\/\/i0.wp.com\/www.grieta.org.mx\/wp-content\/uploads\/2019\/05\/Trabajadores-del-Parque-Tangamanga-reclaman-salario-slp-may.jpg?resize=350%2C200&ssl=1 1x, https:\/\/i0.wp.com\/www.grieta.org.mx\/wp-content\/uploads\/2019\/05\/Trabajadores-del-Parque-Tangamanga-reclaman-salario-slp-may.jpg?resize=525%2C300&ssl=1 1.5x, https:\/\/i0.wp.com\/www.grieta.org.mx\/wp-content\/uploads\/2019\/05\/Trabajadores-del-Parque-Tangamanga-reclaman-salario-slp-may.jpg?resize=700%2C400&ssl=1 2x, https:\/\/i0.wp.com\/www.grieta.org.mx\/wp-content\/uploads\/2019\/05\/Trabajadores-del-Parque-Tangamanga-reclaman-salario-slp-may.jpg?resize=1050%2C600&ssl=1 3x"},"classes":[]},{"id":29539,"url":"https:\/\/www.grieta.org.mx\/index.php\/2019\/02\/24\/slp-podria-ser-lugar-de-origen-de-personas-en-situacion-de-trata-experta-san-luis-potosi\/","url_meta":{"origin":14260,"position":5},"title":"SLP podr\u00eda ser lugar de origen de personas en situaci\u00f3n de trata: Experta (San Luis Potos\u00ed)","author":"grieta","date":"24 febrero, 2019","format":false,"excerpt":"Roberto Mart\u00ednez \/ Global Media Se\u00f1al\u00f3 que en San Luis Potos\u00ed en 10 a\u00f1os, se han consignado solamente 3 casos de trata de personas La trata de personas ha sido un problema que no se le ha dado la importancia suficiente ni se ha logrado relacionar con la desaparici\u00f3n de\u2026","rel":"","context":"En &quot;CINTILLO&quot;","block_context":{"text":"CINTILLO","link":"https:\/\/www.grieta.org.mx\/index.php\/category\/cintillo\/"},"img":{"alt_text":"","src":"https:\/\/i0.wp.com\/www.grieta.org.mx\/wp-content\/uploads\/2019\/02\/SLP-podr%C3%ADa-ser-lugar-de-origen-de-personas-en-situaci%C3%B3n-de-trata-Experta-slp-feb.jpg?resize=350%2C200&ssl=1","width":350,"height":200,"srcset":"https:\/\/i0.wp.com\/www.grieta.org.mx\/wp-content\/uploads\/2019\/02\/SLP-podr%C3%ADa-ser-lugar-de-origen-de-personas-en-situaci%C3%B3n-de-trata-Experta-slp-feb.jpg?resize=350%2C200&ssl=1 1x, https:\/\/i0.wp.com\/www.grieta.org.mx\/wp-content\/uploads\/2019\/02\/SLP-podr%C3%ADa-ser-lugar-de-origen-de-personas-en-situaci%C3%B3n-de-trata-Experta-slp-feb.jpg?resize=525%2C300&ssl=1 1.5x"},"classes":[]}],"_links":{"self":[{"href":"https:\/\/www.grieta.org.mx\/index.php\/wp-json\/wp\/v2\/posts\/14260","targetHints":{"allow":["GET"]}}],"collection":[{"href":"https:\/\/www.grieta.org.mx\/index.php\/wp-json\/wp\/v2\/posts"}],"about":[{"href":"https:\/\/www.grieta.org.mx\/index.php\/wp-json\/wp\/v2\/types\/post"}],"author":[{"embeddable":true,"href":"https:\/\/www.grieta.org.mx\/index.php\/wp-json\/wp\/v2\/users\/2"}],"replies":[{"embeddable":true,"href":"https:\/\/www.grieta.org.mx\/index.php\/wp-json\/wp\/v2\/comments?post=14260"}],"version-history":[{"count":1,"href":"https:\/\/www.grieta.org.mx\/index.php\/wp-json\/wp\/v2\/posts\/14260\/revisions"}],"predecessor-version":[{"id":25640,"href":"https:\/\/www.grieta.org.mx\/index.php\/wp-json\/wp\/v2\/posts\/14260\/revisions\/25640"}],"wp:featuredmedia":[{"embeddable":true,"href":"https:\/\/www.grieta.org.mx\/index.php\/wp-json\/wp\/v2\/media\/25639"}],"wp:attachment":[{"href":"https:\/\/www.grieta.org.mx\/index.php\/wp-json\/wp\/v2\/media?parent=14260"}],"wp:term":[{"taxonomy":"category","embeddable":true,"href":"https:\/\/www.grieta.org.mx\/index.php\/wp-json\/wp\/v2\/categories?post=14260"},{"taxonomy":"post_tag","embeddable":true,"href":"https:\/\/www.grieta.org.mx\/index.php\/wp-json\/wp\/v2\/tags?post=14260"}],"curies":[{"name":"wp","href":"https:\/\/api.w.org\/{rel}","templated":true}]}}