{"id":14256,"date":"2016-05-29T04:41:42","date_gmt":"2016-05-29T04:41:42","guid":{"rendered":"http:\/\/www.grieta.org.mx\/?p=14256"},"modified":"2016-06-16T04:47:13","modified_gmt":"2016-06-16T04:47:13","slug":"invernaderos-del-altiplano-atraen-miles-de-jornaleros-de-los-pueblos-mas-pobres-del-pais","status":"publish","type":"post","link":"https:\/\/www.grieta.org.mx\/index.php\/2016\/05\/29\/invernaderos-del-altiplano-atraen-miles-de-jornaleros-de-los-pueblos-mas-pobres-del-pais\/","title":{"rendered":"Invernaderos del Altiplano atraen miles de jornaleros de los pueblos m\u00e1s pobres del pa\u00eds"},"content":{"rendered":"<p>Alejandra M\u00e9ndez del Angel<br \/>\nEl Sol de San Luis<\/p>\n<p>Propuestos en la d\u00e9cada de los 80&#8217;s como una alternativa para la producci\u00f3n en el Altiplano Potosino, los invernaderos o la llamada agricultura protegida no tuvo eco durante unos 20 a\u00f1os.<\/p>\n<p>PROPUESTA FALLIDA<\/p>\n<p>T\u00e9cnicos Israelitas tra\u00eddos por el entonces gobernador del estado, Carlos Jonguitud Barrios, hicieron la propuesta de la transferencia tecnol\u00f3gica y se instal\u00f3 un modelo en el ejido San Isidro del municipio de Cedral con financiamiento del Banco Mundial. Al cabo del tiempo, qued\u00f3 en el abandono y los ejidatarios socios, terminaron reparti\u00e9ndose la infraestructura y remat\u00e1ndola al mejor postor.<\/p>\n<p>LOS VISIONARIOS<\/p>\n<p>Llegaron luego inversionistas privados al municipio de Vanegas a impulsar la producci\u00f3n de tomate de exportaci\u00f3n con sistema de agricultura protegida. El \u00e9xito extendi\u00f3 el inter\u00e9s y la inversi\u00f3n entre productores de Cedral, y se instalaron los primeros invernaderos. La gran rentabilidad de este sistema de producci\u00f3n se extendi\u00f3 a los municipios de Cedral, Catorce, Villa de Arista y Guadalc\u00e1zar, demandando una mano de obra que no exist\u00eda o que desde\u00f1aba por lo extenuante de la mano de obra de la regi\u00f3n.<\/p>\n<p>As\u00ed comenz\u00f3 el reclutamiento de mano de obra por parte de enganchadores entre las comunidades ind\u00edgenas m\u00e1s pobres de los estados de Hidalgo, Oaxaca y Veracruz, que trasladaban a los jornaleros, hombres, mujeres y ni\u00f1os, a realizar las diferentes tareas que requiere la producci\u00f3n en ambiente protegido.<\/p>\n<p>HACINAMIENTO<\/p>\n<p>Viv\u00edan en barracas armadas que \u00fanicamente serv\u00edan para cubrirse medianamente del intenso fr\u00edo de las noches de la regi\u00f3n, y al encontrarse adentrados en el semidesierto, pasaban desapercibidos por las autoridades de Salud, del Trabajo y por organismos no gubernamentales de protecci\u00f3n a los derechos humanos.<\/p>\n<p>Hacinados, mal alimentados, expuestos a enfermedades, a los pesticidas, miles de migrantes vivieron as\u00ed por m\u00e1s de una d\u00e9cada. Transportados como ganado en camionetas, de la barraca a los cultivos y viceversa, para alimentarse y dormir, hasta que en el a\u00f1o 2012 ocurri\u00f3 un accidente donde fallecieron varios migrantes del estado de Guerrero al volcar una camioneta.<\/p>\n<p>TRAGEDIA QUE HACE LUZ<\/p>\n<p>El hecho llam\u00f3 la atenci\u00f3n de las autoridades de Derechos Humanos, de la Secretar\u00eda del Trabajo, de la Secretar\u00eda de Salud y la COEPRIS, que intervinieron para iniciar una investigaci\u00f3n que nunca tuvo un resultado final.<\/p>\n<p>Los afectados s\u00f3lo ped\u00edan recursos para regresar a sus lugares de origen para dar sepultura a sus familiares, y as\u00ed se les cumpli\u00f3.<\/p>\n<p>A partir de esa fecha, las dependencias realizan operativos sorpresivos a los lugares de producci\u00f3n agr\u00edcola y esto ha transformado el ambiente laboral de los jornaleros, pero no as\u00ed las cuotas y el ritmo de producci\u00f3n.<\/p>\n<p>LA NUEVA PRODUCCI\u00d3N<\/p>\n<p>Vallarta: unas 200 gentes, San Diego: unas 250 gentes, dos empresas en San Isidro en Cedral, con unos 800 jornaleros, y en Vanegas invernaderos que ocupan unas 100 hect\u00e1reas donde se ocupan unos mil 200 trabajadores.<\/p>\n<p>Los albergues est\u00e1n funcionando en Cedral y Vanegas, llegan por &#8220;cuadrillas&#8221; a realizar diversas actividades y el mayor flujo se registra de los meses de abril hasta finales de octubre y se ocupa el periodo del invierno para preparar las cosechas del siguiente a\u00f1o.<\/p>\n<p>LOS JORNALES<\/p>\n<p>Luego de que se conocieran las condiciones en que viv\u00edan y trabajaban los jornaleros y la intervenci\u00f3n de las autoridades, par\u00f3 el trabajo infantil en los invernaderos, pero a\u00fan hay trabajo en algunas tareas para las mujeres, como es el desyerbe o la pizca del producto.<\/p>\n<p>De acuerdo a informaci\u00f3n proporcionada por el ingeniero agr\u00f3nomo, Refugio Maldonado Manzo, el pago por jornal es de 200 pesos y se establece en base a tareas. Cajas pizcadas, o surcos. As\u00ed, el ingreso depende de la habilidad, porque hay trabajadores que hacen hasta tres jornales en un solo d\u00eda y su ingreso equivale aproximadamente a los 600 pesos.<\/p>\n<p>A\u00d1O CON A\u00d1O CADA VEZ M\u00c1S<\/p>\n<p>La inversi\u00f3n en la agricultura protegida ha convertido al Altiplano en una oportunidad de trabajo para los habitantes de estados y comunidades m\u00e1s pobres, de los que los propios habitantes dicen: &#8220;all\u00e1 no hay nada, aqu\u00ed al menos tenemos qu\u00e9 comer&#8221;.<\/p>\n","protected":false},"excerpt":{"rendered":"<p>Alejandra M\u00e9ndez del Angel El Sol de San Luis Propuestos en la d\u00e9cada de los 80&#8217;s como una alternativa para la producci\u00f3n en el Altiplano Potosino, los invernaderos o la &hellip; <a href=\"https:\/\/www.grieta.org.mx\/index.php\/2016\/05\/29\/invernaderos-del-altiplano-atraen-miles-de-jornaleros-de-los-pueblos-mas-pobres-del-pais\/\" class=\"more-link\">Leer m\u00e1s<\/a><\/p>\n","protected":false},"author":2,"featured_media":21928,"comment_status":"closed","ping_status":"closed","sticky":false,"template":"","format":"standard","meta":{"ngg_post_thumbnail":0,"_jetpack_newsletter_access":"","_jetpack_dont_email_post_to_subs":false,"_jetpack_newsletter_tier_id":0,"_jetpack_memberships_contains_paywalled_content":false,"_jetpack_memberships_contains_paid_content":false,"footnotes":""},"categories":[80,141],"tags":[195,204],"class_list":["post-14256","post","type-post","status-publish","format-standard","has-post-thumbnail","hentry","category-cintillo","category-san-luis-potosi","tag-explotacion","tag-jornaleros","entry"],"jetpack_featured_media_url":"https:\/\/www.grieta.org.mx\/wp-content\/uploads\/2018\/03\/14524434_1106112876131411_958039263622046936_o.jpg","jetpack_sharing_enabled":true,"jetpack_shortlink":"https:\/\/wp.me\/p7ZJR4-3HW","jetpack_likes_enabled":false,"jetpack-related-posts":[{"id":14254,"url":"https:\/\/www.grieta.org.mx\/index.php\/2016\/08\/20\/jornaleros-en-san-luis-potosi\/","url_meta":{"origin":14256,"position":0},"title":"Jornaleros en San Luis Potos\u00ed","author":"grieta","date":"20 agosto, 2016","format":false,"excerpt":"20\/08\/16. Bloquean supercarretera Trabajadores de invernadero de Villa Ju\u00e1rez exigen pago de su salario, SLPEl Mexicano 29\/05\/16. Invernaderos del Altiplano atraen miles de jornaleros de los pueblos m\u00e1s pobres del pa\u00edsEl Sol de San Luis","rel":"","context":"En &quot;San Luis Potos\u00ed&quot;","block_context":{"text":"San Luis Potos\u00ed","link":"https:\/\/www.grieta.org.mx\/index.php\/category\/noticias-nacionales\/san-luis-potosi\/"},"img":{"alt_text":"","src":"https:\/\/i0.wp.com\/www.grieta.org.mx\/wp-content\/uploads\/2018\/03\/14524434_1106112876131411_958039263622046936_o.jpg?resize=350%2C200&ssl=1","width":350,"height":200,"srcset":"https:\/\/i0.wp.com\/www.grieta.org.mx\/wp-content\/uploads\/2018\/03\/14524434_1106112876131411_958039263622046936_o.jpg?resize=350%2C200&ssl=1 1x, https:\/\/i0.wp.com\/www.grieta.org.mx\/wp-content\/uploads\/2018\/03\/14524434_1106112876131411_958039263622046936_o.jpg?resize=525%2C300&ssl=1 1.5x, https:\/\/i0.wp.com\/www.grieta.org.mx\/wp-content\/uploads\/2018\/03\/14524434_1106112876131411_958039263622046936_o.jpg?resize=700%2C400&ssl=1 2x"},"classes":[]},{"id":14260,"url":"https:\/\/www.grieta.org.mx\/index.php\/2016\/05\/30\/explotacion-infantil-campo-potosino-bajo-la-lupa\/","url_meta":{"origin":14256,"position":1},"title":"Explotaci\u00f3n infantil, campo potosino, bajo la lupa (San Luis Potos\u00ed)","author":"grieta","date":"30 mayo, 2016","format":false,"excerpt":"Hugo Lauss\u00edn \/ Plano Informativo En 2014, tras el fatal accidente ocurrido el 4 de julio sobre el kil\u00f3metro 123 m\u00e1s 800 metros de la carretera 57 M\u00e9xico- Piedras Negras, qued\u00f3 al descubierto que los trabajadores que prestaban sus servicios en la agroindustria potosina, principalmente en invernaderos, no contaban con\u2026","rel":"","context":"En &quot;CINTILLO&quot;","block_context":{"text":"CINTILLO","link":"https:\/\/www.grieta.org.mx\/index.php\/category\/cintillo\/"},"img":{"alt_text":"","src":"https:\/\/i0.wp.com\/www.grieta.org.mx\/wp-content\/uploads\/2016\/05\/Explotaci%C3%B3n-infantil-campo-potosino-bajo-la-lupa.jpg?resize=350%2C200&ssl=1","width":350,"height":200,"srcset":"https:\/\/i0.wp.com\/www.grieta.org.mx\/wp-content\/uploads\/2016\/05\/Explotaci%C3%B3n-infantil-campo-potosino-bajo-la-lupa.jpg?resize=350%2C200&ssl=1 1x, https:\/\/i0.wp.com\/www.grieta.org.mx\/wp-content\/uploads\/2016\/05\/Explotaci%C3%B3n-infantil-campo-potosino-bajo-la-lupa.jpg?resize=525%2C300&ssl=1 1.5x, https:\/\/i0.wp.com\/www.grieta.org.mx\/wp-content\/uploads\/2016\/05\/Explotaci%C3%B3n-infantil-campo-potosino-bajo-la-lupa.jpg?resize=700%2C400&ssl=1 2x, https:\/\/i0.wp.com\/www.grieta.org.mx\/wp-content\/uploads\/2016\/05\/Explotaci%C3%B3n-infantil-campo-potosino-bajo-la-lupa.jpg?resize=1050%2C600&ssl=1 3x, https:\/\/i0.wp.com\/www.grieta.org.mx\/wp-content\/uploads\/2016\/05\/Explotaci%C3%B3n-infantil-campo-potosino-bajo-la-lupa.jpg?resize=1400%2C800&ssl=1 4x"},"classes":[]},{"id":37611,"url":"https:\/\/www.grieta.org.mx\/index.php\/2019\/07\/23\/autoridades-incapaces-de-proteger-a-jornaleros-en-slp-activista\/","url_meta":{"origin":14256,"position":2},"title":"Autoridades, incapaces de proteger a jornaleros en SLP: activista","author":"grieta","date":"23 julio, 2019","format":false,"excerpt":"Ana Dora \/ La Orquesta Los ranchos esquivan las leyes cambiado de nombre cada cierto tiempo, contratando a gente por 90 d\u00edas y negando a los jornaleros salir del lugar Celia Garc\u00eda Valdivieso, representante del Centro de Derechos Humanos Samuel Ruiz Garc\u00eda, indic\u00f3 que el Poder Ejecutivo es quien debe\u2026","rel":"","context":"En &quot;CINTILLO&quot;","block_context":{"text":"CINTILLO","link":"https:\/\/www.grieta.org.mx\/index.php\/category\/cintillo\/"},"img":{"alt_text":"","src":"https:\/\/i0.wp.com\/www.grieta.org.mx\/wp-content\/uploads\/2019\/08\/jornaleros-slp.jpg?resize=350%2C200&ssl=1","width":350,"height":200,"srcset":"https:\/\/i0.wp.com\/www.grieta.org.mx\/wp-content\/uploads\/2019\/08\/jornaleros-slp.jpg?resize=350%2C200&ssl=1 1x, https:\/\/i0.wp.com\/www.grieta.org.mx\/wp-content\/uploads\/2019\/08\/jornaleros-slp.jpg?resize=525%2C300&ssl=1 1.5x, https:\/\/i0.wp.com\/www.grieta.org.mx\/wp-content\/uploads\/2019\/08\/jornaleros-slp.jpg?resize=700%2C400&ssl=1 2x, https:\/\/i0.wp.com\/www.grieta.org.mx\/wp-content\/uploads\/2019\/08\/jornaleros-slp.jpg?resize=1050%2C600&ssl=1 3x"},"classes":[]},{"id":52596,"url":"https:\/\/www.grieta.org.mx\/index.php\/2020\/08\/09\/jornaleros-otomies-denuncian-a-agroempresa-en-san-jose-iturbide-por-abusos-laborales\/","url_meta":{"origin":14256,"position":3},"title":"Jornaleros otom\u00edes denuncian a agroempresa en San Jos\u00e9 Iturbide por abusos laborales (Guanajuato)","author":"grieta","date":"9 agosto, 2020","format":false,"excerpt":"Recibe financiamientos millonarios nacionales e internacionales, pero incumple en pagos de hasta seis semanas a trabajadores ind\u00edgenas Alonso Merino Lubetsky \/POPLAB, 09 de ahosto de 2020 *Con informaci\u00f3n de Francisco Arellano Un grupo de m\u00e1s de 50 jornaleras y jornaleros otom\u00edes (h\u00f1\u00e4h\u00f1u) de la congregaci\u00f3n de Cieneguillas en Tierra Blanca\u2026","rel":"","context":"En &quot;CINTILLO&quot;","block_context":{"text":"CINTILLO","link":"https:\/\/www.grieta.org.mx\/index.php\/category\/cintillo\/"},"img":{"alt_text":"","src":"https:\/\/i0.wp.com\/www.grieta.org.mx\/wp-content\/uploads\/2020\/08\/WhatsApp_Image_2020-08-01_at_10.41.48_PM.jpg?resize=350%2C200&ssl=1","width":350,"height":200,"srcset":"https:\/\/i0.wp.com\/www.grieta.org.mx\/wp-content\/uploads\/2020\/08\/WhatsApp_Image_2020-08-01_at_10.41.48_PM.jpg?resize=350%2C200&ssl=1 1x, https:\/\/i0.wp.com\/www.grieta.org.mx\/wp-content\/uploads\/2020\/08\/WhatsApp_Image_2020-08-01_at_10.41.48_PM.jpg?resize=525%2C300&ssl=1 1.5x, https:\/\/i0.wp.com\/www.grieta.org.mx\/wp-content\/uploads\/2020\/08\/WhatsApp_Image_2020-08-01_at_10.41.48_PM.jpg?resize=700%2C400&ssl=1 2x, https:\/\/i0.wp.com\/www.grieta.org.mx\/wp-content\/uploads\/2020\/08\/WhatsApp_Image_2020-08-01_at_10.41.48_PM.jpg?resize=1050%2C600&ssl=1 3x"},"classes":[]},{"id":31676,"url":"https:\/\/www.grieta.org.mx\/index.php\/2019\/04\/01\/auge-agricola-en-sl-aumenta-explotacion-de-jornaleros-san-luis-potosi\/","url_meta":{"origin":14256,"position":4},"title":"Auge agr\u00edcola en SL aumenta explotaci\u00f3n de jornaleros (San Luis Potos\u00ed)","author":"grieta","date":"1 abril, 2019","format":false,"excerpt":"Jaime Hern\u00e1ndez \/ Pulso OSC advierte que se mantienen las condiciones deplorables en las que laboran y viven San Luis Potos\u00ed tiene una poblaci\u00f3n flotante de 94 mil 826 jornaleros agr\u00edcolas migrantes, y ha aumentado en los \u00faltimos a\u00f1os debido al incremento de los cultivos agr\u00edcolas en la entidad. Sin\u2026","rel":"","context":"En &quot;CINTILLO&quot;","block_context":{"text":"CINTILLO","link":"https:\/\/www.grieta.org.mx\/index.php\/category\/cintillo\/"},"img":{"alt_text":"","src":"https:\/\/i0.wp.com\/www.grieta.org.mx\/wp-content\/uploads\/2018\/03\/14524434_1106112876131411_958039263622046936_o.jpg?resize=350%2C200&ssl=1","width":350,"height":200,"srcset":"https:\/\/i0.wp.com\/www.grieta.org.mx\/wp-content\/uploads\/2018\/03\/14524434_1106112876131411_958039263622046936_o.jpg?resize=350%2C200&ssl=1 1x, https:\/\/i0.wp.com\/www.grieta.org.mx\/wp-content\/uploads\/2018\/03\/14524434_1106112876131411_958039263622046936_o.jpg?resize=525%2C300&ssl=1 1.5x, https:\/\/i0.wp.com\/www.grieta.org.mx\/wp-content\/uploads\/2018\/03\/14524434_1106112876131411_958039263622046936_o.jpg?resize=700%2C400&ssl=1 2x"},"classes":[]},{"id":35767,"url":"https:\/\/www.grieta.org.mx\/index.php\/2019\/07\/01\/exigen-prohibir-uso-de-canones-antigranizo-ultrasonicos-en-slp-san-luis-potosi\/","url_meta":{"origin":14256,"position":5},"title":"Exigen prohibir uso de ca\u00f1ones antigranizo ultras\u00f3nicos en SLP (San Luis Potos\u00ed)","author":"grieta","date":"1 julio, 2019","format":false,"excerpt":"El Heraldo SLP Congreso aprob\u00f3 por mayor\u00eda un punto de acuerdo que propone exhortar al gobernador del estado, Juan Manuel Carreras L\u00f3pez, a emitir un decreto Joel Mart\u00ednez Briones, integrante de \u201cTamatsi Colective\u201d, refiri\u00f3 que en d\u00edas pasados el Congreso del Estado aprob\u00f3 por mayor\u00eda un punto de acuerdo que\u2026","rel":"","context":"En &quot;CINTILLO&quot;","block_context":{"text":"CINTILLO","link":"https:\/\/www.grieta.org.mx\/index.php\/category\/cintillo\/"},"img":{"alt_text":"","src":"https:\/\/i0.wp.com\/www.grieta.org.mx\/wp-content\/uploads\/2019\/07\/Exigen-prohibir-uso-de-ca%C3%B1ones-antigranizo-ultras%C3%B3nicos-en-SLP-jul-268x300.jpg?resize=350%2C200","width":350,"height":200,"srcset":"https:\/\/i0.wp.com\/www.grieta.org.mx\/wp-content\/uploads\/2019\/07\/Exigen-prohibir-uso-de-ca%C3%B1ones-antigranizo-ultras%C3%B3nicos-en-SLP-jul-268x300.jpg?resize=350%2C200 1x, https:\/\/i0.wp.com\/www.grieta.org.mx\/wp-content\/uploads\/2019\/07\/Exigen-prohibir-uso-de-ca%C3%B1ones-antigranizo-ultras%C3%B3nicos-en-SLP-jul-268x300.jpg?resize=525%2C300 1.5x, https:\/\/i0.wp.com\/www.grieta.org.mx\/wp-content\/uploads\/2019\/07\/Exigen-prohibir-uso-de-ca%C3%B1ones-antigranizo-ultras%C3%B3nicos-en-SLP-jul-268x300.jpg?resize=700%2C400 2x"},"classes":[]}],"_links":{"self":[{"href":"https:\/\/www.grieta.org.mx\/index.php\/wp-json\/wp\/v2\/posts\/14256","targetHints":{"allow":["GET"]}}],"collection":[{"href":"https:\/\/www.grieta.org.mx\/index.php\/wp-json\/wp\/v2\/posts"}],"about":[{"href":"https:\/\/www.grieta.org.mx\/index.php\/wp-json\/wp\/v2\/types\/post"}],"author":[{"embeddable":true,"href":"https:\/\/www.grieta.org.mx\/index.php\/wp-json\/wp\/v2\/users\/2"}],"replies":[{"embeddable":true,"href":"https:\/\/www.grieta.org.mx\/index.php\/wp-json\/wp\/v2\/comments?post=14256"}],"version-history":[{"count":1,"href":"https:\/\/www.grieta.org.mx\/index.php\/wp-json\/wp\/v2\/posts\/14256\/revisions"}],"predecessor-version":[{"id":14257,"href":"https:\/\/www.grieta.org.mx\/index.php\/wp-json\/wp\/v2\/posts\/14256\/revisions\/14257"}],"wp:featuredmedia":[{"embeddable":true,"href":"https:\/\/www.grieta.org.mx\/index.php\/wp-json\/wp\/v2\/media\/21928"}],"wp:attachment":[{"href":"https:\/\/www.grieta.org.mx\/index.php\/wp-json\/wp\/v2\/media?parent=14256"}],"wp:term":[{"taxonomy":"category","embeddable":true,"href":"https:\/\/www.grieta.org.mx\/index.php\/wp-json\/wp\/v2\/categories?post=14256"},{"taxonomy":"post_tag","embeddable":true,"href":"https:\/\/www.grieta.org.mx\/index.php\/wp-json\/wp\/v2\/tags?post=14256"}],"curies":[{"name":"wp","href":"https:\/\/api.w.org\/{rel}","templated":true}]}}