{"id":13967,"date":"2016-06-08T09:47:45","date_gmt":"2016-06-08T09:47:45","guid":{"rendered":"http:\/\/www.grieta.org.mx\/?p=13967"},"modified":"2016-06-10T09:52:28","modified_gmt":"2016-06-10T09:52:28","slug":"siempre-vivos-anuncia-que-reinicia-busqueda-de-fosas-en-chilapa","status":"publish","type":"post","link":"https:\/\/www.grieta.org.mx\/index.php\/2016\/06\/08\/siempre-vivos-anuncia-que-reinicia-busqueda-de-fosas-en-chilapa\/","title":{"rendered":"Siempre Vivos anuncia reinicio de b\u00fasqueda de fosas en Chilapa"},"content":{"rendered":"<p>Bajo Palabra<\/p>\n<p>Alejandro Ortiz<\/p>\n<p>Integrantes del colectivo Siempre Vivos, de familiares de desaparecidos en Chilapa, anunciaron el reinicio de la b\u00fasqueda de fosas clandestinas, a partir del 23 de junio.<\/p>\n<p>La decisi\u00f3n fue tomada luego de reunirse a puerta cerrada con personal del Alto Comisionado de Derechos Humanos de la Organizaci\u00f3n de las Naciones Unidas (ONU) y de la Comisi\u00f3n Nacional de Derechos Humanos (CNDH).<\/p>\n<p>El encuentro se llev\u00f3 a cabo en un sal\u00f3n ubicado a un costado de la catedral del municipio y, a solicitud del personal de la ONU, fue a puerta cerrada.<\/p>\n<p>Durante m\u00e1s de cinco horas, las familias explicaron el motivo de su nacimiento como colectivo, recalcando que en algunos casos saben qui\u00e9nes se llevaron a sus desaparecidos e incluso se tiene indicios  de su paradero.<\/p>\n<p>\u201cHay un hecho que marca el  nivel de violencia en Chilapa: cuando el grupo de criminales, porque eso son, tomaron Chilapa y se llevaron a muchas personas\u201d, expuso el vocero de la organizaci\u00f3n, Jos\u00e9 D\u00edaz Navarro, en referencia a la toma de la cabecera de este municipio por un grupo de hombres armados entre el 9 y el 14 de mayo de 2015.<\/p>\n<p>\u201cNosotros sabemos de qu\u00e9 comunidades son e incluso hay quienes afirman que la gente que se llevaron de aqu\u00ed est\u00e1 obligada a trabajar, pero nadie quiere ir\u201d, critic\u00f3 sobre las autoridades.<\/p>\n<p>Asimismo, explic\u00f3 que en el encuentro el personal presente se limit\u00f3 a recolectar la informaci\u00f3n sobre las desapariciones, as\u00ed como las denuncias por parte del colectivo.<\/p>\n<p>D\u00edaz Navarro Detall\u00f3 que entre las principales denuncias, expusieron m\u00faltiples irregularidades en las investigaciones de desaparici\u00f3n as\u00ed como el clima de violencia que a\u00fan prevalece en la zona de la Monta\u00f1a Baja.<\/p>\n<p>\u201cEl personal de la ONU vino a escuchar los testimonios y analizar la situaci\u00f3n que ahora conocen. Tambi\u00e9n nos dijeron que se le dar\u00e1 prioridad a la desaparici\u00f3n m\u00faltiple de personas entre los d\u00edas 9  y 14 de mayo del a\u00f1o pasado\u201d, revel\u00f3 el vocero.<\/p>\n<p>La reuni\u00f3n estuvo encabezada por Pilar Sanmart\u00edn, oficial de la Unidad de Observaci\u00f3n de la ONU y Juan Carlos S\u00e1nchez Flores, director de la Primera Visitadur\u00eda de la CNDH.<\/p>\n<p>Los familiares reclamaron a las autoridades de justicia de Guerrero que, a casi un mes del hallazgo de los primeros cuerpos en fosas clandestinas en el cerro del Tepehuizco, no se han entregado los resultados forenses para conocer el perfil gen\u00e9tico y descartar o confirmar que se trate de alguno de los familiares que integrantes del colectivo buscan desde el a\u00f1o pasado.<\/p>\n<p>Finalmente, D\u00edaz Navarro confirm\u00f3 que el 23 y 24 de junio retomar\u00e1n la b\u00fasqueda de fosas en Chilapa y buscar\u00e1n explorar al menos dos zonas en las cuales, aseguran, habr\u00e1 m\u00e1s restos humanos.<\/p>\n<p>http:\/\/bajopalabra.com.mx\/familiares-reiniciaran-busqueda-de-fosas-en-chilapa#.V1qFP6I5SC4<\/p>\n","protected":false},"excerpt":{"rendered":"<p>Bajo Palabra Alejandro Ortiz Integrantes del colectivo Siempre Vivos, de familiares de desaparecidos en Chilapa, anunciaron el reinicio de la b\u00fasqueda de fosas clandestinas, a partir del 23 de junio. &hellip; <a href=\"https:\/\/www.grieta.org.mx\/index.php\/2016\/06\/08\/siempre-vivos-anuncia-que-reinicia-busqueda-de-fosas-en-chilapa\/\" class=\"more-link\">Leer m\u00e1s<\/a><\/p>\n","protected":false},"author":2,"featured_media":21928,"comment_status":"closed","ping_status":"closed","sticky":false,"template":"","format":"standard","meta":{"ngg_post_thumbnail":0,"_jetpack_newsletter_access":"","_jetpack_dont_email_post_to_subs":false,"_jetpack_newsletter_tier_id":0,"_jetpack_memberships_contains_paywalled_content":false,"_jetpack_memberships_contains_paid_content":false,"footnotes":""},"categories":[80],"tags":[568,121,669],"class_list":["post-13967","post","type-post","status-publish","format-standard","has-post-thumbnail","hentry","category-cintillo","tag-chilapa","tag-desaparecidos","tag-grupos-armados","entry"],"jetpack_featured_media_url":"https:\/\/www.grieta.org.mx\/wp-content\/uploads\/2018\/03\/14524434_1106112876131411_958039263622046936_o.jpg","jetpack_sharing_enabled":true,"jetpack_shortlink":"https:\/\/wp.me\/p7ZJR4-3Dh","jetpack_likes_enabled":false,"jetpack-related-posts":[{"id":12564,"url":"https:\/\/www.grieta.org.mx\/index.php\/2016\/06\/08\/los-desaparecidos-de-chilapa\/","url_meta":{"origin":13967,"position":0},"title":"Desaparecidos Guerrero","author":"grieta","date":"8 junio, 2016","format":false,"excerpt":"Desaparecidos de Chilapa 08\/06\/16. Siempre Vivos anuncia reinicio de b\u00fasqueda de fosas en Chilapa Bajo Palabra 26\/05\/16. Nadie detiene a Ardillos y Rojos, que tienen postrada Chilapa Proceso 20\/05\/16. Colectivo Siempre Vivos de Chilapa extender\u00e1 b\u00fasqueda de fosas El Faro 15\/05\/16. Chilapa huele a miedo y corrupci\u00f3n, Los Otros Desaparecidos\u2026","rel":"","context":"En &quot;Desaparecidos&quot;","block_context":{"text":"Desaparecidos","link":"https:\/\/www.grieta.org.mx\/index.php\/category\/temas-nacionales\/desaparecidos\/"},"img":{"alt_text":"","src":"https:\/\/i0.wp.com\/www.grieta.org.mx\/wp-content\/uploads\/2018\/03\/14524434_1106112876131411_958039263622046936_o.jpg?resize=350%2C200&ssl=1","width":350,"height":200,"srcset":"https:\/\/i0.wp.com\/www.grieta.org.mx\/wp-content\/uploads\/2018\/03\/14524434_1106112876131411_958039263622046936_o.jpg?resize=350%2C200&ssl=1 1x, https:\/\/i0.wp.com\/www.grieta.org.mx\/wp-content\/uploads\/2018\/03\/14524434_1106112876131411_958039263622046936_o.jpg?resize=525%2C300&ssl=1 1.5x, https:\/\/i0.wp.com\/www.grieta.org.mx\/wp-content\/uploads\/2018\/03\/14524434_1106112876131411_958039263622046936_o.jpg?resize=700%2C400&ssl=1 2x"},"classes":[]},{"id":12705,"url":"https:\/\/www.grieta.org.mx\/index.php\/2016\/05\/12\/comite-siempre-vivos-halla-dos-fosas-con-restos-humanos-en-chilapa\/","url_meta":{"origin":13967,"position":1},"title":"Comit\u00e9 \u201cSiempre vivos\u201d halla dos fosas con restos humanos en Chilapa","author":"grieta","date":"12 mayo, 2016","format":false,"excerpt":"Proceso Ezequiel Flores Contreras Ciudad de M\u00e9xico (Apro). Organizaci\u00f3n Siempre vivos descubrieron dos fosas clandestinas con restos humanos en el predio denominado Loma Larga, ubicado en el camino que conduce al poblado de Tepehuixco, municipio de Chilapa. El hecho ocurri\u00f3 este mediod\u00eda durante las brigadas ciudadanas de b\u00fasqueda de desaparecidos,\u2026","rel":"","context":"En &quot;CINTILLO&quot;","block_context":{"text":"CINTILLO","link":"https:\/\/www.grieta.org.mx\/index.php\/category\/cintillo\/"},"img":{"alt_text":"","src":"https:\/\/i0.wp.com\/www.grieta.org.mx\/wp-content\/uploads\/2018\/03\/14524434_1106112876131411_958039263622046936_o.jpg?resize=350%2C200&ssl=1","width":350,"height":200,"srcset":"https:\/\/i0.wp.com\/www.grieta.org.mx\/wp-content\/uploads\/2018\/03\/14524434_1106112876131411_958039263622046936_o.jpg?resize=350%2C200&ssl=1 1x, https:\/\/i0.wp.com\/www.grieta.org.mx\/wp-content\/uploads\/2018\/03\/14524434_1106112876131411_958039263622046936_o.jpg?resize=525%2C300&ssl=1 1.5x, https:\/\/i0.wp.com\/www.grieta.org.mx\/wp-content\/uploads\/2018\/03\/14524434_1106112876131411_958039263622046936_o.jpg?resize=700%2C400&ssl=1 2x"},"classes":[]},{"id":12734,"url":"https:\/\/www.grieta.org.mx\/index.php\/2016\/05\/20\/colectivo-siempre-vivos-de-chilapa-extendera-busqueda-de-fosas-a-zitlala\/","url_meta":{"origin":13967,"position":2},"title":"Colectivo Siempre Vivos de Chilapa extender\u00e1 b\u00fasqueda de fosas","author":"grieta","date":"20 mayo, 2016","format":false,"excerpt":"El Faro Jonathan Cuevas\/API Chilpancingo. Familiares de personas desaparecidas en Chilapa, informaron que extender\u00e1n su b\u00fasqueda de fosas clandestinas a Zitlala, mientras que en su municipio continuar\u00e1n con la labor para tratar de encontrar ellos mismos a sus seres queridos, lo que no ha hecho el gobierno en muchos a\u00f1os.\u2026","rel":"","context":"En &quot;CINTILLO&quot;","block_context":{"text":"CINTILLO","link":"https:\/\/www.grieta.org.mx\/index.php\/category\/cintillo\/"},"img":{"alt_text":"","src":"https:\/\/i0.wp.com\/www.grieta.org.mx\/wp-content\/uploads\/2018\/03\/14524434_1106112876131411_958039263622046936_o.jpg?resize=350%2C200&ssl=1","width":350,"height":200,"srcset":"https:\/\/i0.wp.com\/www.grieta.org.mx\/wp-content\/uploads\/2018\/03\/14524434_1106112876131411_958039263622046936_o.jpg?resize=350%2C200&ssl=1 1x, https:\/\/i0.wp.com\/www.grieta.org.mx\/wp-content\/uploads\/2018\/03\/14524434_1106112876131411_958039263622046936_o.jpg?resize=525%2C300&ssl=1 1.5x, https:\/\/i0.wp.com\/www.grieta.org.mx\/wp-content\/uploads\/2018\/03\/14524434_1106112876131411_958039263622046936_o.jpg?resize=700%2C400&ssl=1 2x"},"classes":[]},{"id":12727,"url":"https:\/\/www.grieta.org.mx\/index.php\/2016\/05\/15\/chilapa-huele-a-miedo-y-corrupcion-los-otros-desaparecidos\/","url_meta":{"origin":13967,"position":3},"title":"Chilapa huele a miedo y corrupci\u00f3n, Los Otros Desaparecidos","author":"grieta","date":"15 mayo, 2016","format":false,"excerpt":"El Sur Luis Daniel Nava Chilapa. Se van del municipio los integrantes de Los Otros Desaparecidos de Iguala que en dos d\u00edas hallaron dos entierros clandestinos con cuatro cuerpos. \u201cVenimos a exhibir la falta de voluntad del gobierno y su mal trabajo\u201d, se\u00f1ala Mario Vergara Chilapa huele a miedo, a\u2026","rel":"","context":"En &quot;CINTILLO&quot;","block_context":{"text":"CINTILLO","link":"https:\/\/www.grieta.org.mx\/index.php\/category\/cintillo\/"},"img":{"alt_text":"","src":"https:\/\/i0.wp.com\/www.grieta.org.mx\/wp-content\/uploads\/2018\/03\/14524434_1106112876131411_958039263622046936_o.jpg?resize=350%2C200&ssl=1","width":350,"height":200,"srcset":"https:\/\/i0.wp.com\/www.grieta.org.mx\/wp-content\/uploads\/2018\/03\/14524434_1106112876131411_958039263622046936_o.jpg?resize=350%2C200&ssl=1 1x, https:\/\/i0.wp.com\/www.grieta.org.mx\/wp-content\/uploads\/2018\/03\/14524434_1106112876131411_958039263622046936_o.jpg?resize=525%2C300&ssl=1 1.5x, https:\/\/i0.wp.com\/www.grieta.org.mx\/wp-content\/uploads\/2018\/03\/14524434_1106112876131411_958039263622046936_o.jpg?resize=700%2C400&ssl=1 2x"},"classes":[]},{"id":12722,"url":"https:\/\/www.grieta.org.mx\/index.php\/2016\/05\/14\/autoridades-exhuman-cuerpos-de-fosas-clandestinas-de-chilapa\/","url_meta":{"origin":13967,"position":4},"title":"Autoridades exhuman cuerpos de fosas clandestinas de Chilapa","author":"grieta","date":"14 mayo, 2016","format":false,"excerpt":"Proceso Ezequiel Flores Contreras Tepehuixco, Chilapa (apro). Autoridades ministeriales exhumaron cuatro cuerpos de las fosas localizadas ayer por integrantes del Comit\u00e9 Siempre Vivos que buscan a familiares desaparecidos en Chilapa. Posterior a las diligencias realizadas por las autoridades, los exploradores civiles volvieron a recorrer la zona y encontraron fragmentos \u00f3seos,\u2026","rel":"","context":"En &quot;CINTILLO&quot;","block_context":{"text":"CINTILLO","link":"https:\/\/www.grieta.org.mx\/index.php\/category\/cintillo\/"},"img":{"alt_text":"","src":"https:\/\/i0.wp.com\/www.grieta.org.mx\/wp-content\/uploads\/2018\/03\/14524434_1106112876131411_958039263622046936_o.jpg?resize=350%2C200&ssl=1","width":350,"height":200,"srcset":"https:\/\/i0.wp.com\/www.grieta.org.mx\/wp-content\/uploads\/2018\/03\/14524434_1106112876131411_958039263622046936_o.jpg?resize=350%2C200&ssl=1 1x, https:\/\/i0.wp.com\/www.grieta.org.mx\/wp-content\/uploads\/2018\/03\/14524434_1106112876131411_958039263622046936_o.jpg?resize=525%2C300&ssl=1 1.5x, https:\/\/i0.wp.com\/www.grieta.org.mx\/wp-content\/uploads\/2018\/03\/14524434_1106112876131411_958039263622046936_o.jpg?resize=700%2C400&ssl=1 2x"},"classes":[]},{"id":12667,"url":"https:\/\/www.grieta.org.mx\/index.php\/2016\/05\/10\/alistan-la-busqueda-de-cien-desaparecidos-en-la-zona-rural-de-chilapa\/","url_meta":{"origin":13967,"position":5},"title":"Alistan la b\u00fasqueda de cien desaparecidos en la zona rural de Chilapa","author":"grieta","date":"10 mayo, 2016","format":false,"excerpt":"El Faro Redacci\u00f3n Con el respaldo de \u201cLos otros desaparecidos de Iguala\u201d, padres de los 43 y estudiantes de la Normal Rural de Ayotzinapa, el colectivo \u201cSiempre Vivos\u201d, que integran familiares de cien personas no localizadas en Chilapa, se alistan para realizar b\u00fasquedas ciudadanas en las comunidades en que podr\u00edan\u2026","rel":"","context":"En &quot;CINTILLO&quot;","block_context":{"text":"CINTILLO","link":"https:\/\/www.grieta.org.mx\/index.php\/category\/cintillo\/"},"img":{"alt_text":"","src":"https:\/\/i0.wp.com\/www.grieta.org.mx\/wp-content\/uploads\/2018\/03\/14524434_1106112876131411_958039263622046936_o.jpg?resize=350%2C200&ssl=1","width":350,"height":200,"srcset":"https:\/\/i0.wp.com\/www.grieta.org.mx\/wp-content\/uploads\/2018\/03\/14524434_1106112876131411_958039263622046936_o.jpg?resize=350%2C200&ssl=1 1x, https:\/\/i0.wp.com\/www.grieta.org.mx\/wp-content\/uploads\/2018\/03\/14524434_1106112876131411_958039263622046936_o.jpg?resize=525%2C300&ssl=1 1.5x, https:\/\/i0.wp.com\/www.grieta.org.mx\/wp-content\/uploads\/2018\/03\/14524434_1106112876131411_958039263622046936_o.jpg?resize=700%2C400&ssl=1 2x"},"classes":[]}],"_links":{"self":[{"href":"https:\/\/www.grieta.org.mx\/index.php\/wp-json\/wp\/v2\/posts\/13967","targetHints":{"allow":["GET"]}}],"collection":[{"href":"https:\/\/www.grieta.org.mx\/index.php\/wp-json\/wp\/v2\/posts"}],"about":[{"href":"https:\/\/www.grieta.org.mx\/index.php\/wp-json\/wp\/v2\/types\/post"}],"author":[{"embeddable":true,"href":"https:\/\/www.grieta.org.mx\/index.php\/wp-json\/wp\/v2\/users\/2"}],"replies":[{"embeddable":true,"href":"https:\/\/www.grieta.org.mx\/index.php\/wp-json\/wp\/v2\/comments?post=13967"}],"version-history":[{"count":1,"href":"https:\/\/www.grieta.org.mx\/index.php\/wp-json\/wp\/v2\/posts\/13967\/revisions"}],"predecessor-version":[{"id":13969,"href":"https:\/\/www.grieta.org.mx\/index.php\/wp-json\/wp\/v2\/posts\/13967\/revisions\/13969"}],"wp:featuredmedia":[{"embeddable":true,"href":"https:\/\/www.grieta.org.mx\/index.php\/wp-json\/wp\/v2\/media\/21928"}],"wp:attachment":[{"href":"https:\/\/www.grieta.org.mx\/index.php\/wp-json\/wp\/v2\/media?parent=13967"}],"wp:term":[{"taxonomy":"category","embeddable":true,"href":"https:\/\/www.grieta.org.mx\/index.php\/wp-json\/wp\/v2\/categories?post=13967"},{"taxonomy":"post_tag","embeddable":true,"href":"https:\/\/www.grieta.org.mx\/index.php\/wp-json\/wp\/v2\/tags?post=13967"}],"curies":[{"name":"wp","href":"https:\/\/api.w.org\/{rel}","templated":true}]}}