{"id":13958,"date":"2016-06-08T09:28:19","date_gmt":"2016-06-08T09:28:19","guid":{"rendered":"http:\/\/www.grieta.org.mx\/?p=13958"},"modified":"2016-06-10T09:32:34","modified_gmt":"2016-06-10T09:32:34","slug":"secuestran-ninos-de-guerrero-para-cultivar-droga-oit","status":"publish","type":"post","link":"https:\/\/www.grieta.org.mx\/index.php\/2016\/06\/08\/secuestran-ninos-de-guerrero-para-cultivar-droga-oit\/","title":{"rendered":"Secuestran ni\u00f1os de Guerrero para cultivar droga: OIT"},"content":{"rendered":"<p>Bajo Palabra<\/p>\n<p>Luis Jij\u00f3n Le\u00f3n<\/p>\n<p>Chilpancingo.- En la entidad existen 139 mil ni\u00f1os entre cinco y 17 a\u00f1os que trabajan, principalmente en las \u00e1reas rurales; adem\u00e1s, en algunas zonas de la entidad, son secuestrados por grupos de la delincuencia organizada para ser explotados en los cultivos de enervante, seg\u00fan datos de la Organizaci\u00f3n Internacional del Trabajo (OIT) para M\u00e9xico y Cuba.<\/p>\n<p>El diagn\u00f3stico de la OIT revela que en Guerrero, Oaxaca y Chiapas existen 428 mil ni\u00f1os de entre cinco y 17 a\u00f1os que trabajan, desempe\u00f1\u00e1ndose principalmente en actividades agr\u00edcolas.<\/p>\n<p>No obstante, tambi\u00e9n se detectaron formas de trabajo peligroso, as\u00ed como la presencia de trata con fines de explotaci\u00f3n laboral en el comercio ambulante.<\/p>\n<p>Las cifras fueron dadas a conocer por el secretario del Trabajo y Prevenci\u00f3n social, Oscar Ignacio Rangel Miravete durante la segunda sesi\u00f3n de la Comisi\u00f3n Interinstitucional de Prevenci\u00f3n y Erradicaci\u00f3n y del Trabajo Infantil y Protecci\u00f3n de los Adolescentes en Edad Permitida, llevada a cabo en las instalaciones de dicha dependencia estatal.<\/p>\n<p>Sin decir cuales, expuso que la OIT detect\u00f3 que en algunas regiones del estado existen ni\u00f1os que son secuestrados por grupos de la delincuencia organizada para ser explotados en los sembrad\u00edos de enervantes.<\/p>\n<p>El funcionario indic\u00f3 que, durante la 11 Comisi\u00f3n Intersecretarial para la Prevenci\u00f3n y Erradicaci\u00f3n del Trabajo Infantil, realizada hace algunos d\u00edas, Thomas Wissing, director de la OIT para M\u00e9xico y Cuba, present\u00f3 los resultados de un diagn\u00f3stico realizado en esas tres entidades, en las que la tasa promedio de ocupaci\u00f3n infantil est\u00e1 por arriba de la nacional, que se sit\u00faa en 8.7 por ciento, mientras que en estos estados es de m\u00e1s de 10 por ciento.<\/p>\n<p>Indic\u00f3 que el trabajo infantil se presenta principalmente en las zonas ind\u00edgenas de mayor pobreza; \u201chay un enlace perverso entre pobreza y trabajo infantil, es un c\u00edrculo vicioso la pobreza no pobreza trabajo infantil sino el trabajo infantil reproduce la pobreza\u201d, expuso.<\/p>\n<p>Destac\u00f3 que en Chiapas se registraron 165 mil ni\u00f1os y adolescentes que trabajan, lo que equivale a 11 por ciento de la poblaci\u00f3n infantil; en Guerrero, 139 mil, que representan 14 por ciento de los menores; y en Oaxaca, 124 mil, que equivalen al 11.7 por ciento.<\/p>\n<p>En Acapulco, en tanto, se registra un alto \u00edndice de menores que se encuentran trabajando, debido a que por la actividad tur\u00edstica familias ind\u00edgenas emigran al puerto y, al no contar con un empleo, se registra este fen\u00f3meno.<\/p>\n<p>Dijo no tener datos de explotaci\u00f3n sexual en Acapulco, \u201cpero tengo la fundada sospecha de que s\u00ed\u201d se registran, por lo cual han hecho la invitaci\u00f3n a la Fiscal\u00eda General del Estado a que se sume a los trabajos de dicha comisi\u00f3n.<\/p>\n<p>Reconoci\u00f3 que el gobierno del estado no cuenta con cifras de cu\u00e1ntos ni\u00f1os se encuentran trabajando, y que los 139 mil que refiere la OIT desconocen con precisi\u00f3n en qu\u00e9 lugares se encuentren y bajo qu\u00e9 condiciones.<\/p>\n<p>Durante la sesi\u00f3n se acord\u00f3 la creaci\u00f3n de 81 comisiones municipales para Erradicar el Trajo Infantil, las cuales tendr\u00e1n que acudir a las comunidades e investigar las condiciones en las que se encuentran los menores y, en su caso, conocer porque no van a la escuela o en qu\u00e9 est\u00e1n siendo empleados y as\u00ed poder ubicar a los 139 mil ni\u00f1os que refiere la OIT.<\/p>\n<p>En la sesi\u00f3n estuvo presente el delegado de la Secretar\u00eda de Trabajo y Prevenci\u00f3n Social (STPS), Ferm\u00edn Alvarado Arroyo y representantes de diferentes secretar\u00edas del gobierno del estado.<\/p>\n<p>http:\/\/bajopalabra.com.mx\/secuestran-ninos-de-guerrero-para-cultivar-droga-oit#.V1qDp6I5SC6<\/p>\n","protected":false},"excerpt":{"rendered":"<p>Bajo Palabra Luis Jij\u00f3n Le\u00f3n Chilpancingo.- En la entidad existen 139 mil ni\u00f1os entre cinco y 17 a\u00f1os que trabajan, principalmente en las \u00e1reas rurales; adem\u00e1s, en algunas zonas de &hellip; <a href=\"https:\/\/www.grieta.org.mx\/index.php\/2016\/06\/08\/secuestran-ninos-de-guerrero-para-cultivar-droga-oit\/\" class=\"more-link\">Leer m\u00e1s<\/a><\/p>\n","protected":false},"author":2,"featured_media":21928,"comment_status":"closed","ping_status":"closed","sticky":false,"template":"","format":"standard","meta":{"ngg_post_thumbnail":0,"_jetpack_newsletter_access":"","_jetpack_dont_email_post_to_subs":false,"_jetpack_newsletter_tier_id":0,"_jetpack_memberships_contains_paywalled_content":false,"_jetpack_memberships_contains_paid_content":false,"footnotes":""},"categories":[80],"tags":[254,690],"class_list":["post-13958","post","type-post","status-publish","format-standard","has-post-thumbnail","hentry","category-cintillo","tag-explotacion-de-menores","tag-industria-amapola","entry"],"jetpack_featured_media_url":"https:\/\/www.grieta.org.mx\/wp-content\/uploads\/2018\/03\/14524434_1106112876131411_958039263622046936_o.jpg","jetpack_sharing_enabled":true,"jetpack_shortlink":"https:\/\/wp.me\/p7ZJR4-3D8","jetpack_likes_enabled":false,"jetpack-related-posts":[{"id":17534,"url":"https:\/\/www.grieta.org.mx\/index.php\/2016\/06\/12\/a-la-baja-trabajo-infantil-morelos\/","url_meta":{"origin":13958,"position":0},"title":"A la baja trabajo infantil (MORELOS)","author":"grieta","date":"12 junio, 2016","format":false,"excerpt":"Rogelio Ortega, Morelos. CUERNAVACA, MORELOS.- En el marco del D\u00eda Mundial para Erradicar el Trabajo Infantil, en Morelos se muestra un descenso en la ocupaci\u00f3n laboral de ni\u00f1as y ni\u00f1os y se fortalecen las opciones para que, en lugar de tener que trabajar a temprana edad, se tenga la opci\u00f3n\u2026","rel":"","context":"En &quot;CINTILLO&quot;","block_context":{"text":"CINTILLO","link":"https:\/\/www.grieta.org.mx\/index.php\/category\/cintillo\/"},"img":{"alt_text":"","src":"https:\/\/i0.wp.com\/www.grieta.org.mx\/wp-content\/uploads\/2018\/03\/14524434_1106112876131411_958039263622046936_o.jpg?resize=350%2C200&ssl=1","width":350,"height":200,"srcset":"https:\/\/i0.wp.com\/www.grieta.org.mx\/wp-content\/uploads\/2018\/03\/14524434_1106112876131411_958039263622046936_o.jpg?resize=350%2C200&ssl=1 1x, https:\/\/i0.wp.com\/www.grieta.org.mx\/wp-content\/uploads\/2018\/03\/14524434_1106112876131411_958039263622046936_o.jpg?resize=525%2C300&ssl=1 1.5x, https:\/\/i0.wp.com\/www.grieta.org.mx\/wp-content\/uploads\/2018\/03\/14524434_1106112876131411_958039263622046936_o.jpg?resize=700%2C400&ssl=1 2x"},"classes":[]},{"id":16303,"url":"https:\/\/www.grieta.org.mx\/index.php\/2016\/06\/14\/en-guerrero-hay-139-mil-ninas-y-ninos-que-trabajan-revela-inegi\/","url_meta":{"origin":13958,"position":1},"title":"En Guerrero hay 139 mil ni\u00f1as y ni\u00f1os que trabajan, revela Inegi","author":"grieta","date":"14 junio, 2016","format":false,"excerpt":"La tasa es de 19 por cada 100 hombres; para mujeres es de 9 por cada 100 ni\u00f1as, detalla la encuesta ? Entre 2007 y 2013 se reporta disminuci\u00f3n de cerca de 64 mil infantes desempe\u00f1ando alg\u00fan empleo Citlal Giles S\u00e1nchez ( ) Chilpancingo, 11 de junio. En Guerrero hay\u2026","rel":"","context":"En &quot;CINTILLO&quot;","block_context":{"text":"CINTILLO","link":"https:\/\/www.grieta.org.mx\/index.php\/category\/cintillo\/"},"img":{"alt_text":"","src":"https:\/\/i0.wp.com\/www.grieta.org.mx\/wp-content\/uploads\/2018\/03\/14524434_1106112876131411_958039263622046936_o.jpg?resize=350%2C200&ssl=1","width":350,"height":200,"srcset":"https:\/\/i0.wp.com\/www.grieta.org.mx\/wp-content\/uploads\/2018\/03\/14524434_1106112876131411_958039263622046936_o.jpg?resize=350%2C200&ssl=1 1x, https:\/\/i0.wp.com\/www.grieta.org.mx\/wp-content\/uploads\/2018\/03\/14524434_1106112876131411_958039263622046936_o.jpg?resize=525%2C300&ssl=1 1.5x, https:\/\/i0.wp.com\/www.grieta.org.mx\/wp-content\/uploads\/2018\/03\/14524434_1106112876131411_958039263622046936_o.jpg?resize=700%2C400&ssl=1 2x"},"classes":[]},{"id":14527,"url":"https:\/\/www.grieta.org.mx\/index.php\/2016\/06\/01\/hay-medio-millon-de-ninos-trabajadores-en-estados-con-zonas-economicas-especiales\/","url_meta":{"origin":13958,"position":2},"title":"Hay medio mill\u00f3n de ni\u00f1os trabajadores en estados con Zonas Econ\u00f3micas Especiales","author":"Admin","date":"1 junio, 2016","format":false,"excerpt":"Chiapas, Guerrero y Oaxaca registran una tasa de ocupaci\u00f3n infantil que est\u00e1 por arriba de la nacional que es de 8.7%, dijo Thomas Wissing, director de la Oficina para M\u00e9xico y Cuba de la Organizaci\u00f3n Internacional del Trabajo. Zenyazen Flores En M\u00e9xico existen 2.5 millones de ni\u00f1os, ni\u00f1as y adolescentes\u2026","rel":"","context":"En &quot;Zonas Econ\u00f3micas Especiales&quot;","block_context":{"text":"Zonas Econ\u00f3micas Especiales","link":"https:\/\/www.grieta.org.mx\/index.php\/category\/megaproyectos\/zonas-economicas-especiales\/"},"img":{"alt_text":"","src":"https:\/\/i0.wp.com\/www.grieta.org.mx\/wp-content\/uploads\/2018\/03\/14524434_1106112876131411_958039263622046936_o.jpg?resize=350%2C200&ssl=1","width":350,"height":200,"srcset":"https:\/\/i0.wp.com\/www.grieta.org.mx\/wp-content\/uploads\/2018\/03\/14524434_1106112876131411_958039263622046936_o.jpg?resize=350%2C200&ssl=1 1x, https:\/\/i0.wp.com\/www.grieta.org.mx\/wp-content\/uploads\/2018\/03\/14524434_1106112876131411_958039263622046936_o.jpg?resize=525%2C300&ssl=1 1.5x, https:\/\/i0.wp.com\/www.grieta.org.mx\/wp-content\/uploads\/2018\/03\/14524434_1106112876131411_958039263622046936_o.jpg?resize=700%2C400&ssl=1 2x"},"classes":[]},{"id":16289,"url":"https:\/\/www.grieta.org.mx\/index.php\/2016\/07\/08\/explotacion-y-abuso-infantil-en-guerrero\/","url_meta":{"origin":13958,"position":3},"title":"Explotaci\u00f3n y abuso infantil en Guerrero","author":"grieta","date":"8 julio, 2016","format":false,"excerpt":"20\/06\/16. Explotaci\u00f3n laboral infantil en Guerrero Noticieros Televisa 16\/06\/16. Guerrero, segundo lugar en el pa\u00eds en trabajo infantilUnoTV 42535. En Guerrero hay 139 mil ni\u00f1as y ni\u00f1os que trabajan, revela InegiLa Jornada","rel":"","context":"En &quot;Guerrero&quot;","block_context":{"text":"Guerrero","link":"https:\/\/www.grieta.org.mx\/index.php\/category\/noticias-nacionales\/guerrero\/"},"img":{"alt_text":"","src":"https:\/\/i0.wp.com\/www.grieta.org.mx\/wp-content\/uploads\/2018\/03\/14524434_1106112876131411_958039263622046936_o.jpg?resize=350%2C200&ssl=1","width":350,"height":200,"srcset":"https:\/\/i0.wp.com\/www.grieta.org.mx\/wp-content\/uploads\/2018\/03\/14524434_1106112876131411_958039263622046936_o.jpg?resize=350%2C200&ssl=1 1x, https:\/\/i0.wp.com\/www.grieta.org.mx\/wp-content\/uploads\/2018\/03\/14524434_1106112876131411_958039263622046936_o.jpg?resize=525%2C300&ssl=1 1.5x, https:\/\/i0.wp.com\/www.grieta.org.mx\/wp-content\/uploads\/2018\/03\/14524434_1106112876131411_958039263622046936_o.jpg?resize=700%2C400&ssl=1 2x"},"classes":[]},{"id":55760,"url":"https:\/\/www.grieta.org.mx\/index.php\/2020\/12\/06\/hasta-30-mil-menores-de-edad-empezaran-a-trabajar-por-el-impacto-de-la-pandemia\/","url_meta":{"origin":13958,"position":4},"title":"Hasta 30 mil menores de edad empezar\u00e1n a trabajar por el impacto de la pandemia","author":"grieta","date":"6 diciembre, 2020","format":false,"excerpt":"Foto: Cuartoscuro Itxaro Arteta \/ Animal Pol\u00edtico Especialistas se\u00f1alan que el trabajo infantil perpet\u00faa la pobreza de las familias; OIT calcula que 30 mil menores de edad podr\u00edan incorporarse al mercado laboral en M\u00e9xico por la pandemia. El impacto de la pandemia de COVID-19 en la econom\u00eda de M\u00e9xico provocar\u00e1\u2026","rel":"","context":"En &quot;CINTILLO&quot;","block_context":{"text":"CINTILLO","link":"https:\/\/www.grieta.org.mx\/index.php\/category\/cintillo\/"},"img":{"alt_text":"","src":"https:\/\/i0.wp.com\/www.grieta.org.mx\/wp-content\/uploads\/2020\/12\/Hasta-30-mil-menores-de-edad-empezaran-a-trabajar-por-el-impacto-de-la-pandemia-ninez-dic-2020.jpeg?resize=350%2C200&ssl=1","width":350,"height":200,"srcset":"https:\/\/i0.wp.com\/www.grieta.org.mx\/wp-content\/uploads\/2020\/12\/Hasta-30-mil-menores-de-edad-empezaran-a-trabajar-por-el-impacto-de-la-pandemia-ninez-dic-2020.jpeg?resize=350%2C200&ssl=1 1x, https:\/\/i0.wp.com\/www.grieta.org.mx\/wp-content\/uploads\/2020\/12\/Hasta-30-mil-menores-de-edad-empezaran-a-trabajar-por-el-impacto-de-la-pandemia-ninez-dic-2020.jpeg?resize=525%2C300&ssl=1 1.5x, https:\/\/i0.wp.com\/www.grieta.org.mx\/wp-content\/uploads\/2020\/12\/Hasta-30-mil-menores-de-edad-empezaran-a-trabajar-por-el-impacto-de-la-pandemia-ninez-dic-2020.jpeg?resize=700%2C400&ssl=1 2x, https:\/\/i0.wp.com\/www.grieta.org.mx\/wp-content\/uploads\/2020\/12\/Hasta-30-mil-menores-de-edad-empezaran-a-trabajar-por-el-impacto-de-la-pandemia-ninez-dic-2020.jpeg?resize=1050%2C600&ssl=1 3x, https:\/\/i0.wp.com\/www.grieta.org.mx\/wp-content\/uploads\/2020\/12\/Hasta-30-mil-menores-de-edad-empezaran-a-trabajar-por-el-impacto-de-la-pandemia-ninez-dic-2020.jpeg?resize=1400%2C800&ssl=1 4x"},"classes":[]},{"id":67893,"url":"https:\/\/www.grieta.org.mx\/index.php\/2023\/10\/06\/las-ninas-en-mexico-quienes-mas-trabajo-infantil-realizan-en-condiciones-no-adecuadas\/","url_meta":{"origin":13958,"position":5},"title":"Las ni\u00f1as en M\u00e9xico, quienes m\u00e1s trabajo infantil realizan en condiciones no adecuadas","author":"grieta","date":"6 octubre, 2023","format":false,"excerpt":"Edith Gonz\u00e1lez Cruz \/ Cimac Noticias Ciudad de M\u00e9xico.- Seg\u00fan datos de la segunda\u00a0Encuesta Nacional de Trabajo Infantil\u00a0(ENTI 2022) realizada por el Instituto Nacional de Estad\u00edstica y Geograf\u00eda (Inegi), en colaboraci\u00f3n con la Organizaci\u00f3n Internacional del Trabajo (OIT) y la Secretar\u00eda del Trabajo y Previsi\u00f3n Social (STPS), detallaron que desde\u2026","rel":"","context":"En &quot;CINTILLO&quot;","block_context":{"text":"CINTILLO","link":"https:\/\/www.grieta.org.mx\/index.php\/category\/cintillo\/"},"img":{"alt_text":"","src":"https:\/\/i0.wp.com\/www.grieta.org.mx\/wp-content\/uploads\/2023\/10\/Las-ninas-en-Mexico-quienes-mas-trabajo-infantil-realizan-en-condiciones-no-adecuadas.jpg?resize=350%2C200&ssl=1","width":350,"height":200,"srcset":"https:\/\/i0.wp.com\/www.grieta.org.mx\/wp-content\/uploads\/2023\/10\/Las-ninas-en-Mexico-quienes-mas-trabajo-infantil-realizan-en-condiciones-no-adecuadas.jpg?resize=350%2C200&ssl=1 1x, https:\/\/i0.wp.com\/www.grieta.org.mx\/wp-content\/uploads\/2023\/10\/Las-ninas-en-Mexico-quienes-mas-trabajo-infantil-realizan-en-condiciones-no-adecuadas.jpg?resize=525%2C300&ssl=1 1.5x"},"classes":[]}],"_links":{"self":[{"href":"https:\/\/www.grieta.org.mx\/index.php\/wp-json\/wp\/v2\/posts\/13958","targetHints":{"allow":["GET"]}}],"collection":[{"href":"https:\/\/www.grieta.org.mx\/index.php\/wp-json\/wp\/v2\/posts"}],"about":[{"href":"https:\/\/www.grieta.org.mx\/index.php\/wp-json\/wp\/v2\/types\/post"}],"author":[{"embeddable":true,"href":"https:\/\/www.grieta.org.mx\/index.php\/wp-json\/wp\/v2\/users\/2"}],"replies":[{"embeddable":true,"href":"https:\/\/www.grieta.org.mx\/index.php\/wp-json\/wp\/v2\/comments?post=13958"}],"version-history":[{"count":1,"href":"https:\/\/www.grieta.org.mx\/index.php\/wp-json\/wp\/v2\/posts\/13958\/revisions"}],"predecessor-version":[{"id":13960,"href":"https:\/\/www.grieta.org.mx\/index.php\/wp-json\/wp\/v2\/posts\/13958\/revisions\/13960"}],"wp:featuredmedia":[{"embeddable":true,"href":"https:\/\/www.grieta.org.mx\/index.php\/wp-json\/wp\/v2\/media\/21928"}],"wp:attachment":[{"href":"https:\/\/www.grieta.org.mx\/index.php\/wp-json\/wp\/v2\/media?parent=13958"}],"wp:term":[{"taxonomy":"category","embeddable":true,"href":"https:\/\/www.grieta.org.mx\/index.php\/wp-json\/wp\/v2\/categories?post=13958"},{"taxonomy":"post_tag","embeddable":true,"href":"https:\/\/www.grieta.org.mx\/index.php\/wp-json\/wp\/v2\/tags?post=13958"}],"curies":[{"name":"wp","href":"https:\/\/api.w.org\/{rel}","templated":true}]}}