{"id":1395,"date":"2015-02-11T18:45:47","date_gmt":"2015-02-11T18:45:47","guid":{"rendered":"http:\/\/50.22.11.12\/~grietaor\/?p=1395"},"modified":"2019-01-19T13:31:51","modified_gmt":"2019-01-19T19:31:51","slug":"surge-otro-conflicto-con-minera-ahora-en-ejido-morelos","status":"publish","type":"post","link":"https:\/\/www.grieta.org.mx\/index.php\/2015\/02\/11\/surge-otro-conflicto-con-minera-ahora-en-ejido-morelos\/","title":{"rendered":"Surge otro conflicto con minera, ahora en ejido Morelos"},"content":{"rendered":"<p>NTR Period\u00edsmo Critico<\/p>\n<p>Mi\u00e9rcoles, 11 de febrero de 2015 a las 9:48pm<br \/>\nRenata Avila \/ ntrzacatecas.com Zacatecas.-<\/p>\n<p>Integrantes del ejido de Morelos denunciaron que la minera Madero, propiedad de grupo Pe\u00f1oles, ha incumplido el pliego petitorio que se firm\u00f3 desde hace 16 a\u00f1os.<\/p>\n<p>Anacleto \u00c1lvarez Nava, integrante del ejido, detall\u00f3 que la minuta compromete a la empresa a la generaci\u00f3n de empleos, reubicaci\u00f3n del estadio de b\u00e9isbol, pavimentaci\u00f3n, drenaje y la construcci\u00f3n de una iglesia.<\/p>\n<p>Tras destacar que la compa\u00f1\u00eda tiene mil empleados y s\u00f3lo 38 son de la comunidad Francisco I. Madero, afirm\u00f3 que \u201cel empleo iba a ser para los vecinos, para los ejidatarios y sus hijos y lo que vemos ahorita es que no, somos m\u00ednimamente los que estamos trabajando en ese sentido\u201d.<\/p>\n<p>Adem\u00e1s de la falta de empleos para los j\u00f3venes de la comunidad, expuso que \u201cdespu\u00e9s de 16 a\u00f1os, ni la calle est\u00e1 pavimentada, ni el campo con las normas que ellos dijeron\u201d.<\/p>\n<p>\u201cEstaba el campo de beisbol por donde atravesaba una calle que ellos iban a utilizar, se hizo un convenio que a esa calle la pavimentaban y le pon\u00edan drenaje en su momento y que se cambiaba el campo a otro lado y se iba a circular y poner grava\u201d, detall\u00f3.<\/p>\n<p>Jos\u00e9 Luis Cid Veyna, otro de los inconformes, expuso que la minera no ha respetado los l\u00edmites con los predios del ejido; \u201cla mina nos est\u00e1 invadiendo ya sobre el terreno, nos est\u00e1n envenenado las tierras\u201d.<\/p>\n<p>Sostuvo adem\u00e1s que la empresa no ha tenido el cuidado necesario con el manejo de los qu\u00edmicos que utiliza para la extracci\u00f3n de mineral; \u201cel veneno, como est\u00e1 haciendo mucho aire y como est\u00e1 parejo, todo el veneno nos los riega a las tierras de cultivo\u201d.<\/p>\n<p>Por ello, adelantaron que, de no encontrar una soluci\u00f3n, recurrir\u00e1n a tomar la mina.<\/p>\n<p><a href=\"http:\/\/ntrzacatecas.com\/2015\/02\/11\/surge-otro-conflicto-con-minera-ahora-en-morelos\/\" target=\"_blank\">ntrzacatecas.com\/2015\/02\/11\/surge-otro-conflicto-con-minera-ahora-en-morelos\/<\/a><\/p>\n","protected":false},"excerpt":{"rendered":"<p>NTR Period\u00edsmo Critico Mi\u00e9rcoles, 11 de febrero de 2015 a las 9:48pm Renata Avila \/ ntrzacatecas.com Zacatecas.- Integrantes del ejido de Morelos denunciaron que la minera Madero, propiedad de grupo &hellip; <a href=\"https:\/\/www.grieta.org.mx\/index.php\/2015\/02\/11\/surge-otro-conflicto-con-minera-ahora-en-ejido-morelos\/\" class=\"more-link\">Leer m\u00e1s<\/a><\/p>\n","protected":false},"author":2,"featured_media":21928,"comment_status":"closed","ping_status":"open","sticky":false,"template":"","format":"standard","meta":{"ngg_post_thumbnail":0,"_jetpack_newsletter_access":"","_jetpack_dont_email_post_to_subs":false,"_jetpack_newsletter_tier_id":0,"_jetpack_memberships_contains_paywalled_content":false,"_jetpack_memberships_contains_paid_content":false,"footnotes":""},"categories":[80,1976,1973,910,1109,2,83,139,76],"tags":[109,192],"class_list":{"0":"post-1395","1":"post","2":"type-post","3":"status-publish","4":"format-standard","5":"has-post-thumbnail","6":"hentry","7":"category-cintillo","8":"category-conflicto-minero-en-mina-morelos","9":"category-conflictos-mineros-en-zacatecas","10":"category-explotacion-y-precariedad-laboral","11":"category-explotacion-y-precariedad-laboral-zacatecas","12":"category-noticias-nacionales","13":"category-temas-nacionales","14":"category-zacatecas","16":"tag-mineria","17":"tag-tierra","18":"entry"},"jetpack_featured_media_url":"https:\/\/www.grieta.org.mx\/wp-content\/uploads\/2018\/03\/14524434_1106112876131411_958039263622046936_o.jpg","jetpack_sharing_enabled":true,"jetpack_shortlink":"https:\/\/wp.me\/p7ZJR4-mv","jetpack_likes_enabled":false,"jetpack-related-posts":[{"id":22522,"url":"https:\/\/www.grieta.org.mx\/index.php\/2018\/04\/03\/toman-sindicalizados-la-alcaldia-de-trancoso-zacatecas\/","url_meta":{"origin":1395,"position":0},"title":"Toman sindicalizados la alcald\u00eda de Trancoso (Zacatecas)","author":"grieta","date":"3 abril, 2018","format":false,"excerpt":"Juan Castro\/El Sol de Zacatecas","rel":"","context":"En &quot;CINTILLO&quot;","block_context":{"text":"CINTILLO","link":"https:\/\/www.grieta.org.mx\/index.php\/category\/cintillo\/"},"img":{"alt_text":"","src":"https:\/\/i0.wp.com\/www.grieta.org.mx\/wp-content\/uploads\/2018\/04\/z1.jpg?resize=350%2C200&ssl=1","width":350,"height":200,"srcset":"https:\/\/i0.wp.com\/www.grieta.org.mx\/wp-content\/uploads\/2018\/04\/z1.jpg?resize=350%2C200&ssl=1 1x, https:\/\/i0.wp.com\/www.grieta.org.mx\/wp-content\/uploads\/2018\/04\/z1.jpg?resize=525%2C300&ssl=1 1.5x, https:\/\/i0.wp.com\/www.grieta.org.mx\/wp-content\/uploads\/2018\/04\/z1.jpg?resize=700%2C400&ssl=1 2x"},"classes":[]},{"id":1381,"url":"https:\/\/www.grieta.org.mx\/index.php\/2015\/01\/28\/acuerdan-ejidatarios-de-mazapil-y-minera-penasquito\/","url_meta":{"origin":1395,"position":1},"title":"Acuerdan ejidatarios de Mazapil y minera Pe\u00f1asquito","author":"grieta","date":"28 enero, 2015","format":false,"excerpt":"Escrito por REDACCI\u00d3N 28 Enero 2015 Zacatecas. Habr\u00e1 importantes beneficios para los habitantes de Cedros, afirman La mediaci\u00f3n del secretario General de Gobierno, Jaime Santoyo Castro, contribuy\u00f3 para que las negociaciones entre los ejidatarios de Cedros, Mazapil y minera Pe\u00f1asquito concluyeran con acuerdos que se traducir\u00e1n en importantes beneficios para\u2026","rel":"","context":"En &quot;CINTILLO&quot;","block_context":{"text":"CINTILLO","link":"https:\/\/www.grieta.org.mx\/index.php\/category\/cintillo\/"},"img":{"alt_text":"","src":"https:\/\/i0.wp.com\/www.grieta.org.mx\/wp-content\/uploads\/2018\/03\/14524434_1106112876131411_958039263622046936_o.jpg?resize=350%2C200&ssl=1","width":350,"height":200,"srcset":"https:\/\/i0.wp.com\/www.grieta.org.mx\/wp-content\/uploads\/2018\/03\/14524434_1106112876131411_958039263622046936_o.jpg?resize=350%2C200&ssl=1 1x, https:\/\/i0.wp.com\/www.grieta.org.mx\/wp-content\/uploads\/2018\/03\/14524434_1106112876131411_958039263622046936_o.jpg?resize=525%2C300&ssl=1 1.5x, https:\/\/i0.wp.com\/www.grieta.org.mx\/wp-content\/uploads\/2018\/03\/14524434_1106112876131411_958039263622046936_o.jpg?resize=700%2C400&ssl=1 2x"},"classes":[]},{"id":1385,"url":"https:\/\/www.grieta.org.mx\/index.php\/2015\/03\/18\/buscan-alternativas-de-empleo-en-concha-del-oro\/","url_meta":{"origin":1395,"position":2},"title":"Buscan alternativas de empleo en Concha del Oro","author":"grieta","date":"18 marzo, 2015","format":false,"excerpt":"Zacatecas en Imagen Redacci\u00f3n 18 Mar 2015 CONCEPCI\u00d3N DEL ORO.- El ayuntamiento busca en entidades vecinas inversiones de empresas maquiladoras para paliar el desempleo. El alcalde, Ram\u00f3n Montejano Cepeda, reconoci\u00f3 que ha sido dif\u00edcil recuperar las fuentes de empleo que se perdieron con el cierre de la mina Aranzazu Holding.\u2026","rel":"","context":"En &quot;CINTILLO&quot;","block_context":{"text":"CINTILLO","link":"https:\/\/www.grieta.org.mx\/index.php\/category\/cintillo\/"},"img":{"alt_text":"","src":"https:\/\/i0.wp.com\/www.grieta.org.mx\/wp-content\/uploads\/2018\/03\/14524434_1106112876131411_958039263622046936_o.jpg?resize=350%2C200&ssl=1","width":350,"height":200,"srcset":"https:\/\/i0.wp.com\/www.grieta.org.mx\/wp-content\/uploads\/2018\/03\/14524434_1106112876131411_958039263622046936_o.jpg?resize=350%2C200&ssl=1 1x, https:\/\/i0.wp.com\/www.grieta.org.mx\/wp-content\/uploads\/2018\/03\/14524434_1106112876131411_958039263622046936_o.jpg?resize=525%2C300&ssl=1 1.5x, https:\/\/i0.wp.com\/www.grieta.org.mx\/wp-content\/uploads\/2018\/03\/14524434_1106112876131411_958039263622046936_o.jpg?resize=700%2C400&ssl=1 2x"},"classes":[]},{"id":21868,"url":"https:\/\/www.grieta.org.mx\/index.php\/2017\/05\/24\/sin-solucion-conflicto-en-grupo-modelo-zacatecas\/","url_meta":{"origin":1395,"position":3},"title":"Sin soluci\u00f3n, conflicto en Grupo Modelo (Zacatecas)","author":"grieta","date":"24 mayo, 2017","format":false,"excerpt":"Dante Godoy\/NTR Zacatecas Zacatecas.- Manuel Torres Barrios, l\u00edder de trabajadores despedidos por la empresa Grupo Modelo, explic\u00f3 que las negociaciones no han rendido frutos y el corporativo se niega a dar cabida al pliego petitorio del pretendido sindicato independiente que mantiene un bloqueo al acceso de camiones surtidores de materia\u2026","rel":"","context":"En &quot;CINTILLO&quot;","block_context":{"text":"CINTILLO","link":"https:\/\/www.grieta.org.mx\/index.php\/category\/cintillo\/"},"img":{"alt_text":"","src":"https:\/\/i0.wp.com\/www.grieta.org.mx\/wp-content\/uploads\/2018\/03\/gm1.jpg?resize=350%2C200&ssl=1","width":350,"height":200,"srcset":"https:\/\/i0.wp.com\/www.grieta.org.mx\/wp-content\/uploads\/2018\/03\/gm1.jpg?resize=350%2C200&ssl=1 1x, https:\/\/i0.wp.com\/www.grieta.org.mx\/wp-content\/uploads\/2018\/03\/gm1.jpg?resize=525%2C300&ssl=1 1.5x, https:\/\/i0.wp.com\/www.grieta.org.mx\/wp-content\/uploads\/2018\/03\/gm1.jpg?resize=700%2C400&ssl=1 2x"},"classes":[]},{"id":1400,"url":"https:\/\/www.grieta.org.mx\/index.php\/2015\/03\/18\/buscan-alternativas-de-empleo-en-concha-del-oro-2\/","url_meta":{"origin":1395,"position":4},"title":"Buscan alternativas de empleo en Concha del Oro","author":"grieta","date":"18 marzo, 2015","format":false,"excerpt":"Zacatecas en Imagen Redacci\u00f3n 18 Mar 2015 21:40:03 CONCEPCI\u00d3N DEL ORO.- El ayuntamiento busca en entidades vecinas inversiones de empresas maquiladoras para paliar el desempleo. El alcalde, Ram\u00f3n Montejano Cepeda, reconoci\u00f3 que ha sido dif\u00edcil recuperar las fuentes de empleo que se perdieron con el cierre de la mina Aranzazu\u2026","rel":"","context":"En &quot;CINTILLO&quot;","block_context":{"text":"CINTILLO","link":"https:\/\/www.grieta.org.mx\/index.php\/category\/cintillo\/"},"img":{"alt_text":"","src":"https:\/\/i0.wp.com\/www.grieta.org.mx\/wp-content\/uploads\/2018\/03\/14524434_1106112876131411_958039263622046936_o.jpg?resize=350%2C200&ssl=1","width":350,"height":200,"srcset":"https:\/\/i0.wp.com\/www.grieta.org.mx\/wp-content\/uploads\/2018\/03\/14524434_1106112876131411_958039263622046936_o.jpg?resize=350%2C200&ssl=1 1x, https:\/\/i0.wp.com\/www.grieta.org.mx\/wp-content\/uploads\/2018\/03\/14524434_1106112876131411_958039263622046936_o.jpg?resize=525%2C300&ssl=1 1.5x, https:\/\/i0.wp.com\/www.grieta.org.mx\/wp-content\/uploads\/2018\/03\/14524434_1106112876131411_958039263622046936_o.jpg?resize=700%2C400&ssl=1 2x"},"classes":[]},{"id":29466,"url":"https:\/\/www.grieta.org.mx\/index.php\/2019\/02\/20\/denuncian-despidos-injustificados-zacatecas\/","url_meta":{"origin":1395,"position":5},"title":"Denuncian despidos injustificados (Zacatecas)","author":"grieta","date":"20 febrero, 2019","format":false,"excerpt":"ALEJANDRO CASTA\u00d1EDA | NTRZACATECAS.COM. Zacatecas.- Ex trabajadores del Sistema Nacional del Empleo (SNE) delegaci\u00f3n Zacatecas denunciaron que aproximadamente 40 personas han sido despedidas injustificadamente por la dependencia y 20 m\u00e1s est\u00e1n en riesgo de ser removidos. Rogelio Alv\u00e1rez, quien trabaj\u00f3 durante 22 a\u00f1os en el SNE, asegur\u00f3 que los despidos\u2026","rel":"","context":"En &quot;CINTILLO&quot;","block_context":{"text":"CINTILLO","link":"https:\/\/www.grieta.org.mx\/index.php\/category\/cintillo\/"},"img":{"alt_text":"","src":"https:\/\/i0.wp.com\/www.grieta.org.mx\/wp-content\/uploads\/2019\/02\/whatsapp-image-2019-02-20-at-13.25.25.jpeg?resize=350%2C200&ssl=1","width":350,"height":200,"srcset":"https:\/\/i0.wp.com\/www.grieta.org.mx\/wp-content\/uploads\/2019\/02\/whatsapp-image-2019-02-20-at-13.25.25.jpeg?resize=350%2C200&ssl=1 1x, https:\/\/i0.wp.com\/www.grieta.org.mx\/wp-content\/uploads\/2019\/02\/whatsapp-image-2019-02-20-at-13.25.25.jpeg?resize=525%2C300&ssl=1 1.5x, https:\/\/i0.wp.com\/www.grieta.org.mx\/wp-content\/uploads\/2019\/02\/whatsapp-image-2019-02-20-at-13.25.25.jpeg?resize=700%2C400&ssl=1 2x, https:\/\/i0.wp.com\/www.grieta.org.mx\/wp-content\/uploads\/2019\/02\/whatsapp-image-2019-02-20-at-13.25.25.jpeg?resize=1050%2C600&ssl=1 3x"},"classes":[]}],"_links":{"self":[{"href":"https:\/\/www.grieta.org.mx\/index.php\/wp-json\/wp\/v2\/posts\/1395","targetHints":{"allow":["GET"]}}],"collection":[{"href":"https:\/\/www.grieta.org.mx\/index.php\/wp-json\/wp\/v2\/posts"}],"about":[{"href":"https:\/\/www.grieta.org.mx\/index.php\/wp-json\/wp\/v2\/types\/post"}],"author":[{"embeddable":true,"href":"https:\/\/www.grieta.org.mx\/index.php\/wp-json\/wp\/v2\/users\/2"}],"replies":[{"embeddable":true,"href":"https:\/\/www.grieta.org.mx\/index.php\/wp-json\/wp\/v2\/comments?post=1395"}],"version-history":[{"count":1,"href":"https:\/\/www.grieta.org.mx\/index.php\/wp-json\/wp\/v2\/posts\/1395\/revisions"}],"predecessor-version":[{"id":1396,"href":"https:\/\/www.grieta.org.mx\/index.php\/wp-json\/wp\/v2\/posts\/1395\/revisions\/1396"}],"wp:featuredmedia":[{"embeddable":true,"href":"https:\/\/www.grieta.org.mx\/index.php\/wp-json\/wp\/v2\/media\/21928"}],"wp:attachment":[{"href":"https:\/\/www.grieta.org.mx\/index.php\/wp-json\/wp\/v2\/media?parent=1395"}],"wp:term":[{"taxonomy":"category","embeddable":true,"href":"https:\/\/www.grieta.org.mx\/index.php\/wp-json\/wp\/v2\/categories?post=1395"},{"taxonomy":"post_tag","embeddable":true,"href":"https:\/\/www.grieta.org.mx\/index.php\/wp-json\/wp\/v2\/tags?post=1395"}],"curies":[{"name":"wp","href":"https:\/\/api.w.org\/{rel}","templated":true}]}}