{"id":13855,"date":"2016-06-05T23:19:36","date_gmt":"2016-06-05T23:19:36","guid":{"rendered":"http:\/\/www.grieta.org.mx\/?p=13855"},"modified":"2016-06-08T23:30:46","modified_gmt":"2016-06-08T23:30:46","slug":"fracasa-asamblea-ejidal-en-tocuila-para-vender-la-tierra-para-autopista","status":"publish","type":"post","link":"https:\/\/www.grieta.org.mx\/index.php\/2016\/06\/05\/fracasa-asamblea-ejidal-en-tocuila-para-vender-la-tierra-para-autopista\/","title":{"rendered":"Fracasa asamblea ejidal en Tocuila para vender la tierra para autopista"},"content":{"rendered":"<p>TEXCOCO, M\u00e9x. 5 de junio 2016.-S\u00f3lo 100 ejidatarios de 508 acudieron a la convocatoria de Asamblea para discutir el cambio de suelo en Tocuila, por lo que se suspendi\u00f3 y por el momento no se podr\u00e1n vender las parcelas para la construcci\u00f3n de carreteras para la autopista.<\/p>\n<p>Hay empresas interesadas en la compra de las parcelas para la construcci\u00f3n de la autopista Pir\u00e1mides-Texcoco del Nuevo Aeropuerto internacional de la Ciudad de M\u00e9xico (NAICM).<\/p>\n<p>Los ejidatarios de Tocuila que est\u00e1n en contra del NAICM y el Frente de Pueblos en Defensa de la Tierra (FPDT) de San Salvador Atenco, denunciaron que el presidente del comisariado ejidal, Humberto Elizalde Miranda  sin informaci\u00f3n previa ni consulta, intenta ilegalmente hacer el cambio de uso de suelo de ejidal a dominio pleno de las tierras de a Tocuila, coludido con la empresa Lince concesionaria de la edificaci\u00f3n de la autopista del proyecto aeroportuario.<\/p>\n<p>Asimismo, hicieron un llamado para estar alertas y evitar \u201cel madruguete\u201d, de parte de las autoridades ejidales, que a cambio de \u201cd\u00e1divas\u201d se han convertido promotores del gobierno y del NAICM.<\/p>\n<p>Este domingo desde temprana hora, el presidente del comisariato ejidal, Humberto Elizalde y el grupo de campesinos que est\u00e1n a favor de la venta de tierras, realizaron de \u00faltima hora una convocatoria para llevar a cabo la asamblea en la que planeaban cambiar de \u201cfacto\u201d, el uso de suelo, de las tierras ejidales para asi permitir que se pudieran vender para el proyecto carretero.<\/p>\n<p>En la asamblea se present\u00f3 personal del grupo Lince, quien junto con Cypsa Vise son las concesionarias para la construcci\u00f3n de la autopista. Algunos comuneros denunciaron que las empresas junto con el comisariado est\u00e1n presionando a los ejidatarios para que vendan sus tierras.<\/p>\n<p>Los campesinos de Tocuila,  integrantes del FPDT, que desde el pasado 23 de abril, mantienen un plant\u00f3n en sus tierras y detenidas las obras de construcci\u00f3n de dicha autopista; sostuvieron que es ilegal lo que intenta hacer el comisariado ejidal y lo acusaron de ser instrumento del gobierno federal y de las empresas, adem\u00e1s de traicionar a los ejidatarios y al pueblo.<\/p>\n<p>\u201cNo vamos a dejar que se vendan las tierras para la construcci\u00f3n de la autopista ni para los caminos que requiere el nuevo aeropuerto, p\u00f3ngale el precio que le pongan porque si nosotros dejamos que contin\u00faen con este proyecto van acabar con nuestro pueblo. La empresa ha dicho que somos unos pendejos y va a pasar por encima de nosotros, pero que creen que aqu\u00ed estamos y vamos a mantener nuestra resistencia hasta las \u00faltimas consecuencias y si es posible con nuestra propia sangre porque la defensa de nuestra madre tierra, no tiene precio\u201d, dijeron los comuneros.<\/p>\n<p>El presidente del comisariado ejidal reconoci\u00f3 que la asamblea estaba convocada para aprobar lo relativo a la venta de terrenos de uso com\u00fan para los caminos de la autopista y que se est\u00e0 haciendo de manera legal. \u201cVamos a convocar de nueva cuenta a asamblea, no hemos determinado cuanta extensi\u00f3n de terrenos vamos a vender para los caminos, ya vendimos 8 mil metros de terreno\u201d.<\/p>\n<p>Cabe destacar que actualmente, 27 campesinos de Tocuila que est\u00e1n en contra del NAICM, cuentan con el amparo n\u00f9mero 349-2016-III que les di\u00f2 el Juzgado Noveno de Distrito del Estado de M\u00e8xico para que no sean privados de la posesi\u00f3n de sus parcelas y que las cosas se mantengan en el estado que guardan.<\/p>\n<p>\u00c8sta suspensi\u00f2n provisional impide que las tierras de los ejidatarios puedan ser utilizadas para la construcci\u00f3n de la autopista Pir\u00e1mides-Texcoco.<\/p>\n<p>La autopista prev\u00e9 conectar las Autopistas M\u00e9xico-Piramides y Pe\u00f1\u00f2n Texcoco adem\u00e1s del corredor M\u00e9xico-Tuxpan con el NAICM.<\/p>\n<p>El gobierno federal comenz\u00f3 la construcci\u00f3n de la autopista desde hace casi dos a\u00f1os y en septiembre del 2015 abri\u00f3 a la circulaci\u00f3n el primer tramo de cuatro kil\u00f3metros que une Acolman y Tezoyuca para lo cual utiliz\u00f2 la expropiaci\u00f3n de terrenos y derrib\u00f2 de varias viviendas. Sin embargo a\u00f9n falta por edificarse 13 kil\u00f3metros m\u00e0s los cu\u00e0les se prev\u00e9 atraviesen los ejidos de Tocuila, San Felipe, Santa Cruz de Abajo, la Magdalena, Francisco I Madero, Atenco, Acuexcomac, y Nexquipayac.<\/p>\n<p><a href=\"https:\/\/reporterosenmovimiento.wordpress.com\/2016\/06\/05\/fracasa-asamblea-ejidal-en-tocuila-para-vender-la-tierra-para-autopista\/\" target=\"_blank\">https:\/\/reporterosenmovimiento.wordpress.com\/2016\/06\/05\/fracasa-asamblea-ejidal-en-tocuila-para-vender-la-tierra-para-autopista\/<\/a><\/p>\n","protected":false},"excerpt":{"rendered":"<p>TEXCOCO, M\u00e9x. 5 de junio 2016.-S\u00f3lo 100 ejidatarios de 508 acudieron a la convocatoria de Asamblea para discutir el cambio de suelo en Tocuila, por lo que se suspendi\u00f3 y &hellip; <a href=\"https:\/\/www.grieta.org.mx\/index.php\/2016\/06\/05\/fracasa-asamblea-ejidal-en-tocuila-para-vender-la-tierra-para-autopista\/\" class=\"more-link\">Leer m\u00e1s<\/a><\/p>\n","protected":false},"author":2,"featured_media":21928,"comment_status":"closed","ping_status":"closed","sticky":false,"template":"","format":"standard","meta":{"ngg_post_thumbnail":0,"_jetpack_newsletter_access":"","_jetpack_dont_email_post_to_subs":false,"_jetpack_newsletter_tier_id":0,"_jetpack_memberships_contains_paywalled_content":false,"_jetpack_memberships_contains_paid_content":false,"footnotes":""},"categories":[80],"tags":[143,97,92],"class_list":["post-13855","post","type-post","status-publish","format-standard","has-post-thumbnail","hentry","category-cintillo","tag-aeropuerto-de-la-ciudad-de-mexico","tag-comunicaciones-y-transportes","tag-estado-de-mexico","entry"],"jetpack_featured_media_url":"https:\/\/www.grieta.org.mx\/wp-content\/uploads\/2018\/03\/14524434_1106112876131411_958039263622046936_o.jpg","jetpack_sharing_enabled":true,"jetpack_shortlink":"https:\/\/wp.me\/p7ZJR4-3Bt","jetpack_likes_enabled":false,"jetpack-related-posts":[{"id":20225,"url":"https:\/\/www.grieta.org.mx\/index.php\/2016\/08\/22\/exigen-destituir-al-comisariado-de-tocuila-por-desalojo-contra-fpdt\/","url_meta":{"origin":13855,"position":0},"title":"Exigen destituir al comisariado de Tocuila por desalojo contra FPDT","author":"grieta","date":"22 agosto, 2016","format":false,"excerpt":"Integrantes del Frente de Pueblos en Defensa de la Tierra (FPDT) demandaron la destituci\u00f3n del presidente del comisariado ejidal, Humberto Lizalde, a quien responsabilizan de haber encabezado a un grupo de golpeadores que desalojaron el campamento de campesinos opositores a las obras del nuevo Aeropuerto Internacional de la Ciudad de\u2026","rel":"","context":"En &quot;CINTILLO&quot;","block_context":{"text":"CINTILLO","link":"https:\/\/www.grieta.org.mx\/index.php\/category\/cintillo\/"},"img":{"alt_text":"","src":"https:\/\/i0.wp.com\/www.grieta.org.mx\/wp-content\/uploads\/2018\/03\/14524434_1106112876131411_958039263622046936_o.jpg?resize=350%2C200&ssl=1","width":350,"height":200,"srcset":"https:\/\/i0.wp.com\/www.grieta.org.mx\/wp-content\/uploads\/2018\/03\/14524434_1106112876131411_958039263622046936_o.jpg?resize=350%2C200&ssl=1 1x, https:\/\/i0.wp.com\/www.grieta.org.mx\/wp-content\/uploads\/2018\/03\/14524434_1106112876131411_958039263622046936_o.jpg?resize=525%2C300&ssl=1 1.5x, https:\/\/i0.wp.com\/www.grieta.org.mx\/wp-content\/uploads\/2018\/03\/14524434_1106112876131411_958039263622046936_o.jpg?resize=700%2C400&ssl=1 2x"},"classes":[]},{"id":11323,"url":"https:\/\/www.grieta.org.mx\/index.php\/2016\/04\/23\/ejidatarios-paran-obras-del-naicm-en-atenco\/","url_meta":{"origin":13855,"position":1},"title":"Ejidatarios paran obras del NAICM en Atenco","author":"grieta","date":"23 abril, 2016","format":false,"excerpt":"San Salvador Atenco, M\u00e9x., 23 de abril de 2016.- Integrantes del Frente de Pueblos en Defensa de la Tierra (FPDT) de San Salvador Atenco, pararon las obras de construcci\u00f3n de la Autopista Pir\u00e1mides -Texcoco que forma parte del equipamiento del nuevo Aeropuerto Internacional de la Ciudad de M\u00e9xico y obligaron\u2026","rel":"","context":"En &quot;CINTILLO&quot;","block_context":{"text":"CINTILLO","link":"https:\/\/www.grieta.org.mx\/index.php\/category\/cintillo\/"},"img":{"alt_text":"","src":"https:\/\/i0.wp.com\/www.grieta.org.mx\/wp-content\/uploads\/2018\/03\/14524434_1106112876131411_958039263622046936_o.jpg?resize=350%2C200&ssl=1","width":350,"height":200,"srcset":"https:\/\/i0.wp.com\/www.grieta.org.mx\/wp-content\/uploads\/2018\/03\/14524434_1106112876131411_958039263622046936_o.jpg?resize=350%2C200&ssl=1 1x, https:\/\/i0.wp.com\/www.grieta.org.mx\/wp-content\/uploads\/2018\/03\/14524434_1106112876131411_958039263622046936_o.jpg?resize=525%2C300&ssl=1 1.5x, https:\/\/i0.wp.com\/www.grieta.org.mx\/wp-content\/uploads\/2018\/03\/14524434_1106112876131411_958039263622046936_o.jpg?resize=700%2C400&ssl=1 2x"},"classes":[]},{"id":20038,"url":"https:\/\/www.grieta.org.mx\/index.php\/2016\/08\/19\/golpeadores-agreden-a-pedradas-a-reporteros-en-la-zona-del-conflicto-en-el-ejido-de-tocuila\/","url_meta":{"origin":13855,"position":2},"title":"Grupo de choque desmantela plant\u00f3n de ejidatarios del FPDT en Tocuila","author":"grieta","date":"19 agosto, 2016","format":false,"excerpt":"Marcos Santiago Texcoco, M\u00e9x. Apoyados por un grupo de presuntos golpeadores, personal de la empresas Lince y Cypsa Vise, que pretenden construir la autopista Pir\u00e1mides-Texcoco del Nuevo Aeropuerto Internacional de la Ciudad de M\u00e9xico (NAICM), desmantelaron parte del plant\u00f3n en los ejidos de Tocuila, que mantienen desde abril integrantes del\u2026","rel":"","context":"En &quot;CINTILLO&quot;","block_context":{"text":"CINTILLO","link":"https:\/\/www.grieta.org.mx\/index.php\/category\/cintillo\/"},"img":{"alt_text":"","src":"https:\/\/i0.wp.com\/www.grieta.org.mx\/wp-content\/uploads\/2018\/03\/14524434_1106112876131411_958039263622046936_o.jpg?resize=350%2C200&ssl=1","width":350,"height":200,"srcset":"https:\/\/i0.wp.com\/www.grieta.org.mx\/wp-content\/uploads\/2018\/03\/14524434_1106112876131411_958039263622046936_o.jpg?resize=350%2C200&ssl=1 1x, https:\/\/i0.wp.com\/www.grieta.org.mx\/wp-content\/uploads\/2018\/03\/14524434_1106112876131411_958039263622046936_o.jpg?resize=525%2C300&ssl=1 1.5x, https:\/\/i0.wp.com\/www.grieta.org.mx\/wp-content\/uploads\/2018\/03\/14524434_1106112876131411_958039263622046936_o.jpg?resize=700%2C400&ssl=1 2x"},"classes":[]},{"id":1053,"url":"https:\/\/www.grieta.org.mx\/index.php\/2016\/08\/22\/despojo-de-tierra-por-nuevo-aeropuerto-en-el-edomex\/","url_meta":{"origin":13855,"position":3},"title":"Despojo de tierra por nuevo aeropuerto en el Edomex","author":"grieta","date":"22 agosto, 2016","format":false,"excerpt":"22\/08\/16. Exigen destituir al comisariado de Tocuila por desalojo contra FPDTRegeneraci\u00f3n 19\/08\/16. Grupo de choque desmantela plant\u00f3n de ejidatarios del FPDT en TocuilaReporteros en Movimiento 19\/08\/16. Golpeadores agreden a pedradas a reporteros en la zona del conflicto en el ejido de TocuilaReporteros en Movimiento 19\/08\/16. Agreden golpeadores a ejidatarios en\u2026","rel":"","context":"En &quot;Estado de M\u00e9xico&quot;","block_context":{"text":"Estado de M\u00e9xico","link":"https:\/\/www.grieta.org.mx\/index.php\/category\/noticias-nacionales\/estado-de-mexico\/"},"img":{"alt_text":"","src":"https:\/\/i0.wp.com\/www.grieta.org.mx\/wp-content\/uploads\/2018\/03\/14524434_1106112876131411_958039263622046936_o.jpg?resize=350%2C200&ssl=1","width":350,"height":200,"srcset":"https:\/\/i0.wp.com\/www.grieta.org.mx\/wp-content\/uploads\/2018\/03\/14524434_1106112876131411_958039263622046936_o.jpg?resize=350%2C200&ssl=1 1x, https:\/\/i0.wp.com\/www.grieta.org.mx\/wp-content\/uploads\/2018\/03\/14524434_1106112876131411_958039263622046936_o.jpg?resize=525%2C300&ssl=1 1.5x, https:\/\/i0.wp.com\/www.grieta.org.mx\/wp-content\/uploads\/2018\/03\/14524434_1106112876131411_958039263622046936_o.jpg?resize=700%2C400&ssl=1 2x"},"classes":[]},{"id":14612,"url":"https:\/\/www.grieta.org.mx\/index.php\/2016\/06\/21\/el-gobierno-federal-quiere-apoderarse-de-50-hectareas-para-el-nuevo-aeropuerto\/","url_meta":{"origin":13855,"position":4},"title":"El gobierno federal quiere apoderarse de 50 hect\u00e1reas para el nuevo aeropuerto","author":"grieta","date":"21 junio, 2016","format":false,"excerpt":"San Salvador Atenco, Estado de M\u00e9xico a 21 de junio del 2016.- El gobierno de Enrique Pe\u00f1a Nieto reconoci\u00f3 que le hace falta la adquisici\u00f3n de m\u00e1s de 50 hect\u00e1reas, para poder terminar la obra de la construcci\u00f3n del Nuevo Aeropuerto de la Ciudad de M\u00e9xico. Por lo que intenta\u2026","rel":"","context":"En &quot;CINTILLO&quot;","block_context":{"text":"CINTILLO","link":"https:\/\/www.grieta.org.mx\/index.php\/category\/cintillo\/"},"img":{"alt_text":"","src":"https:\/\/i0.wp.com\/www.grieta.org.mx\/wp-content\/uploads\/2018\/03\/14524434_1106112876131411_958039263622046936_o.jpg?resize=350%2C200&ssl=1","width":350,"height":200,"srcset":"https:\/\/i0.wp.com\/www.grieta.org.mx\/wp-content\/uploads\/2018\/03\/14524434_1106112876131411_958039263622046936_o.jpg?resize=350%2C200&ssl=1 1x, https:\/\/i0.wp.com\/www.grieta.org.mx\/wp-content\/uploads\/2018\/03\/14524434_1106112876131411_958039263622046936_o.jpg?resize=525%2C300&ssl=1 1.5x, https:\/\/i0.wp.com\/www.grieta.org.mx\/wp-content\/uploads\/2018\/03\/14524434_1106112876131411_958039263622046936_o.jpg?resize=700%2C400&ssl=1 2x"},"classes":[]},{"id":20042,"url":"https:\/\/www.grieta.org.mx\/index.php\/2016\/08\/19\/golpeadores-agreden-a-pedradas-a-reporteros-en-la-zona-del-conflicto-en-el-ejido-de-tocuila-2\/","url_meta":{"origin":13855,"position":5},"title":"Golpeadores agreden a pedradas a reporteros en la zona del conflicto en el ejido de Tocuila","author":"grieta","date":"19 agosto, 2016","format":false,"excerpt":"Marcos Santiago TOCUILA, M\u00e9x. 19 de agosto 2016.- Golpeadores al servicio de la empresa Lince Cipsa Vise agredieron con piedras a un grupo de reporteros que se encontraban en el ejido de Tocuila, cubriendo la informaci\u00f3n sobre el desalojo que realizaron en contra de campesinos que se oponen a la\u2026","rel":"","context":"En &quot;CINTILLO&quot;","block_context":{"text":"CINTILLO","link":"https:\/\/www.grieta.org.mx\/index.php\/category\/cintillo\/"},"img":{"alt_text":"","src":"https:\/\/i0.wp.com\/www.grieta.org.mx\/wp-content\/uploads\/2018\/03\/14524434_1106112876131411_958039263622046936_o.jpg?resize=350%2C200&ssl=1","width":350,"height":200,"srcset":"https:\/\/i0.wp.com\/www.grieta.org.mx\/wp-content\/uploads\/2018\/03\/14524434_1106112876131411_958039263622046936_o.jpg?resize=350%2C200&ssl=1 1x, https:\/\/i0.wp.com\/www.grieta.org.mx\/wp-content\/uploads\/2018\/03\/14524434_1106112876131411_958039263622046936_o.jpg?resize=525%2C300&ssl=1 1.5x, https:\/\/i0.wp.com\/www.grieta.org.mx\/wp-content\/uploads\/2018\/03\/14524434_1106112876131411_958039263622046936_o.jpg?resize=700%2C400&ssl=1 2x"},"classes":[]}],"_links":{"self":[{"href":"https:\/\/www.grieta.org.mx\/index.php\/wp-json\/wp\/v2\/posts\/13855","targetHints":{"allow":["GET"]}}],"collection":[{"href":"https:\/\/www.grieta.org.mx\/index.php\/wp-json\/wp\/v2\/posts"}],"about":[{"href":"https:\/\/www.grieta.org.mx\/index.php\/wp-json\/wp\/v2\/types\/post"}],"author":[{"embeddable":true,"href":"https:\/\/www.grieta.org.mx\/index.php\/wp-json\/wp\/v2\/users\/2"}],"replies":[{"embeddable":true,"href":"https:\/\/www.grieta.org.mx\/index.php\/wp-json\/wp\/v2\/comments?post=13855"}],"version-history":[{"count":1,"href":"https:\/\/www.grieta.org.mx\/index.php\/wp-json\/wp\/v2\/posts\/13855\/revisions"}],"predecessor-version":[{"id":13857,"href":"https:\/\/www.grieta.org.mx\/index.php\/wp-json\/wp\/v2\/posts\/13855\/revisions\/13857"}],"wp:featuredmedia":[{"embeddable":true,"href":"https:\/\/www.grieta.org.mx\/index.php\/wp-json\/wp\/v2\/media\/21928"}],"wp:attachment":[{"href":"https:\/\/www.grieta.org.mx\/index.php\/wp-json\/wp\/v2\/media?parent=13855"}],"wp:term":[{"taxonomy":"category","embeddable":true,"href":"https:\/\/www.grieta.org.mx\/index.php\/wp-json\/wp\/v2\/categories?post=13855"},{"taxonomy":"post_tag","embeddable":true,"href":"https:\/\/www.grieta.org.mx\/index.php\/wp-json\/wp\/v2\/tags?post=13855"}],"curies":[{"name":"wp","href":"https:\/\/api.w.org\/{rel}","templated":true}]}}