{"id":13777,"date":"2016-06-05T22:36:07","date_gmt":"2016-06-05T22:36:07","guid":{"rendered":"http:\/\/www.grieta.org.mx\/?p=13777"},"modified":"2016-06-07T03:39:57","modified_gmt":"2016-06-07T03:39:57","slug":"realizan-marcha-para-conmemorar-7-anos-del-incendio-en-la-guarderia-abc-ciudad-de-mexico","status":"publish","type":"post","link":"https:\/\/www.grieta.org.mx\/index.php\/2016\/06\/05\/realizan-marcha-para-conmemorar-7-anos-del-incendio-en-la-guarderia-abc-ciudad-de-mexico\/","title":{"rendered":"Realizan marcha para conmemorar 7 a\u00f1os del incendio en la Guarder\u00eda ABC (Ciudad de M\u00e9xico)"},"content":{"rendered":"<p><img decoding=\"async\" data-attachment-id=\"13651\" data-permalink=\"https:\/\/www.grieta.org.mx\/abc-860x464\/\" data-orig-file=\"https:\/\/www.grieta.org.mx\/wp-content\/uploads\/2016\/06\/abc-860x464.jpg\" data-orig-size=\"860,464\" data-comments-opened=\"0\" data-image-meta=\"{&quot;aperture&quot;:&quot;0&quot;,&quot;credit&quot;:&quot;&quot;,&quot;camera&quot;:&quot;&quot;,&quot;caption&quot;:&quot;&quot;,&quot;created_timestamp&quot;:&quot;0&quot;,&quot;copyright&quot;:&quot;&quot;,&quot;focal_length&quot;:&quot;0&quot;,&quot;iso&quot;:&quot;0&quot;,&quot;shutter_speed&quot;:&quot;0&quot;,&quot;title&quot;:&quot;&quot;,&quot;orientation&quot;:&quot;0&quot;}\" data-image-title=\"abc-860&amp;#215;464\" data-image-description=\"\" data-image-caption=\"\" data-medium-file=\"https:\/\/www.grieta.org.mx\/wp-content\/uploads\/2016\/06\/abc-860x464-300x162.jpg\" data-large-file=\"https:\/\/www.grieta.org.mx\/wp-content\/uploads\/2016\/06\/abc-860x464.jpg\" src=\"http:\/\/www.grieta.org.mx\/wp-content\/uploads\/2016\/06\/abc-860x464.jpg\" alt=\"abc-860x464\" width=\"100%\" class=\"aligncenter size-full wp-image-13651\" srcset=\"https:\/\/www.grieta.org.mx\/wp-content\/uploads\/2016\/06\/abc-860x464.jpg 860w, https:\/\/www.grieta.org.mx\/wp-content\/uploads\/2016\/06\/abc-860x464-300x162.jpg 300w, https:\/\/www.grieta.org.mx\/wp-content\/uploads\/2016\/06\/abc-860x464-768x414.jpg 768w\" sizes=\"(max-width: 860px) 100vw, 860px\" \/><\/p>\n<p>Este domingo, se cumplen siete a\u00f1os desde el terrible incendio en la Guarder\u00eda ABC en Hermosillo, Sonora, donde lamentablemente 49 ni\u00f1os perdieron la vida y 19 m\u00e1s resultaron heridos. Y para no olvidar y exigir justicia ante esta tragedia, padres de familia de los infantes as\u00ed como diversas organizaciones, convocaron a una marcha hoy en dicha ciudad del norte del pa\u00eds.<\/p>\n<p>La primera de las marchas inici\u00f3 en la Ciudad de M\u00e9xico en la Estela de Luz, y llegar\u00e1 al IMSS, donde se reunir\u00e1n para hacer un mitin y el pase de lista, para despu\u00e9s dirigirse hacia el Z\u00f3calo capitalino. Luego, en la ciudad de Hermosillo a las 18:00 horas, se unir\u00e1n los padres de los ni\u00f1os afectados as\u00ed como integrantes de otras organizaciones, para salir hacia las escalinatas del museo de la Universidad de Sonora, donde mostrar\u00e1n su inconformidad sobre el poco avance que han tenido las investigaciones por parte del gobierno.<\/p>\n<p>Hasta el momento todo ha sucedido con tranquilidad, donde vale la pena recordar que esta marcha se hace en silencio, a diferencia de otras en donde los gritos de consignas son los protagonistas. A continuaci\u00f3n los dejamos con algunas fotos de usuarios en Twitter de lo que ha sucedido hasta el momento, y por supuesto est\u00e9n al pendiente porque los estaremos informando con los sucesos m\u00e1s importantes de esta marcha.<\/p>\n<p><img decoding=\"async\" data-attachment-id=\"13660\" data-permalink=\"https:\/\/www.grieta.org.mx\/index.php\/2015\/06\/05\/marchan-en-el-df-por-fallecidos-en-guarderia-abc\/attachment\/1179778\/\" data-orig-file=\"https:\/\/www.grieta.org.mx\/wp-content\/uploads\/2016\/06\/1179778.jpg\" data-orig-size=\"370,277\" data-comments-opened=\"0\" data-image-meta=\"{&quot;aperture&quot;:&quot;0&quot;,&quot;credit&quot;:&quot;&quot;,&quot;camera&quot;:&quot;&quot;,&quot;caption&quot;:&quot;&quot;,&quot;created_timestamp&quot;:&quot;0&quot;,&quot;copyright&quot;:&quot;&quot;,&quot;focal_length&quot;:&quot;0&quot;,&quot;iso&quot;:&quot;0&quot;,&quot;shutter_speed&quot;:&quot;0&quot;,&quot;title&quot;:&quot;&quot;,&quot;orientation&quot;:&quot;0&quot;}\" data-image-title=\"1179778\" data-image-description=\"\" data-image-caption=\"\" data-medium-file=\"https:\/\/www.grieta.org.mx\/wp-content\/uploads\/2016\/06\/1179778-300x225.jpg\" data-large-file=\"https:\/\/www.grieta.org.mx\/wp-content\/uploads\/2016\/06\/1179778.jpg\" src=\"http:\/\/www.grieta.org.mx\/wp-content\/uploads\/2016\/06\/1179778.jpg\" alt=\"1179778\" width=\"100%\" class=\"aligncenter size-full wp-image-13660\" srcset=\"https:\/\/www.grieta.org.mx\/wp-content\/uploads\/2016\/06\/1179778.jpg 370w, https:\/\/www.grieta.org.mx\/wp-content\/uploads\/2016\/06\/1179778-300x225.jpg 300w\" sizes=\"(max-width: 370px) 100vw, 370px\" \/><\/p>\n<p><img decoding=\"async\" data-attachment-id=\"13655\" data-permalink=\"https:\/\/www.grieta.org.mx\/ckoda32vaaanwgs\/\" data-orig-file=\"https:\/\/www.grieta.org.mx\/wp-content\/uploads\/2016\/06\/CkODA32VAAANwGs.jpg\" data-orig-size=\"900,1200\" data-comments-opened=\"0\" data-image-meta=\"{&quot;aperture&quot;:&quot;0&quot;,&quot;credit&quot;:&quot;&quot;,&quot;camera&quot;:&quot;&quot;,&quot;caption&quot;:&quot;&quot;,&quot;created_timestamp&quot;:&quot;0&quot;,&quot;copyright&quot;:&quot;&quot;,&quot;focal_length&quot;:&quot;0&quot;,&quot;iso&quot;:&quot;0&quot;,&quot;shutter_speed&quot;:&quot;0&quot;,&quot;title&quot;:&quot;&quot;,&quot;orientation&quot;:&quot;0&quot;}\" data-image-title=\"CkODA32VAAANwGs\" data-image-description=\"\" data-image-caption=\"\" data-medium-file=\"https:\/\/www.grieta.org.mx\/wp-content\/uploads\/2016\/06\/CkODA32VAAANwGs-225x300.jpg\" data-large-file=\"https:\/\/www.grieta.org.mx\/wp-content\/uploads\/2016\/06\/CkODA32VAAANwGs-768x1024.jpg\" src=\"http:\/\/www.grieta.org.mx\/wp-content\/uploads\/2016\/06\/CkODA32VAAANwGs.jpg\" alt=\"CkODA32VAAANwGs\" width=\"100%\" class=\"aligncenter size-full wp-image-13655\" srcset=\"https:\/\/www.grieta.org.mx\/wp-content\/uploads\/2016\/06\/CkODA32VAAANwGs.jpg 900w, https:\/\/www.grieta.org.mx\/wp-content\/uploads\/2016\/06\/CkODA32VAAANwGs-225x300.jpg 225w, https:\/\/www.grieta.org.mx\/wp-content\/uploads\/2016\/06\/CkODA32VAAANwGs-768x1024.jpg 768w\" sizes=\"(max-width: 900px) 100vw, 900px\" \/><\/p>\n<p><img decoding=\"async\" data-attachment-id=\"13654\" data-permalink=\"https:\/\/www.grieta.org.mx\/ckn6hbcuyaak8mk\/\" data-orig-file=\"https:\/\/www.grieta.org.mx\/wp-content\/uploads\/2016\/06\/CkN6hBcUYAAK8Mk.jpg\" data-orig-size=\"1200,900\" data-comments-opened=\"0\" data-image-meta=\"{&quot;aperture&quot;:&quot;0&quot;,&quot;credit&quot;:&quot;&quot;,&quot;camera&quot;:&quot;&quot;,&quot;caption&quot;:&quot;&quot;,&quot;created_timestamp&quot;:&quot;0&quot;,&quot;copyright&quot;:&quot;&quot;,&quot;focal_length&quot;:&quot;0&quot;,&quot;iso&quot;:&quot;0&quot;,&quot;shutter_speed&quot;:&quot;0&quot;,&quot;title&quot;:&quot;&quot;,&quot;orientation&quot;:&quot;0&quot;}\" data-image-title=\"CkN6hBcUYAAK8Mk\" data-image-description=\"\" data-image-caption=\"\" data-medium-file=\"https:\/\/www.grieta.org.mx\/wp-content\/uploads\/2016\/06\/CkN6hBcUYAAK8Mk-300x225.jpg\" data-large-file=\"https:\/\/www.grieta.org.mx\/wp-content\/uploads\/2016\/06\/CkN6hBcUYAAK8Mk-1024x768.jpg\" src=\"http:\/\/www.grieta.org.mx\/wp-content\/uploads\/2016\/06\/CkN6hBcUYAAK8Mk.jpg\" alt=\"CkN6hBcUYAAK8Mk\" width=\"100%\" class=\"aligncenter size-full wp-image-13654\" srcset=\"https:\/\/www.grieta.org.mx\/wp-content\/uploads\/2016\/06\/CkN6hBcUYAAK8Mk.jpg 1200w, https:\/\/www.grieta.org.mx\/wp-content\/uploads\/2016\/06\/CkN6hBcUYAAK8Mk-300x225.jpg 300w, https:\/\/www.grieta.org.mx\/wp-content\/uploads\/2016\/06\/CkN6hBcUYAAK8Mk-768x576.jpg 768w, https:\/\/www.grieta.org.mx\/wp-content\/uploads\/2016\/06\/CkN6hBcUYAAK8Mk-1024x768.jpg 1024w\" sizes=\"(max-width: 1200px) 100vw, 1200px\" \/><\/p>\n<p><img decoding=\"async\" data-attachment-id=\"13653\" data-permalink=\"https:\/\/www.grieta.org.mx\/ckod22luyaa5qst\/\" data-orig-file=\"https:\/\/www.grieta.org.mx\/wp-content\/uploads\/2016\/06\/CkOD22lUYAA5qst.jpg\" data-orig-size=\"577,1024\" data-comments-opened=\"0\" data-image-meta=\"{&quot;aperture&quot;:&quot;0&quot;,&quot;credit&quot;:&quot;&quot;,&quot;camera&quot;:&quot;&quot;,&quot;caption&quot;:&quot;&quot;,&quot;created_timestamp&quot;:&quot;0&quot;,&quot;copyright&quot;:&quot;&quot;,&quot;focal_length&quot;:&quot;0&quot;,&quot;iso&quot;:&quot;0&quot;,&quot;shutter_speed&quot;:&quot;0&quot;,&quot;title&quot;:&quot;&quot;,&quot;orientation&quot;:&quot;0&quot;}\" data-image-title=\"CkOD22lUYAA5qst\" data-image-description=\"\" data-image-caption=\"\" data-medium-file=\"https:\/\/www.grieta.org.mx\/wp-content\/uploads\/2016\/06\/CkOD22lUYAA5qst-169x300.jpg\" data-large-file=\"https:\/\/www.grieta.org.mx\/wp-content\/uploads\/2016\/06\/CkOD22lUYAA5qst-577x1024.jpg\" src=\"http:\/\/www.grieta.org.mx\/wp-content\/uploads\/2016\/06\/CkOD22lUYAA5qst.jpg\" alt=\"CkOD22lUYAA5qst\" width=\"100%\" class=\"aligncenter size-full wp-image-13653\" srcset=\"https:\/\/www.grieta.org.mx\/wp-content\/uploads\/2016\/06\/CkOD22lUYAA5qst.jpg 577w, https:\/\/www.grieta.org.mx\/wp-content\/uploads\/2016\/06\/CkOD22lUYAA5qst-169x300.jpg 169w\" sizes=\"(max-width: 577px) 100vw, 577px\" \/><\/p>\n<p><img decoding=\"async\" data-attachment-id=\"13652\" data-permalink=\"https:\/\/www.grieta.org.mx\/ckolfqiugaaihba\/\" data-orig-file=\"https:\/\/www.grieta.org.mx\/wp-content\/uploads\/2016\/06\/CkOLfQIUgAAihBa.jpg\" data-orig-size=\"1040,584\" data-comments-opened=\"0\" data-image-meta=\"{&quot;aperture&quot;:&quot;0&quot;,&quot;credit&quot;:&quot;&quot;,&quot;camera&quot;:&quot;&quot;,&quot;caption&quot;:&quot;&quot;,&quot;created_timestamp&quot;:&quot;0&quot;,&quot;copyright&quot;:&quot;&quot;,&quot;focal_length&quot;:&quot;0&quot;,&quot;iso&quot;:&quot;0&quot;,&quot;shutter_speed&quot;:&quot;0&quot;,&quot;title&quot;:&quot;&quot;,&quot;orientation&quot;:&quot;0&quot;}\" data-image-title=\"CkOLfQIUgAAihBa\" data-image-description=\"\" data-image-caption=\"\" data-medium-file=\"https:\/\/www.grieta.org.mx\/wp-content\/uploads\/2016\/06\/CkOLfQIUgAAihBa-300x168.jpg\" data-large-file=\"https:\/\/www.grieta.org.mx\/wp-content\/uploads\/2016\/06\/CkOLfQIUgAAihBa-1024x575.jpg\" src=\"http:\/\/www.grieta.org.mx\/wp-content\/uploads\/2016\/06\/CkOLfQIUgAAihBa.jpg\" alt=\"CkOLfQIUgAAihBa\" width=\"100%\" class=\"aligncenter size-full wp-image-13652\" srcset=\"https:\/\/www.grieta.org.mx\/wp-content\/uploads\/2016\/06\/CkOLfQIUgAAihBa.jpg 1040w, https:\/\/www.grieta.org.mx\/wp-content\/uploads\/2016\/06\/CkOLfQIUgAAihBa-300x168.jpg 300w, https:\/\/www.grieta.org.mx\/wp-content\/uploads\/2016\/06\/CkOLfQIUgAAihBa-768x431.jpg 768w, https:\/\/www.grieta.org.mx\/wp-content\/uploads\/2016\/06\/CkOLfQIUgAAihBa-1024x575.jpg 1024w\" sizes=\"(max-width: 1040px) 100vw, 1040px\" \/><\/p>\n<p><a href=\"http:\/\/www.sopitas.com\/620955-comienza-marcha-conmemorar-7-anos-incendio-guarderia-abc\/\" target=\"_blank\">http:\/\/www.sopitas.com\/620955-comienza-marcha-conmemorar-7-anos-incendio-guarderia-abc\/<\/a><\/p>\n","protected":false},"excerpt":{"rendered":"<p>Este domingo, se cumplen siete a\u00f1os desde el terrible incendio en la Guarder\u00eda ABC en Hermosillo, Sonora, donde lamentablemente 49 ni\u00f1os perdieron la vida y 19 m\u00e1s resultaron heridos. Y &hellip; <a href=\"https:\/\/www.grieta.org.mx\/index.php\/2016\/06\/05\/realizan-marcha-para-conmemorar-7-anos-del-incendio-en-la-guarderia-abc-ciudad-de-mexico\/\" class=\"more-link\">Leer m\u00e1s<\/a><\/p>\n","protected":false},"author":2,"featured_media":21928,"comment_status":"closed","ping_status":"closed","sticky":false,"template":"","format":"standard","meta":{"ngg_post_thumbnail":0,"_jetpack_newsletter_access":"","_jetpack_dont_email_post_to_subs":false,"_jetpack_newsletter_tier_id":0,"_jetpack_memberships_contains_paywalled_content":false,"_jetpack_memberships_contains_paid_content":false,"footnotes":""},"categories":[598,80],"tags":[491],"class_list":["post-13777","post","type-post","status-publish","format-standard","has-post-thumbnail","hentry","category-cdmx","category-cintillo","tag-guarderia-abc","entry"],"jetpack_featured_media_url":"https:\/\/www.grieta.org.mx\/wp-content\/uploads\/2018\/03\/14524434_1106112876131411_958039263622046936_o.jpg","jetpack_sharing_enabled":true,"jetpack_shortlink":"https:\/\/wp.me\/p7ZJR4-3Ad","jetpack_likes_enabled":false,"jetpack-related-posts":[{"id":34989,"url":"https:\/\/www.grieta.org.mx\/index.php\/2019\/06\/17\/roban-zapatos-de-bronce-colocados-por-los-padres-de-la-guarderia-abc-en-el-antimonumento-ciudad-de-mexico\/","url_meta":{"origin":13777,"position":0},"title":"Roban zapatos de bronce colocados por los padres de la Guarder\u00eda ABC en el Antimonumento (Ciudad de M\u00e9xico)","author":"grieta","date":"17 junio, 2019","format":false,"excerpt":"Los zapatos de bronce hab\u00edan sido colocados por padres y familiares de los 49 menores fallecidos en el incendio de 2009, eran r\u00e9plicas de los que usaban las ni\u00f1as y ni\u00f1os el d\u00eda del percance. Redacci\u00f3n\/ ANIMAL POL\u00cdTICO Siete de los pares de zapatos de bronce colocados en el Antimonumento\u2026","rel":"","context":"En &quot;CINTILLO&quot;","block_context":{"text":"CINTILLO","link":"https:\/\/www.grieta.org.mx\/index.php\/category\/cintillo\/"},"img":{"alt_text":"","src":"https:\/\/i0.wp.com\/www.grieta.org.mx\/wp-content\/uploads\/2019\/06\/zapatitos-ABC.jpg?resize=350%2C200&ssl=1","width":350,"height":200,"srcset":"https:\/\/i0.wp.com\/www.grieta.org.mx\/wp-content\/uploads\/2019\/06\/zapatitos-ABC.jpg?resize=350%2C200&ssl=1 1x, https:\/\/i0.wp.com\/www.grieta.org.mx\/wp-content\/uploads\/2019\/06\/zapatitos-ABC.jpg?resize=525%2C300&ssl=1 1.5x"},"classes":[]},{"id":13683,"url":"https:\/\/www.grieta.org.mx\/index.php\/2016\/06\/05\/7-anos-de-dolor-y-sin-justicia-guarderia-abc\/","url_meta":{"origin":13777,"position":1},"title":"7 a\u00f1os de dolor y sin justicia: guarder\u00eda ABC","author":"grieta","date":"5 junio, 2016","format":false,"excerpt":"SARA GONZ\u00c1LEZ EDUARDO BLAS COVARRUBIAS Este 5 de junio, volvieron a marchar en la Ciudad de M\u00e9xico los padres de los 49 ni\u00f1os fallecidos en el incendio de la guarder\u00eda ABC en Hermosillo, Sonora. Despu\u00e9s de 7 a\u00f1os, la impunidad sigue presente. La marcha, encabezada por Abraham Fraijo, padre de\u2026","rel":"","context":"En &quot;CINTILLO&quot;","block_context":{"text":"CINTILLO","link":"https:\/\/www.grieta.org.mx\/index.php\/category\/cintillo\/"},"img":{"alt_text":"","src":"https:\/\/i0.wp.com\/www.grieta.org.mx\/wp-content\/uploads\/2018\/03\/14524434_1106112876131411_958039263622046936_o.jpg?resize=350%2C200&ssl=1","width":350,"height":200,"srcset":"https:\/\/i0.wp.com\/www.grieta.org.mx\/wp-content\/uploads\/2018\/03\/14524434_1106112876131411_958039263622046936_o.jpg?resize=350%2C200&ssl=1 1x, https:\/\/i0.wp.com\/www.grieta.org.mx\/wp-content\/uploads\/2018\/03\/14524434_1106112876131411_958039263622046936_o.jpg?resize=525%2C300&ssl=1 1.5x, https:\/\/i0.wp.com\/www.grieta.org.mx\/wp-content\/uploads\/2018\/03\/14524434_1106112876131411_958039263622046936_o.jpg?resize=700%2C400&ssl=1 2x"},"classes":[]},{"id":13657,"url":"https:\/\/www.grieta.org.mx\/index.php\/2016\/06\/06\/conmemoracion-del-caso-guarderia-abc-en-la-ciudad-de-mexico\/","url_meta":{"origin":13777,"position":2},"title":"Conmemoraci\u00f3n del caso Guarder\u00eda ABC en la Ciudad de M\u00e9xico","author":"grieta","date":"6 junio, 2016","format":false,"excerpt":"06\/06\/16. 49+43, el abrazo entre Ayotzinapa y las familias de la Guarder\u00eda ABCM\u00e1s de 131 05\/06\/16. Realizan marcha para conmemorar 7 a\u00f1os del incendio en la Guarder\u00eda ABC (Ciudad de M\u00e9xico)Sopitas .com 05\/06\/15. Marchan en el DF por fallecidos en Guarder\u00eda ABCInformador","rel":"","context":"En &quot;Ciudad de M\u00e9xico&quot;","block_context":{"text":"Ciudad de M\u00e9xico","link":"https:\/\/www.grieta.org.mx\/index.php\/category\/noticias-nacionales\/ciudad-de-mexico\/"},"img":{"alt_text":"","src":"https:\/\/i0.wp.com\/www.grieta.org.mx\/wp-content\/uploads\/2018\/03\/14524434_1106112876131411_958039263622046936_o.jpg?resize=350%2C200&ssl=1","width":350,"height":200,"srcset":"https:\/\/i0.wp.com\/www.grieta.org.mx\/wp-content\/uploads\/2018\/03\/14524434_1106112876131411_958039263622046936_o.jpg?resize=350%2C200&ssl=1 1x, https:\/\/i0.wp.com\/www.grieta.org.mx\/wp-content\/uploads\/2018\/03\/14524434_1106112876131411_958039263622046936_o.jpg?resize=525%2C300&ssl=1 1.5x, https:\/\/i0.wp.com\/www.grieta.org.mx\/wp-content\/uploads\/2018\/03\/14524434_1106112876131411_958039263622046936_o.jpg?resize=700%2C400&ssl=1 2x"},"classes":[]},{"id":13659,"url":"https:\/\/www.grieta.org.mx\/index.php\/2015\/06\/05\/marchan-en-el-df-por-fallecidos-en-guarderia-abc\/","url_meta":{"origin":13777,"position":3},"title":"Marchan en el DF por fallecidos en Guarder\u00eda ABC","author":"grieta","date":"5 junio, 2015","format":false,"excerpt":"Aseguran que la manifestaci\u00f3n empez\u00f3 con un retraso de casi una hora y media Familiares de los 49 ni\u00f1os convocan a una movilizaci\u00f3n desde el \u00c1ngel de la Independencia hasta el Z\u00f3calo CIUDAD DE M\u00c9XICO (05\/JUN\/2015).- La Secretar\u00eda de Seguridad P\u00fablica del Distrito Federal (SSPDF) inform\u00f3 que familiares de los\u2026","rel":"","context":"En &quot;cdmx&quot;","block_context":{"text":"cdmx","link":"https:\/\/www.grieta.org.mx\/index.php\/category\/cdmx\/"},"img":{"alt_text":"","src":"https:\/\/i0.wp.com\/www.grieta.org.mx\/wp-content\/uploads\/2018\/03\/14524434_1106112876131411_958039263622046936_o.jpg?resize=350%2C200&ssl=1","width":350,"height":200,"srcset":"https:\/\/i0.wp.com\/www.grieta.org.mx\/wp-content\/uploads\/2018\/03\/14524434_1106112876131411_958039263622046936_o.jpg?resize=350%2C200&ssl=1 1x, https:\/\/i0.wp.com\/www.grieta.org.mx\/wp-content\/uploads\/2018\/03\/14524434_1106112876131411_958039263622046936_o.jpg?resize=525%2C300&ssl=1 1.5x, https:\/\/i0.wp.com\/www.grieta.org.mx\/wp-content\/uploads\/2018\/03\/14524434_1106112876131411_958039263622046936_o.jpg?resize=700%2C400&ssl=1 2x"},"classes":[]},{"id":23483,"url":"https:\/\/www.grieta.org.mx\/index.php\/2018\/06\/06\/marchan-en-sonora-y-cdmx-por-victimas-de-guarderia-abc\/","url_meta":{"origin":13777,"position":4},"title":"Marchan en Sonora y CDMX por v\u00edctimas de guarder\u00eda ABC","author":"grieta","date":"6 junio, 2018","format":false,"excerpt":"Redacci\u00f3n\/ El Diario \u00a1ABC, nunca m\u00e1s! gritaron sobre Paseo de la Reforma y hasta el Z\u00f3calo los padres de los ni\u00f1os que murieron el 5 de junio de 2009 en la Guarder\u00eda ABC, de Hermosillo, Sonora. A nueve a\u00f1os del incendio, los pap\u00e1s exigieron a la Suprema Corte de Justicia\u2026","rel":"","context":"En &quot;CINTILLO&quot;","block_context":{"text":"CINTILLO","link":"https:\/\/www.grieta.org.mx\/index.php\/category\/cintillo\/"},"img":{"alt_text":"","src":"https:\/\/i0.wp.com\/www.grieta.org.mx\/wp-content\/uploads\/2018\/06\/conmemoracion_abc_-1023x570.jpg?resize=350%2C200&ssl=1","width":350,"height":200,"srcset":"https:\/\/i0.wp.com\/www.grieta.org.mx\/wp-content\/uploads\/2018\/06\/conmemoracion_abc_-1023x570.jpg?resize=350%2C200&ssl=1 1x, https:\/\/i0.wp.com\/www.grieta.org.mx\/wp-content\/uploads\/2018\/06\/conmemoracion_abc_-1023x570.jpg?resize=525%2C300&ssl=1 1.5x, https:\/\/i0.wp.com\/www.grieta.org.mx\/wp-content\/uploads\/2018\/06\/conmemoracion_abc_-1023x570.jpg?resize=700%2C400&ssl=1 2x"},"classes":[]},{"id":54861,"url":"https:\/\/www.grieta.org.mx\/index.php\/2020\/11\/06\/padres-de-victimas-de-la-guarderia-abc-saltaron-las-rejas-de-segob-tras-no-ser-atendidos-por-encinas-ciudad-de-mexico\/","url_meta":{"origin":13777,"position":5},"title":"Padres de v\u00edctimas de la Guarder\u00eda ABC saltaron las rejas de SEGOB tras no ser atendidos por Encinas (Ciudad de M\u00e9xico)","author":"grieta","date":"6 noviembre, 2020","format":false,"excerpt":"Padres de familia de v\u00edctimas de la Guarder\u00eda ABC se treparon las rejas de las oficinas de SEGOB luego de cinco d\u00edas de plant\u00f3n (Foto: Cuartoscuro) Infobae Se colaron y colocaron cruces con los nombres de sus hijos en la explanada conocida como \u201cLa Caballeriza\u201d Despu\u00e9s de cinco d\u00edas de\u2026","rel":"","context":"En &quot;CINTILLO&quot;","block_context":{"text":"CINTILLO","link":"https:\/\/www.grieta.org.mx\/index.php\/category\/cintillo\/"},"img":{"alt_text":"","src":"https:\/\/i0.wp.com\/www.grieta.org.mx\/wp-content\/uploads\/2020\/11\/Padres-de-victimas-de-la-Guarderia-ABC-saltaron-las-rejas-de-SEGOB-tras-no-ser-atendidos-por-Encinas-cdmx-nov.jpg?resize=350%2C200&ssl=1","width":350,"height":200,"srcset":"https:\/\/i0.wp.com\/www.grieta.org.mx\/wp-content\/uploads\/2020\/11\/Padres-de-victimas-de-la-Guarderia-ABC-saltaron-las-rejas-de-SEGOB-tras-no-ser-atendidos-por-Encinas-cdmx-nov.jpg?resize=350%2C200&ssl=1 1x, https:\/\/i0.wp.com\/www.grieta.org.mx\/wp-content\/uploads\/2020\/11\/Padres-de-victimas-de-la-Guarderia-ABC-saltaron-las-rejas-de-SEGOB-tras-no-ser-atendidos-por-Encinas-cdmx-nov.jpg?resize=525%2C300&ssl=1 1.5x, https:\/\/i0.wp.com\/www.grieta.org.mx\/wp-content\/uploads\/2020\/11\/Padres-de-victimas-de-la-Guarderia-ABC-saltaron-las-rejas-de-SEGOB-tras-no-ser-atendidos-por-Encinas-cdmx-nov.jpg?resize=700%2C400&ssl=1 2x"},"classes":[]}],"_links":{"self":[{"href":"https:\/\/www.grieta.org.mx\/index.php\/wp-json\/wp\/v2\/posts\/13777","targetHints":{"allow":["GET"]}}],"collection":[{"href":"https:\/\/www.grieta.org.mx\/index.php\/wp-json\/wp\/v2\/posts"}],"about":[{"href":"https:\/\/www.grieta.org.mx\/index.php\/wp-json\/wp\/v2\/types\/post"}],"author":[{"embeddable":true,"href":"https:\/\/www.grieta.org.mx\/index.php\/wp-json\/wp\/v2\/users\/2"}],"replies":[{"embeddable":true,"href":"https:\/\/www.grieta.org.mx\/index.php\/wp-json\/wp\/v2\/comments?post=13777"}],"version-history":[{"count":1,"href":"https:\/\/www.grieta.org.mx\/index.php\/wp-json\/wp\/v2\/posts\/13777\/revisions"}],"predecessor-version":[{"id":13779,"href":"https:\/\/www.grieta.org.mx\/index.php\/wp-json\/wp\/v2\/posts\/13777\/revisions\/13779"}],"wp:featuredmedia":[{"embeddable":true,"href":"https:\/\/www.grieta.org.mx\/index.php\/wp-json\/wp\/v2\/media\/21928"}],"wp:attachment":[{"href":"https:\/\/www.grieta.org.mx\/index.php\/wp-json\/wp\/v2\/media?parent=13777"}],"wp:term":[{"taxonomy":"category","embeddable":true,"href":"https:\/\/www.grieta.org.mx\/index.php\/wp-json\/wp\/v2\/categories?post=13777"},{"taxonomy":"post_tag","embeddable":true,"href":"https:\/\/www.grieta.org.mx\/index.php\/wp-json\/wp\/v2\/tags?post=13777"}],"curies":[{"name":"wp","href":"https:\/\/api.w.org\/{rel}","templated":true}]}}