{"id":13743,"date":"2016-06-01T00:15:57","date_gmt":"2016-06-01T00:15:57","guid":{"rendered":"http:\/\/www.grieta.org.mx\/?p=13743"},"modified":"2016-06-07T00:17:55","modified_gmt":"2016-06-07T00:17:55","slug":"mariachis-se-manifiestan-de-forma-peculiar-en-palacio-municipal","status":"publish","type":"post","link":"https:\/\/www.grieta.org.mx\/index.php\/2016\/06\/01\/mariachis-se-manifiestan-de-forma-peculiar-en-palacio-municipal\/","title":{"rendered":"Mariachis se manifiestan de forma \u201cpeculiar\u201d en Palacio Municipal"},"content":{"rendered":"<blockquote><p>Este mi\u00e9rcoles decenas de mariachis se manifestaron en Palacio Municipal, a donde llegaron vestidos de gala y con sus instrumentos para interpretar varias melod\u00edas en el patio del edificio<\/p><\/blockquote>\n<p>Morelia, Michoac\u00e1n (MiMorelia.com).- Luego de que fueran notificados que ser\u00edan reubicados en la Plaza Carrillo, a unas cuadras de donde normalmente se colocan, a fin de mejorar la imagen del primer cuadro de la ciudad y como parte de las acciones para acabar con el ambulantaje, ya que el Centro Hist\u00f3rico de Morelia se trata de una zona \u201crestringida para toda actividad comercial en la v\u00eda p\u00fablica\u201c.<\/p>\n<p>Este mi\u00e9rcoles decenas de mariachis se manifestaron en Palacio Municipal, a donde llegaron vestidos de gala y con sus instrumentos para interpretar varias melod\u00edas en el patio del edificio.<\/p>\n<p>Los m\u00fasicos solicitaron una audiencia con el presidente Alfonso Mart\u00ednez Alc\u00e1zar, pero como \u00e9ste est\u00e1 de viaje en Holanda en las instalaciones edilicias les dijeron que los recibir\u00eda el regidor Fernando Santiago Rodr\u00edguez Herrej\u00f3n, todo ello mientras los m\u00fasicos regionales interpretaban \u201cCaminos de Michoac\u00e1n\u201d, \u201cEl Mariachi Loco\u201d, entre otras canciones a manera de protesta por la reubicaci\u00f3n que el gobierno local quiere hacer con ellos.<\/p>\n<p>Los inconformes destacaron que no se niegan a ser reubicados, sin embargo exigieron que sea en un lugar que cuente con las condiciones suficientes para que puedan desarrollar su actividad. Ellos proponen la antigua central de autobuses, ya que durante la administraci\u00f3n municipal de Fausto Vallejo Figueroa, \u00e9ste les prometi\u00f3 reinstalarlos ah\u00ed, en un proyecto que incluir\u00eda estacionamiento, sanitarios y espacio para la venta de comida regional.<\/p>\n<p>Cabe se\u00f1alar que el pasado fin de semana, el titular de la Secretar\u00eda de Servicios P\u00fablicos, Jos\u00e9 Luis Gil V\u00e1zquez, mencion\u00f3 que la instrucci\u00f3n del Alcalde, Alfonso Mart\u00ednez Alc\u00e1zar, es la de crear un proyecto integral que beneficie a los grupos que preservan la tradicional m\u00fasica mexicana, pero que adem\u00e1s se convierta en un atractivo tur\u00edstico para la capital de Michoac\u00e1n y con ello generar ingresos para este sector econ\u00f3mico de la ciudad.<\/p>\n<p>Gil V\u00e1zquez, detall\u00f3 que la intenci\u00f3n es reubicarlos en la Plaza Carrillo y que ah\u00ed mismo organicen espect\u00e1culos en los que promocionen su m\u00fasica, acompa\u00f1ados por algunos bailables y n\u00fameros art\u00edsticos.<\/p>\n<p><a href=\"http:\/\/www.mimorelia.com\/noticias\/morelia\/mariachis-se-manifiestan-de-forma-peculiar-en-palacio-municipal\/235372\" target=\"_blank\">http:\/\/www.mimorelia.com\/noticias\/morelia\/mariachis-se-manifiestan-de-forma-peculiar-en-palacio-municipal\/235372<\/a><\/p>\n","protected":false},"excerpt":{"rendered":"<p>Este mi\u00e9rcoles decenas de mariachis se manifestaron en Palacio Municipal, a donde llegaron vestidos de gala y con sus instrumentos para interpretar varias melod\u00edas en el patio del edificio Morelia, &hellip; <a href=\"https:\/\/www.grieta.org.mx\/index.php\/2016\/06\/01\/mariachis-se-manifiestan-de-forma-peculiar-en-palacio-municipal\/\" class=\"more-link\">Leer m\u00e1s<\/a><\/p>\n","protected":false},"author":2,"featured_media":21928,"comment_status":"closed","ping_status":"closed","sticky":false,"template":"","format":"standard","meta":{"ngg_post_thumbnail":0,"_jetpack_newsletter_access":"","_jetpack_dont_email_post_to_subs":false,"_jetpack_newsletter_tier_id":0,"_jetpack_memberships_contains_paywalled_content":false,"_jetpack_memberships_contains_paid_content":false,"footnotes":""},"categories":[80],"tags":[701,660],"class_list":["post-13743","post","type-post","status-publish","format-standard","has-post-thumbnail","hentry","category-cintillo","tag-ambulantaje","tag-morelia","entry"],"jetpack_featured_media_url":"https:\/\/www.grieta.org.mx\/wp-content\/uploads\/2018\/03\/14524434_1106112876131411_958039263622046936_o.jpg","jetpack_sharing_enabled":true,"jetpack_shortlink":"https:\/\/wp.me\/p7ZJR4-3zF","jetpack_likes_enabled":false,"jetpack-related-posts":[{"id":13742,"url":"https:\/\/www.grieta.org.mx\/index.php\/2016\/06\/04\/desalojos-de-comerciantes-y-artesanos-en-el-centro-de-morelia-michoacan\/","url_meta":{"origin":13743,"position":0},"title":"Desalojos de comerciantes ambulantes, trabajadores sexuales y artesanos en el centro de Morelia, Michoac\u00e1n","author":"grieta","date":"4 junio, 2016","format":false,"excerpt":"Protesta de mariachis en contra de reubicaci\u00f3n forzada 04\/06\/16. Locatarios del Centro Hist\u00f3rico respaldan a Mariachis Quadrat\u00edn 01\/06\/16. Mariachis se manifiestan de forma \u201cpeculiar\u201d en Palacio Municipal Mi Morelia Trabajadores sexuales ser\u00e1n \"reubicados\" del primer cuadro de la ciudad de Morelia 03\/06\/16. En Morelia, trabajadores sexuales tambi\u00e9n ser\u00e1n reubicados Cambio\u2026","rel":"","context":"En &quot;Michoac\u00e1n&quot;","block_context":{"text":"Michoac\u00e1n","link":"https:\/\/www.grieta.org.mx\/index.php\/category\/noticias-nacionales\/michoacan\/"},"img":{"alt_text":"","src":"https:\/\/i0.wp.com\/www.grieta.org.mx\/wp-content\/uploads\/2018\/03\/14524434_1106112876131411_958039263622046936_o.jpg?resize=350%2C200&ssl=1","width":350,"height":200,"srcset":"https:\/\/i0.wp.com\/www.grieta.org.mx\/wp-content\/uploads\/2018\/03\/14524434_1106112876131411_958039263622046936_o.jpg?resize=350%2C200&ssl=1 1x, https:\/\/i0.wp.com\/www.grieta.org.mx\/wp-content\/uploads\/2018\/03\/14524434_1106112876131411_958039263622046936_o.jpg?resize=525%2C300&ssl=1 1.5x, https:\/\/i0.wp.com\/www.grieta.org.mx\/wp-content\/uploads\/2018\/03\/14524434_1106112876131411_958039263622046936_o.jpg?resize=700%2C400&ssl=1 2x"},"classes":[]},{"id":13747,"url":"https:\/\/www.grieta.org.mx\/index.php\/2016\/06\/04\/locatarios-del-centro-historico-respaldan-a-mariachis\/","url_meta":{"origin":13743,"position":1},"title":"Locatarios del Centro Hist\u00f3rico respaldan a Mariachis","author":"grieta","date":"4 junio, 2016","format":false,"excerpt":"F\u00e1tima Alfaro MORELIA, Mich., 04 de junio de 2016.-A pesar de que los mariachis no generan inconformidad o molestias a comerciantes instalados en las inmediaciones de la plaza Melchor Ocampo, coincidieron en que s\u00ed es necesario destinar un espacio digno y especializado para la operaci\u00f3n de los m\u00fasicos, as\u00ed como\u2026","rel":"","context":"En &quot;CINTILLO&quot;","block_context":{"text":"CINTILLO","link":"https:\/\/www.grieta.org.mx\/index.php\/category\/cintillo\/"},"img":{"alt_text":"","src":"https:\/\/i0.wp.com\/www.grieta.org.mx\/wp-content\/uploads\/2018\/03\/14524434_1106112876131411_958039263622046936_o.jpg?resize=350%2C200&ssl=1","width":350,"height":200,"srcset":"https:\/\/i0.wp.com\/www.grieta.org.mx\/wp-content\/uploads\/2018\/03\/14524434_1106112876131411_958039263622046936_o.jpg?resize=350%2C200&ssl=1 1x, https:\/\/i0.wp.com\/www.grieta.org.mx\/wp-content\/uploads\/2018\/03\/14524434_1106112876131411_958039263622046936_o.jpg?resize=525%2C300&ssl=1 1.5x, https:\/\/i0.wp.com\/www.grieta.org.mx\/wp-content\/uploads\/2018\/03\/14524434_1106112876131411_958039263622046936_o.jpg?resize=700%2C400&ssl=1 2x"},"classes":[]},{"id":38421,"url":"https:\/\/www.grieta.org.mx\/index.php\/2019\/08\/28\/al-grito-de-nomecuidanmeviolan-mujeres-apoyan-a-periodista-de-morelia\/","url_meta":{"origin":13743,"position":2},"title":"Al grito de #NoMeCuidanMeViolan, mujeres apoyan a periodista de Morelia","author":"grieta","date":"28 agosto, 2019","format":false,"excerpt":"Grupos feministas y periodistas se manifestaron para respaldar a la comunicadora; condenaron oportunismo del gobernador del estado, Silvano Aureoles Conejo Alejandro Amado | El Sol de Morelia, 27 de agosto de 2019 Morelia, Michoac\u00e1n.- \"No queremos los videos, queremos justicia para todas las mujeres violentadas\", reclamaron feministas y periodistas frente\u2026","rel":"","context":"En &quot;CINTILLO&quot;","block_context":{"text":"CINTILLO","link":"https:\/\/www.grieta.org.mx\/index.php\/category\/cintillo\/"},"img":{"alt_text":"","src":"https:\/\/i0.wp.com\/www.grieta.org.mx\/wp-content\/uploads\/2019\/08\/MITZI.jpg?resize=350%2C200&ssl=1","width":350,"height":200,"srcset":"https:\/\/i0.wp.com\/www.grieta.org.mx\/wp-content\/uploads\/2019\/08\/MITZI.jpg?resize=350%2C200&ssl=1 1x, https:\/\/i0.wp.com\/www.grieta.org.mx\/wp-content\/uploads\/2019\/08\/MITZI.jpg?resize=525%2C300&ssl=1 1.5x, https:\/\/i0.wp.com\/www.grieta.org.mx\/wp-content\/uploads\/2019\/08\/MITZI.jpg?resize=700%2C400&ssl=1 2x"},"classes":[]},{"id":14878,"url":"https:\/\/www.grieta.org.mx\/index.php\/2016\/06\/21\/la-cnte-marcha-en-morelia-y-bloquea-tramos-carreteros-en-varios-municipios\/","url_meta":{"origin":13743,"position":3},"title":"La CNTE marcha en Morelia y bloquea tramos carreteros en varios municipios","author":"grieta","date":"21 junio, 2016","format":false,"excerpt":"Francisco Castellanos MORELIA, Mich. (apro).- Integrantes de la secci\u00f3n 18 de Coordinadora Nacional de Trabajadores de la Educaci\u00f3n (CNTE) , marcharon por las calles de Morelia hasta el Palacio de Gobierno. Los profesores se manifiestan de nueva cuenta en contra de la reforma educativa. Durante su camino al centro de\u2026","rel":"","context":"En &quot;CINTILLO&quot;","block_context":{"text":"CINTILLO","link":"https:\/\/www.grieta.org.mx\/index.php\/category\/cintillo\/"},"img":{"alt_text":"","src":"https:\/\/i0.wp.com\/www.grieta.org.mx\/wp-content\/uploads\/2018\/03\/14524434_1106112876131411_958039263622046936_o.jpg?resize=350%2C200&ssl=1","width":350,"height":200,"srcset":"https:\/\/i0.wp.com\/www.grieta.org.mx\/wp-content\/uploads\/2018\/03\/14524434_1106112876131411_958039263622046936_o.jpg?resize=350%2C200&ssl=1 1x, https:\/\/i0.wp.com\/www.grieta.org.mx\/wp-content\/uploads\/2018\/03\/14524434_1106112876131411_958039263622046936_o.jpg?resize=525%2C300&ssl=1 1.5x, https:\/\/i0.wp.com\/www.grieta.org.mx\/wp-content\/uploads\/2018\/03\/14524434_1106112876131411_958039263622046936_o.jpg?resize=700%2C400&ssl=1 2x"},"classes":[]},{"id":8988,"url":"https:\/\/www.grieta.org.mx\/index.php\/2015\/08\/23\/integrantes-de-la-cnte-protestan-contra-la-evaluacion-docente-en-morelia\/","url_meta":{"origin":13743,"position":4},"title":"Integrantes de la CNTE protestan contra la evaluaci\u00f3n docente en Morelia","author":"Admin","date":"23 agosto, 2015","format":false,"excerpt":"Gritando consignas como \u201cen Michoac\u00e1n, la reforma no pasar\u00e1\u201d y \u201cesta lucha va a llegar a la huelga nacional\u201d, maestros de la Coordinadora Nacional de Trabajadores de la Educaci\u00f3n (CNTE) realizaron este mi\u00e9rcoles en Morelia una marcha desde la Plaza Morelos hasta el Congreso del Estado, frente a donde efectuaron\u2026","rel":"","context":"En &quot;CINTILLO&quot;","block_context":{"text":"CINTILLO","link":"https:\/\/www.grieta.org.mx\/index.php\/category\/cintillo\/"},"img":{"alt_text":"","src":"https:\/\/i0.wp.com\/www.grieta.org.mx\/wp-content\/uploads\/2018\/03\/14524434_1106112876131411_958039263622046936_o.jpg?resize=350%2C200&ssl=1","width":350,"height":200,"srcset":"https:\/\/i0.wp.com\/www.grieta.org.mx\/wp-content\/uploads\/2018\/03\/14524434_1106112876131411_958039263622046936_o.jpg?resize=350%2C200&ssl=1 1x, https:\/\/i0.wp.com\/www.grieta.org.mx\/wp-content\/uploads\/2018\/03\/14524434_1106112876131411_958039263622046936_o.jpg?resize=525%2C300&ssl=1 1.5x, https:\/\/i0.wp.com\/www.grieta.org.mx\/wp-content\/uploads\/2018\/03\/14524434_1106112876131411_958039263622046936_o.jpg?resize=700%2C400&ssl=1 2x"},"classes":[]},{"id":53747,"url":"https:\/\/www.grieta.org.mx\/index.php\/2020\/09\/22\/queremos-trabajar-vendedores-piden-fin-al-acoso-de-autoridades-en-merida\/","url_meta":{"origin":13743,"position":5},"title":"&#8216;\u00a1Queremos trabajar!&#8217;, vendedores piden fin al acoso de autoridades en M\u00e9rida","author":"grieta","date":"22 septiembre, 2020","format":false,"excerpt":"La Verdad Tras quejas por la implementaci\u00f3n de restricciones a los accesos y aforo en el mercado San Benito, as\u00ed como se\u00f1alamientos de presunto hostigamiento por parte de polic\u00edas e inspectores, locatarios y vendedores ambulantes del centro de abasto se manifestaron con el grito de \u2018\u00a1Queremos trabajar!\u2019 tras los dif\u00edciles\u2026","rel":"","context":"En &quot;Abuso Autoridades en Yucat\u00e1n&quot;","block_context":{"text":"Abuso Autoridades en Yucat\u00e1n","link":"https:\/\/www.grieta.org.mx\/index.php\/category\/noticias-nacionales\/yucatan\/abuso-autoridades-en-yucatan\/"},"img":{"alt_text":"","src":"https:\/\/i0.wp.com\/www.grieta.org.mx\/wp-content\/uploads\/2020\/09\/QueremosTrabajar.png?resize=350%2C200&ssl=1","width":350,"height":200,"srcset":"https:\/\/i0.wp.com\/www.grieta.org.mx\/wp-content\/uploads\/2020\/09\/QueremosTrabajar.png?resize=350%2C200&ssl=1 1x, https:\/\/i0.wp.com\/www.grieta.org.mx\/wp-content\/uploads\/2020\/09\/QueremosTrabajar.png?resize=525%2C300&ssl=1 1.5x"},"classes":[]}],"_links":{"self":[{"href":"https:\/\/www.grieta.org.mx\/index.php\/wp-json\/wp\/v2\/posts\/13743","targetHints":{"allow":["GET"]}}],"collection":[{"href":"https:\/\/www.grieta.org.mx\/index.php\/wp-json\/wp\/v2\/posts"}],"about":[{"href":"https:\/\/www.grieta.org.mx\/index.php\/wp-json\/wp\/v2\/types\/post"}],"author":[{"embeddable":true,"href":"https:\/\/www.grieta.org.mx\/index.php\/wp-json\/wp\/v2\/users\/2"}],"replies":[{"embeddable":true,"href":"https:\/\/www.grieta.org.mx\/index.php\/wp-json\/wp\/v2\/comments?post=13743"}],"version-history":[{"count":1,"href":"https:\/\/www.grieta.org.mx\/index.php\/wp-json\/wp\/v2\/posts\/13743\/revisions"}],"predecessor-version":[{"id":13744,"href":"https:\/\/www.grieta.org.mx\/index.php\/wp-json\/wp\/v2\/posts\/13743\/revisions\/13744"}],"wp:featuredmedia":[{"embeddable":true,"href":"https:\/\/www.grieta.org.mx\/index.php\/wp-json\/wp\/v2\/media\/21928"}],"wp:attachment":[{"href":"https:\/\/www.grieta.org.mx\/index.php\/wp-json\/wp\/v2\/media?parent=13743"}],"wp:term":[{"taxonomy":"category","embeddable":true,"href":"https:\/\/www.grieta.org.mx\/index.php\/wp-json\/wp\/v2\/categories?post=13743"},{"taxonomy":"post_tag","embeddable":true,"href":"https:\/\/www.grieta.org.mx\/index.php\/wp-json\/wp\/v2\/tags?post=13743"}],"curies":[{"name":"wp","href":"https:\/\/api.w.org\/{rel}","templated":true}]}}