{"id":13703,"date":"2016-05-26T22:51:55","date_gmt":"2016-05-26T22:51:55","guid":{"rendered":"http:\/\/www.grieta.org.mx\/?p=13703"},"modified":"2016-06-06T22:53:01","modified_gmt":"2016-06-06T22:53:01","slug":"ostula-se-moviliza-en-memoria-de-reginaldo-rodriguez-flores","status":"publish","type":"post","link":"https:\/\/www.grieta.org.mx\/index.php\/2016\/05\/26\/ostula-se-moviliza-en-memoria-de-reginaldo-rodriguez-flores\/","title":{"rendered":"Ostula se moviliza en memoria de Reginaldo Rodr\u00edguez Flores"},"content":{"rendered":"<p>Por Terracer\u00eda Audiovisual<\/p>\n<p>El pasado 25 de Mayo, la comunidad de Santa Mar\u00eda Ostula llev\u00f3 a cabo un acto c\u00edvico en honor a la memoria de quien fuera comandante de la Polic\u00eda Comunitaria de esta encargatura, Reginaldo Rodr\u00edguez Flores, asesinado durante un enfrentamiento que tuvo lugar el a\u00f1o pasado entre polic\u00edas comunitarios y sicarios de Los Caballeros Templarios en las inmediaciones de la localidad \u00abOjo de Agua\u00bb.<\/p>\n<p>Dicho enfrentamiento se llev\u00f3 a cabo como consecuencia de la emboscada que horas antes hab\u00edan perpetrado los pistoleros en contra de Ceme\u00ed Verd\u00eda quien resulto ileso, no as\u00ed su escolta quien recibi\u00f3 algunos impactos de bala en el brazo. El atentado provoc\u00f3 la movilizaci\u00f3n de polic\u00edas comunitarios y miembros de la Fuerza Rural quienes sostuvieron un enfrentamiento durante mas de 24 horas con los agresores. Durante la balacera tambi\u00e9n result\u00f3 muerto Miguel Sandoval, comandante de la polic\u00eda comunitaria de la cabecera municipal de Aquila y al menos 3 polic\u00edas mas resultaron heridos. Los 6 atacantes perdieron la vida.<\/p>\n<p>Durante el acto c\u00edvico estuvieron presentes comandantes y polic\u00edas comunitarios del municipio de Coahuayana y Aquila para recordar a quien fuera su compa\u00f1ero.<\/p>\n<p>La comunidad dio a conocer una proclama en la cual fijaron su postura ante la situaci\u00f3n que se vive actualmente en la regi\u00f3n y en el pa\u00eds, reafirmando su voluntad para seguir luchando por justicia y paz para la comunidad:<\/p>\n<p>Con la memoria a flor de piel, y los corazones llenos de rabia, pero tambi\u00e9n con la esperanza que Ostula nos ense\u00f1a que otro mundo es posible cuando se construye con tanto amor a la vida que se esta dispuesto a dar la propia para defender la vida colectiva, hoy exigimos alto a la guerra, justicia para le pueblo de Ostula. [\u2026]<\/p>\n<p>Nosotros con rabia y dolor, hoy recordamos a don Reginaldo Rodr\u00edguez Flores, compa\u00f1ero desde los tiempos m\u00e1s obscuros y peligrosos de esta hist\u00f3rica y heroica lucha en la que hoy tiene un lugar de honor. Lo recordamos en medio de la guerra que no para y que pese a las medidas cautelares dictadas a favor de la comunidad por la Comisi\u00f3n Interamericana de Derechos Humanos en septiembre de 2010, sigue cobrando v\u00edctimas en los que la impunidad es la constante.<\/p>\n<p><a href=\"http:\/\/subversiones.org\/archivos\/123816\" target=\"_blank\">http:\/\/subversiones.org\/archivos\/123816<\/a><\/p>\n","protected":false},"excerpt":{"rendered":"<p>Por Terracer\u00eda Audiovisual El pasado 25 de Mayo, la comunidad de Santa Mar\u00eda Ostula llev\u00f3 a cabo un acto c\u00edvico en honor a la memoria de quien fuera comandante de &hellip; <a href=\"https:\/\/www.grieta.org.mx\/index.php\/2016\/05\/26\/ostula-se-moviliza-en-memoria-de-reginaldo-rodriguez-flores\/\" class=\"more-link\">Leer m\u00e1s<\/a><\/p>\n","protected":false},"author":2,"featured_media":21928,"comment_status":"closed","ping_status":"closed","sticky":false,"template":"","format":"standard","meta":{"ngg_post_thumbnail":0,"_jetpack_newsletter_access":"","_jetpack_dont_email_post_to_subs":false,"_jetpack_newsletter_tier_id":0,"_jetpack_memberships_contains_paywalled_content":false,"_jetpack_memberships_contains_paid_content":false,"footnotes":""},"categories":[80,82],"tags":[455],"class_list":["post-13703","post","type-post","status-publish","format-standard","has-post-thumbnail","hentry","category-cintillo","category-michoacan","tag-ostula","entry"],"jetpack_featured_media_url":"https:\/\/www.grieta.org.mx\/wp-content\/uploads\/2018\/03\/14524434_1106112876131411_958039263622046936_o.jpg","jetpack_sharing_enabled":true,"jetpack_shortlink":"https:\/\/wp.me\/p7ZJR4-3z1","jetpack_likes_enabled":false,"jetpack-related-posts":[{"id":7497,"url":"https:\/\/www.grieta.org.mx\/index.php\/2016\/07\/29\/lucha-y-resistencia-del-pueblo-de-santa-maria-ostula\/","url_meta":{"origin":13703,"position":0},"title":"Lucha y resistencia del pueblo de Santa Mar\u00eda Ostula","author":"Admin","date":"29 julio, 2016","format":false,"excerpt":"Detienen a Jhony Israel Flores Tolentino, polic\u00eda comunitario de Santa Mar\u00eda Ostula 29\/07\/16. Detienen a \u201cEl Tizoc\u201d en Morelia; intentaba obtener una carta de no antecedentes penales Provincia Ostula celebra siete a\u00f1os de autonom\u00eda 28\/06\/16. Ostula Michoac\u00e1n, siete a\u00f1os en defensa de la Madre Tierra Pozol Colectivo Movilizaci\u00f3n en memoria\u2026","rel":"","context":"En &quot;1. Ostula&quot;","block_context":{"text":"1. Ostula","link":"https:\/\/www.grieta.org.mx\/index.php\/category\/espejos-de-la-resistencia\/1-ostula\/"},"img":{"alt_text":"","src":"https:\/\/i0.wp.com\/www.grieta.org.mx\/wp-content\/uploads\/2018\/03\/14524434_1106112876131411_958039263622046936_o.jpg?resize=350%2C200&ssl=1","width":350,"height":200,"srcset":"https:\/\/i0.wp.com\/www.grieta.org.mx\/wp-content\/uploads\/2018\/03\/14524434_1106112876131411_958039263622046936_o.jpg?resize=350%2C200&ssl=1 1x, https:\/\/i0.wp.com\/www.grieta.org.mx\/wp-content\/uploads\/2018\/03\/14524434_1106112876131411_958039263622046936_o.jpg?resize=525%2C300&ssl=1 1.5x, https:\/\/i0.wp.com\/www.grieta.org.mx\/wp-content\/uploads\/2018\/03\/14524434_1106112876131411_958039263622046936_o.jpg?resize=700%2C400&ssl=1 2x"},"classes":[]},{"id":7754,"url":"https:\/\/www.grieta.org.mx\/index.php\/2015\/07\/19\/cargando-a-sangre-y-fuego-el-ejercito-realiza-detenciones-arbitrarias-en-santa-maria-ostula-contra-policias-comunitarios-y-autodefensas\/","url_meta":{"origin":13703,"position":1},"title":"Cargando a sangre y fuego el ej\u00e9rcito realiza detenciones arbitrarias en Santa Mar\u00eda Ostula contra polic\u00edas comunitarios y autodefensas","author":"Admin","date":"19 julio, 2015","format":false,"excerpt":"Bolet\u00edn N\u00b0 1 DETENIENE EL EJ\u00c9RCITO A MIEMBROS DE LA COMUNIDAD IND\u00cdGENA DE SANTA MAR\u00cdA OSTULA, Municipio de Aquila, Michoac\u00e1n. (19 de julio de 2015, 13 hrs) A LA SOCIEDAD CIVIL A LAS ORGANIZACIONES DE DERECHOS HUMANOS A LOS MEDIOS DE COMUNICACI\u00d3N HONESTOS ostula-indymediaEl d\u00eda de hoy aproximadamente a las\u2026","rel":"","context":"En &quot;CINTILLO&quot;","block_context":{"text":"CINTILLO","link":"https:\/\/www.grieta.org.mx\/index.php\/category\/cintillo\/"},"img":{"alt_text":"","src":"https:\/\/i0.wp.com\/www.grieta.org.mx\/wp-content\/uploads\/2018\/03\/14524434_1106112876131411_958039263622046936_o.jpg?resize=350%2C200&ssl=1","width":350,"height":200,"srcset":"https:\/\/i0.wp.com\/www.grieta.org.mx\/wp-content\/uploads\/2018\/03\/14524434_1106112876131411_958039263622046936_o.jpg?resize=350%2C200&ssl=1 1x, https:\/\/i0.wp.com\/www.grieta.org.mx\/wp-content\/uploads\/2018\/03\/14524434_1106112876131411_958039263622046936_o.jpg?resize=525%2C300&ssl=1 1.5x, https:\/\/i0.wp.com\/www.grieta.org.mx\/wp-content\/uploads\/2018\/03\/14524434_1106112876131411_958039263622046936_o.jpg?resize=700%2C400&ssl=1 2x"},"classes":[]},{"id":7781,"url":"https:\/\/www.grieta.org.mx\/index.php\/2015\/05\/27\/ataque-de-caballeros-templarios-alarma-contra-la-existencia-de-nuestro-pueblo-nahuas-de-ostula\/","url_meta":{"origin":13703,"position":2},"title":"\u201cAtaque de caballeros templarios, alarma contra la existencia de nuestro pueblo: nahuas de Ostula","author":"Admin","date":"27 mayo, 2015","format":false,"excerpt":"(Ciudad de M\u00e9xico).- El atentado al comandante general Seme\u00ed Verd\u00eda Zepeda el pasado 25 de mayo ser\u00eda una se\u00f1al de alarma contra la organizaci\u00f3n comunitaria y las \u201cposibilidades de seguir existiendo como pueblo\u201d, advierte en un comunicado la Comisi\u00f3n para la Defensa de los Bienes Comunales de Santa Mar\u00eda Ostula,\u2026","rel":"","context":"En &quot;CINTILLO&quot;","block_context":{"text":"CINTILLO","link":"https:\/\/www.grieta.org.mx\/index.php\/category\/cintillo\/"},"img":{"alt_text":"","src":"https:\/\/i0.wp.com\/www.grieta.org.mx\/wp-content\/uploads\/2018\/03\/14524434_1106112876131411_958039263622046936_o.jpg?resize=350%2C200&ssl=1","width":350,"height":200,"srcset":"https:\/\/i0.wp.com\/www.grieta.org.mx\/wp-content\/uploads\/2018\/03\/14524434_1106112876131411_958039263622046936_o.jpg?resize=350%2C200&ssl=1 1x, https:\/\/i0.wp.com\/www.grieta.org.mx\/wp-content\/uploads\/2018\/03\/14524434_1106112876131411_958039263622046936_o.jpg?resize=525%2C300&ssl=1 1.5x, https:\/\/i0.wp.com\/www.grieta.org.mx\/wp-content\/uploads\/2018\/03\/14524434_1106112876131411_958039263622046936_o.jpg?resize=700%2C400&ssl=1 2x"},"classes":[]},{"id":8932,"url":"https:\/\/www.grieta.org.mx\/index.php\/2015\/05\/27\/ataque-de-caballeros-templarios-alarma-contra-la-existencia-de-nuestro-pueblo-nahuas-de-ostula-2\/","url_meta":{"origin":13703,"position":3},"title":"\u201cAtaque de caballeros templarios, alarma contra la existencia de nuestro pueblo: nahuas de Ostula","author":"Admin","date":"27 mayo, 2015","format":false,"excerpt":"ALDABI OLVERA (Ciudad de M\u00e9xico).- El atentado al comandante general Seme\u00ed Verd\u00eda Zepeda el pasado 25 de mayo ser\u00eda una se\u00f1al de alarma contra la organizaci\u00f3n comunitaria y las \u201cposibilidades de seguir existiendo como pueblo\u201d, advierte en un comunicado la Comisi\u00f3n para la Defensa de los Bienes Comunales de Santa\u2026","rel":"","context":"En &quot;CINTILLO&quot;","block_context":{"text":"CINTILLO","link":"https:\/\/www.grieta.org.mx\/index.php\/category\/cintillo\/"},"img":{"alt_text":"","src":"https:\/\/i0.wp.com\/www.grieta.org.mx\/wp-content\/uploads\/2018\/03\/14524434_1106112876131411_958039263622046936_o.jpg?resize=350%2C200&ssl=1","width":350,"height":200,"srcset":"https:\/\/i0.wp.com\/www.grieta.org.mx\/wp-content\/uploads\/2018\/03\/14524434_1106112876131411_958039263622046936_o.jpg?resize=350%2C200&ssl=1 1x, https:\/\/i0.wp.com\/www.grieta.org.mx\/wp-content\/uploads\/2018\/03\/14524434_1106112876131411_958039263622046936_o.jpg?resize=525%2C300&ssl=1 1.5x, https:\/\/i0.wp.com\/www.grieta.org.mx\/wp-content\/uploads\/2018\/03\/14524434_1106112876131411_958039263622046936_o.jpg?resize=700%2C400&ssl=1 2x"},"classes":[]},{"id":7720,"url":"https:\/\/www.grieta.org.mx\/index.php\/2015\/07\/24\/ostula-denuncian-que-agresion-del-ejercito-contra-nahuas-fue-arbitraria\/","url_meta":{"origin":13703,"position":4},"title":"Ostula: Denuncian que agresi\u00f3n del Ej\u00e9rcito contra nahuas fue arbitraria","author":"Admin","date":"24 julio, 2015","format":false,"excerpt":"* Habitantes de Ostula exigen la libertad del comandante de su polic\u00eda comunitaria, Ceme\u00ed Verd\u00eda. Ciudad de M\u00e9xico, 21 de julio de 2015. Los elementos del ej\u00e9rcito que dispararon este domingo contra habitantes de la comunidad nahua de Ostula, Michoac\u00e1n, asesinando a un ni\u00f1o e hiriendo a cinco personas m\u00e1s,\u2026","rel":"","context":"En &quot;CINTILLO&quot;","block_context":{"text":"CINTILLO","link":"https:\/\/www.grieta.org.mx\/index.php\/category\/cintillo\/"},"img":{"alt_text":"","src":"https:\/\/i0.wp.com\/www.grieta.org.mx\/wp-content\/uploads\/2018\/03\/14524434_1106112876131411_958039263622046936_o.jpg?resize=350%2C200&ssl=1","width":350,"height":200,"srcset":"https:\/\/i0.wp.com\/www.grieta.org.mx\/wp-content\/uploads\/2018\/03\/14524434_1106112876131411_958039263622046936_o.jpg?resize=350%2C200&ssl=1 1x, https:\/\/i0.wp.com\/www.grieta.org.mx\/wp-content\/uploads\/2018\/03\/14524434_1106112876131411_958039263622046936_o.jpg?resize=525%2C300&ssl=1 1.5x, https:\/\/i0.wp.com\/www.grieta.org.mx\/wp-content\/uploads\/2018\/03\/14524434_1106112876131411_958039263622046936_o.jpg?resize=700%2C400&ssl=1 2x"},"classes":[]},{"id":7803,"url":"https:\/\/www.grieta.org.mx\/index.php\/2015\/05\/26\/comision-para-la-defensa-de-los-bienes-comunales-de-santa-maria-ostula-denuncia-atentado-2\/","url_meta":{"origin":13703,"position":5},"title":"Comisi\u00f3n para la Defensa de los Bienes Comunales de Santa Mar\u00eda Ostula denuncia atentado","author":"Admin","date":"26 mayo, 2015","format":false,"excerpt":"A los pueblos de M\u00e9xico y el Mundo A la medios de comunicaci\u00f3n Al Congreso Nacional Ind\u00edgena Al Ej\u00e9rcito Zapatista de Liberaci\u00f3n Nacional. La Comisi\u00f3n para la Defensa de los Bienes Comunales de Santa Mar\u00eda Ostula, municipio de Aquila, Michoac\u00e1n, denuncia que el d\u00eda 25 de mayo de 2015, nuestra\u2026","rel":"","context":"En &quot;CINTILLO&quot;","block_context":{"text":"CINTILLO","link":"https:\/\/www.grieta.org.mx\/index.php\/category\/cintillo\/"},"img":{"alt_text":"","src":"https:\/\/i0.wp.com\/www.grieta.org.mx\/wp-content\/uploads\/2018\/03\/14524434_1106112876131411_958039263622046936_o.jpg?resize=350%2C200&ssl=1","width":350,"height":200,"srcset":"https:\/\/i0.wp.com\/www.grieta.org.mx\/wp-content\/uploads\/2018\/03\/14524434_1106112876131411_958039263622046936_o.jpg?resize=350%2C200&ssl=1 1x, https:\/\/i0.wp.com\/www.grieta.org.mx\/wp-content\/uploads\/2018\/03\/14524434_1106112876131411_958039263622046936_o.jpg?resize=525%2C300&ssl=1 1.5x, https:\/\/i0.wp.com\/www.grieta.org.mx\/wp-content\/uploads\/2018\/03\/14524434_1106112876131411_958039263622046936_o.jpg?resize=700%2C400&ssl=1 2x"},"classes":[]}],"_links":{"self":[{"href":"https:\/\/www.grieta.org.mx\/index.php\/wp-json\/wp\/v2\/posts\/13703","targetHints":{"allow":["GET"]}}],"collection":[{"href":"https:\/\/www.grieta.org.mx\/index.php\/wp-json\/wp\/v2\/posts"}],"about":[{"href":"https:\/\/www.grieta.org.mx\/index.php\/wp-json\/wp\/v2\/types\/post"}],"author":[{"embeddable":true,"href":"https:\/\/www.grieta.org.mx\/index.php\/wp-json\/wp\/v2\/users\/2"}],"replies":[{"embeddable":true,"href":"https:\/\/www.grieta.org.mx\/index.php\/wp-json\/wp\/v2\/comments?post=13703"}],"version-history":[{"count":1,"href":"https:\/\/www.grieta.org.mx\/index.php\/wp-json\/wp\/v2\/posts\/13703\/revisions"}],"predecessor-version":[{"id":13704,"href":"https:\/\/www.grieta.org.mx\/index.php\/wp-json\/wp\/v2\/posts\/13703\/revisions\/13704"}],"wp:featuredmedia":[{"embeddable":true,"href":"https:\/\/www.grieta.org.mx\/index.php\/wp-json\/wp\/v2\/media\/21928"}],"wp:attachment":[{"href":"https:\/\/www.grieta.org.mx\/index.php\/wp-json\/wp\/v2\/media?parent=13703"}],"wp:term":[{"taxonomy":"category","embeddable":true,"href":"https:\/\/www.grieta.org.mx\/index.php\/wp-json\/wp\/v2\/categories?post=13703"},{"taxonomy":"post_tag","embeddable":true,"href":"https:\/\/www.grieta.org.mx\/index.php\/wp-json\/wp\/v2\/tags?post=13703"}],"curies":[{"name":"wp","href":"https:\/\/api.w.org\/{rel}","templated":true}]}}