{"id":13685,"date":"2016-05-22T17:57:50","date_gmt":"2016-05-22T17:57:50","guid":{"rendered":"http:\/\/www.grieta.org.mx\/?p=13685"},"modified":"2016-06-06T18:02:19","modified_gmt":"2016-06-06T18:02:19","slug":"sentencia-por-guarderia-abc-llega-tarde-y-deficiente-a-7-anos-de-la-tragedia","status":"publish","type":"post","link":"https:\/\/www.grieta.org.mx\/index.php\/2016\/05\/22\/sentencia-por-guarderia-abc-llega-tarde-y-deficiente-a-7-anos-de-la-tragedia\/","title":{"rendered":"Sentencia por Guarder\u00eda ABC llega tarde y deficiente, a 7 a\u00f1os de la tragedia"},"content":{"rendered":"<blockquote><p>La sentencia no analiza las causas estructurales del incendio y no brinda acceso a la verdad, ni tampoco de todas las posibles responsabilidades<\/p><\/blockquote>\n<p>Luego de la sentencia dictada por el juez federal Ra\u00fal Mart\u00ednez Mart\u00ednez, con fecha del 13 de mayo de 2016, por los delitos de homicidio culposo y otros en relaci\u00f3n al expediente 126\/2009 integrado a ra\u00edz de la tragedia ocurrida el 5 de junio de 2009 en la Guarder\u00eda ABC, donde murieron 25 ni\u00f1as, 24 ni\u00f1os y resultaron con diferentes grados de lesiones m\u00e1s de 70 ni\u00f1as y ni\u00f1os; el Movimiento Ciudadano se\u00f1ala que la misma llega tarde y deficiente.<\/p>\n<p>Dicha sentencia es deficiente en cuanto no esclarece las causas estructurales de las condiciones de inseguridad en la Guarder\u00eda, subrogada por el IMSS, y tampoco deslinda claramente las responsabilidades de las diferentes personas procesadas en la causa penal de referencia, mientras no aborda las posibles responsabilidades de otras personas no procesadas.<\/p>\n<p>Cabe destacar que ninguna persona de las sentenciadas ira a la c\u00e1rcel inmediatamente, ya que el juez dict\u00f3 sentencia por delito de homicidio y lesiones culposas, considerados \u201cdelitos no grave\u201d, por lo que las siguientes etapas del proceso, como la apelaci\u00f3n a esta sentencia, misma que ya ha sido interpuesta por los procesados, as\u00ed como en el caso de un posible tr\u00e1mite de amparo directo, las seguir\u00e1n llevando en libertad, hasta que finalicen las siguientes etapas legales y la sentencia quede firme.<\/p>\n<p>Resulta importante recordar que 2 de los 4 socios de ABC, Marcia Matilde Altagracia G\u00f3mez del Campo Tonella (prima de Margarita Zavala) y Gildardo Urquidez Serrano, no se encuentran dentro de los sentenciados por haber sido beneficiados con una resoluci\u00f3n absolutoria anticipada (sobreseimiento), por un magistrado de nombre Pablo Ibarra. De ah\u00ed que solo 2 de los 4 due\u00f1os de ABC, hayan sido sentenciados con a 28 a\u00f1os de prisi\u00f3n.<\/p>\n<p>Aunado a lo anterior la sentencia no toca a funcionarios federales de medio y alto nivel, en relaci\u00f3n a la cadena de mando y responsabilidades, por mencionar algunos nombres Eduardo Bours, Daniel Karam, Karla Rochin, respecto de los cuales la Procuradur\u00eda General de la Republica (PGR), no present\u00f3 consignaci\u00f3n ante ninguna autoridad jurisdiccional, decidiendo tampoco ejercer acci\u00f3n penal contra las cuidadoras de nuestros beb\u00e9s. Todo ello entra\u00f1a la denegaci\u00f3n de la investigaci\u00f3n y procuraci\u00f3n de justicia integral, favoreciendo a las y los responsables del homicidio y lesiones de nuestros hijos e hijas.<\/p>\n<p>Con respecto a la demanda que se interpuso en la Comisi\u00f3n Interamericana de Derechos Humanos (CIDH), la misma se encuentra en proceso de admisi\u00f3n. Recordamos que acudimos a este organismo internacional porque en M\u00e9xico las autoridades encargadas de procurar e impartir justicia no han cumplido su trabajo.<\/p>\n<p>En relaci\u00f3n a la reuni\u00f3n que tuvieron algunos padres y la comisi\u00f3n especial integrada para seguimiento de caso ABC de la c\u00e1mara de diputados (la tercera) con PGR, el pasado martes 17 de mayo, se notific\u00f3 que se llevar\u00e1 a cabo en el lugar de los hechos nuevo peritaje; el objetivo es encontrar el origen del incendio. Una vez m\u00e1s manifestamos los padres, madres y ciudadanos aglutinados al Movimiento 5 de Junio, que el origen del incendio resulta irrelevante para determinar responsabilidades de diversas personas, ya que si se hubiera contado con las instalaciones, elementos de seguridad, y las autoridades del IMSS as\u00ed como los due\u00f1os de la guarder\u00eda ABC hubiesen cumplido con su responsabilidad, ese incendio no habr\u00eda producido las consecuencias devastadoras. A PGR le exigimos se ampli\u00e9 la acci\u00f3n penal a involucrados como Eduardo Bours, Daniel Karam, Ernesto G\u00e1ndara entre otros, y no estas acciones que a 7 a\u00f1os nos parecen una ofensa a nuestra inteligencia.<\/p>\n<p>www.movimiento5dejunio.org<br \/>\nA 83 MESES DE LUCHA POR 49 RAZONES<\/p>\n<p><a href=\"https:\/\/www.centrodemedioslibres.org\/2016\/05\/22\/sentencia-por-guarderia-abc-llega-tarde-y-deficiente-a-7-anos-de-la-tragedia\/\" target=\"_blank\">https:\/\/www.centrodemedioslibres.org\/2016\/05\/22\/sentencia-por-guarderia-abc-llega-tarde-y-deficiente-a-7-anos-de-la-tragedia\/<\/a><\/p>\n","protected":false},"excerpt":{"rendered":"<p>La sentencia no analiza las causas estructurales del incendio y no brinda acceso a la verdad, ni tampoco de todas las posibles responsabilidades Luego de la sentencia dictada por el &hellip; <a href=\"https:\/\/www.grieta.org.mx\/index.php\/2016\/05\/22\/sentencia-por-guarderia-abc-llega-tarde-y-deficiente-a-7-anos-de-la-tragedia\/\" class=\"more-link\">Leer m\u00e1s<\/a><\/p>\n","protected":false},"author":2,"featured_media":21928,"comment_status":"closed","ping_status":"closed","sticky":false,"template":"","format":"standard","meta":{"ngg_post_thumbnail":0,"_jetpack_newsletter_access":"","_jetpack_dont_email_post_to_subs":false,"_jetpack_newsletter_tier_id":0,"_jetpack_memberships_contains_paywalled_content":false,"_jetpack_memberships_contains_paid_content":false,"footnotes":""},"categories":[80,456],"tags":[491],"class_list":["post-13685","post","type-post","status-publish","format-standard","has-post-thumbnail","hentry","category-cintillo","category-sonora","tag-guarderia-abc","entry"],"jetpack_featured_media_url":"https:\/\/www.grieta.org.mx\/wp-content\/uploads\/2018\/03\/14524434_1106112876131411_958039263622046936_o.jpg","jetpack_sharing_enabled":true,"jetpack_shortlink":"https:\/\/wp.me\/p7ZJR4-3yJ","jetpack_likes_enabled":false,"jetpack-related-posts":[{"id":9076,"url":"https:\/\/www.grieta.org.mx\/index.php\/2016\/09\/11\/caso-guarderia-abc\/","url_meta":{"origin":13685,"position":0},"title":"Caso Guarder\u00eda ABC","author":"Admin","date":"11 septiembre, 2016","format":false,"excerpt":"Se exige verdad y justicia para las v\u00edctimas de la guarder\u00eda ABC a siete a\u00f1os de luto y lucha 11\/09\/15. No buscan la verdad \u201csino la impunidad para los verdaderos responsables de la muerte de nuestros hijos\u201d: padres ABC Revoluci\u00f3n 3.0 05\/06\/15. 7 a\u00f1os de dolor y sin justicia: guarder\u00eda\u2026","rel":"","context":"En &quot;NOTICIAS NACIONALES&quot;","block_context":{"text":"NOTICIAS NACIONALES","link":"https:\/\/www.grieta.org.mx\/index.php\/category\/noticias-nacionales\/"},"img":{"alt_text":"","src":"https:\/\/i0.wp.com\/www.grieta.org.mx\/wp-content\/uploads\/2018\/03\/14524434_1106112876131411_958039263622046936_o.jpg?resize=350%2C200&ssl=1","width":350,"height":200,"srcset":"https:\/\/i0.wp.com\/www.grieta.org.mx\/wp-content\/uploads\/2018\/03\/14524434_1106112876131411_958039263622046936_o.jpg?resize=350%2C200&ssl=1 1x, https:\/\/i0.wp.com\/www.grieta.org.mx\/wp-content\/uploads\/2018\/03\/14524434_1106112876131411_958039263622046936_o.jpg?resize=525%2C300&ssl=1 1.5x, https:\/\/i0.wp.com\/www.grieta.org.mx\/wp-content\/uploads\/2018\/03\/14524434_1106112876131411_958039263622046936_o.jpg?resize=700%2C400&ssl=1 2x"},"classes":[]},{"id":12190,"url":"https:\/\/www.grieta.org.mx\/index.php\/2016\/05\/14\/imponen-sentencias-de-hasta-29-anos-por-caso-de-guarderia-abc\/","url_meta":{"origin":13685,"position":1},"title":"Imponen sentencias de hasta 29 a\u00f1os por caso de guarder\u00eda ABC","author":"grieta","date":"14 mayo, 2016","format":false,"excerpt":"Despu\u00e9s de casi 7 a\u00f1os del incendio en la Guarder\u00eda ABC en Hermosillo, Sonora, en el que fallecieron 49 menores, a al menos 10 personas implicadas en el hecho se les dict\u00f3 sentencia condenatoria. David Sa\u00fal Vela Un Juez Federal de Sonora dict\u00f3 sentencia condenatoria en contra de al menos\u2026","rel":"","context":"En &quot;CINTILLO&quot;","block_context":{"text":"CINTILLO","link":"https:\/\/www.grieta.org.mx\/index.php\/category\/cintillo\/"},"img":{"alt_text":"","src":"https:\/\/i0.wp.com\/www.grieta.org.mx\/wp-content\/uploads\/2018\/03\/14524434_1106112876131411_958039263622046936_o.jpg?resize=350%2C200&ssl=1","width":350,"height":200,"srcset":"https:\/\/i0.wp.com\/www.grieta.org.mx\/wp-content\/uploads\/2018\/03\/14524434_1106112876131411_958039263622046936_o.jpg?resize=350%2C200&ssl=1 1x, https:\/\/i0.wp.com\/www.grieta.org.mx\/wp-content\/uploads\/2018\/03\/14524434_1106112876131411_958039263622046936_o.jpg?resize=525%2C300&ssl=1 1.5x, https:\/\/i0.wp.com\/www.grieta.org.mx\/wp-content\/uploads\/2018\/03\/14524434_1106112876131411_958039263622046936_o.jpg?resize=700%2C400&ssl=1 2x"},"classes":[]},{"id":13683,"url":"https:\/\/www.grieta.org.mx\/index.php\/2016\/06\/05\/7-anos-de-dolor-y-sin-justicia-guarderia-abc\/","url_meta":{"origin":13685,"position":2},"title":"7 a\u00f1os de dolor y sin justicia: guarder\u00eda ABC","author":"grieta","date":"5 junio, 2016","format":false,"excerpt":"SARA GONZ\u00c1LEZ EDUARDO BLAS COVARRUBIAS Este 5 de junio, volvieron a marchar en la Ciudad de M\u00e9xico los padres de los 49 ni\u00f1os fallecidos en el incendio de la guarder\u00eda ABC en Hermosillo, Sonora. Despu\u00e9s de 7 a\u00f1os, la impunidad sigue presente. La marcha, encabezada por Abraham Fraijo, padre de\u2026","rel":"","context":"En &quot;CINTILLO&quot;","block_context":{"text":"CINTILLO","link":"https:\/\/www.grieta.org.mx\/index.php\/category\/cintillo\/"},"img":{"alt_text":"","src":"https:\/\/i0.wp.com\/www.grieta.org.mx\/wp-content\/uploads\/2018\/03\/14524434_1106112876131411_958039263622046936_o.jpg?resize=350%2C200&ssl=1","width":350,"height":200,"srcset":"https:\/\/i0.wp.com\/www.grieta.org.mx\/wp-content\/uploads\/2018\/03\/14524434_1106112876131411_958039263622046936_o.jpg?resize=350%2C200&ssl=1 1x, https:\/\/i0.wp.com\/www.grieta.org.mx\/wp-content\/uploads\/2018\/03\/14524434_1106112876131411_958039263622046936_o.jpg?resize=525%2C300&ssl=1 1.5x, https:\/\/i0.wp.com\/www.grieta.org.mx\/wp-content\/uploads\/2018\/03\/14524434_1106112876131411_958039263622046936_o.jpg?resize=700%2C400&ssl=1 2x"},"classes":[]},{"id":8383,"url":"https:\/\/www.grieta.org.mx\/index.php\/2015\/06\/12\/abc-y-ayotzinapa-continua-la-exigencia-de-verdad-y-justicia\/","url_meta":{"origin":13685,"position":3},"title":"ABC y Ayotzinapa: contin\u00faa la exigencia de verdad y justicia","author":"grieta","date":"12 junio, 2015","format":false,"excerpt":"Subversiones Por Amaranta Marentes Orozco 12 junio, 2015 Fotograf\u00edas por Amaranta Marentes \u00a0 El 5 de junio de 2015, a seis a\u00f1os del incendio en la guarder\u00eda ABC en el que fallecieron 49 ni\u00f1os y 106 resultaron heridos (en Hermosillo, Sonora) y a 8 meses de Ayotzinapa, madres de los\u2026","rel":"","context":"En &quot;CINTILLO&quot;","block_context":{"text":"CINTILLO","link":"https:\/\/www.grieta.org.mx\/index.php\/category\/cintillo\/"},"img":{"alt_text":"","src":"https:\/\/i0.wp.com\/www.grieta.org.mx\/wp-content\/uploads\/2018\/03\/14524434_1106112876131411_958039263622046936_o.jpg?resize=350%2C200&ssl=1","width":350,"height":200,"srcset":"https:\/\/i0.wp.com\/www.grieta.org.mx\/wp-content\/uploads\/2018\/03\/14524434_1106112876131411_958039263622046936_o.jpg?resize=350%2C200&ssl=1 1x, https:\/\/i0.wp.com\/www.grieta.org.mx\/wp-content\/uploads\/2018\/03\/14524434_1106112876131411_958039263622046936_o.jpg?resize=525%2C300&ssl=1 1.5x, https:\/\/i0.wp.com\/www.grieta.org.mx\/wp-content\/uploads\/2018\/03\/14524434_1106112876131411_958039263622046936_o.jpg?resize=700%2C400&ssl=1 2x"},"classes":[]},{"id":23483,"url":"https:\/\/www.grieta.org.mx\/index.php\/2018\/06\/06\/marchan-en-sonora-y-cdmx-por-victimas-de-guarderia-abc\/","url_meta":{"origin":13685,"position":4},"title":"Marchan en Sonora y CDMX por v\u00edctimas de guarder\u00eda ABC","author":"grieta","date":"6 junio, 2018","format":false,"excerpt":"Redacci\u00f3n\/ El Diario \u00a1ABC, nunca m\u00e1s! gritaron sobre Paseo de la Reforma y hasta el Z\u00f3calo los padres de los ni\u00f1os que murieron el 5 de junio de 2009 en la Guarder\u00eda ABC, de Hermosillo, Sonora. A nueve a\u00f1os del incendio, los pap\u00e1s exigieron a la Suprema Corte de Justicia\u2026","rel":"","context":"En &quot;CINTILLO&quot;","block_context":{"text":"CINTILLO","link":"https:\/\/www.grieta.org.mx\/index.php\/category\/cintillo\/"},"img":{"alt_text":"","src":"https:\/\/i0.wp.com\/www.grieta.org.mx\/wp-content\/uploads\/2018\/06\/conmemoracion_abc_-1023x570.jpg?resize=350%2C200&ssl=1","width":350,"height":200,"srcset":"https:\/\/i0.wp.com\/www.grieta.org.mx\/wp-content\/uploads\/2018\/06\/conmemoracion_abc_-1023x570.jpg?resize=350%2C200&ssl=1 1x, https:\/\/i0.wp.com\/www.grieta.org.mx\/wp-content\/uploads\/2018\/06\/conmemoracion_abc_-1023x570.jpg?resize=525%2C300&ssl=1 1.5x, https:\/\/i0.wp.com\/www.grieta.org.mx\/wp-content\/uploads\/2018\/06\/conmemoracion_abc_-1023x570.jpg?resize=700%2C400&ssl=1 2x"},"classes":[]},{"id":23486,"url":"https:\/\/www.grieta.org.mx\/index.php\/2018\/06\/05\/padres-de-las-victimas-de-la-guarderia-abc-denuncian-represalias-de-funcionarios-por-reclamos-de-corrupcion-sonora\/","url_meta":{"origin":13685,"position":5},"title":"Padres de las v\u00edctimas de la Guarder\u00eda ABC denuncian represalias de funcionarios por reclamos de corrupci\u00f3n (Sonora)","author":"grieta","date":"5 junio, 2018","format":false,"excerpt":"Redacci\u00f3n\/ Sin Embargo Los familiares de los menores fallecidos subrayaron que ni el IMSS, ni el gobierno de Sonora, ni el municipio de Hermosillo han atendido la queja que emiti\u00f3 la Comisi\u00f3n Nacional de los Derechos Humanos (CNDH) el pasado 30 de junio de 2009. Ciudad de M\u00e9xico, 5 de\u2026","rel":"","context":"En &quot;CINTILLO&quot;","block_context":{"text":"CINTILLO","link":"https:\/\/www.grieta.org.mx\/index.php\/category\/cintillo\/"},"img":{"alt_text":"","src":"https:\/\/i0.wp.com\/www.grieta.org.mx\/wp-content\/uploads\/2018\/06\/padres-abc.jpg?resize=350%2C200&ssl=1","width":350,"height":200,"srcset":"https:\/\/i0.wp.com\/www.grieta.org.mx\/wp-content\/uploads\/2018\/06\/padres-abc.jpg?resize=350%2C200&ssl=1 1x, https:\/\/i0.wp.com\/www.grieta.org.mx\/wp-content\/uploads\/2018\/06\/padres-abc.jpg?resize=525%2C300&ssl=1 1.5x, https:\/\/i0.wp.com\/www.grieta.org.mx\/wp-content\/uploads\/2018\/06\/padres-abc.jpg?resize=700%2C400&ssl=1 2x, https:\/\/i0.wp.com\/www.grieta.org.mx\/wp-content\/uploads\/2018\/06\/padres-abc.jpg?resize=1050%2C600&ssl=1 3x"},"classes":[]}],"_links":{"self":[{"href":"https:\/\/www.grieta.org.mx\/index.php\/wp-json\/wp\/v2\/posts\/13685","targetHints":{"allow":["GET"]}}],"collection":[{"href":"https:\/\/www.grieta.org.mx\/index.php\/wp-json\/wp\/v2\/posts"}],"about":[{"href":"https:\/\/www.grieta.org.mx\/index.php\/wp-json\/wp\/v2\/types\/post"}],"author":[{"embeddable":true,"href":"https:\/\/www.grieta.org.mx\/index.php\/wp-json\/wp\/v2\/users\/2"}],"replies":[{"embeddable":true,"href":"https:\/\/www.grieta.org.mx\/index.php\/wp-json\/wp\/v2\/comments?post=13685"}],"version-history":[{"count":1,"href":"https:\/\/www.grieta.org.mx\/index.php\/wp-json\/wp\/v2\/posts\/13685\/revisions"}],"predecessor-version":[{"id":13687,"href":"https:\/\/www.grieta.org.mx\/index.php\/wp-json\/wp\/v2\/posts\/13685\/revisions\/13687"}],"wp:featuredmedia":[{"embeddable":true,"href":"https:\/\/www.grieta.org.mx\/index.php\/wp-json\/wp\/v2\/media\/21928"}],"wp:attachment":[{"href":"https:\/\/www.grieta.org.mx\/index.php\/wp-json\/wp\/v2\/media?parent=13685"}],"wp:term":[{"taxonomy":"category","embeddable":true,"href":"https:\/\/www.grieta.org.mx\/index.php\/wp-json\/wp\/v2\/categories?post=13685"},{"taxonomy":"post_tag","embeddable":true,"href":"https:\/\/www.grieta.org.mx\/index.php\/wp-json\/wp\/v2\/tags?post=13685"}],"curies":[{"name":"wp","href":"https:\/\/api.w.org\/{rel}","templated":true}]}}