{"id":13683,"date":"2016-06-05T17:53:01","date_gmt":"2016-06-05T17:53:01","guid":{"rendered":"http:\/\/www.grieta.org.mx\/?p=13683"},"modified":"2016-06-06T17:57:43","modified_gmt":"2016-06-06T17:57:43","slug":"7-anos-de-dolor-y-sin-justicia-guarderia-abc","status":"publish","type":"post","link":"https:\/\/www.grieta.org.mx\/index.php\/2016\/06\/05\/7-anos-de-dolor-y-sin-justicia-guarderia-abc\/","title":{"rendered":"7 a\u00f1os de dolor y sin justicia: guarder\u00eda ABC"},"content":{"rendered":"<p>SARA GONZ\u00c1LEZ<br \/>\nEDUARDO BLAS COVARRUBIAS<\/p>\n<p>Este 5 de junio, volvieron a marchar en la Ciudad de M\u00e9xico los padres de los 49 ni\u00f1os fallecidos en el incendio de la guarder\u00eda ABC en Hermosillo, Sonora. Despu\u00e9s de 7 a\u00f1os, la impunidad sigue presente. La marcha, encabezada por Abraham Fraijo, padre de Emilia Fraijo Navarro fallecida el 5 de junio del 2009, parti\u00f3 de la Estela de Luz para llegar al Z\u00f3calo, donde se colocaron las fotograf\u00edas de los 49 ni\u00f1os. Ciudadanos y padres de familia hicieron un recuento de los fallecidos delante de las oficinas del IMSS y tambi\u00e9n en el \u00c1ngel de la Independencia. En la marcha estuvieron presentes los padres del normalista C\u00e9sar Manuel Gonz\u00e1lez Hern\u00e1ndez.<\/p>\n<p>La marcha se da un mes despu\u00e9s de que el Juzgado Primero del Distrito de Sonora dictara sentencia contra 19 de los 22 implicados. Esta sentencia condena a los culpables de 20 a 29 a\u00f1os de c\u00e1rcel y les acusa de homicidio culposo. \u201cLos responsables hab\u00edan sido procesados por homicidios dolosos, un delito grave que no alcanza fianza. Pero despu\u00e9s, misteriosamente se cambia el estatuto jur\u00eddico a homicidio culposo, que alcanza fianza. Las fianzas son risorias. Son de menos de 3000 pesos, por la muerte de 49 beb\u00e9s\u201d, explic\u00f3 Abraham Fraijo.<\/p>\n<p>El pap\u00e1 de Emilia denunci\u00f3 que cada a\u00f1o, un mes antes de la marcha del 5 de junio, empieza una estrategia medi\u00e1tica en la cual alaban el avance de la investigaci\u00f3n. \u201cNo est\u00e1n todos los responsables, adem\u00e1s de que no son las condenas correctas, hay grados, est\u00e1n siendo responsabilizados los que est\u00e1n en los \u00faltimos niveles. Los due\u00f1os de la guarder\u00eda y los funcionarios del primer nivel est\u00e1n libres\u201d, critic\u00f3.<\/p>\n<p>Despu\u00e9s de 7 a\u00f1os de lucha se conoce quienes son los responsables. Abraham cit\u00f3 a Eduardo Bours, ex gobernador de Sonora, pero tambi\u00e9n Marcia Matilda Altagracia G\u00f3mez del Campo Tonella, due\u00f1a de la guarder\u00eda y prima directa de Margarita Zavala, posible candidata del PAN a la presidencia del 2018. Marcia Matilda fue exonerada de los procesos de investigaci\u00f3n por falta de pruebas. Asimismo, el arzobispo em\u00e9rito de Hermosillo, despu\u00e9s del incendio, envi\u00f3 una serie de cartas de recomendaci\u00f3n al juez que estaba llevando el caso, avalando la gran honorabilidad de los due\u00f1os de la guarder\u00eda.<\/p>\n<p>\u201cEl caso de la guarder\u00eda ABC se puede resumir en 3 vertientes: injusticia, impunidad y nula garant\u00eda de la no repetici\u00f3n\u201d, explic\u00f3 Abraham. \u201cEs pelear contra sans\u00f3n, agarrarte a patadas contra ese sistema que solo protege a unos pocos\u201d.<\/p>\n<p>El 5 de junio del a\u00f1o 2009, 49 ni\u00f1os fallecieron en la guarder\u00eda ABC de Hermosillo Sonora y muchos otros fueron gravemente heridos. El incendio fue provocado intencionalmente para eliminar las pruebas que hubieran podido incriminar a Juan-Carlos Lam F\u00e9lix, ex-secretario t\u00e9cnico del entonces gobernador de la entidad, Eduardo Bours. El incendio deb\u00eda quemar los documentos relacionados con la deuda generada durante el sexenio del gobernador, ya que estos se encontraban en una bodega de la Secretaria de Hacienda, contigua a la guarder\u00eda.<\/p>\n<p>Desde entonces, los padres se han organizado para reclamar justicia. A trav\u00e9s del Movimiento 5 de Junio y el proyecto ciudadano ABC49, fue aprobada la Ley 5 de junio en el 2011, aunque hoy en d\u00eda, a\u00fan faltan que distintos estados adecuen sus leyes locales para su cumplimiento. Esta ley est\u00e1 dirigida a que nunca m\u00e1s se repita otra tragedia como la que cobr\u00f3 la vida de los 49 peque\u00f1os.<\/p>\n<p><a href=\"http:\/\/www.somoselmedio.org\/content\/7-a%C3%B1os-de-dolor-y-sin-justicia-guarder%C3%ADa-abc\" target=\"_blank\">http:\/\/www.somoselmedio.org\/content\/7-a%C3%B1os-de-dolor-y-sin-justicia-guarder%C3%ADa-abc<\/a><\/p>\n","protected":false},"excerpt":{"rendered":"<p>SARA GONZ\u00c1LEZ EDUARDO BLAS COVARRUBIAS Este 5 de junio, volvieron a marchar en la Ciudad de M\u00e9xico los padres de los 49 ni\u00f1os fallecidos en el incendio de la guarder\u00eda &hellip; <a href=\"https:\/\/www.grieta.org.mx\/index.php\/2016\/06\/05\/7-anos-de-dolor-y-sin-justicia-guarderia-abc\/\" class=\"more-link\">Leer m\u00e1s<\/a><\/p>\n","protected":false},"author":2,"featured_media":21928,"comment_status":"closed","ping_status":"closed","sticky":false,"template":"","format":"standard","meta":{"ngg_post_thumbnail":0,"_jetpack_newsletter_access":"","_jetpack_dont_email_post_to_subs":false,"_jetpack_newsletter_tier_id":0,"_jetpack_memberships_contains_paywalled_content":false,"_jetpack_memberships_contains_paid_content":false,"footnotes":""},"categories":[80,456],"tags":[491],"class_list":["post-13683","post","type-post","status-publish","format-standard","has-post-thumbnail","hentry","category-cintillo","category-sonora","tag-guarderia-abc","entry"],"jetpack_featured_media_url":"https:\/\/www.grieta.org.mx\/wp-content\/uploads\/2018\/03\/14524434_1106112876131411_958039263622046936_o.jpg","jetpack_sharing_enabled":true,"jetpack_shortlink":"https:\/\/wp.me\/p7ZJR4-3yH","jetpack_likes_enabled":false,"jetpack-related-posts":[{"id":23483,"url":"https:\/\/www.grieta.org.mx\/index.php\/2018\/06\/06\/marchan-en-sonora-y-cdmx-por-victimas-de-guarderia-abc\/","url_meta":{"origin":13683,"position":0},"title":"Marchan en Sonora y CDMX por v\u00edctimas de guarder\u00eda ABC","author":"grieta","date":"6 junio, 2018","format":false,"excerpt":"Redacci\u00f3n\/ El Diario \u00a1ABC, nunca m\u00e1s! gritaron sobre Paseo de la Reforma y hasta el Z\u00f3calo los padres de los ni\u00f1os que murieron el 5 de junio de 2009 en la Guarder\u00eda ABC, de Hermosillo, Sonora. A nueve a\u00f1os del incendio, los pap\u00e1s exigieron a la Suprema Corte de Justicia\u2026","rel":"","context":"En &quot;CINTILLO&quot;","block_context":{"text":"CINTILLO","link":"https:\/\/www.grieta.org.mx\/index.php\/category\/cintillo\/"},"img":{"alt_text":"","src":"https:\/\/i0.wp.com\/www.grieta.org.mx\/wp-content\/uploads\/2018\/06\/conmemoracion_abc_-1023x570.jpg?resize=350%2C200&ssl=1","width":350,"height":200,"srcset":"https:\/\/i0.wp.com\/www.grieta.org.mx\/wp-content\/uploads\/2018\/06\/conmemoracion_abc_-1023x570.jpg?resize=350%2C200&ssl=1 1x, https:\/\/i0.wp.com\/www.grieta.org.mx\/wp-content\/uploads\/2018\/06\/conmemoracion_abc_-1023x570.jpg?resize=525%2C300&ssl=1 1.5x, https:\/\/i0.wp.com\/www.grieta.org.mx\/wp-content\/uploads\/2018\/06\/conmemoracion_abc_-1023x570.jpg?resize=700%2C400&ssl=1 2x"},"classes":[]},{"id":23486,"url":"https:\/\/www.grieta.org.mx\/index.php\/2018\/06\/05\/padres-de-las-victimas-de-la-guarderia-abc-denuncian-represalias-de-funcionarios-por-reclamos-de-corrupcion-sonora\/","url_meta":{"origin":13683,"position":1},"title":"Padres de las v\u00edctimas de la Guarder\u00eda ABC denuncian represalias de funcionarios por reclamos de corrupci\u00f3n (Sonora)","author":"grieta","date":"5 junio, 2018","format":false,"excerpt":"Redacci\u00f3n\/ Sin Embargo Los familiares de los menores fallecidos subrayaron que ni el IMSS, ni el gobierno de Sonora, ni el municipio de Hermosillo han atendido la queja que emiti\u00f3 la Comisi\u00f3n Nacional de los Derechos Humanos (CNDH) el pasado 30 de junio de 2009. Ciudad de M\u00e9xico, 5 de\u2026","rel":"","context":"En &quot;CINTILLO&quot;","block_context":{"text":"CINTILLO","link":"https:\/\/www.grieta.org.mx\/index.php\/category\/cintillo\/"},"img":{"alt_text":"","src":"https:\/\/i0.wp.com\/www.grieta.org.mx\/wp-content\/uploads\/2018\/06\/padres-abc.jpg?resize=350%2C200&ssl=1","width":350,"height":200,"srcset":"https:\/\/i0.wp.com\/www.grieta.org.mx\/wp-content\/uploads\/2018\/06\/padres-abc.jpg?resize=350%2C200&ssl=1 1x, https:\/\/i0.wp.com\/www.grieta.org.mx\/wp-content\/uploads\/2018\/06\/padres-abc.jpg?resize=525%2C300&ssl=1 1.5x, https:\/\/i0.wp.com\/www.grieta.org.mx\/wp-content\/uploads\/2018\/06\/padres-abc.jpg?resize=700%2C400&ssl=1 2x, https:\/\/i0.wp.com\/www.grieta.org.mx\/wp-content\/uploads\/2018\/06\/padres-abc.jpg?resize=1050%2C600&ssl=1 3x"},"classes":[]},{"id":13777,"url":"https:\/\/www.grieta.org.mx\/index.php\/2016\/06\/05\/realizan-marcha-para-conmemorar-7-anos-del-incendio-en-la-guarderia-abc-ciudad-de-mexico\/","url_meta":{"origin":13683,"position":2},"title":"Realizan marcha para conmemorar 7 a\u00f1os del incendio en la Guarder\u00eda ABC (Ciudad de M\u00e9xico)","author":"grieta","date":"5 junio, 2016","format":false,"excerpt":"Este domingo, se cumplen siete a\u00f1os desde el terrible incendio en la Guarder\u00eda ABC en Hermosillo, Sonora, donde lamentablemente 49 ni\u00f1os perdieron la vida y 19 m\u00e1s resultaron heridos. Y para no olvidar y exigir justicia ante esta tragedia, padres de familia de los infantes as\u00ed como diversas organizaciones, convocaron\u2026","rel":"","context":"En &quot;cdmx&quot;","block_context":{"text":"cdmx","link":"https:\/\/www.grieta.org.mx\/index.php\/category\/cdmx\/"},"img":{"alt_text":"","src":"https:\/\/i0.wp.com\/www.grieta.org.mx\/wp-content\/uploads\/2018\/03\/14524434_1106112876131411_958039263622046936_o.jpg?resize=350%2C200&ssl=1","width":350,"height":200,"srcset":"https:\/\/i0.wp.com\/www.grieta.org.mx\/wp-content\/uploads\/2018\/03\/14524434_1106112876131411_958039263622046936_o.jpg?resize=350%2C200&ssl=1 1x, https:\/\/i0.wp.com\/www.grieta.org.mx\/wp-content\/uploads\/2018\/03\/14524434_1106112876131411_958039263622046936_o.jpg?resize=525%2C300&ssl=1 1.5x, https:\/\/i0.wp.com\/www.grieta.org.mx\/wp-content\/uploads\/2018\/03\/14524434_1106112876131411_958039263622046936_o.jpg?resize=700%2C400&ssl=1 2x"},"classes":[]},{"id":34989,"url":"https:\/\/www.grieta.org.mx\/index.php\/2019\/06\/17\/roban-zapatos-de-bronce-colocados-por-los-padres-de-la-guarderia-abc-en-el-antimonumento-ciudad-de-mexico\/","url_meta":{"origin":13683,"position":3},"title":"Roban zapatos de bronce colocados por los padres de la Guarder\u00eda ABC en el Antimonumento (Ciudad de M\u00e9xico)","author":"grieta","date":"17 junio, 2019","format":false,"excerpt":"Los zapatos de bronce hab\u00edan sido colocados por padres y familiares de los 49 menores fallecidos en el incendio de 2009, eran r\u00e9plicas de los que usaban las ni\u00f1as y ni\u00f1os el d\u00eda del percance. Redacci\u00f3n\/ ANIMAL POL\u00cdTICO Siete de los pares de zapatos de bronce colocados en el Antimonumento\u2026","rel":"","context":"En &quot;CINTILLO&quot;","block_context":{"text":"CINTILLO","link":"https:\/\/www.grieta.org.mx\/index.php\/category\/cintillo\/"},"img":{"alt_text":"","src":"https:\/\/i0.wp.com\/www.grieta.org.mx\/wp-content\/uploads\/2019\/06\/zapatitos-ABC.jpg?resize=350%2C200&ssl=1","width":350,"height":200,"srcset":"https:\/\/i0.wp.com\/www.grieta.org.mx\/wp-content\/uploads\/2019\/06\/zapatitos-ABC.jpg?resize=350%2C200&ssl=1 1x, https:\/\/i0.wp.com\/www.grieta.org.mx\/wp-content\/uploads\/2019\/06\/zapatitos-ABC.jpg?resize=525%2C300&ssl=1 1.5x"},"classes":[]},{"id":13659,"url":"https:\/\/www.grieta.org.mx\/index.php\/2015\/06\/05\/marchan-en-el-df-por-fallecidos-en-guarderia-abc\/","url_meta":{"origin":13683,"position":4},"title":"Marchan en el DF por fallecidos en Guarder\u00eda ABC","author":"grieta","date":"5 junio, 2015","format":false,"excerpt":"Aseguran que la manifestaci\u00f3n empez\u00f3 con un retraso de casi una hora y media Familiares de los 49 ni\u00f1os convocan a una movilizaci\u00f3n desde el \u00c1ngel de la Independencia hasta el Z\u00f3calo CIUDAD DE M\u00c9XICO (05\/JUN\/2015).- La Secretar\u00eda de Seguridad P\u00fablica del Distrito Federal (SSPDF) inform\u00f3 que familiares de los\u2026","rel":"","context":"En &quot;cdmx&quot;","block_context":{"text":"cdmx","link":"https:\/\/www.grieta.org.mx\/index.php\/category\/cdmx\/"},"img":{"alt_text":"","src":"https:\/\/i0.wp.com\/www.grieta.org.mx\/wp-content\/uploads\/2018\/03\/14524434_1106112876131411_958039263622046936_o.jpg?resize=350%2C200&ssl=1","width":350,"height":200,"srcset":"https:\/\/i0.wp.com\/www.grieta.org.mx\/wp-content\/uploads\/2018\/03\/14524434_1106112876131411_958039263622046936_o.jpg?resize=350%2C200&ssl=1 1x, https:\/\/i0.wp.com\/www.grieta.org.mx\/wp-content\/uploads\/2018\/03\/14524434_1106112876131411_958039263622046936_o.jpg?resize=525%2C300&ssl=1 1.5x, https:\/\/i0.wp.com\/www.grieta.org.mx\/wp-content\/uploads\/2018\/03\/14524434_1106112876131411_958039263622046936_o.jpg?resize=700%2C400&ssl=1 2x"},"classes":[]},{"id":9076,"url":"https:\/\/www.grieta.org.mx\/index.php\/2016\/09\/11\/caso-guarderia-abc\/","url_meta":{"origin":13683,"position":5},"title":"Caso Guarder\u00eda ABC","author":"Admin","date":"11 septiembre, 2016","format":false,"excerpt":"Se exige verdad y justicia para las v\u00edctimas de la guarder\u00eda ABC a siete a\u00f1os de luto y lucha 11\/09\/15. No buscan la verdad \u201csino la impunidad para los verdaderos responsables de la muerte de nuestros hijos\u201d: padres ABC Revoluci\u00f3n 3.0 05\/06\/15. 7 a\u00f1os de dolor y sin justicia: guarder\u00eda\u2026","rel":"","context":"En &quot;NOTICIAS NACIONALES&quot;","block_context":{"text":"NOTICIAS NACIONALES","link":"https:\/\/www.grieta.org.mx\/index.php\/category\/noticias-nacionales\/"},"img":{"alt_text":"","src":"https:\/\/i0.wp.com\/www.grieta.org.mx\/wp-content\/uploads\/2018\/03\/14524434_1106112876131411_958039263622046936_o.jpg?resize=350%2C200&ssl=1","width":350,"height":200,"srcset":"https:\/\/i0.wp.com\/www.grieta.org.mx\/wp-content\/uploads\/2018\/03\/14524434_1106112876131411_958039263622046936_o.jpg?resize=350%2C200&ssl=1 1x, https:\/\/i0.wp.com\/www.grieta.org.mx\/wp-content\/uploads\/2018\/03\/14524434_1106112876131411_958039263622046936_o.jpg?resize=525%2C300&ssl=1 1.5x, https:\/\/i0.wp.com\/www.grieta.org.mx\/wp-content\/uploads\/2018\/03\/14524434_1106112876131411_958039263622046936_o.jpg?resize=700%2C400&ssl=1 2x"},"classes":[]}],"_links":{"self":[{"href":"https:\/\/www.grieta.org.mx\/index.php\/wp-json\/wp\/v2\/posts\/13683","targetHints":{"allow":["GET"]}}],"collection":[{"href":"https:\/\/www.grieta.org.mx\/index.php\/wp-json\/wp\/v2\/posts"}],"about":[{"href":"https:\/\/www.grieta.org.mx\/index.php\/wp-json\/wp\/v2\/types\/post"}],"author":[{"embeddable":true,"href":"https:\/\/www.grieta.org.mx\/index.php\/wp-json\/wp\/v2\/users\/2"}],"replies":[{"embeddable":true,"href":"https:\/\/www.grieta.org.mx\/index.php\/wp-json\/wp\/v2\/comments?post=13683"}],"version-history":[{"count":1,"href":"https:\/\/www.grieta.org.mx\/index.php\/wp-json\/wp\/v2\/posts\/13683\/revisions"}],"predecessor-version":[{"id":13684,"href":"https:\/\/www.grieta.org.mx\/index.php\/wp-json\/wp\/v2\/posts\/13683\/revisions\/13684"}],"wp:featuredmedia":[{"embeddable":true,"href":"https:\/\/www.grieta.org.mx\/index.php\/wp-json\/wp\/v2\/media\/21928"}],"wp:attachment":[{"href":"https:\/\/www.grieta.org.mx\/index.php\/wp-json\/wp\/v2\/media?parent=13683"}],"wp:term":[{"taxonomy":"category","embeddable":true,"href":"https:\/\/www.grieta.org.mx\/index.php\/wp-json\/wp\/v2\/categories?post=13683"},{"taxonomy":"post_tag","embeddable":true,"href":"https:\/\/www.grieta.org.mx\/index.php\/wp-json\/wp\/v2\/tags?post=13683"}],"curies":[{"name":"wp","href":"https:\/\/api.w.org\/{rel}","templated":true}]}}