{"id":13675,"date":"2016-05-23T07:11:43","date_gmt":"2016-05-23T07:11:43","guid":{"rendered":"http:\/\/www.grieta.org.mx\/?p=13675"},"modified":"2016-06-13T01:08:18","modified_gmt":"2016-06-13T01:08:18","slug":"en-primeros-cuatro-meses-del-ano-692-asesinatos-en-guerrero-10-36-por-ciento-mas-que-en-mismo-lapso-en-2015-segob","status":"publish","type":"post","link":"https:\/\/www.grieta.org.mx\/index.php\/2016\/05\/23\/en-primeros-cuatro-meses-del-ano-692-asesinatos-en-guerrero-10-36-por-ciento-mas-que-en-mismo-lapso-en-2015-segob\/","title":{"rendered":"En 4 meses 692 asesinados en Guerrero; 10% m\u00e1s que en ese lapso en 2015: Segob"},"content":{"rendered":"<p>El Sur<\/p>\n<p>Mariana Labastida<\/p>\n<p>En los primeros cuatro meses del a\u00f1o se registraron 692 homicidios dolosos en Guerrero, 65 m\u00e1s que en el mismo periodo de 2015 cuando sumaron 627, y ese aumento es de 10.36 por ciento, indica el Secretariado Ejecutivo del Sistema Nacional de Seguridad P\u00fablica (SESNSP) de la Secretar\u00eda de Gobernaci\u00f3n (Segob). Los homicidios dolosos que se tienen registrados en los primeros cuatro meses de este a\u00f1o est\u00e1n por arriba de los registrados en el mismo periodo de los \u00faltimos cuatro a\u00f1os.<\/p>\n<p>De acuerdo con las cifras reportadas por el SESNSP, que son las denuncias presentadas ante los Ministerios P\u00fablicos de cada estado, en abril se registraron 178 homicidios dolosos (5.9 asesinatos intencionales al d\u00eda) en Guerrero, diez casos menos que en marzo que se tuvieron 188 asesinatos. Y 16 menos de los reportados en abril del 2015, que fueron 194.<br \/>\nSin embargo, los homicidios de abril fueron m\u00e1s que los que se tuvieron en enero y febrero de este a\u00f1o en los que se contabilizaron 166 y 160 casos respectivamente; y tambi\u00e9n a los mismos meses del 2015 cuando se contabilizaron 138 asesinatos en enero y 140 en febrero.<\/p>\n<p>Los homicidios ocurridos de enero a abril en el 2016 son m\u00e1s que en el mismo periodo de los \u00faltimos tres a\u00f1os. En el mismo periodo en el 2014 se registraron 555 homicidios, 156 en enero, 132 en febrero, 144 en marzo y 123 en abril; en el 2013, 690 asesinatos, 152 en enero, 177 en febrero, 162 en marzo y 199 en abril y en el 2012 se tuvieron 676, 153 en enero, 139 en febrero, 186 en marzo y 198 en abril.<\/p>\n<p>Al 30 de abril, Guerrero es el segundo estado de la Rep\u00fablica con el mayor n\u00famero de homicidios dolosos registrados en los primeros cuatro meses del a\u00f1o con 692 asesinatos, que representan el 10.5 por ciento del total de casos del pa\u00eds que son 6 mil 576. El primero lugar lo tiene el Estado de M\u00e9xico con 728 homicidios dolosos.<\/p>\n<p>En abril en el pa\u00eds, de acuerdo con el reporte mensual del n\u00famero de v\u00edctimas de homicidios doloso en averiguaciones previas y carpetas de investigaci\u00f3n iniciadas por las agencias del Ministerio P\u00fablico en cada entidad se registraron mil 683 casos, de los cuales los asesinatos en Guerrero representan el 10. 5. El Estado de M\u00e9xico fue el \u00fanico que qued\u00f3 por arriba de Guerrero con 184 homicidios dolosos.<\/p>\n<p>El n\u00famero de homicidios que han ocurrido en los primeros meses del a\u00f1o colocaron a Guerrero en el segundo lugar  en la tasa por cada cien mil habitantes con 19.29 por ciento. <\/p>\n<p>Colima tiene el primer lugar con el 27.5, debido al tama\u00f1o de la poblaci\u00f3n de ese estado que es de 700 mil habitantes y en lo que va del a\u00f1o se han registrado 199 homicidios dolosos, cuando tan solo en Acapulco han ocurrido 240 asesinatos intencionales en ese mismo periodo.<\/p>\n<p>En otros delitos, el robo de veh\u00edculo con violencia se elev\u00f3 este a\u00f1o en comparaci\u00f3n con el mismo periodo del 2015, en el 2016 van 461 denuncias en estos primeros cuatro meses, mientras que el a\u00f1o anterior se tuvieron 451. En abril de este a\u00f1o se registraron 117 casos de robo de veh\u00edculo con violencia, en marzo se reportaron dos casos m\u00e1s, 119; enero fue el mes que lleva m\u00e1s denuncias por ese tipo de delitos con 126 casos y en febrero sumaron 99 casos.<\/p>\n<p>En secuestro se dio un incremento de casos de marzo a abril pasando de 4 a 7 casos,  aunque el n\u00famero de secuestros en los primeros cuatro meses, que es de 28 es menor a los registrados en el mismo periodo de 2015 cuando se registraron 34 casos.  En enero de este a\u00f1o se registraron 10 denuncias por secuestro, en febrero 7 y en marzo 4.<br \/>\nTambi\u00e9n se dio una disminuci\u00f3n en el n\u00famero de casos de extorsi\u00f3n,  que de enero a abril sumaron 50 y el a\u00f1o anterior se tuvieron 56; en enero del 2016 se reportaron 15 casos, en febrero 9, en marzo y abril 13 en cada mes; y en robo de veh\u00edculo sin violencia se tiene registrados 794 denuncias y en el 2015 fueron mil 090. En enero fueron 195, en febrero 178, marzo 228 y abril 193.<\/p>\n<p>http:\/\/suracapulco.mx\/principal\/de-enero-a-abril-10-36-mas-asesinatos-que-en-el-mismo-lapso-de-2015-segob\/<\/p>\n","protected":false},"excerpt":{"rendered":"<p>El Sur Mariana Labastida En los primeros cuatro meses del a\u00f1o se registraron 692 homicidios dolosos en Guerrero, 65 m\u00e1s que en el mismo periodo de 2015 cuando sumaron 627, &hellip; <a href=\"https:\/\/www.grieta.org.mx\/index.php\/2016\/05\/23\/en-primeros-cuatro-meses-del-ano-692-asesinatos-en-guerrero-10-36-por-ciento-mas-que-en-mismo-lapso-en-2015-segob\/\" class=\"more-link\">Leer m\u00e1s<\/a><\/p>\n","protected":false},"author":2,"featured_media":21928,"comment_status":"closed","ping_status":"closed","sticky":false,"template":"","format":"standard","meta":{"ngg_post_thumbnail":0,"_jetpack_newsletter_access":"","_jetpack_dont_email_post_to_subs":false,"_jetpack_newsletter_tier_id":0,"_jetpack_memberships_contains_paywalled_content":false,"_jetpack_memberships_contains_paid_content":false,"footnotes":""},"categories":[80],"tags":[614],"class_list":["post-13675","post","type-post","status-publish","format-standard","has-post-thumbnail","hentry","category-cintillo","tag-militarizacion","entry"],"jetpack_featured_media_url":"https:\/\/www.grieta.org.mx\/wp-content\/uploads\/2018\/03\/14524434_1106112876131411_958039263622046936_o.jpg","jetpack_sharing_enabled":true,"jetpack_shortlink":"https:\/\/wp.me\/p7ZJR4-3yz","jetpack_likes_enabled":false,"jetpack-related-posts":[{"id":45560,"url":"https:\/\/www.grieta.org.mx\/index.php\/2020\/02\/14\/guerrero-en-2019-de-190-mujeres-asesinadas-solo-16-casos-fueron-tipificados-como-feminicidio\/","url_meta":{"origin":13675,"position":0},"title":"Guerrero en 2019: de 190 mujeres asesinadas, solo 16 casos fueron tipificados como feminicidio","author":"Admin","date":"14 febrero, 2020","format":false,"excerpt":"Ezequiel Flores Contreras \/ Proceso CHILPANCINGO. Gro. (apro).- El a\u00f1o pasado se registraron 190 asesinatos de mujeres, de los cuales 174 fueron tipificados como homicidios dolosos y 16 como feminicidios, seg\u00fan cifras del Secretariado Ejecutivo Sistema Nacional de Seguridad P\u00fablica. De acuerdo al reporte de enero a diciembre de 2019\u2026","rel":"","context":"En &quot;CINTILLO&quot;","block_context":{"text":"CINTILLO","link":"https:\/\/www.grieta.org.mx\/index.php\/category\/cintillo\/"},"img":{"alt_text":"","src":"https:\/\/i0.wp.com\/www.grieta.org.mx\/wp-content\/uploads\/2020\/03\/52011635b4f0eb7f66-191016_topochico_04-1-870x522.jpg?resize=350%2C200&ssl=1","width":350,"height":200,"srcset":"https:\/\/i0.wp.com\/www.grieta.org.mx\/wp-content\/uploads\/2020\/03\/52011635b4f0eb7f66-191016_topochico_04-1-870x522.jpg?resize=350%2C200&ssl=1 1x, https:\/\/i0.wp.com\/www.grieta.org.mx\/wp-content\/uploads\/2020\/03\/52011635b4f0eb7f66-191016_topochico_04-1-870x522.jpg?resize=525%2C300&ssl=1 1.5x, https:\/\/i0.wp.com\/www.grieta.org.mx\/wp-content\/uploads\/2020\/03\/52011635b4f0eb7f66-191016_topochico_04-1-870x522.jpg?resize=700%2C400&ssl=1 2x"},"classes":[]},{"id":22423,"url":"https:\/\/www.grieta.org.mx\/index.php\/2018\/03\/26\/nuevo-record-de-violencia-en-el-primer-bimestre-del-ano-casi-5-mil-personas-fueron-asesinadas\/","url_meta":{"origin":13675,"position":1},"title":"Nuevo r\u00e9cord de violencia en el primer bimestre del a\u00f1o: casi 5 mil personas fueron asesinadas","author":"grieta","date":"26 marzo, 2018","format":false,"excerpt":"Arturo Angel (@arturoangel20) En enero y febrero de este a\u00f1o, en promedio fueron asesinadas 84 personas al d\u00eda; se tuvo la tasa m\u00e1s alta de feminicidios de los \u00faltimos cuatro a\u00f1os. La tendencia al alza de los homicidios y feminicidios en M\u00e9xico no se detiene. El primer bimestre de 2018\u2026","rel":"","context":"En &quot;Baja California&quot;","block_context":{"text":"Baja California","link":"https:\/\/www.grieta.org.mx\/index.php\/category\/noticias-nacionales\/baja-california\/"},"img":{"alt_text":"","src":"https:\/\/i0.wp.com\/www.grieta.org.mx\/wp-content\/uploads\/2018\/04\/violencia-960x500.jpg?resize=350%2C200&ssl=1","width":350,"height":200,"srcset":"https:\/\/i0.wp.com\/www.grieta.org.mx\/wp-content\/uploads\/2018\/04\/violencia-960x500.jpg?resize=350%2C200&ssl=1 1x, https:\/\/i0.wp.com\/www.grieta.org.mx\/wp-content\/uploads\/2018\/04\/violencia-960x500.jpg?resize=525%2C300&ssl=1 1.5x, https:\/\/i0.wp.com\/www.grieta.org.mx\/wp-content\/uploads\/2018\/04\/violencia-960x500.jpg?resize=700%2C400&ssl=1 2x"},"classes":[]},{"id":64658,"url":"https:\/\/www.grieta.org.mx\/index.php\/2022\/07\/26\/colima-lider-absoluto-en-homicidios-dolosos-contra-mujeres-13-5-casos-por-cada-100-mil-mujeres-sesnsp\/","url_meta":{"origin":13675,"position":2},"title":"Colima, l\u00edder absoluto en homicidios dolosos contra mujeres; 13.5 casos por cada 100 mil mujeres: SESNSP","author":"grieta","date":"26 julio, 2022","format":false,"excerpt":"Imagen: Tomada de la Red, Ilustrativa Alfredo Aquiles \/ Colima Noticias Con 281 muertes violentas en promedio 9.3 casos diarios, el pasado mes de junio rompi\u00f3 el m\u00e1ximo hist\u00f3rico de homicidios dolosos contra mujeres, un delito que ha ido a la alza durante 2022, siendo el Estado de Colima la\u2026","rel":"","context":"En &quot;CINTILLO&quot;","block_context":{"text":"CINTILLO","link":"https:\/\/www.grieta.org.mx\/index.php\/category\/cintillo\/"},"img":{"alt_text":"","src":"https:\/\/i0.wp.com\/www.grieta.org.mx\/wp-content\/uploads\/2022\/07\/nota-feminicidios-2021.webp?resize=350%2C200&ssl=1","width":350,"height":200,"srcset":"https:\/\/i0.wp.com\/www.grieta.org.mx\/wp-content\/uploads\/2022\/07\/nota-feminicidios-2021.webp?resize=350%2C200&ssl=1 1x, https:\/\/i0.wp.com\/www.grieta.org.mx\/wp-content\/uploads\/2022\/07\/nota-feminicidios-2021.webp?resize=525%2C300&ssl=1 1.5x, https:\/\/i0.wp.com\/www.grieta.org.mx\/wp-content\/uploads\/2022\/07\/nota-feminicidios-2021.webp?resize=700%2C400&ssl=1 2x, https:\/\/i0.wp.com\/www.grieta.org.mx\/wp-content\/uploads\/2022\/07\/nota-feminicidios-2021.webp?resize=1050%2C600&ssl=1 3x, https:\/\/i0.wp.com\/www.grieta.org.mx\/wp-content\/uploads\/2022\/07\/nota-feminicidios-2021.webp?resize=1400%2C800&ssl=1 4x"},"classes":[]},{"id":64941,"url":"https:\/\/www.grieta.org.mx\/index.php\/2022\/08\/22\/en-7-meses-de-2022-colima-igualo-los-524-homicidios-de-todo-el-ano-pasado-colima\/","url_meta":{"origin":13675,"position":3},"title":"En 7 meses de 2022, Colima igual\u00f3 los 524 homicidios de todo el a\u00f1o pasado (Colima)","author":"grieta","date":"22 agosto, 2022","format":false,"excerpt":"Imagen: Diario Avanzada Redacci\u00f3n \/ Diario Avanzada Colima, M\u00e9xico, Avanzada (22\/08\/2022).- En el marco de la guerra del C\u00e1rtel Independiente de Colima (CIC), encabezado por Jos\u00e9 Bernab\u00e9 Brizuela Meraz \u201cLa Vaca\u201d, contra el C\u00e1rtel Jalisco Nueva Generaci\u00f3n (CJNG), durante los primeros siete meses del presente a\u00f1o se cometi\u00f3 en la\u2026","rel":"","context":"En &quot;CINTILLO&quot;","block_context":{"text":"CINTILLO","link":"https:\/\/www.grieta.org.mx\/index.php\/category\/cintillo\/"},"img":{"alt_text":"","src":"https:\/\/i0.wp.com\/www.grieta.org.mx\/wp-content\/uploads\/2022\/08\/image-218.png?resize=350%2C200&ssl=1","width":350,"height":200,"srcset":"https:\/\/i0.wp.com\/www.grieta.org.mx\/wp-content\/uploads\/2022\/08\/image-218.png?resize=350%2C200&ssl=1 1x, https:\/\/i0.wp.com\/www.grieta.org.mx\/wp-content\/uploads\/2022\/08\/image-218.png?resize=525%2C300&ssl=1 1.5x"},"classes":[]},{"id":60189,"url":"https:\/\/www.grieta.org.mx\/index.php\/2021\/06\/25\/crece-asesinatos-de-mujeres-en-17-jalisco\/","url_meta":{"origin":13675,"position":4},"title":"Crece asesinatos de mujeres en 17% (Jalisco)","author":"grieta","date":"25 junio, 2021","format":false,"excerpt":"Foto: Archivo NTR Juan Levario \/ El Diario NTR De enero a mayo, los asesinatos de mujeres se han elevado casi 17 por ciento en Jalisco. Al sumar los casos de\u00a0feminicidio\u00a0y los homicidios dolosos de mujeres, el estado concentra 126 v\u00edctimas, 18 m\u00e1s que en el mismo periodo de 2020.\u2026","rel":"","context":"En &quot;CINTILLO&quot;","block_context":{"text":"CINTILLO","link":"https:\/\/www.grieta.org.mx\/index.php\/category\/cintillo\/"},"img":{"alt_text":"","src":"https:\/\/i0.wp.com\/www.grieta.org.mx\/wp-content\/uploads\/2021\/06\/2021-06-24_11-06-16___527.jpg?resize=350%2C200&ssl=1","width":350,"height":200,"srcset":"https:\/\/i0.wp.com\/www.grieta.org.mx\/wp-content\/uploads\/2021\/06\/2021-06-24_11-06-16___527.jpg?resize=350%2C200&ssl=1 1x, https:\/\/i0.wp.com\/www.grieta.org.mx\/wp-content\/uploads\/2021\/06\/2021-06-24_11-06-16___527.jpg?resize=525%2C300&ssl=1 1.5x, https:\/\/i0.wp.com\/www.grieta.org.mx\/wp-content\/uploads\/2021\/06\/2021-06-24_11-06-16___527.jpg?resize=700%2C400&ssl=1 2x"},"classes":[]},{"id":52211,"url":"https:\/\/www.grieta.org.mx\/index.php\/2020\/07\/27\/datos-oficiales-del-sesnsp-borran-75-homicidios-registrados-en-colima-en-2020\/","url_meta":{"origin":13675,"position":5},"title":"Datos oficiales del SESNSP \u201cborran\u201d 75 homicidios registrados en Colima en 2020","author":"grieta","date":"27 julio, 2020","format":false,"excerpt":"Imagen Diario Avanzada Heidi de Le\u00f3n Guti\u00e9rrez \/ Diario Avanzada Colima, M\u00e9xico, Avanzada (27\/7\/2020).- Los datos\u00a0sobre homicidios dolosos en Colima que aparecen en el secretariado Ejecutivo del Sistema Nacional de Seguridad P\u00fablica (SESNSP) y los que reportan los medios de comunicaci\u00f3n en la entidad, no coinciden, por \u00a0lo menos en\u2026","rel":"","context":"En &quot;CINTILLO&quot;","block_context":{"text":"CINTILLO","link":"https:\/\/www.grieta.org.mx\/index.php\/category\/cintillo\/"},"img":{"alt_text":"","src":"https:\/\/i0.wp.com\/www.grieta.org.mx\/wp-content\/uploads\/2020\/08\/Homicidios-julio-faltan.png?resize=350%2C200&ssl=1","width":350,"height":200,"srcset":"https:\/\/i0.wp.com\/www.grieta.org.mx\/wp-content\/uploads\/2020\/08\/Homicidios-julio-faltan.png?resize=350%2C200&ssl=1 1x, https:\/\/i0.wp.com\/www.grieta.org.mx\/wp-content\/uploads\/2020\/08\/Homicidios-julio-faltan.png?resize=525%2C300&ssl=1 1.5x"},"classes":[]}],"_links":{"self":[{"href":"https:\/\/www.grieta.org.mx\/index.php\/wp-json\/wp\/v2\/posts\/13675","targetHints":{"allow":["GET"]}}],"collection":[{"href":"https:\/\/www.grieta.org.mx\/index.php\/wp-json\/wp\/v2\/posts"}],"about":[{"href":"https:\/\/www.grieta.org.mx\/index.php\/wp-json\/wp\/v2\/types\/post"}],"author":[{"embeddable":true,"href":"https:\/\/www.grieta.org.mx\/index.php\/wp-json\/wp\/v2\/users\/2"}],"replies":[{"embeddable":true,"href":"https:\/\/www.grieta.org.mx\/index.php\/wp-json\/wp\/v2\/comments?post=13675"}],"version-history":[{"count":1,"href":"https:\/\/www.grieta.org.mx\/index.php\/wp-json\/wp\/v2\/posts\/13675\/revisions"}],"predecessor-version":[{"id":14155,"href":"https:\/\/www.grieta.org.mx\/index.php\/wp-json\/wp\/v2\/posts\/13675\/revisions\/14155"}],"wp:featuredmedia":[{"embeddable":true,"href":"https:\/\/www.grieta.org.mx\/index.php\/wp-json\/wp\/v2\/media\/21928"}],"wp:attachment":[{"href":"https:\/\/www.grieta.org.mx\/index.php\/wp-json\/wp\/v2\/media?parent=13675"}],"wp:term":[{"taxonomy":"category","embeddable":true,"href":"https:\/\/www.grieta.org.mx\/index.php\/wp-json\/wp\/v2\/categories?post=13675"},{"taxonomy":"post_tag","embeddable":true,"href":"https:\/\/www.grieta.org.mx\/index.php\/wp-json\/wp\/v2\/tags?post=13675"}],"curies":[{"name":"wp","href":"https:\/\/api.w.org\/{rel}","templated":true}]}}