{"id":13664,"date":"2015-08-18T03:42:52","date_gmt":"2015-08-18T03:42:52","guid":{"rendered":"http:\/\/www.grieta.org.mx\/?p=13664"},"modified":"2016-06-06T03:50:18","modified_gmt":"2016-06-06T03:50:18","slug":"los-5-pendientes-del-caso-abc-averiguacion-juicio-amparos-altos-funcionarios-y-ley-5-de-junio","status":"publish","type":"post","link":"https:\/\/www.grieta.org.mx\/index.php\/2015\/08\/18\/los-5-pendientes-del-caso-abc-averiguacion-juicio-amparos-altos-funcionarios-y-ley-5-de-junio\/","title":{"rendered":"Los 5 pendientes del caso ABC: averiguaci\u00f3n, juicio, amparos, altos funcionarios y Ley 5 de Junio"},"content":{"rendered":"<section class=\"entry-header\">\n<p class=\"intro\">La mayor tragedia infantil de la historia moderna en M\u00e9xico acumula m\u00e1s cabos sueltos que resultados. No hay sentencias y en consecuencia, tampoco reparaci\u00f3n del da\u00f1o. La ley creada para que un caso como este no se repita, es letra muerta en la mitad del pa\u00eds.<\/p>\n<\/section>\n<figure class=\"entry-featureimage\">\n<div class=\"image-wrapper\"><img decoding=\"async\" src=\"http:\/\/static.animalpolitico.com\/wp-content\/uploads\/2015\/08\/Justicia_Guardera_ABC-6-960x500.jpg\" alt=\"Los 5 pendientes del caso ABC: averiguaci\u00f3n, juicio, amparos, altos funcionarios y Ley 5 de Junio\" \/><\/div><figcaption><cite>M\u00c9XICO, D.F., 05MAYO2015.- Familiares de los 49 ni\u00f1os fallecidos de la Guarder\u00eda ABC, acompa\u00f1ados de madres de los 43 estudiantes normalistas desaparecidos, individuos y colectivos, realizaron una marcha del \u00c1ngel de la Independencia al Z\u00f3calo capitalino, para seguir exigiendo justicia y castigo a los culpables a 6 a\u00f1os del terrible accidente.FOTO: ADOLFO VLADIMIR \/CUARTOSCURO.COM<\/cite><\/figcaption><\/figure>\n<figure id=\"attachment_362745\" class=\"wp-caption aligncenter\"><a href=\"http:\/\/www.animalpolitico.com\/2015\/08\/caso-abc-un-juez-obliga-a-la-pgr-a-actuar-pero-va-por-empleadas-ningun-alto-funcionario\/abc_9\/\" rel=\"attachment wp-att-362745\"><img loading=\"lazy\" decoding=\"async\" class=\"size-full wp-image-362745\" src=\"http:\/\/static.animalpolitico.com\/wp-content\/uploads\/2015\/06\/abc_9.jpg\" alt=\"El viernes 5 de junio de 2015 se llev\u00f3 a cabo una marcha en el DF, para conmemorar los 6 a\u00f1os de la tragedia de la guarder\u00eda ABC. \/\/Foto: Manu Ureste (@ManuVPC)\" width=\"650\" height=\"430\" \/><\/a><figcaption class=\"wp-caption-text\">El viernes 5 de junio de 2015 se llev\u00f3 a cabo una marcha en el DF, para conmemorar los 6 a\u00f1os de la tragedia de la guarder\u00eda ABC. \/\/Foto: Manu Ureste (@ManuVPC)<\/figcaption><\/figure>\n<div class=\"ctx-sidebar-container ctx-sidebar-container--BUgZlCKUE1tnYXIQMXoffUjrPKHGdB7A\">\n<div class=\"ctx-sidebar ctx-content-sidebar ctx-sidebar-left ctx-clearfix ctx-sidebar-default\">\n<div class=\"ctx-sb-content\"><\/div>\n<\/div>\n<\/div>\n<p>La Guarder\u00eda ABC se quem\u00f3 el 5 de junio del 2009 en Hermosillo Sonora con un saldo de 49 ni\u00f1os muertos y m\u00e1s de cien lesionados. <strong>Casi 75 meses despu\u00e9s, la lista de pendientes es larga<\/strong>: investigaciones que no terminan, procesos judiciales abiertos, amparos que est\u00e1n en tr\u00e1mite y reformas legales inconclusas, adem\u00e1s de un hecho clave:<strong> a los altos funcionarios siguen sin levant\u00e1rseles cargos.<\/strong><\/p>\n<p>Las dudas en torno a lo sucedido aquella tarde de junio parten desde el origen de incendio:<strong> \u00bfqu\u00e9 fue lo que desencaden\u00f3 todo?<\/strong> Y con esa pregunta sin resolverse, los pendientes ah\u00ed siguen: sanci\u00f3n para los probables responsables y la reparaci\u00f3n del da\u00f1o causado.<\/p>\n<p>A partir de la informaci\u00f3n proporcionada por la propia Procuradur\u00eda General de la Rep\u00fablica, as\u00ed como de las organizaciones de v\u00edctimas involucradas y representantes legales, <strong>Animal Pol\u00edtico resume en cinco puntos los aspectos inconclusos de este accidente,<\/strong> que es el que mayor cantidad v\u00edctimas menores de edad ha dejado en la historia reciente de nuestro pa\u00eds.<\/p>\n<p><strong>1) El origen del incendio <\/strong><\/p>\n<p>El primer paso de cualquier investigaci\u00f3n sobre un incendio es identificar su origen y las causas.<strong> En el caso ABC, seis a\u00f1os despu\u00e9s de lo ocurrido, persisten dudas y hay peritajes pendientes.<\/strong> Originalmente los peritos concluyeron que el origen del incendio fue un sobrecalentamiento y corto circuito en un aparato enfriador ubicado en una bodega de la Secretar\u00eda de hacienda estatal, ubicada a un costado de la guarder\u00eda.<\/p>\n<p>Como se puede verificar en el <a href=\"http:\/\/www2.scjn.gob.mx\/fi1-2009\/Documentos\/Informes\/Informe_Preliminar_Comision_ABC.pdf\" target=\"_blank\">informe preliminar que realiz\u00f3 la suprema Corte de Justicia de la Naci\u00f3n<\/a>, los peritos confirmaron que en la bodega de la Secretar\u00eda de Hacienda <strong>se usaban conexiones el\u00e9ctricas temporarias que violaban la norma NFPA 70 del C\u00f3digo Nacional de Electricidad<\/strong> (National Electrical Code o NEC), lo que contribuy\u00f3 a originar el desperfecto.<\/p>\n<p>Pero, en 2013, algunos padres de los ni\u00f1os, agrupados en la organizaci\u00f3n Manos Unidas Justica ABC , entregaron a la PGR varios elementos que apuntaban la posibilidad de que<strong> para destruir documentaci\u00f3n relacionada con una deuda millonaria,<\/strong> generada en el sexenio del ex gobernador de Sonora Eduardo Bours Castelo.<\/p>\n<p>Seg\u00fan el comunicado de los padres el incendio fue realizado por tres personas, presuntos colaboradores de Bours Castelo. <strong>Uno de ellos, Carlos Andr\u00e9s L\u00f3pez Meza fue asesinado de varios disparos dos meses despu\u00e9s del incendio.<\/strong><\/p>\n<p>En junio del 2013 el entonces subprocurador de la PGR, Renato Sales, confirm\u00f3 que se hab\u00eda abierto esta nueva l\u00ednea de investigaci\u00f3n para determinar las causas del incendio y se dijo que se recurrir\u00eda a peritos brit\u00e1nicos para estudiar de nuevo la evidencia.<\/p>\n<p>Dos a\u00f1os despu\u00e9s sigue sin haber una conclusi\u00f3n a este respecto, seg\u00fan confirm\u00f3 Francisco Garc\u00eda, uno de los padres integrante del Movimiento 5 de Junio. En la PGR indicaron que los resultados ser\u00e1n presentados a una comisi\u00f3n de las v\u00edctimas \u201cpr\u00f3ximamente\u201d.<\/p>\n<p><strong>2) Las sentencias<\/strong><\/p>\n<p>El abogado Gabriel Alvarado de Manos Unidas dijo a Animal Pol\u00edtico que en <strong>el pr\u00f3ximo mes se cerrar\u00e1 ya el periodo de pruebas en torno al proceso judicial abierto por el incendio en la guarder\u00eda ABC<\/strong> y \u201ces probable\u201d que antes de que concluya el a\u00f1o se conozcan las primeras sentencias.<\/p>\n<p>\u201cLo incre\u00edble es que este es un caso en el que llevamos m\u00e1s de un sexenio, de una tragedia de esta dimensi\u00f3n, y no tenemos una sola sentencia\u201d dijo Alvarado.<\/p>\n<p>El proceso es voluminoso. En junio pasado se inform\u00f3 que <a href=\"http:\/\/www.animalpolitico.com\/2015\/06\/6anosabc-160-mil-hojas-de-un-juicio-sin-sentencia-ley-a-medias-y-nuevas-promesas\/\" target=\"_blank\">el expediente constaba de 160 mil p\u00e1ginas<\/a> pero autoridades judiciales indicaron a este medio que ya son m\u00e1s de 180 mil divididas en casi 90 tomos. El juicio est\u00e1 radicado en el Juzgado primero de Distrito en Hermosillo Sonora.<\/p>\n<p>Actualmente<strong> son 22 las personas bajo proceso penal por el incendio en la guarder\u00eda<\/strong>, entre funcionarios de nivel medio y particulares. Ninguno de ellos est\u00e1 en prisi\u00f3n pues han conseguido fianzas para llevar el juicio en libertad. Se les responsbailiza de homicidio y lesiones no intencionales.<\/p>\n<p>A estas personas podr\u00edan sumarse en las pr\u00f3ximas semanas las 22 trabajadores de la guarder\u00eda ABC consignadas por la PGR el pasado 5 de agosto. <strong>Falta que un juez defina si concede las \u00f3rdenes de aprehensi\u00f3n<\/strong> y luego si las somete tambi\u00e9n a proceso penal.<\/p>\n<p>La ausencia de sentencias tambi\u00e9n repercute en las v\u00edctimas, pues junto con una condena se fija el pago de la reparaci\u00f3n del da\u00f1o que tiene que cubrir quien sea declarado culpable en beneficio de las personas afectadas.<\/p>\n<p><strong>3) Altos funcionarios<\/strong><\/p>\n<p>Una de las exigencias desde el 2009 es que altos funcionarios del gobierno federal y estatal enfrentaran en un juicio su presunta responsabilidad en la tragedia, lo que hasta ahora no ha ocurrido.<\/p>\n<p>Las organizaciones Manos Unidas y Movimiento 5 de Junio han puesto \u00e9nfasis en cuatro personajes principales que ellos consideran los responsables de mayor jerarqu\u00eda,: los ex directores del IMSS <strong>Daniel Karam<\/strong> y<strong> Juan Molinar Horcasitas,<\/strong> el ex gobernador de Sonora <strong>Eduardo Bours<\/strong>, y el ex secretario de Hacienda<strong> Ernesto Vargas Gayt\u00e1n.<\/strong><\/p>\n<p>La PGR indic\u00f3 a Animal Pol\u00edtico que hasta ahora no hay pruebas que justifiquen proceder penalmente en contra de alguno de esos funcionarios. <strong>Molinar Horcasitas falleci\u00f3 en mayo pasado.<\/strong><\/p>\n<p>Cabe se\u00f1alar que ya en el 2012 la Procuradur\u00eda hab\u00eda decidido no proceder en contra de alguna de estos funcionarios, pero una resoluci\u00f3n judicial la oblig\u00f3 a reabrir la averiguaci\u00f3n previa AP\/PGR\/SON\/HER-V\/225\/2012 e incluir nuevos elementos de prueba que no hab\u00edan sido considerados.<\/p>\n<p>Tres a\u00f1os despu\u00e9s el resultado es el mismo, es decir, <strong>ninguno ha sido consignado.<\/strong> De acuerdo con Manos Unidas, la Procuradur\u00eda ya mand\u00f3 de nuevo la investigaci\u00f3n al archivo, en espera de nueva evidencia.<\/p>\n<p><strong>4) El doble amparo<\/strong><\/p>\n<p>Dos veces los familiares de los ni\u00f1os han demandado amparos en contra de la forma en la que la PGR ha procedido con las investigaciones y en las dos ocasiones los jueces les dieron la raz\u00f3n,<strong> pero los resultados no han cambiado el curso del proceso, por lo menos hasta ahora.<\/strong><\/p>\n<p>Gabriel Alvarado se\u00f1al\u00f3 que el primer amparo ganado fue el n\u00famero 897\/2012 del Juez Primero de Distrito en Sonora, mediante el cual se consigui\u00f3 que la Procuradur\u00eda revocara la no consignaci\u00f3n de Bours y compa\u00f1\u00eda y tuviera que profundizar en nuevos elementos de prueba.<\/p>\n<p>El segundo amparo es el 1269\/2014 dictado por Juzgado Tercero de Distrito por el que<strong> se reconoci\u00f3 que exist\u00eda retardo en la procuraci\u00f3n de justicia<\/strong> y se pidi\u00f3 a al procuradur\u00eda pronunciarse en torno a los procesos en contra de Bours y otros altos funcionarios. La respuesta fue la consignaci\u00f3n de las 22 empleadas.<\/p>\n<p>El abogado dijo que <strong>ya interpusieron una queja en contra de la actuaci\u00f3n de la PGR<\/strong> pues consideran que no se dio cumplimiento a la demanda de amparo.<\/p>\n<p>\u201cNo puede ser que luego de casi tres a\u00f1os de que ganamos el primer amparo y se reabriera el caso la respuesta de la Procuradur\u00eda vuelva a ser la misma. Intentan darle carpetazo al asunto sin llevar a los tribunales a estas personas. Le toman el pelo no solo a nosotros sino a los jueces\u201d dijo el litigante.<\/p>\n<p>Record\u00f3 adem\u00e1s que en los dos procesos de amparo la Procuradur\u00eda ha actuado presuntamente de forma \u201cirregular\u201d ya que por ejemplo,<strong> ha retrasado los informes que le han pedido los jueces.<\/strong> En este segundo proceso el juez tuvo que <a href=\"http:\/\/www.animalpolitico.com\/2015\/08\/caso-abc-un-juez-obliga-a-la-pgr-a-actuar-pero-va-por-empleadas-ningun-alto-funcionario\/\" target=\"_blank\">insistirle cuatro veces<\/a> que se pronunciara sobre la resoluci\u00f3n de la averiguaci\u00f3n.<\/p>\n<p><strong>5) Ley 5 de Junio<\/strong><\/p>\n<p>El an\u00e1lisis e informe que present\u00f3 la Suprema Corte de Justicia en 2010 identific\u00f3 fallas importantes en el sistema de guarder\u00eda subrogadas del IMSS, condiciones que en el caso ABC contribuyeron a la tragedia.<\/p>\n<p>Por ejemplo, el informe estableci\u00f3 que <strong>la capacidad autorizada de las guarder\u00edas era de 159 ni\u00f1os pero la Guarder\u00eda ABC ten\u00eda 220 ni\u00f1os,<\/strong> es decir una sobrepoblaci\u00f3n de 60 menores de edad.<\/p>\n<p>A partir de lo anterior se realiz\u00f3 un trabajo legislativo que concluy\u00f3 con la publicaci\u00f3n en el Diario Oficial de la Federaci\u00f3n la <a href=\"http:\/\/dof.gob.mx\/nota_detalle.php?codigo=5215790&amp;fecha=24\/10\/2011\" target=\"_blank\">Ley General de Prestaci\u00f3n de Servicios para la Atenci\u00f3n, Cuidado y Desarrollo Integral Infantil<\/a>, conocida coloquialmente como \u201cLey 5 de Junio\u201d,<strong> cuyo objetivo es regular la operaci\u00f3n de guarder\u00edas para prevenir eventos como el de la ABC.<\/strong><\/p>\n<p>Pero de acuerdo con el Movimiento 5 de Junio hay 16 estados del pa\u00eds que hasta el d\u00eda de hoy<strong> no han adecuado sus legislaciones locales a la ley general<\/strong> y por lo tanto no se pueden aplicar sus disposiciones.<\/p>\n<p>Las entidades que est\u00e1n retrasadas, seg\u00fan el \u00faltimo balance de esta organizaci\u00f3n de padres, son Baja California, Baja California Sur, Colima, Coahuila, Aguascalientes, Tlaxcala, Distrito Federal, Campeche, Oaxaca, Guerrero, Tamaulipas, Veracruz, Tabasco, Puebla, Guanajuato y Nuevo Le\u00f3n.<\/p>\n<blockquote class=\"wp-embedded-content\" data-secret=\"X4E9Z2U2vg\"><p><a href=\"https:\/\/www.animalpolitico.com\/2015\/08\/los-5-pendientes-del-caso-abc-averiguacion-juicio-amparos-altos-funcionarios-y-ley-5-de-junio\/\">Los 5 pendientes del caso ABC: averiguaci\u00f3n, juicio, amparos, altos funcionarios y Ley 5 de Junio<\/a><\/p><\/blockquote>\n<p><iframe loading=\"lazy\" class=\"wp-embedded-content\" sandbox=\"allow-scripts\" security=\"restricted\" style=\"position: absolute; clip: rect(1px, 1px, 1px, 1px);\" title=\"&#8220;Los 5 pendientes del caso ABC: averiguaci\u00f3n, juicio, amparos, altos funcionarios y Ley 5 de Junio&#8221; &#8212; Animal Pol\u00edtico\" src=\"https:\/\/www.animalpolitico.com\/2015\/08\/los-5-pendientes-del-caso-abc-averiguacion-juicio-amparos-altos-funcionarios-y-ley-5-de-junio\/embed\/#?secret=X4E9Z2U2vg\" data-secret=\"X4E9Z2U2vg\" width=\"600\" height=\"338\" frameborder=\"0\" marginwidth=\"0\" marginheight=\"0\" scrolling=\"no\"><\/iframe><\/p>\n","protected":false},"excerpt":{"rendered":"<p>La mayor tragedia infantil de la historia moderna en M\u00e9xico acumula m\u00e1s cabos sueltos que resultados. No hay sentencias y en consecuencia, tampoco reparaci\u00f3n del da\u00f1o. La ley creada para &hellip; <a href=\"https:\/\/www.grieta.org.mx\/index.php\/2015\/08\/18\/los-5-pendientes-del-caso-abc-averiguacion-juicio-amparos-altos-funcionarios-y-ley-5-de-junio\/\" class=\"more-link\">Leer m\u00e1s<\/a><\/p>\n","protected":false},"author":2,"featured_media":21928,"comment_status":"closed","ping_status":"closed","sticky":false,"template":"","format":"standard","meta":{"ngg_post_thumbnail":0,"_jetpack_newsletter_access":"","_jetpack_dont_email_post_to_subs":false,"_jetpack_newsletter_tier_id":0,"_jetpack_memberships_contains_paywalled_content":false,"_jetpack_memberships_contains_paid_content":false,"footnotes":""},"categories":[80],"tags":[491],"class_list":["post-13664","post","type-post","status-publish","format-standard","has-post-thumbnail","hentry","category-cintillo","tag-guarderia-abc","entry"],"jetpack_featured_media_url":"https:\/\/www.grieta.org.mx\/wp-content\/uploads\/2018\/03\/14524434_1106112876131411_958039263622046936_o.jpg","jetpack_sharing_enabled":true,"jetpack_shortlink":"https:\/\/wp.me\/p7ZJR4-3yo","jetpack_likes_enabled":false,"jetpack-related-posts":[{"id":9076,"url":"https:\/\/www.grieta.org.mx\/index.php\/2016\/09\/11\/caso-guarderia-abc\/","url_meta":{"origin":13664,"position":0},"title":"Caso Guarder\u00eda ABC","author":"Admin","date":"11 septiembre, 2016","format":false,"excerpt":"Se exige verdad y justicia para las v\u00edctimas de la guarder\u00eda ABC a siete a\u00f1os de luto y lucha 11\/09\/15. No buscan la verdad \u201csino la impunidad para los verdaderos responsables de la muerte de nuestros hijos\u201d: padres ABC Revoluci\u00f3n 3.0 05\/06\/15. 7 a\u00f1os de dolor y sin justicia: guarder\u00eda\u2026","rel":"","context":"En &quot;NOTICIAS NACIONALES&quot;","block_context":{"text":"NOTICIAS NACIONALES","link":"https:\/\/www.grieta.org.mx\/index.php\/category\/noticias-nacionales\/"},"img":{"alt_text":"","src":"https:\/\/i0.wp.com\/www.grieta.org.mx\/wp-content\/uploads\/2018\/03\/14524434_1106112876131411_958039263622046936_o.jpg?resize=350%2C200&ssl=1","width":350,"height":200,"srcset":"https:\/\/i0.wp.com\/www.grieta.org.mx\/wp-content\/uploads\/2018\/03\/14524434_1106112876131411_958039263622046936_o.jpg?resize=350%2C200&ssl=1 1x, https:\/\/i0.wp.com\/www.grieta.org.mx\/wp-content\/uploads\/2018\/03\/14524434_1106112876131411_958039263622046936_o.jpg?resize=525%2C300&ssl=1 1.5x, https:\/\/i0.wp.com\/www.grieta.org.mx\/wp-content\/uploads\/2018\/03\/14524434_1106112876131411_958039263622046936_o.jpg?resize=700%2C400&ssl=1 2x"},"classes":[]},{"id":13657,"url":"https:\/\/www.grieta.org.mx\/index.php\/2016\/06\/06\/conmemoracion-del-caso-guarderia-abc-en-la-ciudad-de-mexico\/","url_meta":{"origin":13664,"position":1},"title":"Conmemoraci\u00f3n del caso Guarder\u00eda ABC en la Ciudad de M\u00e9xico","author":"grieta","date":"6 junio, 2016","format":false,"excerpt":"06\/06\/16. 49+43, el abrazo entre Ayotzinapa y las familias de la Guarder\u00eda ABCM\u00e1s de 131 05\/06\/16. Realizan marcha para conmemorar 7 a\u00f1os del incendio en la Guarder\u00eda ABC (Ciudad de M\u00e9xico)Sopitas .com 05\/06\/15. Marchan en el DF por fallecidos en Guarder\u00eda ABCInformador","rel":"","context":"En &quot;Ciudad de M\u00e9xico&quot;","block_context":{"text":"Ciudad de M\u00e9xico","link":"https:\/\/www.grieta.org.mx\/index.php\/category\/noticias-nacionales\/ciudad-de-mexico\/"},"img":{"alt_text":"","src":"https:\/\/i0.wp.com\/www.grieta.org.mx\/wp-content\/uploads\/2018\/03\/14524434_1106112876131411_958039263622046936_o.jpg?resize=350%2C200&ssl=1","width":350,"height":200,"srcset":"https:\/\/i0.wp.com\/www.grieta.org.mx\/wp-content\/uploads\/2018\/03\/14524434_1106112876131411_958039263622046936_o.jpg?resize=350%2C200&ssl=1 1x, https:\/\/i0.wp.com\/www.grieta.org.mx\/wp-content\/uploads\/2018\/03\/14524434_1106112876131411_958039263622046936_o.jpg?resize=525%2C300&ssl=1 1.5x, https:\/\/i0.wp.com\/www.grieta.org.mx\/wp-content\/uploads\/2018\/03\/14524434_1106112876131411_958039263622046936_o.jpg?resize=700%2C400&ssl=1 2x"},"classes":[]},{"id":8383,"url":"https:\/\/www.grieta.org.mx\/index.php\/2015\/06\/12\/abc-y-ayotzinapa-continua-la-exigencia-de-verdad-y-justicia\/","url_meta":{"origin":13664,"position":2},"title":"ABC y Ayotzinapa: contin\u00faa la exigencia de verdad y justicia","author":"grieta","date":"12 junio, 2015","format":false,"excerpt":"Subversiones Por Amaranta Marentes Orozco 12 junio, 2015 Fotograf\u00edas por Amaranta Marentes \u00a0 El 5 de junio de 2015, a seis a\u00f1os del incendio en la guarder\u00eda ABC en el que fallecieron 49 ni\u00f1os y 106 resultaron heridos (en Hermosillo, Sonora) y a 8 meses de Ayotzinapa, madres de los\u2026","rel":"","context":"En &quot;CINTILLO&quot;","block_context":{"text":"CINTILLO","link":"https:\/\/www.grieta.org.mx\/index.php\/category\/cintillo\/"},"img":{"alt_text":"","src":"https:\/\/i0.wp.com\/www.grieta.org.mx\/wp-content\/uploads\/2018\/03\/14524434_1106112876131411_958039263622046936_o.jpg?resize=350%2C200&ssl=1","width":350,"height":200,"srcset":"https:\/\/i0.wp.com\/www.grieta.org.mx\/wp-content\/uploads\/2018\/03\/14524434_1106112876131411_958039263622046936_o.jpg?resize=350%2C200&ssl=1 1x, https:\/\/i0.wp.com\/www.grieta.org.mx\/wp-content\/uploads\/2018\/03\/14524434_1106112876131411_958039263622046936_o.jpg?resize=525%2C300&ssl=1 1.5x, https:\/\/i0.wp.com\/www.grieta.org.mx\/wp-content\/uploads\/2018\/03\/14524434_1106112876131411_958039263622046936_o.jpg?resize=700%2C400&ssl=1 2x"},"classes":[]},{"id":13683,"url":"https:\/\/www.grieta.org.mx\/index.php\/2016\/06\/05\/7-anos-de-dolor-y-sin-justicia-guarderia-abc\/","url_meta":{"origin":13664,"position":3},"title":"7 a\u00f1os de dolor y sin justicia: guarder\u00eda ABC","author":"grieta","date":"5 junio, 2016","format":false,"excerpt":"SARA GONZ\u00c1LEZ EDUARDO BLAS COVARRUBIAS Este 5 de junio, volvieron a marchar en la Ciudad de M\u00e9xico los padres de los 49 ni\u00f1os fallecidos en el incendio de la guarder\u00eda ABC en Hermosillo, Sonora. Despu\u00e9s de 7 a\u00f1os, la impunidad sigue presente. La marcha, encabezada por Abraham Fraijo, padre de\u2026","rel":"","context":"En &quot;CINTILLO&quot;","block_context":{"text":"CINTILLO","link":"https:\/\/www.grieta.org.mx\/index.php\/category\/cintillo\/"},"img":{"alt_text":"","src":"https:\/\/i0.wp.com\/www.grieta.org.mx\/wp-content\/uploads\/2018\/03\/14524434_1106112876131411_958039263622046936_o.jpg?resize=350%2C200&ssl=1","width":350,"height":200,"srcset":"https:\/\/i0.wp.com\/www.grieta.org.mx\/wp-content\/uploads\/2018\/03\/14524434_1106112876131411_958039263622046936_o.jpg?resize=350%2C200&ssl=1 1x, https:\/\/i0.wp.com\/www.grieta.org.mx\/wp-content\/uploads\/2018\/03\/14524434_1106112876131411_958039263622046936_o.jpg?resize=525%2C300&ssl=1 1.5x, https:\/\/i0.wp.com\/www.grieta.org.mx\/wp-content\/uploads\/2018\/03\/14524434_1106112876131411_958039263622046936_o.jpg?resize=700%2C400&ssl=1 2x"},"classes":[]},{"id":13777,"url":"https:\/\/www.grieta.org.mx\/index.php\/2016\/06\/05\/realizan-marcha-para-conmemorar-7-anos-del-incendio-en-la-guarderia-abc-ciudad-de-mexico\/","url_meta":{"origin":13664,"position":4},"title":"Realizan marcha para conmemorar 7 a\u00f1os del incendio en la Guarder\u00eda ABC (Ciudad de M\u00e9xico)","author":"grieta","date":"5 junio, 2016","format":false,"excerpt":"Este domingo, se cumplen siete a\u00f1os desde el terrible incendio en la Guarder\u00eda ABC en Hermosillo, Sonora, donde lamentablemente 49 ni\u00f1os perdieron la vida y 19 m\u00e1s resultaron heridos. Y para no olvidar y exigir justicia ante esta tragedia, padres de familia de los infantes as\u00ed como diversas organizaciones, convocaron\u2026","rel":"","context":"En &quot;cdmx&quot;","block_context":{"text":"cdmx","link":"https:\/\/www.grieta.org.mx\/index.php\/category\/cdmx\/"},"img":{"alt_text":"","src":"https:\/\/i0.wp.com\/www.grieta.org.mx\/wp-content\/uploads\/2018\/03\/14524434_1106112876131411_958039263622046936_o.jpg?resize=350%2C200&ssl=1","width":350,"height":200,"srcset":"https:\/\/i0.wp.com\/www.grieta.org.mx\/wp-content\/uploads\/2018\/03\/14524434_1106112876131411_958039263622046936_o.jpg?resize=350%2C200&ssl=1 1x, https:\/\/i0.wp.com\/www.grieta.org.mx\/wp-content\/uploads\/2018\/03\/14524434_1106112876131411_958039263622046936_o.jpg?resize=525%2C300&ssl=1 1.5x, https:\/\/i0.wp.com\/www.grieta.org.mx\/wp-content\/uploads\/2018\/03\/14524434_1106112876131411_958039263622046936_o.jpg?resize=700%2C400&ssl=1 2x"},"classes":[]},{"id":34989,"url":"https:\/\/www.grieta.org.mx\/index.php\/2019\/06\/17\/roban-zapatos-de-bronce-colocados-por-los-padres-de-la-guarderia-abc-en-el-antimonumento-ciudad-de-mexico\/","url_meta":{"origin":13664,"position":5},"title":"Roban zapatos de bronce colocados por los padres de la Guarder\u00eda ABC en el Antimonumento (Ciudad de M\u00e9xico)","author":"grieta","date":"17 junio, 2019","format":false,"excerpt":"Los zapatos de bronce hab\u00edan sido colocados por padres y familiares de los 49 menores fallecidos en el incendio de 2009, eran r\u00e9plicas de los que usaban las ni\u00f1as y ni\u00f1os el d\u00eda del percance. Redacci\u00f3n\/ ANIMAL POL\u00cdTICO Siete de los pares de zapatos de bronce colocados en el Antimonumento\u2026","rel":"","context":"En &quot;CINTILLO&quot;","block_context":{"text":"CINTILLO","link":"https:\/\/www.grieta.org.mx\/index.php\/category\/cintillo\/"},"img":{"alt_text":"","src":"https:\/\/i0.wp.com\/www.grieta.org.mx\/wp-content\/uploads\/2019\/06\/zapatitos-ABC.jpg?resize=350%2C200&ssl=1","width":350,"height":200,"srcset":"https:\/\/i0.wp.com\/www.grieta.org.mx\/wp-content\/uploads\/2019\/06\/zapatitos-ABC.jpg?resize=350%2C200&ssl=1 1x, https:\/\/i0.wp.com\/www.grieta.org.mx\/wp-content\/uploads\/2019\/06\/zapatitos-ABC.jpg?resize=525%2C300&ssl=1 1.5x"},"classes":[]}],"_links":{"self":[{"href":"https:\/\/www.grieta.org.mx\/index.php\/wp-json\/wp\/v2\/posts\/13664","targetHints":{"allow":["GET"]}}],"collection":[{"href":"https:\/\/www.grieta.org.mx\/index.php\/wp-json\/wp\/v2\/posts"}],"about":[{"href":"https:\/\/www.grieta.org.mx\/index.php\/wp-json\/wp\/v2\/types\/post"}],"author":[{"embeddable":true,"href":"https:\/\/www.grieta.org.mx\/index.php\/wp-json\/wp\/v2\/users\/2"}],"replies":[{"embeddable":true,"href":"https:\/\/www.grieta.org.mx\/index.php\/wp-json\/wp\/v2\/comments?post=13664"}],"version-history":[{"count":1,"href":"https:\/\/www.grieta.org.mx\/index.php\/wp-json\/wp\/v2\/posts\/13664\/revisions"}],"predecessor-version":[{"id":13665,"href":"https:\/\/www.grieta.org.mx\/index.php\/wp-json\/wp\/v2\/posts\/13664\/revisions\/13665"}],"wp:featuredmedia":[{"embeddable":true,"href":"https:\/\/www.grieta.org.mx\/index.php\/wp-json\/wp\/v2\/media\/21928"}],"wp:attachment":[{"href":"https:\/\/www.grieta.org.mx\/index.php\/wp-json\/wp\/v2\/media?parent=13664"}],"wp:term":[{"taxonomy":"category","embeddable":true,"href":"https:\/\/www.grieta.org.mx\/index.php\/wp-json\/wp\/v2\/categories?post=13664"},{"taxonomy":"post_tag","embeddable":true,"href":"https:\/\/www.grieta.org.mx\/index.php\/wp-json\/wp\/v2\/tags?post=13664"}],"curies":[{"name":"wp","href":"https:\/\/api.w.org\/{rel}","templated":true}]}}