{"id":13659,"date":"2015-06-05T22:31:34","date_gmt":"2015-06-05T22:31:34","guid":{"rendered":"http:\/\/www.grieta.org.mx\/?p=13659"},"modified":"2016-06-06T03:36:27","modified_gmt":"2016-06-06T03:36:27","slug":"marchan-en-el-df-por-fallecidos-en-guarderia-abc","status":"publish","type":"post","link":"https:\/\/www.grieta.org.mx\/index.php\/2015\/06\/05\/marchan-en-el-df-por-fallecidos-en-guarderia-abc\/","title":{"rendered":"Marchan en el DF por fallecidos en Guarder\u00eda ABC"},"content":{"rendered":"<p><img decoding=\"async\" data-attachment-id=\"13660\" data-permalink=\"https:\/\/www.grieta.org.mx\/index.php\/2015\/06\/05\/marchan-en-el-df-por-fallecidos-en-guarderia-abc\/attachment\/1179778\/\" data-orig-file=\"https:\/\/www.grieta.org.mx\/wp-content\/uploads\/2016\/06\/1179778.jpg\" data-orig-size=\"370,277\" data-comments-opened=\"0\" data-image-meta=\"{&quot;aperture&quot;:&quot;0&quot;,&quot;credit&quot;:&quot;&quot;,&quot;camera&quot;:&quot;&quot;,&quot;caption&quot;:&quot;&quot;,&quot;created_timestamp&quot;:&quot;0&quot;,&quot;copyright&quot;:&quot;&quot;,&quot;focal_length&quot;:&quot;0&quot;,&quot;iso&quot;:&quot;0&quot;,&quot;shutter_speed&quot;:&quot;0&quot;,&quot;title&quot;:&quot;&quot;,&quot;orientation&quot;:&quot;0&quot;}\" data-image-title=\"1179778\" data-image-description=\"\" data-image-caption=\"\" data-medium-file=\"https:\/\/www.grieta.org.mx\/wp-content\/uploads\/2016\/06\/1179778-300x225.jpg\" data-large-file=\"https:\/\/www.grieta.org.mx\/wp-content\/uploads\/2016\/06\/1179778.jpg\" src=\"http:\/\/www.grieta.org.mx\/wp-content\/uploads\/2016\/06\/1179778-300x225.jpg\" alt=\"1179778\" width=\"100%\" class=\"aligncenter size-medium wp-image-13660\" srcset=\"https:\/\/www.grieta.org.mx\/wp-content\/uploads\/2016\/06\/1179778-300x225.jpg 300w, https:\/\/www.grieta.org.mx\/wp-content\/uploads\/2016\/06\/1179778.jpg 370w\" sizes=\"(max-width: 300px) 100vw, 300px\" \/><\/p>\n<p>Aseguran que la manifestaci\u00f3n empez\u00f3 con un retraso de casi una hora y media<\/p>\n<p>Familiares de los 49 ni\u00f1os convocan a una movilizaci\u00f3n desde el \u00c1ngel de la Independencia hasta el Z\u00f3calo<\/p>\n<p>CIUDAD DE M\u00c9XICO (05\/JUN\/2015).- La Secretar\u00eda de Seguridad P\u00fablica del Distrito Federal (SSPDF) inform\u00f3 que familiares de los 49 ni\u00f1os fallecidos durante el incendio de la guarder\u00eda ABC iniciaron su marcha en las inmediaciones del \u00c1ngel de la Independencia, hacia el Z\u00f3calo capitalino.<\/p>\n<p>La SSPDF indic\u00f3 que la circulaci\u00f3n est\u00e1 cerrada sobre Paseo de la Reforma a la altura de Par\u00eds, por lo que la alternativa vial es la avenida Chapultepec.<\/p>\n<p>A trav\u00e9s de redes sociales y en algunos medios de comunicaci\u00f3n, los familiares convocaron a una movilizaci\u00f3n el d\u00eda de hoy que iniciar\u00eda a las 16:00 horas en el \u00c1ngel de la Independencia y concluir\u00eda en el Z\u00f3calo capitalino, sin embargo, la marcha empez\u00f3 con un retraso de casi una hora y media.<\/p>\n<p>Se prev\u00e9 que el contingente camine por Paseo de la Reforma, se incorporen a la avenida Ju\u00e1rez, despu\u00e9s por 5 de mayo, para arribar al circuito de la Plaza de la Constituci\u00f3n.<\/p>\n<p>Paralela a esta movilizaci\u00f3n, otro contingente marchar\u00e1 en Hermosillo, Sonora, a las 18:00 horas (tiempo local), de la Guarder\u00eda ABC hacia la Plaza Emiliano Zubeld\u00eda.<\/p>\n<p><a href=\"http:\/\/www.informador.com.mx\/mexico\/2015\/596193\/6\/marchan-en-el-df-por-fallecidos-en-guarderia-abc.htm\" target=\"_blank\">http:\/\/www.informador.com.mx\/mexico\/2015\/596193\/6\/marchan-en-el-df-por-fallecidos-en-guarderia-abc.htm<\/a><\/p>\n","protected":false},"excerpt":{"rendered":"<p>Aseguran que la manifestaci\u00f3n empez\u00f3 con un retraso de casi una hora y media Familiares de los 49 ni\u00f1os convocan a una movilizaci\u00f3n desde el \u00c1ngel de la Independencia hasta &hellip; <a href=\"https:\/\/www.grieta.org.mx\/index.php\/2015\/06\/05\/marchan-en-el-df-por-fallecidos-en-guarderia-abc\/\" class=\"more-link\">Leer m\u00e1s<\/a><\/p>\n","protected":false},"author":2,"featured_media":21928,"comment_status":"closed","ping_status":"closed","sticky":false,"template":"","format":"standard","meta":{"ngg_post_thumbnail":0,"_jetpack_newsletter_access":"","_jetpack_dont_email_post_to_subs":false,"_jetpack_newsletter_tier_id":0,"_jetpack_memberships_contains_paywalled_content":false,"_jetpack_memberships_contains_paid_content":false,"footnotes":""},"categories":[598,80],"tags":[491],"class_list":["post-13659","post","type-post","status-publish","format-standard","has-post-thumbnail","hentry","category-cdmx","category-cintillo","tag-guarderia-abc","entry"],"jetpack_featured_media_url":"https:\/\/www.grieta.org.mx\/wp-content\/uploads\/2018\/03\/14524434_1106112876131411_958039263622046936_o.jpg","jetpack_sharing_enabled":true,"jetpack_shortlink":"https:\/\/wp.me\/p7ZJR4-3yj","jetpack_likes_enabled":false,"jetpack-related-posts":[{"id":13683,"url":"https:\/\/www.grieta.org.mx\/index.php\/2016\/06\/05\/7-anos-de-dolor-y-sin-justicia-guarderia-abc\/","url_meta":{"origin":13659,"position":0},"title":"7 a\u00f1os de dolor y sin justicia: guarder\u00eda ABC","author":"grieta","date":"5 junio, 2016","format":false,"excerpt":"SARA GONZ\u00c1LEZ EDUARDO BLAS COVARRUBIAS Este 5 de junio, volvieron a marchar en la Ciudad de M\u00e9xico los padres de los 49 ni\u00f1os fallecidos en el incendio de la guarder\u00eda ABC en Hermosillo, Sonora. Despu\u00e9s de 7 a\u00f1os, la impunidad sigue presente. La marcha, encabezada por Abraham Fraijo, padre de\u2026","rel":"","context":"En &quot;CINTILLO&quot;","block_context":{"text":"CINTILLO","link":"https:\/\/www.grieta.org.mx\/index.php\/category\/cintillo\/"},"img":{"alt_text":"","src":"https:\/\/i0.wp.com\/www.grieta.org.mx\/wp-content\/uploads\/2018\/03\/14524434_1106112876131411_958039263622046936_o.jpg?resize=350%2C200&ssl=1","width":350,"height":200,"srcset":"https:\/\/i0.wp.com\/www.grieta.org.mx\/wp-content\/uploads\/2018\/03\/14524434_1106112876131411_958039263622046936_o.jpg?resize=350%2C200&ssl=1 1x, https:\/\/i0.wp.com\/www.grieta.org.mx\/wp-content\/uploads\/2018\/03\/14524434_1106112876131411_958039263622046936_o.jpg?resize=525%2C300&ssl=1 1.5x, https:\/\/i0.wp.com\/www.grieta.org.mx\/wp-content\/uploads\/2018\/03\/14524434_1106112876131411_958039263622046936_o.jpg?resize=700%2C400&ssl=1 2x"},"classes":[]},{"id":34989,"url":"https:\/\/www.grieta.org.mx\/index.php\/2019\/06\/17\/roban-zapatos-de-bronce-colocados-por-los-padres-de-la-guarderia-abc-en-el-antimonumento-ciudad-de-mexico\/","url_meta":{"origin":13659,"position":1},"title":"Roban zapatos de bronce colocados por los padres de la Guarder\u00eda ABC en el Antimonumento (Ciudad de M\u00e9xico)","author":"grieta","date":"17 junio, 2019","format":false,"excerpt":"Los zapatos de bronce hab\u00edan sido colocados por padres y familiares de los 49 menores fallecidos en el incendio de 2009, eran r\u00e9plicas de los que usaban las ni\u00f1as y ni\u00f1os el d\u00eda del percance. Redacci\u00f3n\/ ANIMAL POL\u00cdTICO Siete de los pares de zapatos de bronce colocados en el Antimonumento\u2026","rel":"","context":"En &quot;CINTILLO&quot;","block_context":{"text":"CINTILLO","link":"https:\/\/www.grieta.org.mx\/index.php\/category\/cintillo\/"},"img":{"alt_text":"","src":"https:\/\/i0.wp.com\/www.grieta.org.mx\/wp-content\/uploads\/2019\/06\/zapatitos-ABC.jpg?resize=350%2C200&ssl=1","width":350,"height":200,"srcset":"https:\/\/i0.wp.com\/www.grieta.org.mx\/wp-content\/uploads\/2019\/06\/zapatitos-ABC.jpg?resize=350%2C200&ssl=1 1x, https:\/\/i0.wp.com\/www.grieta.org.mx\/wp-content\/uploads\/2019\/06\/zapatitos-ABC.jpg?resize=525%2C300&ssl=1 1.5x"},"classes":[]},{"id":23483,"url":"https:\/\/www.grieta.org.mx\/index.php\/2018\/06\/06\/marchan-en-sonora-y-cdmx-por-victimas-de-guarderia-abc\/","url_meta":{"origin":13659,"position":2},"title":"Marchan en Sonora y CDMX por v\u00edctimas de guarder\u00eda ABC","author":"grieta","date":"6 junio, 2018","format":false,"excerpt":"Redacci\u00f3n\/ El Diario \u00a1ABC, nunca m\u00e1s! gritaron sobre Paseo de la Reforma y hasta el Z\u00f3calo los padres de los ni\u00f1os que murieron el 5 de junio de 2009 en la Guarder\u00eda ABC, de Hermosillo, Sonora. A nueve a\u00f1os del incendio, los pap\u00e1s exigieron a la Suprema Corte de Justicia\u2026","rel":"","context":"En &quot;CINTILLO&quot;","block_context":{"text":"CINTILLO","link":"https:\/\/www.grieta.org.mx\/index.php\/category\/cintillo\/"},"img":{"alt_text":"","src":"https:\/\/i0.wp.com\/www.grieta.org.mx\/wp-content\/uploads\/2018\/06\/conmemoracion_abc_-1023x570.jpg?resize=350%2C200&ssl=1","width":350,"height":200,"srcset":"https:\/\/i0.wp.com\/www.grieta.org.mx\/wp-content\/uploads\/2018\/06\/conmemoracion_abc_-1023x570.jpg?resize=350%2C200&ssl=1 1x, https:\/\/i0.wp.com\/www.grieta.org.mx\/wp-content\/uploads\/2018\/06\/conmemoracion_abc_-1023x570.jpg?resize=525%2C300&ssl=1 1.5x, https:\/\/i0.wp.com\/www.grieta.org.mx\/wp-content\/uploads\/2018\/06\/conmemoracion_abc_-1023x570.jpg?resize=700%2C400&ssl=1 2x"},"classes":[]},{"id":13657,"url":"https:\/\/www.grieta.org.mx\/index.php\/2016\/06\/06\/conmemoracion-del-caso-guarderia-abc-en-la-ciudad-de-mexico\/","url_meta":{"origin":13659,"position":3},"title":"Conmemoraci\u00f3n del caso Guarder\u00eda ABC en la Ciudad de M\u00e9xico","author":"grieta","date":"6 junio, 2016","format":false,"excerpt":"06\/06\/16. 49+43, el abrazo entre Ayotzinapa y las familias de la Guarder\u00eda ABCM\u00e1s de 131 05\/06\/16. Realizan marcha para conmemorar 7 a\u00f1os del incendio en la Guarder\u00eda ABC (Ciudad de M\u00e9xico)Sopitas .com 05\/06\/15. Marchan en el DF por fallecidos en Guarder\u00eda ABCInformador","rel":"","context":"En &quot;Ciudad de M\u00e9xico&quot;","block_context":{"text":"Ciudad de M\u00e9xico","link":"https:\/\/www.grieta.org.mx\/index.php\/category\/noticias-nacionales\/ciudad-de-mexico\/"},"img":{"alt_text":"","src":"https:\/\/i0.wp.com\/www.grieta.org.mx\/wp-content\/uploads\/2018\/03\/14524434_1106112876131411_958039263622046936_o.jpg?resize=350%2C200&ssl=1","width":350,"height":200,"srcset":"https:\/\/i0.wp.com\/www.grieta.org.mx\/wp-content\/uploads\/2018\/03\/14524434_1106112876131411_958039263622046936_o.jpg?resize=350%2C200&ssl=1 1x, https:\/\/i0.wp.com\/www.grieta.org.mx\/wp-content\/uploads\/2018\/03\/14524434_1106112876131411_958039263622046936_o.jpg?resize=525%2C300&ssl=1 1.5x, https:\/\/i0.wp.com\/www.grieta.org.mx\/wp-content\/uploads\/2018\/03\/14524434_1106112876131411_958039263622046936_o.jpg?resize=700%2C400&ssl=1 2x"},"classes":[]},{"id":8345,"url":"https:\/\/www.grieta.org.mx\/index.php\/2015\/08\/14\/padres-de-la-guarderia-abc-rechazan-ordenes-de-aprehension-a-trabajadoras\/","url_meta":{"origin":13659,"position":4},"title":"Padres de la Guarder\u00eda ABC rechazan \u00f3rdenes de aprehensi\u00f3n a trabajadoras","author":"grieta","date":"14 agosto, 2015","format":false,"excerpt":"14 de agosto. La organizaci\u00f3n Manos unidas por nuestros ni\u00f1os, que re\u00fane a los padres de las v\u00edctimas de la Guarder\u00eda ABC, critic\u00f3 las 22 \u00f3rdenes de aprehensi\u00f3n giradas contra profesoras, personal de intendencia y la directora de la estancia infantil por el incendio del 5 de junio de 2009.\u2026","rel":"","context":"En &quot;CINTILLO&quot;","block_context":{"text":"CINTILLO","link":"https:\/\/www.grieta.org.mx\/index.php\/category\/cintillo\/"},"img":{"alt_text":"","src":"https:\/\/i0.wp.com\/www.grieta.org.mx\/wp-content\/uploads\/2018\/03\/14524434_1106112876131411_958039263622046936_o.jpg?resize=350%2C200&ssl=1","width":350,"height":200,"srcset":"https:\/\/i0.wp.com\/www.grieta.org.mx\/wp-content\/uploads\/2018\/03\/14524434_1106112876131411_958039263622046936_o.jpg?resize=350%2C200&ssl=1 1x, https:\/\/i0.wp.com\/www.grieta.org.mx\/wp-content\/uploads\/2018\/03\/14524434_1106112876131411_958039263622046936_o.jpg?resize=525%2C300&ssl=1 1.5x, https:\/\/i0.wp.com\/www.grieta.org.mx\/wp-content\/uploads\/2018\/03\/14524434_1106112876131411_958039263622046936_o.jpg?resize=700%2C400&ssl=1 2x"},"classes":[]},{"id":23486,"url":"https:\/\/www.grieta.org.mx\/index.php\/2018\/06\/05\/padres-de-las-victimas-de-la-guarderia-abc-denuncian-represalias-de-funcionarios-por-reclamos-de-corrupcion-sonora\/","url_meta":{"origin":13659,"position":5},"title":"Padres de las v\u00edctimas de la Guarder\u00eda ABC denuncian represalias de funcionarios por reclamos de corrupci\u00f3n (Sonora)","author":"grieta","date":"5 junio, 2018","format":false,"excerpt":"Redacci\u00f3n\/ Sin Embargo Los familiares de los menores fallecidos subrayaron que ni el IMSS, ni el gobierno de Sonora, ni el municipio de Hermosillo han atendido la queja que emiti\u00f3 la Comisi\u00f3n Nacional de los Derechos Humanos (CNDH) el pasado 30 de junio de 2009. Ciudad de M\u00e9xico, 5 de\u2026","rel":"","context":"En &quot;CINTILLO&quot;","block_context":{"text":"CINTILLO","link":"https:\/\/www.grieta.org.mx\/index.php\/category\/cintillo\/"},"img":{"alt_text":"","src":"https:\/\/i0.wp.com\/www.grieta.org.mx\/wp-content\/uploads\/2018\/06\/padres-abc.jpg?resize=350%2C200&ssl=1","width":350,"height":200,"srcset":"https:\/\/i0.wp.com\/www.grieta.org.mx\/wp-content\/uploads\/2018\/06\/padres-abc.jpg?resize=350%2C200&ssl=1 1x, https:\/\/i0.wp.com\/www.grieta.org.mx\/wp-content\/uploads\/2018\/06\/padres-abc.jpg?resize=525%2C300&ssl=1 1.5x, https:\/\/i0.wp.com\/www.grieta.org.mx\/wp-content\/uploads\/2018\/06\/padres-abc.jpg?resize=700%2C400&ssl=1 2x, https:\/\/i0.wp.com\/www.grieta.org.mx\/wp-content\/uploads\/2018\/06\/padres-abc.jpg?resize=1050%2C600&ssl=1 3x"},"classes":[]}],"_links":{"self":[{"href":"https:\/\/www.grieta.org.mx\/index.php\/wp-json\/wp\/v2\/posts\/13659","targetHints":{"allow":["GET"]}}],"collection":[{"href":"https:\/\/www.grieta.org.mx\/index.php\/wp-json\/wp\/v2\/posts"}],"about":[{"href":"https:\/\/www.grieta.org.mx\/index.php\/wp-json\/wp\/v2\/types\/post"}],"author":[{"embeddable":true,"href":"https:\/\/www.grieta.org.mx\/index.php\/wp-json\/wp\/v2\/users\/2"}],"replies":[{"embeddable":true,"href":"https:\/\/www.grieta.org.mx\/index.php\/wp-json\/wp\/v2\/comments?post=13659"}],"version-history":[{"count":1,"href":"https:\/\/www.grieta.org.mx\/index.php\/wp-json\/wp\/v2\/posts\/13659\/revisions"}],"predecessor-version":[{"id":13661,"href":"https:\/\/www.grieta.org.mx\/index.php\/wp-json\/wp\/v2\/posts\/13659\/revisions\/13661"}],"wp:featuredmedia":[{"embeddable":true,"href":"https:\/\/www.grieta.org.mx\/index.php\/wp-json\/wp\/v2\/media\/21928"}],"wp:attachment":[{"href":"https:\/\/www.grieta.org.mx\/index.php\/wp-json\/wp\/v2\/media?parent=13659"}],"wp:term":[{"taxonomy":"category","embeddable":true,"href":"https:\/\/www.grieta.org.mx\/index.php\/wp-json\/wp\/v2\/categories?post=13659"},{"taxonomy":"post_tag","embeddable":true,"href":"https:\/\/www.grieta.org.mx\/index.php\/wp-json\/wp\/v2\/tags?post=13659"}],"curies":[{"name":"wp","href":"https:\/\/api.w.org\/{rel}","templated":true}]}}