{"id":13563,"date":"2016-06-08T11:11:13","date_gmt":"2016-06-08T11:11:13","guid":{"rendered":"http:\/\/www.grieta.org.mx\/?p=13563"},"modified":"2016-06-11T23:16:42","modified_gmt":"2016-06-11T23:16:42","slug":"la-industria-de-la-amapola-en-guerrero-2","status":"publish","type":"post","link":"https:\/\/www.grieta.org.mx\/index.php\/2016\/06\/08\/la-industria-de-la-amapola-en-guerrero-2\/","title":{"rendered":"La industria de la amapola en Guerrero"},"content":{"rendered":"<p><strong>08\/06\/16. <\/strong><a href=\"http:\/\/www.grieta.org.mx\/index.php\/2016\/06\/08\/secuestran-ninos-de-guerrero-para-cultivar-droga-oit\/\">Secuestran ni\u00f1os de Guerrero para cultivar droga: OIT<\/a><br \/>\n<em>Bajo Palabra<\/em><br \/>\n<strong>27\/05\/16. <\/strong><a href=\"http:\/\/www.grieta.org.mx\/index.php\/2016\/05\/27\/guerrero-el-mayor-productor-de-opio-en-america-advierte-el-diario-el-pais-2\/\">Guerrero, el mayor productor de opio en Am\u00e9rica, advierte el diario El Pa\u00eds<\/a><br \/>\n<em>El Sur \/ Proceso \/ El Pa\u00eds\/ NYT<\/em><br \/>\n<strong>25\/05\/16. <\/strong><a href=\"http:\/\/www.grieta.org.mx\/index.php\/2016\/05\/25\/en-guerrero-58-por-ciento-de-narcolaboratorios-destruidos-por-el-ejercito\/\">En Guerrero 58 por ciento de narcolaboratorios destruidos por el ej\u00e9rcito<\/a><br \/>\n<em>El Sur<\/em><br \/>\n<strong>25\/05\/16. <\/strong><a href=\"http:\/\/www.grieta.org.mx\/index.php\/2016\/05\/25\/si-se-analiza-legalizar-siembra-de-amapola-osorio-chong\/\">S\u00ed se analiza legalizar siembra de amapola, Osorio Chong<\/a><br \/>\n<em>El Sur<\/em><br \/>\n<strong>24\/05\/16. <\/strong><a href=\"http:\/\/www.grieta.org.mx\/index.php\/2016\/05\/24\/en-los-campos-del-opio-mexicano\/\">En los campos del opio mexicano<\/a><br \/>\n<em>El Pa\u00eds<\/em><br \/>\n<strong>09\/05\/16. <\/strong><a href=\"http:\/\/www.grieta.org.mx\/index.php\/2016\/05\/09\/astudillo-mando-unico-legalizacion-de-amapola-y-situacion-en-chilapa\/\">Astudillo: Mando \u00danico, legalizaci\u00f3n de amapola y situaci\u00f3n en Chilapa<\/a><br \/>\n<em>El Sur<\/em><\/p>\n","protected":false},"excerpt":{"rendered":"<p>08\/06\/16. Secuestran ni\u00f1os de Guerrero para cultivar droga: OIT Bajo Palabra 27\/05\/16. Guerrero, el mayor productor de opio en Am\u00e9rica, advierte el diario El Pa\u00eds El Sur \/ Proceso \/ &hellip; <a href=\"https:\/\/www.grieta.org.mx\/index.php\/2016\/06\/08\/la-industria-de-la-amapola-en-guerrero-2\/\" class=\"more-link\">Leer m\u00e1s<\/a><\/p>\n","protected":false},"author":2,"featured_media":21928,"comment_status":"closed","ping_status":"closed","sticky":false,"template":"","format":"standard","meta":{"ngg_post_thumbnail":0,"_jetpack_newsletter_access":"","_jetpack_dont_email_post_to_subs":false,"_jetpack_newsletter_tier_id":0,"_jetpack_memberships_contains_paywalled_content":false,"_jetpack_memberships_contains_paid_content":false,"footnotes":""},"categories":[80,18],"tags":[],"class_list":["post-13563","post","type-post","status-publish","format-standard","has-post-thumbnail","hentry","category-cintillo","category-guerrero","entry"],"jetpack_featured_media_url":"https:\/\/www.grieta.org.mx\/wp-content\/uploads\/2018\/03\/14524434_1106112876131411_958039263622046936_o.jpg","jetpack_sharing_enabled":true,"jetpack_shortlink":"https:\/\/wp.me\/p7ZJR4-3wL","jetpack_likes_enabled":false,"jetpack-related-posts":[{"id":13554,"url":"https:\/\/www.grieta.org.mx\/index.php\/2016\/05\/27\/la-industria-de-la-amapola-en-guerrero\/","url_meta":{"origin":13563,"position":0},"title":"La industria de la amapola en Guerrero","author":"grieta","date":"27 mayo, 2016","format":false,"excerpt":"27\/05.16. Guerrero, el mayor productor de opio en Am\u00e9rica, advierte el diario El Pa\u00eds El Pa\u00eds, New York Times","rel":"","context":"En &quot;CINTILLO&quot;","block_context":{"text":"CINTILLO","link":"https:\/\/www.grieta.org.mx\/index.php\/category\/cintillo\/"},"img":{"alt_text":"","src":"https:\/\/i0.wp.com\/www.grieta.org.mx\/wp-content\/uploads\/2018\/03\/14524434_1106112876131411_958039263622046936_o.jpg?resize=350%2C200&ssl=1","width":350,"height":200,"srcset":"https:\/\/i0.wp.com\/www.grieta.org.mx\/wp-content\/uploads\/2018\/03\/14524434_1106112876131411_958039263622046936_o.jpg?resize=350%2C200&ssl=1 1x, https:\/\/i0.wp.com\/www.grieta.org.mx\/wp-content\/uploads\/2018\/03\/14524434_1106112876131411_958039263622046936_o.jpg?resize=525%2C300&ssl=1 1.5x, https:\/\/i0.wp.com\/www.grieta.org.mx\/wp-content\/uploads\/2018\/03\/14524434_1106112876131411_958039263622046936_o.jpg?resize=700%2C400&ssl=1 2x"},"classes":[]},{"id":13070,"url":"https:\/\/www.grieta.org.mx\/index.php\/2016\/05\/25\/en-guerrero-58-por-ciento-de-narcolaboratorios-destruidos-por-el-ejercito\/","url_meta":{"origin":13563,"position":1},"title":"En Guerrero 58 por ciento de narcolaboratorios destruidos por el ej\u00e9rcito","author":"grieta","date":"25 mayo, 2016","format":false,"excerpt":"El Sur Rosalba Ram\u00edrez Garc\u00eda Desmantel\u00f3 el Ej\u00e9rcito en Guerrero 18 de 31 laboratorios de goma de opio hallados en el pa\u00eds de 2010 a 2015 El estado ya no es s\u00f3lo productor de amapola, sino tambi\u00e9n de los derivados de la goma de opio, dice la Sedena. Los municipios\u2026","rel":"","context":"En &quot;CINTILLO&quot;","block_context":{"text":"CINTILLO","link":"https:\/\/www.grieta.org.mx\/index.php\/category\/cintillo\/"},"img":{"alt_text":"","src":"https:\/\/i0.wp.com\/www.grieta.org.mx\/wp-content\/uploads\/2018\/03\/14524434_1106112876131411_958039263622046936_o.jpg?resize=350%2C200&ssl=1","width":350,"height":200,"srcset":"https:\/\/i0.wp.com\/www.grieta.org.mx\/wp-content\/uploads\/2018\/03\/14524434_1106112876131411_958039263622046936_o.jpg?resize=350%2C200&ssl=1 1x, https:\/\/i0.wp.com\/www.grieta.org.mx\/wp-content\/uploads\/2018\/03\/14524434_1106112876131411_958039263622046936_o.jpg?resize=525%2C300&ssl=1 1.5x, https:\/\/i0.wp.com\/www.grieta.org.mx\/wp-content\/uploads\/2018\/03\/14524434_1106112876131411_958039263622046936_o.jpg?resize=700%2C400&ssl=1 2x"},"classes":[]},{"id":9352,"url":"https:\/\/www.grieta.org.mx\/index.php\/2016\/07\/08\/feminicidios-en-guerrero-2\/","url_meta":{"origin":13563,"position":2},"title":"Feminicidios en Guerrero","author":"grieta","date":"8 julio, 2016","format":false,"excerpt":"02\/07\/16. Guerrero, donde m\u00e1s asesinan a mujeres de entre 15 y 30 a\u00f1os; exigen activar Alerta de G\u00e9nero 24 Horas 01\/07\/16. En Guerrero la mayor tasa de feminicidios del pa\u00eds: ONU Bajo Palabra 01\/07\/16. Guerrero, primer lugar nacional en asesinatos de mujeres Regeneraci\u00f3n 09\/06\/16. Vinculan asesinatos de mujeres al narco\u2026","rel":"","context":"En &quot;Feminicidios&quot;","block_context":{"text":"Feminicidios","link":"https:\/\/www.grieta.org.mx\/index.php\/category\/temas-nacionales\/feminicidios\/"},"img":{"alt_text":"","src":"https:\/\/i0.wp.com\/www.grieta.org.mx\/wp-content\/uploads\/2018\/03\/14524434_1106112876131411_958039263622046936_o.jpg?resize=350%2C200&ssl=1","width":350,"height":200,"srcset":"https:\/\/i0.wp.com\/www.grieta.org.mx\/wp-content\/uploads\/2018\/03\/14524434_1106112876131411_958039263622046936_o.jpg?resize=350%2C200&ssl=1 1x, https:\/\/i0.wp.com\/www.grieta.org.mx\/wp-content\/uploads\/2018\/03\/14524434_1106112876131411_958039263622046936_o.jpg?resize=525%2C300&ssl=1 1.5x, https:\/\/i0.wp.com\/www.grieta.org.mx\/wp-content\/uploads\/2018\/03\/14524434_1106112876131411_958039263622046936_o.jpg?resize=700%2C400&ssl=1 2x"},"classes":[]},{"id":41365,"url":"https:\/\/www.grieta.org.mx\/index.php\/2019\/11\/15\/campesinos-de-guerrero-culpan-a-militares-de-fumigar-con-helicoptero-y-amenazan-con-derribarlo\/","url_meta":{"origin":13563,"position":3},"title":"Campesinos de Guerrero culpan a militares de fumigar con helic\u00f3ptero y amenazan con derribarlo","author":"Admin","date":"15 noviembre, 2019","format":false,"excerpt":"En comunidades de Tlacotepec, entre Campo Morado y El Durazno, desde hace dos d\u00edas los militares da\u00f1an cultivos de ajonjol\u00ed y el manantial que abastece a las poblaciones. Piden que se cumpla el acuerdo con autoridades de que los sembrad\u00edos il\u00edcitos se erradiquen por tierra y con machete, sin qu\u00edmicos,\u2026","rel":"","context":"En &quot;CINTILLO&quot;","block_context":{"text":"CINTILLO","link":"https:\/\/www.grieta.org.mx\/index.php\/category\/cintillo\/"},"img":{"alt_text":"","src":"https:\/\/i0.wp.com\/www.grieta.org.mx\/wp-content\/uploads\/2019\/11\/captura-de-pantalla-2019-11-15-a-las-12-54-46.png?resize=350%2C200&ssl=1","width":350,"height":200,"srcset":"https:\/\/i0.wp.com\/www.grieta.org.mx\/wp-content\/uploads\/2019\/11\/captura-de-pantalla-2019-11-15-a-las-12-54-46.png?resize=350%2C200&ssl=1 1x, https:\/\/i0.wp.com\/www.grieta.org.mx\/wp-content\/uploads\/2019\/11\/captura-de-pantalla-2019-11-15-a-las-12-54-46.png?resize=525%2C300&ssl=1 1.5x, https:\/\/i0.wp.com\/www.grieta.org.mx\/wp-content\/uploads\/2019\/11\/captura-de-pantalla-2019-11-15-a-las-12-54-46.png?resize=700%2C400&ssl=1 2x, https:\/\/i0.wp.com\/www.grieta.org.mx\/wp-content\/uploads\/2019\/11\/captura-de-pantalla-2019-11-15-a-las-12-54-46.png?resize=1050%2C600&ssl=1 3x"},"classes":[]},{"id":9165,"url":"https:\/\/www.grieta.org.mx\/index.php\/2015\/11\/18\/ejidatarios-de-guerrero-negro-inconformes-con-exportadora-de-sal\/","url_meta":{"origin":13563,"position":4},"title":"Ejidatarios de Guerrero Negro inconformes con Exportadora de Sal","author":"grieta","date":"18 noviembre, 2015","format":false,"excerpt":"18\/11\/15. \u00c1reas de la Exportadora de Sal de Guerrero Negro, entre las m\u00e1s contaminadas del pa\u00eds BCS Noticias 10\/10\/15. Amenazan ejidatarios con recuperar tierras que usa Exportadora de Sal de Guerrero Negro BCS Noticias","rel":"","context":"En &quot;Baja California Sur&quot;","block_context":{"text":"Baja California Sur","link":"https:\/\/www.grieta.org.mx\/index.php\/category\/noticias-nacionales\/baja-california-sur\/"},"img":{"alt_text":"","src":"https:\/\/i0.wp.com\/www.grieta.org.mx\/wp-content\/uploads\/2018\/03\/14524434_1106112876131411_958039263622046936_o.jpg?resize=350%2C200&ssl=1","width":350,"height":200,"srcset":"https:\/\/i0.wp.com\/www.grieta.org.mx\/wp-content\/uploads\/2018\/03\/14524434_1106112876131411_958039263622046936_o.jpg?resize=350%2C200&ssl=1 1x, https:\/\/i0.wp.com\/www.grieta.org.mx\/wp-content\/uploads\/2018\/03\/14524434_1106112876131411_958039263622046936_o.jpg?resize=525%2C300&ssl=1 1.5x, https:\/\/i0.wp.com\/www.grieta.org.mx\/wp-content\/uploads\/2018\/03\/14524434_1106112876131411_958039263622046936_o.jpg?resize=700%2C400&ssl=1 2x"},"classes":[]},{"id":39308,"url":"https:\/\/www.grieta.org.mx\/index.php\/2019\/07\/25\/sin-hogar-sin-trabajo-y-sin-paz-asi-sobreviven-los-desterrados-de-la-amapola-en-guerrero\/","url_meta":{"origin":13563,"position":5},"title":"Sin hogar, sin trabajo y sin paz: as\u00ed sobreviven los desterrados de la amapola en Guerrero","author":"Admin","date":"25 julio, 2019","format":false,"excerpt":"Vania Pigeonutt \/ Infobae FILO DE CABALLOS, Guerrero, M\u00e9xico \u2014 Francisco Barrag\u00e1n muri\u00f3 de un paro card\u00edaco el 22 marzo casi frente al Palacio Nacional. Barrag\u00e1n, un agricultor de amapola del estado de Guerrero, ten\u00eda 56 a\u00f1os y llevaba 39 d\u00edas acampando frente a la sede del gobierno en Ciudad\u2026","rel":"","context":"En &quot;CINTILLO&quot;","block_context":{"text":"CINTILLO","link":"https:\/\/www.grieta.org.mx\/index.php\/category\/cintillo\/"},"img":{"alt_text":"","src":"https:\/\/i0.wp.com\/www.grieta.org.mx\/wp-content\/uploads\/2019\/09\/Captura-de-pantalla-2019-09-19-13.18.44.png?resize=350%2C200&ssl=1","width":350,"height":200,"srcset":"https:\/\/i0.wp.com\/www.grieta.org.mx\/wp-content\/uploads\/2019\/09\/Captura-de-pantalla-2019-09-19-13.18.44.png?resize=350%2C200&ssl=1 1x, https:\/\/i0.wp.com\/www.grieta.org.mx\/wp-content\/uploads\/2019\/09\/Captura-de-pantalla-2019-09-19-13.18.44.png?resize=525%2C300&ssl=1 1.5x, https:\/\/i0.wp.com\/www.grieta.org.mx\/wp-content\/uploads\/2019\/09\/Captura-de-pantalla-2019-09-19-13.18.44.png?resize=700%2C400&ssl=1 2x"},"classes":[]}],"_links":{"self":[{"href":"https:\/\/www.grieta.org.mx\/index.php\/wp-json\/wp\/v2\/posts\/13563","targetHints":{"allow":["GET"]}}],"collection":[{"href":"https:\/\/www.grieta.org.mx\/index.php\/wp-json\/wp\/v2\/posts"}],"about":[{"href":"https:\/\/www.grieta.org.mx\/index.php\/wp-json\/wp\/v2\/types\/post"}],"author":[{"embeddable":true,"href":"https:\/\/www.grieta.org.mx\/index.php\/wp-json\/wp\/v2\/users\/2"}],"replies":[{"embeddable":true,"href":"https:\/\/www.grieta.org.mx\/index.php\/wp-json\/wp\/v2\/comments?post=13563"}],"version-history":[{"count":1,"href":"https:\/\/www.grieta.org.mx\/index.php\/wp-json\/wp\/v2\/posts\/13563\/revisions"}],"predecessor-version":[{"id":14036,"href":"https:\/\/www.grieta.org.mx\/index.php\/wp-json\/wp\/v2\/posts\/13563\/revisions\/14036"}],"wp:featuredmedia":[{"embeddable":true,"href":"https:\/\/www.grieta.org.mx\/index.php\/wp-json\/wp\/v2\/media\/21928"}],"wp:attachment":[{"href":"https:\/\/www.grieta.org.mx\/index.php\/wp-json\/wp\/v2\/media?parent=13563"}],"wp:term":[{"taxonomy":"category","embeddable":true,"href":"https:\/\/www.grieta.org.mx\/index.php\/wp-json\/wp\/v2\/categories?post=13563"},{"taxonomy":"post_tag","embeddable":true,"href":"https:\/\/www.grieta.org.mx\/index.php\/wp-json\/wp\/v2\/tags?post=13563"}],"curies":[{"name":"wp","href":"https:\/\/api.w.org\/{rel}","templated":true}]}}