{"id":13555,"date":"2016-05-27T09:26:20","date_gmt":"2016-05-27T09:26:20","guid":{"rendered":"http:\/\/www.grieta.org.mx\/?p=13555"},"modified":"2016-06-03T09:37:07","modified_gmt":"2016-06-03T09:37:07","slug":"guerrero-el-mayor-productor-de-opio-en-america-el-pais","status":"publish","type":"post","link":"https:\/\/www.grieta.org.mx\/index.php\/2016\/05\/27\/guerrero-el-mayor-productor-de-opio-en-america-el-pais\/","title":{"rendered":"Guerrero, el mayor productor de opio en Am\u00e9rica, El Pa\u00eds"},"content":{"rendered":"<p>Agencia Proceso<\/p>\n<p>Ciudad de M\u00e9xico. El estado de Guerrero, donde el crimen organizado convive d\u00eda a d\u00eda con la miseria y la corrupci\u00f3n, se ha convertido en el mayor productor de opio en Am\u00e9rica.<\/p>\n<p>As\u00ed lo destaca el diario El Pa\u00eds en una cr\u00f3nica del corresponsal Jan Mart\u00ednez Ahrens, quien recogi\u00f3 numerosos testimonios de campesinos que siembran y recogen opio para el crimen organizado.<\/p>\n<p>De acuerdo con el periodista, de las monta\u00f1as de Guerrero \u201cparten los inacabables cargamentos que nutren, por delante del tri\u00e1ngulo de oro de Sinaloa-Durango-Chihuahua, al gran devorador mundial, Estados Unidos\u201d.<\/p>\n<p>En esa zona con los mayores \u00edndices de violencia en M\u00e9xico, a\u00f1ade, \u201creina el caos y la violencia pura\u201d.<\/p>\n<p>El representante de la Oficina de la ONU contra la Droga y el Delito, Antonio Mazzitelli, explica al diario que en Guerrero \u201cno hay presencia del Estado, ni carreteras ni hospitales; ni siquiera el narco est\u00e1 bien organizado. El mercado de la droga se lo disputan grupos criminales antag\u00f3nicos\u201d.<\/p>\n<p>Es, subraya, un territorio marcado por la impunidad, donde asesinar es cotidiano y el miedo una constante. \u201cNo existen detenciones. Al narco, en la monta\u00f1a no se le menciona\u201d.<\/p>\n<p>El reportaje resalta el c\u00edrculo letal en el que se encuentran las familias guerrerenses, asediadas por la voracidad de los narcotraficantes. \u201cEntre m\u00e1s opio, m\u00e1s dinero y m\u00e1s muerte\u201d, apunta.<br \/>\nLuego enumera las cifras oficiales: la producci\u00f3n de amapola en M\u00e9xico se ha disparado 50 por ciento en los \u00faltimos cinco a\u00f1os, seg\u00fan la agencia antidroga estadunidense (DEA).<\/p>\n<p>Tambi\u00e9n sostiene que el efecto ha sido devastador y las muertes por sobredosis se han triplicado desde 2010 en Estados Unidos, y en el sur, en estados como Guerrero, la negra tierra de Iguala, todo se ha venido abajo. Y Acapulco es la tercera ciudad m\u00e1s violenta del mundo.<\/p>\n<p>Explica que despu\u00e9s de 10 a\u00f1os de extenuante lucha contra el narco, el saldo es negativo para el pa\u00eds, que ha quedado debilitado con la cifra de cien mil muertos y 25 mil desaparecidos.<\/p>\n<p>Ante ese panorama, destaca, el gobernador priista de Guerrero, H\u00e9ctor Astudillo Flores, ha pedido p\u00fablicamente la legalizaci\u00f3n de los cultivos de opio para uso medicinal. \u201cEl mismo gobierno de Enrique Pe\u00f1a Nieto ha anunciado que estudia la propuesta\u201d, expone.<\/p>\n<p>Mientras tanto, acota, \u201cno solo el crimen organizado sigue ah\u00ed, tambi\u00e9n la miseria, la corrupci\u00f3n y la permanente amenaza de destrucci\u00f3n\u201d.<\/p>\n<p><u>Notas vinculadas en El Sur<\/u>:<\/p>\n<p><strong>El narco gan\u00f3 el bono demogr\u00e1fico del pa\u00eds, se\u00f1ala la Cepal<\/strong><\/p>\n<p>Agencia Reforma<\/p>\n<p>Claudia Guerrero<\/p>\n<p>Ciudad de M\u00e9xico. Alicia B\u00e1rcena, secretaria ejecutiva de la Comisi\u00f3n Econ\u00f3mica para Am\u00e9rica Latina (CEPAL), advirti\u00f3 que el narcotr\u00e1fico se ha quedado con el bono demogr\u00e1fico de M\u00e9xico, que son sus j\u00f3venes.<\/p>\n<p>Durante una reuni\u00f3n con senadores, la funcionaria pidi\u00f3 no dejar a esa poblaci\u00f3n en manos del crimen y apostar a su educaci\u00f3n y desarrollo.<\/p>\n<p>\u201cM\u00e9xico tiene todav\u00eda una peque\u00f1a ventana de oportunidad para ese bono demogr\u00e1fico, apostarlo a la educaci\u00f3n y a la innovaci\u00f3n y no entreg\u00e1rselo por favor al narcotr\u00e1fico, que es quien est\u00e1 ganando en el bono demogr\u00e1fico en M\u00e9xico y en Centroam\u00e9rica\u201d, afirm\u00f3.<\/p>\n<p>B\u00e1rcena destac\u00f3 la importancia de garantizar el Estado de Derecho como un tema central.<br \/>\nSin embargo, al ser cuestionada sobre los problemas de corrupci\u00f3n que enfrenta el pa\u00eds, consider\u00f3 que ese fen\u00f3meno no ha afectado las inversiones.<\/p>\n<p>\u201cPor lo pronto, lo que nosotros hemos evaluado es que M\u00e9xico va a seguir recibiendo inversi\u00f3n extranjera directa; es el \u00fanico pa\u00eds, por cierto, 28 mil millones de d\u00f3lares el a\u00f1o pasado\u201d, dijo.<\/p>\n<p>\u2013\u00bfA pesar de los \u00edndices de corrupci\u00f3n? \u2013, se le pregunt\u00f3.<\/p>\n<p>\u2013Exactamente, M\u00e9xico sigue siendo un pa\u00eds confiable \u2013, respondi\u00f3.<\/p>\n<p>La funcionaria tambi\u00e9n se refiri\u00f3 al a desigualdad, tras referir que s\u00f3lo 62 personas concentran el equivalente a la riqueza de la mitad de la poblaci\u00f3n del planeta.<\/p>\n<p>Al hablar sobre el caso de M\u00e9xico, pidi\u00f3 a los legisladores revisar si las 11 reformas estructurales aprobadas se alinean con los objetivos del desarrollo sostenible.<\/p>\n<p>De manera particular, subray\u00f3 la importancia de dar seguimiento a la reforma fiscal tras recordar que la evasi\u00f3n fiscal en el mundo alcanza los 320 mil millones de d\u00f3lares anuales, lo que representa el 6.3 por ciento del PIB.<\/p>\n<p>\u201c\u00bfQu\u00e9 tenemos que hacer? Ustedes, por favor, fiscalizar la reforma fiscal, que la gente pague, que se paguen los impuestos. Eso es nada m\u00e1s de evasi\u00f3n de recursos dom\u00e9sticos\u201d, plante\u00f3.<br \/>\nB\u00e1rcena advirti\u00f3 que tambi\u00e9n existe otro tipo de evasi\u00f3n fiscal, operado por las grandes trasnacionales que no pagan impuestos en todos los pa\u00edses donde reciben ganancias.<\/p>\n<p>\u201cAdem\u00e1s de esta evasi\u00f3n fiscal que ocurre a nivel dom\u00e9stico, ocurre otra, que es la salida de fondos il\u00edcitos por la v\u00eda de empresas trasnacionales que tributan fuera del lugar donde hacen las ganancias\u201d, dijo.<\/p>\n<p>\u201cProponemos que la tributaci\u00f3n de las empresas trasnacionales que vienen a operar a nuestros pa\u00edses hagan el tributo, paguen sus impuestos en el lugar donde hacen las ganancias\u201d.<br \/>\nEn otro tema, B\u00e1rcena consider\u00f3 que M\u00e9xico debe pelear en el marco del G-20 por un trato equitativo de los organismos financieros internacionales.<\/p>\n<p>\u201cM\u00e9xico debe llevar una posici\u00f3n al G-20 de decir: Nosotros ya no podemos seguir adelante si no hay una gobernanza financiera en el mundo que le d\u00e9 un lugar primero a los pa\u00edses en v\u00edas de desarrollo equitativamente en las instituciones\u201d, expuso.<\/p>\n<p>\u201cComo el Fondo Monetario, el Banco Mundial y la Organizaci\u00f3n Mundial del Comercio. Los asientos que le corresponden por el tama\u00f1o de sus econom\u00edas, y los votos\u201d.<\/p>\n<p>La funcionaria ret\u00f3 al pa\u00eds a definir sus metas en temas como las energ\u00edas limpias, donde pa\u00edses de la regi\u00f3n como Costa Rica y Chile muestran importantes avances.<\/p>\n<p>\u201c\u00bfM\u00e9xico qu\u00e9 dice? Es decir, yo creo que es por ah\u00ed donde debemos ir trabajando\u201d, agreg\u00f3.<\/p>\n<p><strong>Ej\u00e9rcito y Marina realizan ejecuciones sumarias, afirma The New York Times<\/strong><\/p>\n<p>Sostiene el diario estadunidense que los soldados act\u00faan para matar, pues por cada enemigo que hieren asesinan a ocho personas. La Marina mata a 30 por cada herido<\/p>\n<p>Mathieu Tourliere \/ Agencia Proceso<\/p>\n<p>Ciudad de M\u00e9xico. El Ej\u00e9rcito mexicano opera para matar. Por cada enemigo que hieren, los soldados de la Secretar\u00eda de la Defensa Nacional (Sedena) asesinan a ocho personas y en el caso de la Secretar\u00eda de Marina (Semar), la tasa de letalidad es a\u00fan mayor: los marinos asesinan a 30 personas por cada una que hieren, seg\u00fan un reportaje que public\u00f3 ayer el diario New York Times.<\/p>\n<p>Al retomar las cifras oficiales, el rotativo neoyorquino observ\u00f3 que estas tasas de letalidad son incre\u00edblemente elevadas, ya que seg\u00fan el Comit\u00e9 Internacional de la Cruz Roja, \u201cen muchas formas de combate entre grupos armados, alrededor de cuatro personas est\u00e1n heridas por cada persona asesinada\u201d.<\/p>\n<p>\u201cLos militares dejaron de publicar sus estad\u00edsticas sobre matanzas hace dos a\u00f1os. Sin estos datos, dicen los expertos, resulta dif\u00edcil saber qu\u00e9 tan violenta se volvi\u00f3 la guerra contra el crimen organizado\u201d, plante\u00f3.<\/p>\n<p>Para entender esta disparada tasa de letalidad, el New York Times no dio mucho cr\u00e9dito a la explicaci\u00f3n de las autoridades mexicanas, seg\u00fan las cuales \u201clos soldados de la naci\u00f3n est\u00e1n simplemente mejor entrenados y mejor equipados que los c\u00e1rteles que combaten\u201d. En su lugar, el peri\u00f3dico sostuvo que \u201chay ejecuciones sumarias\u201d.<\/p>\n<p>De acuerdo con el rotativo, paralelo al despliegue del ej\u00e9rcito en el pa\u00eds \u2013decidido por el ex presidente Felipe Calder\u00f3n en su llamada Guerra contra el Narcotr\u00e1fico\u2013, surgieron violaciones a los derechos humanos.<\/p>\n<p>Sin embargo, plante\u00f3 que \u201clos militares permanecen relativamente inmunes, protegidos por un gobierno reacio a actuar contra la \u00fanica fuerza capaz de combatir\u201d.<\/p>\n<p>El NYT record\u00f3 que en su \u00faltimo informe, la Comisi\u00f3n Interamericana de Derechos Humanos (CIDH) \u201cconden\u00f3 el balance de M\u00e9xico en materia de derechos humanos, incluyendo las ejecuciones extrajudiciales\u201d. Luego, enlist\u00f3 algunos de los casos de violaciones graves a los derechos humanos en los que se involucr\u00f3 el ej\u00e9rcito, entre ellos la masacre de Tlatlaya o la desaparici\u00f3n forzada de los 43 estudiantes normalistas de Ayotzinapa.<\/p>\n<p>\u201cPoco ha sido emprendido para investigar las miles de acusaciones de tortura, desaparici\u00f3n forzada y ejecuciones extrajudiciales\u201d, abund\u00f3 y record\u00f3 que solamente 15 de las 4 mil quejas por tortura que la Procuradur\u00eda General de la Rep\u00fablica (PGR) recibi\u00f3 desde 2006 desembocaron en condenas.<br \/>\nJuan M\u00e9ndez, relator especial de la ONU sobre tortura, asever\u00f3 al peri\u00f3dico que \u201csi el gobierno sabe que es frecuente y que no hay prosecuciones, y que los (casos) que s\u00ed investigas terminan yendo a ning\u00fan lugar, la culpa recae en el Estado\u201d.<\/p>\n<p>El New York Times tambi\u00e9n plante\u00f3 la responsabilidad del ej\u00e9rcito estadunidense y sus \u201ccrecientes lazos\u201d con las fuerzas armadas mexicanas, los cuales despiertan cr\u00edticas entre ciertos legisladores dem\u00f3cratas.<\/p>\n<p>\u201cEn la historia de las guerras modernas, resulta m\u00e1s probable que los combatientes hieran a sus enemigos a que los maten\u201d, dijo.<\/p>\n<p>Seg\u00fan las cifras oficiales que retom\u00f3 la publicaci\u00f3n, el ej\u00e9rcito mexicano mat\u00f3 a 3 mil personas entre 2007 y 2012 y sufri\u00f3 158 bajas.<\/p>\n<p>Y remat\u00f3: \u201cMientras las quejas por tortura contra el ej\u00e9rcito disminuyeron desde 2011 \u2013lo que coincidi\u00f3 con una reducci\u00f3n general del n\u00famero de tropas desplegadas en el pa\u00eds\u2013, la letalidad de sus combates no declin\u00f3\u201d.<\/p>\n<p><a href=\"http:\/\/suracapulco.mx\/principal\/ejercito-y-marina-realizan-ejecuciones-sumarias-dice-the-new-york-times\/\">http:\/\/suracapulco.mx\/principal\/ejercito-y-marina-realizan-ejecuciones-sumarias-dice-the-new-york-times\/<\/a><\/p>\n","protected":false},"excerpt":{"rendered":"<p>Agencia Proceso Ciudad de M\u00e9xico. El estado de Guerrero, donde el crimen organizado convive d\u00eda a d\u00eda con la miseria y la corrupci\u00f3n, se ha convertido en el mayor productor &hellip; <a href=\"https:\/\/www.grieta.org.mx\/index.php\/2016\/05\/27\/guerrero-el-mayor-productor-de-opio-en-america-el-pais\/\" class=\"more-link\">Leer m\u00e1s<\/a><\/p>\n","protected":false},"author":2,"featured_media":21928,"comment_status":"closed","ping_status":"closed","sticky":false,"template":"","format":"standard","meta":{"ngg_post_thumbnail":0,"_jetpack_newsletter_access":"","_jetpack_dont_email_post_to_subs":false,"_jetpack_newsletter_tier_id":0,"_jetpack_memberships_contains_paywalled_content":false,"_jetpack_memberships_contains_paid_content":false,"footnotes":""},"categories":[80],"tags":[691,690,683],"class_list":["post-13555","post","type-post","status-publish","format-standard","has-post-thumbnail","hentry","category-cintillo","tag-bono-demografico","tag-industria-amapola","tag-legalizacion-amapola","entry"],"jetpack_featured_media_url":"https:\/\/www.grieta.org.mx\/wp-content\/uploads\/2018\/03\/14524434_1106112876131411_958039263622046936_o.jpg","jetpack_sharing_enabled":true,"jetpack_shortlink":"https:\/\/wp.me\/p7ZJR4-3wD","jetpack_likes_enabled":false,"jetpack-related-posts":[{"id":13554,"url":"https:\/\/www.grieta.org.mx\/index.php\/2016\/05\/27\/la-industria-de-la-amapola-en-guerrero\/","url_meta":{"origin":13555,"position":0},"title":"La industria de la amapola en Guerrero","author":"grieta","date":"27 mayo, 2016","format":false,"excerpt":"27\/05.16. Guerrero, el mayor productor de opio en Am\u00e9rica, advierte el diario El Pa\u00eds El Pa\u00eds, New York Times","rel":"","context":"En &quot;CINTILLO&quot;","block_context":{"text":"CINTILLO","link":"https:\/\/www.grieta.org.mx\/index.php\/category\/cintillo\/"},"img":{"alt_text":"","src":"https:\/\/i0.wp.com\/www.grieta.org.mx\/wp-content\/uploads\/2018\/03\/14524434_1106112876131411_958039263622046936_o.jpg?resize=350%2C200&ssl=1","width":350,"height":200,"srcset":"https:\/\/i0.wp.com\/www.grieta.org.mx\/wp-content\/uploads\/2018\/03\/14524434_1106112876131411_958039263622046936_o.jpg?resize=350%2C200&ssl=1 1x, https:\/\/i0.wp.com\/www.grieta.org.mx\/wp-content\/uploads\/2018\/03\/14524434_1106112876131411_958039263622046936_o.jpg?resize=525%2C300&ssl=1 1.5x, https:\/\/i0.wp.com\/www.grieta.org.mx\/wp-content\/uploads\/2018\/03\/14524434_1106112876131411_958039263622046936_o.jpg?resize=700%2C400&ssl=1 2x"},"classes":[]},{"id":13563,"url":"https:\/\/www.grieta.org.mx\/index.php\/2016\/06\/08\/la-industria-de-la-amapola-en-guerrero-2\/","url_meta":{"origin":13555,"position":1},"title":"La industria de la amapola en Guerrero","author":"grieta","date":"8 junio, 2016","format":false,"excerpt":"08\/06\/16. Secuestran ni\u00f1os de Guerrero para cultivar droga: OIT Bajo Palabra 27\/05\/16. Guerrero, el mayor productor de opio en Am\u00e9rica, advierte el diario El Pa\u00eds El Sur \/ Proceso \/ El Pa\u00eds\/ NYT 25\/05\/16. En Guerrero 58 por ciento de narcolaboratorios destruidos por el ej\u00e9rcito El Sur 25\/05\/16. S\u00ed se\u2026","rel":"","context":"En &quot;CINTILLO&quot;","block_context":{"text":"CINTILLO","link":"https:\/\/www.grieta.org.mx\/index.php\/category\/cintillo\/"},"img":{"alt_text":"","src":"https:\/\/i0.wp.com\/www.grieta.org.mx\/wp-content\/uploads\/2018\/03\/14524434_1106112876131411_958039263622046936_o.jpg?resize=350%2C200&ssl=1","width":350,"height":200,"srcset":"https:\/\/i0.wp.com\/www.grieta.org.mx\/wp-content\/uploads\/2018\/03\/14524434_1106112876131411_958039263622046936_o.jpg?resize=350%2C200&ssl=1 1x, https:\/\/i0.wp.com\/www.grieta.org.mx\/wp-content\/uploads\/2018\/03\/14524434_1106112876131411_958039263622046936_o.jpg?resize=525%2C300&ssl=1 1.5x, https:\/\/i0.wp.com\/www.grieta.org.mx\/wp-content\/uploads\/2018\/03\/14524434_1106112876131411_958039263622046936_o.jpg?resize=700%2C400&ssl=1 2x"},"classes":[]},{"id":13557,"url":"https:\/\/www.grieta.org.mx\/index.php\/2016\/05\/27\/guerrero-el-mayor-productor-de-opio-en-america-advierte-el-diario-el-pais\/","url_meta":{"origin":13555,"position":2},"title":"Guerrero, el mayor productor de opio en Am\u00e9rica, advierte el diario El Pa\u00eds","author":"grieta","date":"27 mayo, 2016","format":false,"excerpt":"Agencia Proceso Ciudad de M\u00e9xico. El estado de Guerrero, donde el crimen organizado convive d\u00eda a d\u00eda con la miseria y la corrupci\u00f3n, se ha convertido en el mayor productor de opio en Am\u00e9rica. As\u00ed lo destaca el diario El Pa\u00eds en una cr\u00f3nica del corresponsal Jan Mart\u00ednez Ahrens, quien\u2026","rel":"","context":"En &quot;CINTILLO&quot;","block_context":{"text":"CINTILLO","link":"https:\/\/www.grieta.org.mx\/index.php\/category\/cintillo\/"},"img":{"alt_text":"","src":"https:\/\/i0.wp.com\/www.grieta.org.mx\/wp-content\/uploads\/2018\/03\/14524434_1106112876131411_958039263622046936_o.jpg?resize=350%2C200&ssl=1","width":350,"height":200,"srcset":"https:\/\/i0.wp.com\/www.grieta.org.mx\/wp-content\/uploads\/2018\/03\/14524434_1106112876131411_958039263622046936_o.jpg?resize=350%2C200&ssl=1 1x, https:\/\/i0.wp.com\/www.grieta.org.mx\/wp-content\/uploads\/2018\/03\/14524434_1106112876131411_958039263622046936_o.jpg?resize=525%2C300&ssl=1 1.5x, https:\/\/i0.wp.com\/www.grieta.org.mx\/wp-content\/uploads\/2018\/03\/14524434_1106112876131411_958039263622046936_o.jpg?resize=700%2C400&ssl=1 2x"},"classes":[]},{"id":13070,"url":"https:\/\/www.grieta.org.mx\/index.php\/2016\/05\/25\/en-guerrero-58-por-ciento-de-narcolaboratorios-destruidos-por-el-ejercito\/","url_meta":{"origin":13555,"position":3},"title":"En Guerrero 58 por ciento de narcolaboratorios destruidos por el ej\u00e9rcito","author":"grieta","date":"25 mayo, 2016","format":false,"excerpt":"El Sur Rosalba Ram\u00edrez Garc\u00eda Desmantel\u00f3 el Ej\u00e9rcito en Guerrero 18 de 31 laboratorios de goma de opio hallados en el pa\u00eds de 2010 a 2015 El estado ya no es s\u00f3lo productor de amapola, sino tambi\u00e9n de los derivados de la goma de opio, dice la Sedena. Los municipios\u2026","rel":"","context":"En &quot;CINTILLO&quot;","block_context":{"text":"CINTILLO","link":"https:\/\/www.grieta.org.mx\/index.php\/category\/cintillo\/"},"img":{"alt_text":"","src":"https:\/\/i0.wp.com\/www.grieta.org.mx\/wp-content\/uploads\/2018\/03\/14524434_1106112876131411_958039263622046936_o.jpg?resize=350%2C200&ssl=1","width":350,"height":200,"srcset":"https:\/\/i0.wp.com\/www.grieta.org.mx\/wp-content\/uploads\/2018\/03\/14524434_1106112876131411_958039263622046936_o.jpg?resize=350%2C200&ssl=1 1x, https:\/\/i0.wp.com\/www.grieta.org.mx\/wp-content\/uploads\/2018\/03\/14524434_1106112876131411_958039263622046936_o.jpg?resize=525%2C300&ssl=1 1.5x, https:\/\/i0.wp.com\/www.grieta.org.mx\/wp-content\/uploads\/2018\/03\/14524434_1106112876131411_958039263622046936_o.jpg?resize=700%2C400&ssl=1 2x"},"classes":[]},{"id":14033,"url":"https:\/\/www.grieta.org.mx\/index.php\/2016\/05\/27\/guerrero-el-mayor-productor-de-opio-en-america-advierte-el-diario-el-pais-2\/","url_meta":{"origin":13555,"position":4},"title":"Guerrero, el mayor productor de opio en Am\u00e9rica, advierte el diario El Pa\u00eds","author":"grieta","date":"27 mayo, 2016","format":false,"excerpt":"El Sur \/ Agencia Proceso\/ El Pa\u00eds Jan Mart\u00ednez Ahrens Ciudad de M\u00e9xico. El estado de Guerrero, donde el crimen organizado convive d\u00eda a d\u00eda con la miseria y la corrupci\u00f3n, se ha convertido en el mayor productor de opio en Am\u00e9rica. As\u00ed lo destaca el diario El Pa\u00eds en\u2026","rel":"","context":"En &quot;CINTILLO&quot;","block_context":{"text":"CINTILLO","link":"https:\/\/www.grieta.org.mx\/index.php\/category\/cintillo\/"},"img":{"alt_text":"","src":"https:\/\/i0.wp.com\/www.grieta.org.mx\/wp-content\/uploads\/2018\/03\/14524434_1106112876131411_958039263622046936_o.jpg?resize=350%2C200&ssl=1","width":350,"height":200,"srcset":"https:\/\/i0.wp.com\/www.grieta.org.mx\/wp-content\/uploads\/2018\/03\/14524434_1106112876131411_958039263622046936_o.jpg?resize=350%2C200&ssl=1 1x, https:\/\/i0.wp.com\/www.grieta.org.mx\/wp-content\/uploads\/2018\/03\/14524434_1106112876131411_958039263622046936_o.jpg?resize=525%2C300&ssl=1 1.5x, https:\/\/i0.wp.com\/www.grieta.org.mx\/wp-content\/uploads\/2018\/03\/14524434_1106112876131411_958039263622046936_o.jpg?resize=700%2C400&ssl=1 2x"},"classes":[]},{"id":13963,"url":"https:\/\/www.grieta.org.mx\/index.php\/2016\/05\/24\/en-los-campos-del-opio-mexicano\/","url_meta":{"origin":13555,"position":5},"title":"En los campos del opio mexicano","author":"grieta","date":"24 mayo, 2016","format":false,"excerpt":"El Pa\u00eds \/ Internacional Jan Mart\u00ednez Ahrens Filo de Caballos (Guerrero). Un campesino muestra c\u00f3mo se siembra la amapola entre cultivos de ma\u00edz. Sa\u00fal Ruiz Las cosas son sencillas en las monta\u00f1as de Guerrero. En la regi\u00f3n m\u00e1s pobre del Estado m\u00e1s violento de M\u00e9xico solo hay una ley. La\u2026","rel":"","context":"En &quot;CINTILLO&quot;","block_context":{"text":"CINTILLO","link":"https:\/\/www.grieta.org.mx\/index.php\/category\/cintillo\/"},"img":{"alt_text":"","src":"https:\/\/i0.wp.com\/www.grieta.org.mx\/wp-content\/uploads\/2018\/03\/14524434_1106112876131411_958039263622046936_o.jpg?resize=350%2C200&ssl=1","width":350,"height":200,"srcset":"https:\/\/i0.wp.com\/www.grieta.org.mx\/wp-content\/uploads\/2018\/03\/14524434_1106112876131411_958039263622046936_o.jpg?resize=350%2C200&ssl=1 1x, https:\/\/i0.wp.com\/www.grieta.org.mx\/wp-content\/uploads\/2018\/03\/14524434_1106112876131411_958039263622046936_o.jpg?resize=525%2C300&ssl=1 1.5x, https:\/\/i0.wp.com\/www.grieta.org.mx\/wp-content\/uploads\/2018\/03\/14524434_1106112876131411_958039263622046936_o.jpg?resize=700%2C400&ssl=1 2x"},"classes":[]}],"_links":{"self":[{"href":"https:\/\/www.grieta.org.mx\/index.php\/wp-json\/wp\/v2\/posts\/13555","targetHints":{"allow":["GET"]}}],"collection":[{"href":"https:\/\/www.grieta.org.mx\/index.php\/wp-json\/wp\/v2\/posts"}],"about":[{"href":"https:\/\/www.grieta.org.mx\/index.php\/wp-json\/wp\/v2\/types\/post"}],"author":[{"embeddable":true,"href":"https:\/\/www.grieta.org.mx\/index.php\/wp-json\/wp\/v2\/users\/2"}],"replies":[{"embeddable":true,"href":"https:\/\/www.grieta.org.mx\/index.php\/wp-json\/wp\/v2\/comments?post=13555"}],"version-history":[{"count":1,"href":"https:\/\/www.grieta.org.mx\/index.php\/wp-json\/wp\/v2\/posts\/13555\/revisions"}],"predecessor-version":[{"id":13556,"href":"https:\/\/www.grieta.org.mx\/index.php\/wp-json\/wp\/v2\/posts\/13555\/revisions\/13556"}],"wp:featuredmedia":[{"embeddable":true,"href":"https:\/\/www.grieta.org.mx\/index.php\/wp-json\/wp\/v2\/media\/21928"}],"wp:attachment":[{"href":"https:\/\/www.grieta.org.mx\/index.php\/wp-json\/wp\/v2\/media?parent=13555"}],"wp:term":[{"taxonomy":"category","embeddable":true,"href":"https:\/\/www.grieta.org.mx\/index.php\/wp-json\/wp\/v2\/categories?post=13555"},{"taxonomy":"post_tag","embeddable":true,"href":"https:\/\/www.grieta.org.mx\/index.php\/wp-json\/wp\/v2\/tags?post=13555"}],"curies":[{"name":"wp","href":"https:\/\/api.w.org\/{rel}","templated":true}]}}