{"id":13554,"date":"2016-05-27T09:41:28","date_gmt":"2016-05-27T09:41:28","guid":{"rendered":"http:\/\/www.grieta.org.mx\/?p=13554"},"modified":"2016-06-03T09:46:01","modified_gmt":"2016-06-03T09:46:01","slug":"la-industria-de-la-amapola-en-guerrero","status":"publish","type":"post","link":"https:\/\/www.grieta.org.mx\/index.php\/2016\/05\/27\/la-industria-de-la-amapola-en-guerrero\/","title":{"rendered":"La industria de la amapola en Guerrero"},"content":{"rendered":"<p><strong>27\/05.16. <\/strong><a href=\"http:\/\/www.grieta.org.mx\/index.php\/2016\/05\/27\/guerrero-el-mayor-productor-de-opio-en-america-advierte-el-diario-el-pais\/\">Guerrero, el mayor productor de opio en Am\u00e9rica, advierte el diario El Pa\u00eds<\/a><br \/>\n<em>El Pa\u00eds, New York Times<\/em><\/p>\n","protected":false},"excerpt":{"rendered":"<p>27\/05.16. Guerrero, el mayor productor de opio en Am\u00e9rica, advierte el diario El Pa\u00eds El Pa\u00eds, New York Times<\/p>\n","protected":false},"author":2,"featured_media":21928,"comment_status":"closed","ping_status":"closed","sticky":false,"template":"","format":"standard","meta":{"ngg_post_thumbnail":0,"_jetpack_newsletter_access":"","_jetpack_dont_email_post_to_subs":false,"_jetpack_newsletter_tier_id":0,"_jetpack_memberships_contains_paywalled_content":false,"_jetpack_memberships_contains_paid_content":false,"footnotes":""},"categories":[80],"tags":[],"class_list":["post-13554","post","type-post","status-publish","format-standard","has-post-thumbnail","hentry","category-cintillo","entry"],"jetpack_featured_media_url":"https:\/\/www.grieta.org.mx\/wp-content\/uploads\/2018\/03\/14524434_1106112876131411_958039263622046936_o.jpg","jetpack_sharing_enabled":true,"jetpack_shortlink":"https:\/\/wp.me\/p7ZJR4-3wC","jetpack_likes_enabled":false,"jetpack-related-posts":[{"id":13563,"url":"https:\/\/www.grieta.org.mx\/index.php\/2016\/06\/08\/la-industria-de-la-amapola-en-guerrero-2\/","url_meta":{"origin":13554,"position":0},"title":"La industria de la amapola en Guerrero","author":"grieta","date":"8 junio, 2016","format":false,"excerpt":"08\/06\/16. Secuestran ni\u00f1os de Guerrero para cultivar droga: OIT Bajo Palabra 27\/05\/16. Guerrero, el mayor productor de opio en Am\u00e9rica, advierte el diario El Pa\u00eds El Sur \/ Proceso \/ El Pa\u00eds\/ NYT 25\/05\/16. En Guerrero 58 por ciento de narcolaboratorios destruidos por el ej\u00e9rcito El Sur 25\/05\/16. S\u00ed se\u2026","rel":"","context":"En &quot;CINTILLO&quot;","block_context":{"text":"CINTILLO","link":"https:\/\/www.grieta.org.mx\/index.php\/category\/cintillo\/"},"img":{"alt_text":"","src":"https:\/\/i0.wp.com\/www.grieta.org.mx\/wp-content\/uploads\/2018\/03\/14524434_1106112876131411_958039263622046936_o.jpg?resize=350%2C200&ssl=1","width":350,"height":200,"srcset":"https:\/\/i0.wp.com\/www.grieta.org.mx\/wp-content\/uploads\/2018\/03\/14524434_1106112876131411_958039263622046936_o.jpg?resize=350%2C200&ssl=1 1x, https:\/\/i0.wp.com\/www.grieta.org.mx\/wp-content\/uploads\/2018\/03\/14524434_1106112876131411_958039263622046936_o.jpg?resize=525%2C300&ssl=1 1.5x, https:\/\/i0.wp.com\/www.grieta.org.mx\/wp-content\/uploads\/2018\/03\/14524434_1106112876131411_958039263622046936_o.jpg?resize=700%2C400&ssl=1 2x"},"classes":[]},{"id":16289,"url":"https:\/\/www.grieta.org.mx\/index.php\/2016\/07\/08\/explotacion-y-abuso-infantil-en-guerrero\/","url_meta":{"origin":13554,"position":1},"title":"Explotaci\u00f3n y abuso infantil en Guerrero","author":"grieta","date":"8 julio, 2016","format":false,"excerpt":"20\/06\/16. Explotaci\u00f3n laboral infantil en Guerrero Noticieros Televisa 16\/06\/16. Guerrero, segundo lugar en el pa\u00eds en trabajo infantilUnoTV 42535. En Guerrero hay 139 mil ni\u00f1as y ni\u00f1os que trabajan, revela InegiLa Jornada","rel":"","context":"En &quot;Guerrero&quot;","block_context":{"text":"Guerrero","link":"https:\/\/www.grieta.org.mx\/index.php\/category\/noticias-nacionales\/guerrero\/"},"img":{"alt_text":"","src":"https:\/\/i0.wp.com\/www.grieta.org.mx\/wp-content\/uploads\/2018\/03\/14524434_1106112876131411_958039263622046936_o.jpg?resize=350%2C200&ssl=1","width":350,"height":200,"srcset":"https:\/\/i0.wp.com\/www.grieta.org.mx\/wp-content\/uploads\/2018\/03\/14524434_1106112876131411_958039263622046936_o.jpg?resize=350%2C200&ssl=1 1x, https:\/\/i0.wp.com\/www.grieta.org.mx\/wp-content\/uploads\/2018\/03\/14524434_1106112876131411_958039263622046936_o.jpg?resize=525%2C300&ssl=1 1.5x, https:\/\/i0.wp.com\/www.grieta.org.mx\/wp-content\/uploads\/2018\/03\/14524434_1106112876131411_958039263622046936_o.jpg?resize=700%2C400&ssl=1 2x"},"classes":[]},{"id":16300,"url":"https:\/\/www.grieta.org.mx\/index.php\/2016\/06\/16\/guerrero-segundo-lugar-en-el-pais-en-trabajo-infantil\/","url_meta":{"origin":13554,"position":2},"title":"Guerrero, segundo lugar en el pa\u00eds en trabajo infantil","author":"grieta","date":"16 junio, 2016","format":false,"excerpt":"UnotTV Guerrero, a nivel nacional, ocupa el segundo lugar en trabajo infantil con una tasa de 13.90%. En el marco de las acciones por el 12 de Junio, D\u00eda Mundial en Contra del Trabajo Infantil, el delegado del Trabajo y Previsi\u00f3n Social en el estado, Ferm\u00edn Alvarado Arroyo, se\u00f1al\u00f3 que\u2026","rel":"","context":"En &quot;CINTILLO&quot;","block_context":{"text":"CINTILLO","link":"https:\/\/www.grieta.org.mx\/index.php\/category\/cintillo\/"},"img":{"alt_text":"","src":"https:\/\/i0.wp.com\/www.grieta.org.mx\/wp-content\/uploads\/2018\/03\/14524434_1106112876131411_958039263622046936_o.jpg?resize=350%2C200&ssl=1","width":350,"height":200,"srcset":"https:\/\/i0.wp.com\/www.grieta.org.mx\/wp-content\/uploads\/2018\/03\/14524434_1106112876131411_958039263622046936_o.jpg?resize=350%2C200&ssl=1 1x, https:\/\/i0.wp.com\/www.grieta.org.mx\/wp-content\/uploads\/2018\/03\/14524434_1106112876131411_958039263622046936_o.jpg?resize=525%2C300&ssl=1 1.5x, https:\/\/i0.wp.com\/www.grieta.org.mx\/wp-content\/uploads\/2018\/03\/14524434_1106112876131411_958039263622046936_o.jpg?resize=700%2C400&ssl=1 2x"},"classes":[]},{"id":9165,"url":"https:\/\/www.grieta.org.mx\/index.php\/2015\/11\/18\/ejidatarios-de-guerrero-negro-inconformes-con-exportadora-de-sal\/","url_meta":{"origin":13554,"position":3},"title":"Ejidatarios de Guerrero Negro inconformes con Exportadora de Sal","author":"grieta","date":"18 noviembre, 2015","format":false,"excerpt":"18\/11\/15. \u00c1reas de la Exportadora de Sal de Guerrero Negro, entre las m\u00e1s contaminadas del pa\u00eds BCS Noticias 10\/10\/15. Amenazan ejidatarios con recuperar tierras que usa Exportadora de Sal de Guerrero Negro BCS Noticias","rel":"","context":"En &quot;Baja California Sur&quot;","block_context":{"text":"Baja California Sur","link":"https:\/\/www.grieta.org.mx\/index.php\/category\/noticias-nacionales\/baja-california-sur\/"},"img":{"alt_text":"","src":"https:\/\/i0.wp.com\/www.grieta.org.mx\/wp-content\/uploads\/2018\/03\/14524434_1106112876131411_958039263622046936_o.jpg?resize=350%2C200&ssl=1","width":350,"height":200,"srcset":"https:\/\/i0.wp.com\/www.grieta.org.mx\/wp-content\/uploads\/2018\/03\/14524434_1106112876131411_958039263622046936_o.jpg?resize=350%2C200&ssl=1 1x, https:\/\/i0.wp.com\/www.grieta.org.mx\/wp-content\/uploads\/2018\/03\/14524434_1106112876131411_958039263622046936_o.jpg?resize=525%2C300&ssl=1 1.5x, https:\/\/i0.wp.com\/www.grieta.org.mx\/wp-content\/uploads\/2018\/03\/14524434_1106112876131411_958039263622046936_o.jpg?resize=700%2C400&ssl=1 2x"},"classes":[]},{"id":9168,"url":"https:\/\/www.grieta.org.mx\/index.php\/2015\/11\/18\/areas-de-la-exportadora-de-sal-de-guerrero-negro-entre-las-mas-contaminadas-del-pais\/","url_meta":{"origin":13554,"position":4},"title":"\u00c1reas de la Exportadora de Sal de Guerrero Negro, entre las m\u00e1s contaminadas del pa\u00eds","author":"grieta","date":"18 noviembre, 2015","format":false,"excerpt":"La Paz, Baja California Sur (BCS). Entre los 20 sitios contaminados prioritarios de M\u00e9xico, hay 4 lugares clasificados en Baja California Sur como pasivos ambientales, y una es un \u00e1rea donde se encuentra la Exportadora de Sal de Guerrero Negro, municipio de Muleg\u00e9, seg\u00fan el cat\u00e1logo publicado en l\u00ednea, recientemente,\u2026","rel":"","context":"En &quot;CINTILLO&quot;","block_context":{"text":"CINTILLO","link":"https:\/\/www.grieta.org.mx\/index.php\/category\/cintillo\/"},"img":{"alt_text":"","src":"https:\/\/i0.wp.com\/www.grieta.org.mx\/wp-content\/uploads\/2018\/03\/14524434_1106112876131411_958039263622046936_o.jpg?resize=350%2C200&ssl=1","width":350,"height":200,"srcset":"https:\/\/i0.wp.com\/www.grieta.org.mx\/wp-content\/uploads\/2018\/03\/14524434_1106112876131411_958039263622046936_o.jpg?resize=350%2C200&ssl=1 1x, https:\/\/i0.wp.com\/www.grieta.org.mx\/wp-content\/uploads\/2018\/03\/14524434_1106112876131411_958039263622046936_o.jpg?resize=525%2C300&ssl=1 1.5x, https:\/\/i0.wp.com\/www.grieta.org.mx\/wp-content\/uploads\/2018\/03\/14524434_1106112876131411_958039263622046936_o.jpg?resize=700%2C400&ssl=1 2x"},"classes":[]},{"id":9352,"url":"https:\/\/www.grieta.org.mx\/index.php\/2016\/07\/08\/feminicidios-en-guerrero-2\/","url_meta":{"origin":13554,"position":5},"title":"Feminicidios en Guerrero","author":"grieta","date":"8 julio, 2016","format":false,"excerpt":"02\/07\/16. Guerrero, donde m\u00e1s asesinan a mujeres de entre 15 y 30 a\u00f1os; exigen activar Alerta de G\u00e9nero 24 Horas 01\/07\/16. En Guerrero la mayor tasa de feminicidios del pa\u00eds: ONU Bajo Palabra 01\/07\/16. Guerrero, primer lugar nacional en asesinatos de mujeres Regeneraci\u00f3n 09\/06\/16. Vinculan asesinatos de mujeres al narco\u2026","rel":"","context":"En &quot;Feminicidios&quot;","block_context":{"text":"Feminicidios","link":"https:\/\/www.grieta.org.mx\/index.php\/category\/temas-nacionales\/feminicidios\/"},"img":{"alt_text":"","src":"https:\/\/i0.wp.com\/www.grieta.org.mx\/wp-content\/uploads\/2018\/03\/14524434_1106112876131411_958039263622046936_o.jpg?resize=350%2C200&ssl=1","width":350,"height":200,"srcset":"https:\/\/i0.wp.com\/www.grieta.org.mx\/wp-content\/uploads\/2018\/03\/14524434_1106112876131411_958039263622046936_o.jpg?resize=350%2C200&ssl=1 1x, https:\/\/i0.wp.com\/www.grieta.org.mx\/wp-content\/uploads\/2018\/03\/14524434_1106112876131411_958039263622046936_o.jpg?resize=525%2C300&ssl=1 1.5x, https:\/\/i0.wp.com\/www.grieta.org.mx\/wp-content\/uploads\/2018\/03\/14524434_1106112876131411_958039263622046936_o.jpg?resize=700%2C400&ssl=1 2x"},"classes":[]}],"_links":{"self":[{"href":"https:\/\/www.grieta.org.mx\/index.php\/wp-json\/wp\/v2\/posts\/13554","targetHints":{"allow":["GET"]}}],"collection":[{"href":"https:\/\/www.grieta.org.mx\/index.php\/wp-json\/wp\/v2\/posts"}],"about":[{"href":"https:\/\/www.grieta.org.mx\/index.php\/wp-json\/wp\/v2\/types\/post"}],"author":[{"embeddable":true,"href":"https:\/\/www.grieta.org.mx\/index.php\/wp-json\/wp\/v2\/users\/2"}],"replies":[{"embeddable":true,"href":"https:\/\/www.grieta.org.mx\/index.php\/wp-json\/wp\/v2\/comments?post=13554"}],"version-history":[{"count":1,"href":"https:\/\/www.grieta.org.mx\/index.php\/wp-json\/wp\/v2\/posts\/13554\/revisions"}],"predecessor-version":[{"id":13559,"href":"https:\/\/www.grieta.org.mx\/index.php\/wp-json\/wp\/v2\/posts\/13554\/revisions\/13559"}],"wp:featuredmedia":[{"embeddable":true,"href":"https:\/\/www.grieta.org.mx\/index.php\/wp-json\/wp\/v2\/media\/21928"}],"wp:attachment":[{"href":"https:\/\/www.grieta.org.mx\/index.php\/wp-json\/wp\/v2\/media?parent=13554"}],"wp:term":[{"taxonomy":"category","embeddable":true,"href":"https:\/\/www.grieta.org.mx\/index.php\/wp-json\/wp\/v2\/categories?post=13554"},{"taxonomy":"post_tag","embeddable":true,"href":"https:\/\/www.grieta.org.mx\/index.php\/wp-json\/wp\/v2\/tags?post=13554"}],"curies":[{"name":"wp","href":"https:\/\/api.w.org\/{rel}","templated":true}]}}