{"id":13449,"date":"2016-05-19T04:24:25","date_gmt":"2016-05-19T04:24:25","guid":{"rendered":"http:\/\/www.grieta.org.mx\/?p=13449"},"modified":"2016-06-02T04:29:00","modified_gmt":"2016-06-02T04:29:00","slug":"planta-gobernador-a-inconformes-con-monterrey-vi","status":"publish","type":"post","link":"https:\/\/www.grieta.org.mx\/index.php\/2016\/05\/19\/planta-gobernador-a-inconformes-con-monterrey-vi\/","title":{"rendered":"Planta gobernador a inconformes con Monterrey VI"},"content":{"rendered":"<p>Eduardo Morales<\/p>\n<p>El mandatario estatal los iba a recibir para tratar juntos el tema, sin embargo, al acudir a la cita les informaron que Jaime Rodr\u00edguez hab\u00eda salido de Nuevo Le\u00f3n.<\/p>\n<p>Ciudadanos inconformes con el proyecto Monterrey VI, fueron plantados por el gobernador de Nuevo Le\u00f3n, Jaime Rodr\u00edguez Calder\u00f3n, quien los hab\u00eda citado este jueves a las diez de la ma\u00f1ana, pero al llegar al lugar les dijeron que el mandatario estatal hab\u00eda salido de la ciudad.<\/p>\n<p>El grupo asisti\u00f3 puntualmente para llevarse la sorpresa de que el mandatario estatal no los atender\u00eda,  sin informarles el motivo de su salida del estado.<\/p>\n<p>&#8220;Sabemos que el ejecutivo s\u00ed tiene tiempo para promover su tequila, para apoyar a candidatos independientes en el pa\u00eds y para placearse en su idea de ser candidato presidencial e incluso para recibir al Canelo.<\/p>\n<p>&#8220;Pero hoy dej\u00f3 plantada a la ciudadan\u00eda, incluso muchos de los cuales promovimos su candidatura&#8221;, indic\u00f3 la ex diputada Liliana Flores Benavides, quien acudi\u00f3 a la reuni\u00f3n.<\/p>\n<p>La ex legisladora indic\u00f3 que el gobernador ten\u00eda en su agenda una cita con ejidatarios de Cadereyta afectados por la poluci\u00f3n de Pemex, y posteriormente con el Congreso Ciudadano, por lo que tambi\u00e9n ser\u00edan plantados.<\/p>\n<p>En el lugar, Liliana Flores Benavides ley\u00f3 el documento que ser\u00eda entregado al gobernador del Estado, en donde se destaca:<\/p>\n<p>Que el grupo est\u00e1 dispuesto a colaborar para encontrar soluciones sustentables al problema del agua.<\/p>\n<p>Que en la decisi\u00f3n que realicen de cualquier proyecto se tomen en cuenta los derechos humanos de los mexicanos, evitando el despojo a los pueblos originarios y campesinos, da\u00f1os al ecosistema y la corrupci\u00f3n en la aplicaci\u00f3n de los recursos invertidos.<\/p>\n<p>Adem\u00e1s, piden que antes de determinar cualquier proyecto h\u00eddrico para el estado, trabaje sobre la captaci\u00f3n de toda el agua de lluvia  y el manejo eficiente del agua en el campo y la ciudad, principalmente en las zonas de riego.<\/p>\n<p>Una campa\u00f1a masiva e intensiva de educaci\u00f3n para usuarios urbanos y agr\u00edcolas, en escuelas, iglesias, mercados, la televisi\u00f3n y radio p\u00fablicos.<\/p>\n<p>Una restauraci\u00f3n ecol\u00f3gica en la zona metropolitana y sus cerros, para favorecer la captaci\u00f3n, infiltraci\u00f3n y  aprovechamiento del agua.<\/p>\n<p>Combatir la avaricia de los desarrolladores y fraccionadores que violan toda ley y \u00e9tica, y que est\u00e1n acabando los cerros, coludidos con malos funcionarios.<\/p>\n<p>Dejar de liberar agua de las presas &#8220;El Cuchillo&#8221; y &#8220;La Boca&#8221; en circunstancias no justificadas.<\/p>\n<p>Acabar con el uso patrimonialista de pozos de agua clandestinos, particulares y de empresas.<\/p>\n<p>Entre las peticiones tambi\u00e9n se encuentra una Consulta P\u00fablica en torno al Proyecto H\u00eddrico que necesita Nuevo Le\u00f3n, ll\u00e1mese Monterrey VI o de otro modo, y una respuesta puntual a los asuntos b\u00e1sicos planteados.&nbsp;<\/p>\n<p><a href=\"http:\/\/www.milenio.com\/politica\/Planta_gobernador_ciudadanos-inconformes_Monterrey_VI_0_740326248.html\" target=\"_blank\">http:\/\/www.milenio.com\/politica\/Planta_gobernador_ciudadanos-inconformes_Monterrey_VI_0_740326248.html<\/a><\/p>\n","protected":false},"excerpt":{"rendered":"<p>Eduardo Morales El mandatario estatal los iba a recibir para tratar juntos el tema, sin embargo, al acudir a la cita les informaron que Jaime Rodr\u00edguez hab\u00eda salido de Nuevo &hellip; <a href=\"https:\/\/www.grieta.org.mx\/index.php\/2016\/05\/19\/planta-gobernador-a-inconformes-con-monterrey-vi\/\" class=\"more-link\">Leer m\u00e1s<\/a><\/p>\n","protected":false},"author":2,"featured_media":21928,"comment_status":"closed","ping_status":"closed","sticky":false,"template":"","format":"standard","meta":{"ngg_post_thumbnail":0,"_jetpack_newsletter_access":"","_jetpack_dont_email_post_to_subs":false,"_jetpack_newsletter_tier_id":0,"_jetpack_memberships_contains_paywalled_content":false,"_jetpack_memberships_contains_paid_content":false,"footnotes":""},"categories":[80,397],"tags":[358],"class_list":["post-13449","post","type-post","status-publish","format-standard","has-post-thumbnail","hentry","category-cintillo","category-monterrey-vi","tag-monterrey-vi","entry"],"jetpack_featured_media_url":"https:\/\/www.grieta.org.mx\/wp-content\/uploads\/2018\/03\/14524434_1106112876131411_958039263622046936_o.jpg","jetpack_sharing_enabled":true,"jetpack_shortlink":"https:\/\/wp.me\/p7ZJR4-3uV","jetpack_likes_enabled":false,"jetpack-related-posts":[{"id":4534,"url":"https:\/\/www.grieta.org.mx\/index.php\/2015\/10\/10\/confirma-el-bronco-cancelacion-de-monterrey-vi\/","url_meta":{"origin":13449,"position":0},"title":"Confirma \u2018El Bronco\u2019 cancelaci\u00f3n de Monterrey VI","author":"grieta","date":"10 octubre, 2015","format":false,"excerpt":"El ma\u00f1ana Sin recursos para cubrir los costos de la obra Monterrey, N. L. El gobernador del Estado, Jaime Rodr\u00edguez, \u201cEl Bronco\u201d confirm\u00f3 ayer la cancelaci\u00f3n del pol\u00e9mico proyecto hidr\u00e1ulico Monterrey VI, con el cual se pretend\u00eda traer agua del r\u00edo P\u00e1nuco. Durante la reuni\u00f3n del Consejo de Agua y\u2026","rel":"","context":"En &quot;CINTILLO&quot;","block_context":{"text":"CINTILLO","link":"https:\/\/www.grieta.org.mx\/index.php\/category\/cintillo\/"},"img":{"alt_text":"","src":"https:\/\/i0.wp.com\/www.grieta.org.mx\/wp-content\/uploads\/2018\/03\/14524434_1106112876131411_958039263622046936_o.jpg?resize=350%2C200&ssl=1","width":350,"height":200,"srcset":"https:\/\/i0.wp.com\/www.grieta.org.mx\/wp-content\/uploads\/2018\/03\/14524434_1106112876131411_958039263622046936_o.jpg?resize=350%2C200&ssl=1 1x, https:\/\/i0.wp.com\/www.grieta.org.mx\/wp-content\/uploads\/2018\/03\/14524434_1106112876131411_958039263622046936_o.jpg?resize=525%2C300&ssl=1 1.5x, https:\/\/i0.wp.com\/www.grieta.org.mx\/wp-content\/uploads\/2018\/03\/14524434_1106112876131411_958039263622046936_o.jpg?resize=700%2C400&ssl=1 2x"},"classes":[]},{"id":4802,"url":"https:\/\/www.grieta.org.mx\/index.php\/2016\/01\/18\/exigen-con-protesta-frenar-monterrey-vi\/","url_meta":{"origin":13449,"position":1},"title":"Exigen con protesta frenar Monterrey VI","author":"grieta","date":"18 enero, 2016","format":false,"excerpt":"No a Monterrey VI Jos\u00e9 Villas\u00e1ez Monterrey, M\u00e9xico (18 enero 2016).- Con gritos de \u201c\u00a1No a Monterrey VI!\u201d y \u201c\u00a1Cumple, Bronco!\u201d, alrededor de 150 ciudadanos exigieron ayer al Gobernador Jaime Rodr\u00edguez que cumpla su promesa de campa\u00f1a de dar marcha atr\u00e1s a Monterrey VI. Por casi dos horas, integrantes de\u2026","rel":"","context":"En &quot;CINTILLO&quot;","block_context":{"text":"CINTILLO","link":"https:\/\/www.grieta.org.mx\/index.php\/category\/cintillo\/"},"img":{"alt_text":"","src":"https:\/\/i0.wp.com\/www.grieta.org.mx\/wp-content\/uploads\/2018\/03\/14524434_1106112876131411_958039263622046936_o.jpg?resize=350%2C200&ssl=1","width":350,"height":200,"srcset":"https:\/\/i0.wp.com\/www.grieta.org.mx\/wp-content\/uploads\/2018\/03\/14524434_1106112876131411_958039263622046936_o.jpg?resize=350%2C200&ssl=1 1x, https:\/\/i0.wp.com\/www.grieta.org.mx\/wp-content\/uploads\/2018\/03\/14524434_1106112876131411_958039263622046936_o.jpg?resize=525%2C300&ssl=1 1.5x, https:\/\/i0.wp.com\/www.grieta.org.mx\/wp-content\/uploads\/2018\/03\/14524434_1106112876131411_958039263622046936_o.jpg?resize=700%2C400&ssl=1 2x"},"classes":[]},{"id":21639,"url":"https:\/\/www.grieta.org.mx\/index.php\/2016\/09\/14\/admite-gobernador-acuerdo-con-epn-sobre-monterrey-vi\/","url_meta":{"origin":13449,"position":2},"title":"Admite gobernador acuerdo con EPN sobre Monterrey VI","author":"grieta","date":"14 septiembre, 2016","format":false,"excerpt":"Orlando Maldonado Rodr\u00edguez Jaime Rodr\u00edguez asegur\u00f3 que no ser\u00e1 el proyecto original pues tendr\u00e1 modificaciones, e indic\u00f3 que Pe\u00f1a Nieto le respet\u00f3 la idea de que sea \u00e9l como mandatario estatal el que decida las alternativas. Tras haber sostenido una encerrona con el Presidente Enrique Pe\u00f1a Nieto este lunes, el\u2026","rel":"","context":"En &quot;CINTILLO&quot;","block_context":{"text":"CINTILLO","link":"https:\/\/www.grieta.org.mx\/index.php\/category\/cintillo\/"},"img":{"alt_text":"","src":"https:\/\/i0.wp.com\/www.grieta.org.mx\/wp-content\/uploads\/2018\/03\/14524434_1106112876131411_958039263622046936_o.jpg?resize=350%2C200&ssl=1","width":350,"height":200,"srcset":"https:\/\/i0.wp.com\/www.grieta.org.mx\/wp-content\/uploads\/2018\/03\/14524434_1106112876131411_958039263622046936_o.jpg?resize=350%2C200&ssl=1 1x, https:\/\/i0.wp.com\/www.grieta.org.mx\/wp-content\/uploads\/2018\/03\/14524434_1106112876131411_958039263622046936_o.jpg?resize=525%2C300&ssl=1 1.5x, https:\/\/i0.wp.com\/www.grieta.org.mx\/wp-content\/uploads\/2018\/03\/14524434_1106112876131411_958039263622046936_o.jpg?resize=700%2C400&ssl=1 2x"},"classes":[]},{"id":4865,"url":"https:\/\/www.grieta.org.mx\/index.php\/2016\/03\/22\/juega-chueco-el-bronco-con-monterrey-vi-ccc\/","url_meta":{"origin":13449,"position":3},"title":"JUEGA CHUECO EL BRONCO CON MONTERREY VI.- CCC","author":"grieta","date":"22 marzo, 2016","format":false,"excerpt":"No a Monterrey VI Perla Mart\u00ednez Representantes de organismos civiles acusaron ayer al Gobernador Jaime Rodr\u00edguez de estar jugando \u201cchueco\u201d con el proyecto Monterrey VI, que prometi\u00f3 cancelar en campa\u00f1a. Daniel Butruille, integrante de Ciudadanos Contra la Corrupci\u00f3n, se\u00f1al\u00f3 que el Mandatario no tiene el valor para decirle al Presidente\u2026","rel":"","context":"En &quot;CINTILLO&quot;","block_context":{"text":"CINTILLO","link":"https:\/\/www.grieta.org.mx\/index.php\/category\/cintillo\/"},"img":{"alt_text":"","src":"https:\/\/i0.wp.com\/www.grieta.org.mx\/wp-content\/uploads\/2018\/03\/14524434_1106112876131411_958039263622046936_o.jpg?resize=350%2C200&ssl=1","width":350,"height":200,"srcset":"https:\/\/i0.wp.com\/www.grieta.org.mx\/wp-content\/uploads\/2018\/03\/14524434_1106112876131411_958039263622046936_o.jpg?resize=350%2C200&ssl=1 1x, https:\/\/i0.wp.com\/www.grieta.org.mx\/wp-content\/uploads\/2018\/03\/14524434_1106112876131411_958039263622046936_o.jpg?resize=525%2C300&ssl=1 1.5x, https:\/\/i0.wp.com\/www.grieta.org.mx\/wp-content\/uploads\/2018\/03\/14524434_1106112876131411_958039263622046936_o.jpg?resize=700%2C400&ssl=1 2x"},"classes":[]},{"id":4531,"url":"https:\/\/www.grieta.org.mx\/index.php\/2016\/01\/13\/reviven-en-nuevo-leon-proyecto-monterrey-vi\/","url_meta":{"origin":13449,"position":4},"title":"Reviven en Nuevo Le\u00f3n proyecto Monterrey VI","author":"grieta","date":"13 enero, 2016","format":false,"excerpt":"El Economista Aunque el gobernador aclara que s\u00f3lo ser\u00e1 en nombre, tambi\u00e9n llevar\u00e1 agua desde SLP. Lourdes Flores Realizar\u00e1n reestructura o ajustes al original El mandatario dijo que se encuentran analizando todas las posturas porque el l\u00edquido es necesario. Monterrey, NL. El gobernador de Nuevo Le\u00f3n, Jaime Rodr\u00edguez, dijo que\u2026","rel":"","context":"En &quot;CINTILLO&quot;","block_context":{"text":"CINTILLO","link":"https:\/\/www.grieta.org.mx\/index.php\/category\/cintillo\/"},"img":{"alt_text":"","src":"https:\/\/i0.wp.com\/www.grieta.org.mx\/wp-content\/uploads\/2018\/03\/14524434_1106112876131411_958039263622046936_o.jpg?resize=350%2C200&ssl=1","width":350,"height":200,"srcset":"https:\/\/i0.wp.com\/www.grieta.org.mx\/wp-content\/uploads\/2018\/03\/14524434_1106112876131411_958039263622046936_o.jpg?resize=350%2C200&ssl=1 1x, https:\/\/i0.wp.com\/www.grieta.org.mx\/wp-content\/uploads\/2018\/03\/14524434_1106112876131411_958039263622046936_o.jpg?resize=525%2C300&ssl=1 1.5x, https:\/\/i0.wp.com\/www.grieta.org.mx\/wp-content\/uploads\/2018\/03\/14524434_1106112876131411_958039263622046936_o.jpg?resize=700%2C400&ssl=1 2x"},"classes":[]},{"id":4862,"url":"https:\/\/www.grieta.org.mx\/index.php\/2016\/03\/17\/monterrey-vi-no-se-cancela-jaime-rodriguez\/","url_meta":{"origin":13449,"position":5},"title":"Monterrey VI no se cancela: Jaime Rodr\u00edguez","author":"grieta","date":"17 marzo, 2016","format":false,"excerpt":"El Horizonte El gobernador inform\u00f3 que el proyecto hidr\u00e1ulico, Monterrey VI no se cancela, pues se perder\u00edan $600 millones de pesos Rodolfo Garc\u00eda El gobernador del estado, Jaime Rodr\u00edguez Calder\u00f3n, asegur\u00f3 que si bien su administraci\u00f3n ha detenido el proyecto Monterrey VI, debido a que no est\u00e1 de acuerdo con\u2026","rel":"","context":"En &quot;CINTILLO&quot;","block_context":{"text":"CINTILLO","link":"https:\/\/www.grieta.org.mx\/index.php\/category\/cintillo\/"},"img":{"alt_text":"","src":"https:\/\/i0.wp.com\/www.grieta.org.mx\/wp-content\/uploads\/2018\/03\/14524434_1106112876131411_958039263622046936_o.jpg?resize=350%2C200&ssl=1","width":350,"height":200,"srcset":"https:\/\/i0.wp.com\/www.grieta.org.mx\/wp-content\/uploads\/2018\/03\/14524434_1106112876131411_958039263622046936_o.jpg?resize=350%2C200&ssl=1 1x, https:\/\/i0.wp.com\/www.grieta.org.mx\/wp-content\/uploads\/2018\/03\/14524434_1106112876131411_958039263622046936_o.jpg?resize=525%2C300&ssl=1 1.5x, https:\/\/i0.wp.com\/www.grieta.org.mx\/wp-content\/uploads\/2018\/03\/14524434_1106112876131411_958039263622046936_o.jpg?resize=700%2C400&ssl=1 2x"},"classes":[]}],"_links":{"self":[{"href":"https:\/\/www.grieta.org.mx\/index.php\/wp-json\/wp\/v2\/posts\/13449","targetHints":{"allow":["GET"]}}],"collection":[{"href":"https:\/\/www.grieta.org.mx\/index.php\/wp-json\/wp\/v2\/posts"}],"about":[{"href":"https:\/\/www.grieta.org.mx\/index.php\/wp-json\/wp\/v2\/types\/post"}],"author":[{"embeddable":true,"href":"https:\/\/www.grieta.org.mx\/index.php\/wp-json\/wp\/v2\/users\/2"}],"replies":[{"embeddable":true,"href":"https:\/\/www.grieta.org.mx\/index.php\/wp-json\/wp\/v2\/comments?post=13449"}],"version-history":[{"count":1,"href":"https:\/\/www.grieta.org.mx\/index.php\/wp-json\/wp\/v2\/posts\/13449\/revisions"}],"predecessor-version":[{"id":13450,"href":"https:\/\/www.grieta.org.mx\/index.php\/wp-json\/wp\/v2\/posts\/13449\/revisions\/13450"}],"wp:featuredmedia":[{"embeddable":true,"href":"https:\/\/www.grieta.org.mx\/index.php\/wp-json\/wp\/v2\/media\/21928"}],"wp:attachment":[{"href":"https:\/\/www.grieta.org.mx\/index.php\/wp-json\/wp\/v2\/media?parent=13449"}],"wp:term":[{"taxonomy":"category","embeddable":true,"href":"https:\/\/www.grieta.org.mx\/index.php\/wp-json\/wp\/v2\/categories?post=13449"},{"taxonomy":"post_tag","embeddable":true,"href":"https:\/\/www.grieta.org.mx\/index.php\/wp-json\/wp\/v2\/tags?post=13449"}],"curies":[{"name":"wp","href":"https:\/\/api.w.org\/{rel}","templated":true}]}}