{"id":1343,"date":"2015-06-03T23:11:03","date_gmt":"2015-06-03T23:11:03","guid":{"rendered":"http:\/\/50.22.11.12\/~grietaor\/?p=1343"},"modified":"2016-03-04T23:31:21","modified_gmt":"2016-03-04T23:31:21","slug":"rechazan-la-autopista-durango-mazatlan-que-pasara-sobre-suelos-ejidales","status":"publish","type":"post","link":"https:\/\/www.grieta.org.mx\/index.php\/2015\/06\/03\/rechazan-la-autopista-durango-mazatlan-que-pasara-sobre-suelos-ejidales\/","title":{"rendered":"Rechazan la Autopista Durango-Mazatl\u00e1n que pasar\u00e1 sobre suelos ejidales"},"content":{"rendered":"<p>Con esta construcci\u00f3n se ven afectadas 40.000 personas y 1900 ejidatarios<br \/>\npor Perseo Greco Junio 3, 2015<\/p>\n<p>M\u00e9xico, D.F, 3 de Junio.- El Movimiento Lucha Agraria Coscomate Durango se reuni\u00f3 este 2 de junio en conferencia de prensa, para manifestar su desacuerdo con la Secretaria de Comunicaciones y Trasportes (SCT) por la autorizaci\u00f3n y construcci\u00f3n de la Autopista Durango-Mazatl\u00e1n. Los ejidos afectados con esta supercarretera son la comunidad Chavarr\u00eda Nuevo, Chavarr\u00eda Viejo, La victoria, San Antonio, entre algunos m\u00e1s. Este conflicto se dio desde hace seis a\u00f1os cuando la Secretaria de Comunicaciones y Trasportes permiti\u00f3 lo que ser\u00eda el corredor interoce\u00e1nico entre el Golfo y el Pacifico sobre suelos comunales y ejidatarios.<\/p>\n<p>Denunciaron que fueron presionados para firmar y aceptar esta obra en convenio de ocupaci\u00f3n, y nunca establecieron el costo de pago por dicha expropiaci\u00f3n. Mencionaron que en este tiempo se han violado sus derechos humanos y sospechan que las autoridades actuaran en contra de los integrantes o representantes de esta organizaci\u00f3n que se opone al proyecto. Con esta construcci\u00f3n se ven afectadas 40.000 personas y 1900 ejidatarios que oscilan entre los 60 y 90 a\u00f1os.<\/p>\n<p>El juzgado colegiado vig\u00e9simo quinto de Durango orden\u00f3 que se entrara al an\u00e1lisis de fondo en esta situaci\u00f3n, ya que la privaci\u00f3n de estas tierras no es la \u00fanica ilegalidad si no tambi\u00e9n los montos que se quieren pagar por ellas, que son muy inferiores a lo establecido por la ley. \u201cQueremos que nos paguen lo justo, no la ofensa que nos han hecho con comprarnos nuestras hect\u00e1reas a 4,000 pesos o con los 500,00 pesos que les pagaron a los ejidatarios de San Miguel del Carrizal en Sinaloa, los cuales colindan con nuestros ejidos.<\/p>\n<p>El 17 de octubre del 2013 el Presidente Pe\u00f1a Nieto inaugur\u00f3 la caseta que es la m\u00e1s cara, pues se cobra 243 pesos por autom\u00f3vil y hasta 1,000 pesos por tr\u00e1iler, de los cuales nosotros no hemos visto ni un peso a pesar de que legalmente son nuestras tierras. Es por eso que en rechazo los afectados realizamos un campamento permanente, donde se levant\u00f3 una pluma de la caseta de Coscomate en la cual hoy cumplimos 44 d\u00edas de estar ah\u00ed protestando\u201d, puntualiz\u00f3 integrante del Movimiento Lucha Agraria Coscomate Durango.<\/p>\n<p>Para finalizar, se mencion\u00f3 que la SCT gast\u00f3 en esta infraestructura la cantidad de 30,000 millones de pesos y a los ejidatario se les ofrece la cantidad de 4,000 pesos por su hect\u00e1rea.<\/p>\n<p><a href=\"http:\/\/www.somoselmedio.org\/article\/rechazan-la-autopista-durango-mazatl%C3%A1n-que-pasar%C3%A1-sobre-suelos-ejidales#sthash.ZmJSJ3B4.dpuf\" target=\"_blank\">www.somoselmedio.org\/article\/rechazan-la-autopista-durango-mazatl%C3%A1n-que-pasar%C3%A1-sobre-suelos-ejidales#sthash.ZmJSJ3B4.dpuf<\/a><\/p>\n","protected":false},"excerpt":{"rendered":"<p>Con esta construcci\u00f3n se ven afectadas 40.000 personas y 1900 ejidatarios por Perseo Greco Junio 3, 2015 M\u00e9xico, D.F, 3 de Junio.- El Movimiento Lucha Agraria Coscomate Durango se reuni\u00f3 &hellip; <a href=\"https:\/\/www.grieta.org.mx\/index.php\/2015\/06\/03\/rechazan-la-autopista-durango-mazatlan-que-pasara-sobre-suelos-ejidales\/\" class=\"more-link\">Leer m\u00e1s<\/a><\/p>\n","protected":false},"author":2,"featured_media":21928,"comment_status":"closed","ping_status":"open","sticky":false,"template":"","format":"standard","meta":{"ngg_post_thumbnail":0,"_jetpack_newsletter_access":"","_jetpack_dont_email_post_to_subs":false,"_jetpack_newsletter_tier_id":0,"_jetpack_memberships_contains_paywalled_content":false,"_jetpack_memberships_contains_paid_content":false,"footnotes":""},"categories":[80,173],"tags":[175],"class_list":["post-1343","post","type-post","status-publish","format-standard","has-post-thumbnail","hentry","category-cintillo","category-durango","tag-ejidatarios","entry"],"jetpack_featured_media_url":"https:\/\/www.grieta.org.mx\/wp-content\/uploads\/2018\/03\/14524434_1106112876131411_958039263622046936_o.jpg","jetpack_sharing_enabled":true,"jetpack_shortlink":"https:\/\/wp.me\/p7ZJR4-lF","jetpack_likes_enabled":false,"jetpack-related-posts":[{"id":1323,"url":"https:\/\/www.grieta.org.mx\/index.php\/2016\/03\/04\/la-durango-mazatlan-una-via-con-super-problemas\/","url_meta":{"origin":1343,"position":0},"title":"La Durango-Mazatl\u00e1n, una v\u00eda con \u201cs\u00faper\u201d problemas","author":"grieta","date":"4 marzo, 2016","format":false,"excerpt":"Por: Silvia Ayala La Autopista Durango-Mazatl\u00e1n es una autopista que une a estas dos ciudades atravesando la Sierra Madre Occidental con una longitud de 230 kil\u00f3metros. Pero desde su inauguraci\u00f3n en 2013, ha presentado un sinn\u00famero de problemas, entre ellos un muy mal estado en la cinta asf\u00e1ltica. Esta obra\u2026","rel":"","context":"En &quot;CINTILLO&quot;","block_context":{"text":"CINTILLO","link":"https:\/\/www.grieta.org.mx\/index.php\/category\/cintillo\/"},"img":{"alt_text":"","src":"https:\/\/i0.wp.com\/www.grieta.org.mx\/wp-content\/uploads\/2018\/03\/14524434_1106112876131411_958039263622046936_o.jpg?resize=350%2C200&ssl=1","width":350,"height":200,"srcset":"https:\/\/i0.wp.com\/www.grieta.org.mx\/wp-content\/uploads\/2018\/03\/14524434_1106112876131411_958039263622046936_o.jpg?resize=350%2C200&ssl=1 1x, https:\/\/i0.wp.com\/www.grieta.org.mx\/wp-content\/uploads\/2018\/03\/14524434_1106112876131411_958039263622046936_o.jpg?resize=525%2C300&ssl=1 1.5x, https:\/\/i0.wp.com\/www.grieta.org.mx\/wp-content\/uploads\/2018\/03\/14524434_1106112876131411_958039263622046936_o.jpg?resize=700%2C400&ssl=1 2x"},"classes":[]},{"id":3624,"url":"https:\/\/www.grieta.org.mx\/index.php\/2015\/12\/20\/despues-de-seis-meses-de-planton-en-la-autopista-durango-mazatlan-ejidatarios-de-pueblo-nuevo-aceptan-oferta-de-indemnizacion-por-sus-tierras\/","url_meta":{"origin":1343,"position":1},"title":"Despu\u00e9s de seis meses de plant\u00f3n en la autopista Durango-Mazatl\u00e1n, ejidatarios de Pueblo Nuevo aceptan oferta de indemnizaci\u00f3n por sus tierras","author":"grieta","date":"20 diciembre, 2015","format":false,"excerpt":"20\/12\/15. Discuten ejidatarios de Pueblo Nuevo El Siglo de Durango 10\/12\/15. Los ejidatarios, a\u00fan sin pago El Siglo de Durango 09\/10\/15. Fueron 4 a\u00f1os de lucha ejidal El Siglo de Durango 09\/10\/15. Ejidatarios aceptan pago de 134 mdp por tierras; podr\u00edan liberar autopista Durango-Mazatl\u00e1n El Financiero 19\/09\/15. La Durango-Mazatl\u00e1n, una\u2026","rel":"","context":"En &quot;Durango&quot;","block_context":{"text":"Durango","link":"https:\/\/www.grieta.org.mx\/index.php\/category\/noticias-nacionales\/durango\/"},"img":{"alt_text":"","src":"https:\/\/i0.wp.com\/www.grieta.org.mx\/wp-content\/uploads\/2018\/03\/14524434_1106112876131411_958039263622046936_o.jpg?resize=350%2C200&ssl=1","width":350,"height":200,"srcset":"https:\/\/i0.wp.com\/www.grieta.org.mx\/wp-content\/uploads\/2018\/03\/14524434_1106112876131411_958039263622046936_o.jpg?resize=350%2C200&ssl=1 1x, https:\/\/i0.wp.com\/www.grieta.org.mx\/wp-content\/uploads\/2018\/03\/14524434_1106112876131411_958039263622046936_o.jpg?resize=525%2C300&ssl=1 1.5x, https:\/\/i0.wp.com\/www.grieta.org.mx\/wp-content\/uploads\/2018\/03\/14524434_1106112876131411_958039263622046936_o.jpg?resize=700%2C400&ssl=1 2x"},"classes":[]},{"id":1339,"url":"https:\/\/www.grieta.org.mx\/index.php\/2015\/06\/30\/cumple-70-dias-planton-de-ejidatarios-en-carretera-durango-mazatlan\/","url_meta":{"origin":1343,"position":2},"title":"Cumple 70 d\u00edas plant\u00f3n de ejidatarios en carretera Durango-Mazatl\u00e1n","author":"grieta","date":"30 junio, 2015","format":false,"excerpt":"DURANGO, M\u00e9xico, jun. 30, 2015.- Se cumplen 70 d\u00edas del plant\u00f3n que mantienen ejidatarios, en la caseta Coscomate de la supercarretera Durango-Mazatl\u00e1n. Cerca de mil 500 ejidatarios demandan el pago de las tierras en que se construy\u00f3 la carretera. Seg\u00fan ejidatarios, autoridades federales ya reconocieron la superficie afectada en el\u2026","rel":"","context":"En &quot;CINTILLO&quot;","block_context":{"text":"CINTILLO","link":"https:\/\/www.grieta.org.mx\/index.php\/category\/cintillo\/"},"img":{"alt_text":"","src":"https:\/\/i0.wp.com\/www.grieta.org.mx\/wp-content\/uploads\/2018\/03\/14524434_1106112876131411_958039263622046936_o.jpg?resize=350%2C200&ssl=1","width":350,"height":200,"srcset":"https:\/\/i0.wp.com\/www.grieta.org.mx\/wp-content\/uploads\/2018\/03\/14524434_1106112876131411_958039263622046936_o.jpg?resize=350%2C200&ssl=1 1x, https:\/\/i0.wp.com\/www.grieta.org.mx\/wp-content\/uploads\/2018\/03\/14524434_1106112876131411_958039263622046936_o.jpg?resize=525%2C300&ssl=1 1.5x, https:\/\/i0.wp.com\/www.grieta.org.mx\/wp-content\/uploads\/2018\/03\/14524434_1106112876131411_958039263622046936_o.jpg?resize=700%2C400&ssl=1 2x"},"classes":[]},{"id":1321,"url":"https:\/\/www.grieta.org.mx\/index.php\/2015\/10\/09\/ejidatarios-aceptan-pago-de-134-mdp-por-tierras-podrian-liberar-autopista-durango-mazatlan\/","url_meta":{"origin":1343,"position":3},"title":"Ejidatarios aceptan pago de 134 mdp por tierras; podr\u00edan liberar autopista Durango-Mazatl\u00e1n","author":"grieta","date":"9 octubre, 2015","format":false,"excerpt":"Gabriela Gallegos Integrantes del Ejido Pueblo Nuevo aceptaron la suma de 134 millones de pesos como pago por las 756.7 hect\u00e1reas sobre las que se construy\u00f3 la v\u00eda con lo que tras 173 d\u00edas podr\u00edan liberar la caseta de Coscomate. DURANGO. Este viernes podr\u00eda quedar libre la autopista Durango-Mazatl\u00e1n, luego\u2026","rel":"","context":"En &quot;CINTILLO&quot;","block_context":{"text":"CINTILLO","link":"https:\/\/www.grieta.org.mx\/index.php\/category\/cintillo\/"},"img":{"alt_text":"","src":"https:\/\/i0.wp.com\/www.grieta.org.mx\/wp-content\/uploads\/2018\/03\/14524434_1106112876131411_958039263622046936_o.jpg?resize=350%2C200&ssl=1","width":350,"height":200,"srcset":"https:\/\/i0.wp.com\/www.grieta.org.mx\/wp-content\/uploads\/2018\/03\/14524434_1106112876131411_958039263622046936_o.jpg?resize=350%2C200&ssl=1 1x, https:\/\/i0.wp.com\/www.grieta.org.mx\/wp-content\/uploads\/2018\/03\/14524434_1106112876131411_958039263622046936_o.jpg?resize=525%2C300&ssl=1 1.5x, https:\/\/i0.wp.com\/www.grieta.org.mx\/wp-content\/uploads\/2018\/03\/14524434_1106112876131411_958039263622046936_o.jpg?resize=700%2C400&ssl=1 2x"},"classes":[]},{"id":1335,"url":"https:\/\/www.grieta.org.mx\/index.php\/2015\/07\/23\/cumple-95-dias-toma-de-autopista-durango-mazatlan\/","url_meta":{"origin":1343,"position":4},"title":"Cumple 95 d\u00edas toma de autopista Durango-Mazatl\u00e1n","author":"grieta","date":"23 julio, 2015","format":false,"excerpt":"Habitantes del Ejido Pueblo Nuevo mantienen un plant\u00f3n en la autopista Durango-Mazatl\u00e1n denunciando que la construcci\u00f3n de la s\u00faper carretera afect\u00f3 676 hect\u00e1reas de sus terrenos. Gabriela Gallegos\/ Corresponsal DURANGO.- Mantienen ejidatarios plant\u00f3n de 95 d\u00edas en el kil\u00f3metro 120 de la autopista Durango-Mazatl\u00e1n justo en la caseta de cobro\u2026","rel":"","context":"En &quot;CINTILLO&quot;","block_context":{"text":"CINTILLO","link":"https:\/\/www.grieta.org.mx\/index.php\/category\/cintillo\/"},"img":{"alt_text":"","src":"https:\/\/i0.wp.com\/www.grieta.org.mx\/wp-content\/uploads\/2018\/03\/14524434_1106112876131411_958039263622046936_o.jpg?resize=350%2C200&ssl=1","width":350,"height":200,"srcset":"https:\/\/i0.wp.com\/www.grieta.org.mx\/wp-content\/uploads\/2018\/03\/14524434_1106112876131411_958039263622046936_o.jpg?resize=350%2C200&ssl=1 1x, https:\/\/i0.wp.com\/www.grieta.org.mx\/wp-content\/uploads\/2018\/03\/14524434_1106112876131411_958039263622046936_o.jpg?resize=525%2C300&ssl=1 1.5x, https:\/\/i0.wp.com\/www.grieta.org.mx\/wp-content\/uploads\/2018\/03\/14524434_1106112876131411_958039263622046936_o.jpg?resize=700%2C400&ssl=1 2x"},"classes":[]},{"id":1352,"url":"https:\/\/www.grieta.org.mx\/index.php\/2015\/04\/26\/movimiento-de-los-ejidatarios\/","url_meta":{"origin":1343,"position":5},"title":"Movimiento de los ejidatarios","author":"grieta","date":"26 abril, 2015","format":false,"excerpt":"POR: SA\u00daL MALDONADO LA HISTORIA INICI\u00d3 HACE CUATRO A\u00d1OS Y LA SCT SIGUE SIN PAGARLES LA TIERRA Hace cuatro a\u00f1os, Andr\u00e9s Medrano, entonces ejidatarios de Pueblo Nuevo, no acept\u00f3 que las autoridades de la SCT pretendieran pagarles 40 centavos por metro cuadrado por las tierras usadas para la construcci\u00f3n de\u2026","rel":"","context":"En &quot;CINTILLO&quot;","block_context":{"text":"CINTILLO","link":"https:\/\/www.grieta.org.mx\/index.php\/category\/cintillo\/"},"img":{"alt_text":"","src":"https:\/\/i0.wp.com\/www.grieta.org.mx\/wp-content\/uploads\/2018\/03\/14524434_1106112876131411_958039263622046936_o.jpg?resize=350%2C200&ssl=1","width":350,"height":200,"srcset":"https:\/\/i0.wp.com\/www.grieta.org.mx\/wp-content\/uploads\/2018\/03\/14524434_1106112876131411_958039263622046936_o.jpg?resize=350%2C200&ssl=1 1x, https:\/\/i0.wp.com\/www.grieta.org.mx\/wp-content\/uploads\/2018\/03\/14524434_1106112876131411_958039263622046936_o.jpg?resize=525%2C300&ssl=1 1.5x, https:\/\/i0.wp.com\/www.grieta.org.mx\/wp-content\/uploads\/2018\/03\/14524434_1106112876131411_958039263622046936_o.jpg?resize=700%2C400&ssl=1 2x"},"classes":[]}],"_links":{"self":[{"href":"https:\/\/www.grieta.org.mx\/index.php\/wp-json\/wp\/v2\/posts\/1343","targetHints":{"allow":["GET"]}}],"collection":[{"href":"https:\/\/www.grieta.org.mx\/index.php\/wp-json\/wp\/v2\/posts"}],"about":[{"href":"https:\/\/www.grieta.org.mx\/index.php\/wp-json\/wp\/v2\/types\/post"}],"author":[{"embeddable":true,"href":"https:\/\/www.grieta.org.mx\/index.php\/wp-json\/wp\/v2\/users\/2"}],"replies":[{"embeddable":true,"href":"https:\/\/www.grieta.org.mx\/index.php\/wp-json\/wp\/v2\/comments?post=1343"}],"version-history":[{"count":1,"href":"https:\/\/www.grieta.org.mx\/index.php\/wp-json\/wp\/v2\/posts\/1343\/revisions"}],"predecessor-version":[{"id":1344,"href":"https:\/\/www.grieta.org.mx\/index.php\/wp-json\/wp\/v2\/posts\/1343\/revisions\/1344"}],"wp:featuredmedia":[{"embeddable":true,"href":"https:\/\/www.grieta.org.mx\/index.php\/wp-json\/wp\/v2\/media\/21928"}],"wp:attachment":[{"href":"https:\/\/www.grieta.org.mx\/index.php\/wp-json\/wp\/v2\/media?parent=1343"}],"wp:term":[{"taxonomy":"category","embeddable":true,"href":"https:\/\/www.grieta.org.mx\/index.php\/wp-json\/wp\/v2\/categories?post=1343"},{"taxonomy":"post_tag","embeddable":true,"href":"https:\/\/www.grieta.org.mx\/index.php\/wp-json\/wp\/v2\/tags?post=1343"}],"curies":[{"name":"wp","href":"https:\/\/api.w.org\/{rel}","templated":true}]}}