{"id":13307,"date":"2016-05-29T04:56:18","date_gmt":"2016-05-29T04:56:18","guid":{"rendered":"http:\/\/www.grieta.org.mx\/?p=13307"},"modified":"2016-05-31T05:00:22","modified_gmt":"2016-05-31T05:00:22","slug":"cierra-empresa-calle","status":"publish","type":"post","link":"https:\/\/www.grieta.org.mx\/index.php\/2016\/05\/29\/cierra-empresa-calle\/","title":{"rendered":"Cierra empresa calle"},"content":{"rendered":"<p>Andrea Murillo<\/p>\n<p>Vecinos de las colonias Mirador Oriental y Manzanares se manifestaron ayer afuera de la empresa Aparmex porque \u00e9sta cerr\u00f3 la calle Mar\u00eda Alejandra, que  ten\u00eda salida a arroyo de Alfaro.<\/p>\n<p>Desde el 23 de mayo el cierre de la calle con puertas evita el paso a vecinos, transe\u00fantes y automovilistas.<\/p>\n<p>Esta vialidad comunica a la colonia Mirador Oriental con Manzanares y con el malec\u00f3n del arroyo de Alfaro, y es salida para quienes buscan llegar al paradero Bugambilias de la oruga, en el L\u00f3pez Mateos.<\/p>\n<p>Mart\u00edn V\u00e1zquez Manriquez, presidente de colonos de Mirador Oriental, cont\u00f3 que desde 2013 la empresa comenz\u00f3 a poner cimientos, posteriormente las puertas: una en el tramo de avenida Guadalupe Oriental y la otra por el lado de Arroyo Alfaro, ambas por la misma calle Mar\u00eda Alejandra; el 23 de mayo pasado fueron cerradas.<\/p>\n<p>\u201cDesde el 2013 el due\u00f1o a trav\u00e9s de sus trabajadores comenz\u00f3 a controlar el paso cerrando las puertas de 2 a 3 de la tarde, pero hace seis d\u00edas definitivamente ya no nos permiti\u00f3 pasar\u201d, se\u00f1al\u00f3 el presidente de colonos.<\/p>\n<p>Esta prohibici\u00f3n ha afectado a m\u00e1s de cuatro mil vecinos, la mayor\u00eda con m\u00e1s de 50 a\u00f1os de residir ah\u00ed, quienes utilizan el cruce para ir a la escuela, al trabajo, al mercado, al paradero de la oruga o al Centro de Salud, entre otros.<\/p>\n<p>Aldo Hern\u00e1ndez Ruiz, presidente de colonos de Manzanares, asegur\u00f3 que la calle es p\u00fablica, pues hay tuber\u00eda de SAPAL que la cruza para dotar a la colonia de agua.<\/p>\n<p>am busc\u00f3 al responsable de la empresa Aparmex, pero un trabajador que omiti\u00f3 su nombre dijo que hasta el lunes se tendr\u00eda una respuesta.<\/p>\n<p>El Municipio lo tolera<\/p>\n<p>Desde el 2013 que la empresa comenz\u00f3 a hacer la estructura para la puerta los vecinos solicitaron apoyo a la Presidencia Municipal, pero su petici\u00f3n fue ignorada.<\/p>\n<p>El 20 de marzo de ese a\u00f1o los comit\u00e9s de vecinos de ambas colonias enviaron la solicitud a la entonces presidenta municipal B\u00e1rbara Botello, y \u00e9sta fue canalizada al director de Obra P\u00fablica, Jos\u00e9 Mart\u00ednez Plascencia. No hubo respuesta.<\/p>\n<p>El 26 de marzo de 2015 se envi\u00f3 otra solicitud de apoyo al entonces presidente interino, Octavio Villasana Delf\u00edn, y \u00e9ste envi\u00f3 la solicitud a su director de Desarrollo Humano, Felipe Gonz\u00e1lez; a su vez este funcionario la pas\u00f3 de nuevo al director de Obra P\u00fablica, pero tampoco se dio respuesta.<\/p>\n<p>Hasta el 2 de junio de 2015 Francisco Jes\u00fas \u00c1lvarez Montes, ex director de Mantenimiento Urbano, respondi\u00f3 que el trazo de la Mar\u00eda Alejandra est\u00e1 como calle hasta el arroyo de Alfaro, sin embargo- la Direcci\u00f3n de Servicios Generales a\u00fan no emite repuesta referente al tema para conocer si la calle est\u00e1 escriturada o existe alg\u00fan convenio con el Municipio.<\/p>\n<p>Mart\u00edn V\u00e1zquez Manriquez, presidente de colonos de la Mirador Oriental, dijo que hasta la fecha las autoridades no han hecho nada a favor de los vecinos.<\/p>\n<p>Y pidi\u00f3 al Municipio definir cuanto antes esta situaci\u00f3n, pues dentro de la colonia se ha manifestado que si el due\u00f1o mantiene bloqueado el paso los vecinos no permitir\u00e1n que los trabajadores de Aparmex ni sus veh\u00edculos transiten por las calles de la colonia.<\/p>\n<p><a href=\"http:\/\/www.am.com.mx\/2016\/05\/29\/leon\/local\/cierra-empresa-calle-287692\" target=\"_blank\">http:\/\/www.am.com.mx\/2016\/05\/29\/leon\/local\/cierra-empresa-calle-287692<\/a><\/p>\n","protected":false},"excerpt":{"rendered":"<p>Andrea Murillo Vecinos de las colonias Mirador Oriental y Manzanares se manifestaron ayer afuera de la empresa Aparmex porque \u00e9sta cerr\u00f3 la calle Mar\u00eda Alejandra, que ten\u00eda salida a arroyo &hellip; <a href=\"https:\/\/www.grieta.org.mx\/index.php\/2016\/05\/29\/cierra-empresa-calle\/\" class=\"more-link\">Leer m\u00e1s<\/a><\/p>\n","protected":false},"author":2,"featured_media":21928,"comment_status":"closed","ping_status":"closed","sticky":false,"template":"","format":"standard","meta":{"ngg_post_thumbnail":0,"_jetpack_newsletter_access":"","_jetpack_dont_email_post_to_subs":false,"_jetpack_newsletter_tier_id":0,"_jetpack_memberships_contains_paywalled_content":false,"_jetpack_memberships_contains_paid_content":false,"footnotes":""},"categories":[80,471],"tags":[],"class_list":["post-13307","post","type-post","status-publish","format-standard","has-post-thumbnail","hentry","category-cintillo","category-guanajuato","entry"],"jetpack_featured_media_url":"https:\/\/www.grieta.org.mx\/wp-content\/uploads\/2018\/03\/14524434_1106112876131411_958039263622046936_o.jpg","jetpack_sharing_enabled":true,"jetpack_shortlink":"https:\/\/wp.me\/p7ZJR4-3sD","jetpack_likes_enabled":false,"jetpack-related-posts":[{"id":67018,"url":"https:\/\/www.grieta.org.mx\/index.php\/2023\/03\/15\/obras-en-irapuato-comerciantes-de-leandro-valle-siguen-molestos-con-modernizacion-guanajauato\/","url_meta":{"origin":13307,"position":0},"title":"Obras en Irapuato: Comerciantes de Leandro Valle siguen molestos con modernizaci\u00f3n (Guanajauato)","author":"grieta","date":"15 marzo, 2023","format":false,"excerpt":"Buscan reunirse con la alcaldesa, Lorena Alfaro, para externarle las situaciones por las que est\u00e1n inconformes Por Eribaldo Guti\u00e9rrez Ram\u00edrez, AM Le\u00f3n Guanajuato. mi\u00e9rcoles, 15 de marzo de 2023 Irapuato, Guanajuato.- De nueva cuenta los comerciantes de la calle Leandro Valle se mostraron inconformes por los avances de la obra\u2026","rel":"","context":"En &quot;CINTILLO&quot;","block_context":{"text":"CINTILLO","link":"https:\/\/www.grieta.org.mx\/index.php\/category\/cintillo\/"},"img":{"alt_text":"","src":"https:\/\/i0.wp.com\/www.grieta.org.mx\/wp-content\/uploads\/2023\/06\/f685x385-471041_508734_5659.jpeg?resize=350%2C200&ssl=1","width":350,"height":200,"srcset":"https:\/\/i0.wp.com\/www.grieta.org.mx\/wp-content\/uploads\/2023\/06\/f685x385-471041_508734_5659.jpeg?resize=350%2C200&ssl=1 1x, https:\/\/i0.wp.com\/www.grieta.org.mx\/wp-content\/uploads\/2023\/06\/f685x385-471041_508734_5659.jpeg?resize=525%2C300&ssl=1 1.5x"},"classes":[]},{"id":18996,"url":"https:\/\/www.grieta.org.mx\/index.php\/2016\/08\/05\/acerera-se-apropia-de-terreno-en-zapopan\/","url_meta":{"origin":13307,"position":1},"title":"Acerera se apropia de terreno en Zapopan","author":"grieta","date":"5 agosto, 2016","format":false,"excerpt":"En calles de Rancho Nuevo Lo que era un parque lineal hoy es parte de una empresa comercializadora de aceros, criticaron impotentes vecinos de la zona ante la arbitrariedad cometida Por Rafael Hern\u00e1ndez Gu\u00edzar Una empresa comercializadora de aceros se adue\u00f1aron de un parque en la colonia Rancho Nuevo, denunciaron\u2026","rel":"","context":"En &quot;CINTILLO&quot;","block_context":{"text":"CINTILLO","link":"https:\/\/www.grieta.org.mx\/index.php\/category\/cintillo\/"},"img":{"alt_text":"","src":"https:\/\/i0.wp.com\/www.grieta.org.mx\/wp-content\/uploads\/2018\/03\/14524434_1106112876131411_958039263622046936_o.jpg?resize=350%2C200&ssl=1","width":350,"height":200,"srcset":"https:\/\/i0.wp.com\/www.grieta.org.mx\/wp-content\/uploads\/2018\/03\/14524434_1106112876131411_958039263622046936_o.jpg?resize=350%2C200&ssl=1 1x, https:\/\/i0.wp.com\/www.grieta.org.mx\/wp-content\/uploads\/2018\/03\/14524434_1106112876131411_958039263622046936_o.jpg?resize=525%2C300&ssl=1 1.5x, https:\/\/i0.wp.com\/www.grieta.org.mx\/wp-content\/uploads\/2018\/03\/14524434_1106112876131411_958039263622046936_o.jpg?resize=700%2C400&ssl=1 2x"},"classes":[]},{"id":16084,"url":"https:\/\/www.grieta.org.mx\/index.php\/2016\/06\/30\/rechazan-apertura-de-chedraui-cdmx\/","url_meta":{"origin":13307,"position":2},"title":"Rechazan apertura de Chedraui (CDMX)","author":"grieta","date":"30 junio, 2016","format":false,"excerpt":"Diana Delgado Locatarios del mercado Agr\u00edcola Oriental mantienen un plant\u00f3n al exterior de lo que, se\u00f1alan, ser\u00e1 una tienda de autoservicio; acusan que afectar\u00e1 las ventas de los comerciantes. Locatarios del mercado Agr\u00edcola Oriental, en la delegaci\u00f3n Iztacalco, mantienen un plant\u00f3n a las afueras de lo que presuntamente ser\u00e1 una\u2026","rel":"","context":"En &quot;cdmx&quot;","block_context":{"text":"cdmx","link":"https:\/\/www.grieta.org.mx\/index.php\/category\/cdmx\/"},"img":{"alt_text":"","src":"https:\/\/i0.wp.com\/www.grieta.org.mx\/wp-content\/uploads\/2018\/03\/14524434_1106112876131411_958039263622046936_o.jpg?resize=350%2C200&ssl=1","width":350,"height":200,"srcset":"https:\/\/i0.wp.com\/www.grieta.org.mx\/wp-content\/uploads\/2018\/03\/14524434_1106112876131411_958039263622046936_o.jpg?resize=350%2C200&ssl=1 1x, https:\/\/i0.wp.com\/www.grieta.org.mx\/wp-content\/uploads\/2018\/03\/14524434_1106112876131411_958039263622046936_o.jpg?resize=525%2C300&ssl=1 1.5x, https:\/\/i0.wp.com\/www.grieta.org.mx\/wp-content\/uploads\/2018\/03\/14524434_1106112876131411_958039263622046936_o.jpg?resize=700%2C400&ssl=1 2x"},"classes":[]},{"id":13310,"url":"https:\/\/www.grieta.org.mx\/index.php\/2016\/05\/29\/vecinos-protestan-por-cierre-de-calle-en-leon\/","url_meta":{"origin":13307,"position":3},"title":"Vecinos protestan por cierre de calle en Le\u00f3n","author":"grieta","date":"29 mayo, 2016","format":false,"excerpt":"29\/05\/16. Cierra empresa calleAM Le\u00f3n","rel":"","context":"En &quot;CINTILLO&quot;","block_context":{"text":"CINTILLO","link":"https:\/\/www.grieta.org.mx\/index.php\/category\/cintillo\/"},"img":{"alt_text":"","src":"https:\/\/i0.wp.com\/www.grieta.org.mx\/wp-content\/uploads\/2018\/03\/14524434_1106112876131411_958039263622046936_o.jpg?resize=350%2C200&ssl=1","width":350,"height":200,"srcset":"https:\/\/i0.wp.com\/www.grieta.org.mx\/wp-content\/uploads\/2018\/03\/14524434_1106112876131411_958039263622046936_o.jpg?resize=350%2C200&ssl=1 1x, https:\/\/i0.wp.com\/www.grieta.org.mx\/wp-content\/uploads\/2018\/03\/14524434_1106112876131411_958039263622046936_o.jpg?resize=525%2C300&ssl=1 1.5x, https:\/\/i0.wp.com\/www.grieta.org.mx\/wp-content\/uploads\/2018\/03\/14524434_1106112876131411_958039263622046936_o.jpg?resize=700%2C400&ssl=1 2x"},"classes":[]},{"id":56312,"url":"https:\/\/www.grieta.org.mx\/index.php\/2021\/01\/13\/empresa-avicola-cierra-ilegalmente-camino-rural-en-hunucma-yucatan\/","url_meta":{"origin":13307,"position":4},"title":"Empresa av\u00edcola cierra ilegalmente camino rural en Hunucm\u00e1 (Yucat\u00e1n)","author":"grieta","date":"13 enero, 2021","format":false,"excerpt":"Ram\u00f3n Reyna Fern\u00e1ndez \/ PorEsto! A pesar de la molestia e indignaci\u00f3n de algunos vecinos de esta comunidad, principalmente de la colonia San Vicente, y sin importar el feo aspecto que ocasiona el levantamiento de muros cerrando calles, la empresa Bachoco contin\u00faa con los trabajos de delimitaci\u00f3n de las tierras\u2026","rel":"","context":"En &quot;Agroindustria&quot;","block_context":{"text":"Agroindustria","link":"https:\/\/www.grieta.org.mx\/index.php\/category\/megaproyectos\/agroindustria\/"},"img":{"alt_text":"","src":"https:\/\/i0.wp.com\/www.grieta.org.mx\/wp-content\/uploads\/2021\/01\/HunucmaBachoco.png?resize=350%2C200&ssl=1","width":350,"height":200,"srcset":"https:\/\/i0.wp.com\/www.grieta.org.mx\/wp-content\/uploads\/2021\/01\/HunucmaBachoco.png?resize=350%2C200&ssl=1 1x, https:\/\/i0.wp.com\/www.grieta.org.mx\/wp-content\/uploads\/2021\/01\/HunucmaBachoco.png?resize=525%2C300&ssl=1 1.5x"},"classes":[]},{"id":35425,"url":"https:\/\/www.grieta.org.mx\/index.php\/2019\/06\/16\/estar-aqui-ha-sido-muy-duro-ciudad-de-mexico\/","url_meta":{"origin":13307,"position":5},"title":"\u2018Estar aqu\u00ed ha sido muy duro\u2019 (Ciudad de M\u00e9xico)","author":"grieta","date":"16 junio, 2019","format":false,"excerpt":"\u00a0 Texto y fotos: Arturo Contreras Camero\/Piedep\u00e1gina Las familias que acampan en la calle Roma, de la colonia Ju\u00e1rez, temen un nuevo desalojo como el que ocurri\u00f3 el 30 de mayo en la calle de Londres. Es la \u00fanica respuesta que les han dado las autoridades capitalinas a su demanda\u2026","rel":"","context":"En &quot;CINTILLO&quot;","block_context":{"text":"CINTILLO","link":"https:\/\/www.grieta.org.mx\/index.php\/category\/cintillo\/"},"img":{"alt_text":"","src":"https:\/\/i0.wp.com\/www.grieta.org.mx\/wp-content\/uploads\/2019\/06\/Nuevotama%C3%B1o-1140x570.jpg?resize=350%2C200&ssl=1","width":350,"height":200,"srcset":"https:\/\/i0.wp.com\/www.grieta.org.mx\/wp-content\/uploads\/2019\/06\/Nuevotama%C3%B1o-1140x570.jpg?resize=350%2C200&ssl=1 1x, https:\/\/i0.wp.com\/www.grieta.org.mx\/wp-content\/uploads\/2019\/06\/Nuevotama%C3%B1o-1140x570.jpg?resize=525%2C300&ssl=1 1.5x, https:\/\/i0.wp.com\/www.grieta.org.mx\/wp-content\/uploads\/2019\/06\/Nuevotama%C3%B1o-1140x570.jpg?resize=700%2C400&ssl=1 2x, https:\/\/i0.wp.com\/www.grieta.org.mx\/wp-content\/uploads\/2019\/06\/Nuevotama%C3%B1o-1140x570.jpg?resize=1050%2C600&ssl=1 3x"},"classes":[]}],"_links":{"self":[{"href":"https:\/\/www.grieta.org.mx\/index.php\/wp-json\/wp\/v2\/posts\/13307","targetHints":{"allow":["GET"]}}],"collection":[{"href":"https:\/\/www.grieta.org.mx\/index.php\/wp-json\/wp\/v2\/posts"}],"about":[{"href":"https:\/\/www.grieta.org.mx\/index.php\/wp-json\/wp\/v2\/types\/post"}],"author":[{"embeddable":true,"href":"https:\/\/www.grieta.org.mx\/index.php\/wp-json\/wp\/v2\/users\/2"}],"replies":[{"embeddable":true,"href":"https:\/\/www.grieta.org.mx\/index.php\/wp-json\/wp\/v2\/comments?post=13307"}],"version-history":[{"count":1,"href":"https:\/\/www.grieta.org.mx\/index.php\/wp-json\/wp\/v2\/posts\/13307\/revisions"}],"predecessor-version":[{"id":13309,"href":"https:\/\/www.grieta.org.mx\/index.php\/wp-json\/wp\/v2\/posts\/13307\/revisions\/13309"}],"wp:featuredmedia":[{"embeddable":true,"href":"https:\/\/www.grieta.org.mx\/index.php\/wp-json\/wp\/v2\/media\/21928"}],"wp:attachment":[{"href":"https:\/\/www.grieta.org.mx\/index.php\/wp-json\/wp\/v2\/media?parent=13307"}],"wp:term":[{"taxonomy":"category","embeddable":true,"href":"https:\/\/www.grieta.org.mx\/index.php\/wp-json\/wp\/v2\/categories?post=13307"},{"taxonomy":"post_tag","embeddable":true,"href":"https:\/\/www.grieta.org.mx\/index.php\/wp-json\/wp\/v2\/tags?post=13307"}],"curies":[{"name":"wp","href":"https:\/\/api.w.org\/{rel}","templated":true}]}}