{"id":13301,"date":"2016-05-30T04:48:29","date_gmt":"2016-05-30T04:48:29","guid":{"rendered":"http:\/\/www.grieta.org.mx\/?p=13301"},"modified":"2016-05-31T04:51:37","modified_gmt":"2016-05-31T04:51:37","slug":"mayo-entre-el-autoritarismo-y-la-resistencia","status":"publish","type":"post","link":"https:\/\/www.grieta.org.mx\/index.php\/2016\/05\/30\/mayo-entre-el-autoritarismo-y-la-resistencia\/","title":{"rendered":"MAYO: ENTRE EL AUTORITARISMO Y LA RESISTENCIA."},"content":{"rendered":"<p>\u00bfEl calendario?  Mayo del 2016.<\/p>\n<p>\u00bfLa geograf\u00eda?<\/p>\n<p>Bueno, pudiera ser cualquier parte de ese pa\u00eds rasgu\u00f1ado hasta sangrar por las desapariciones forzadas, la impunidad hecha instituci\u00f3n, la intolerancia como forma de gobierno, la corrupci\u00f3n como modus vivendi de una clase pol\u00edtica hedionda y mediocre.<\/p>\n<p>Pero tambi\u00e9n pudiera ser cualquier parte de ese pa\u00eds sanado por el empecinamiento de los familiares que no olvidan a sus ausentes, la b\u00fasqueda tenaz de la verdad y la justicia, la rebelde resistencia frente a los golpes, balas, barrotes, el af\u00e1n de construir un camino propio sin amos, sin patrones, sin salvadores, sin gu\u00edas, sin caudillos; la defensa, la resistencia, la rebeld\u00eda; la grieta haci\u00e9ndose m\u00e1s ancha y profunda a fuerza de dolor y rabia.<\/p>\n<p>\u201cM\u00e9xico\u201d, le llaman com\u00fanmente a ese pa\u00eds, este pa\u00eds, que refleja a su modo una crisis que sacude al mundo entero.<\/p>\n<p>Parece ser que, en alg\u00fan momento de la breve e intensa historia del siglo XX, este pa\u00eds era una referencia tur\u00edstica internacional.  Se hablaba de sus paisajes, de su gastronom\u00eda, de la hospitalidad de su gente, de lo perfecta que era la dictadura perfecta.<\/p>\n<p>Pero antes y durante esa imagen de folleto de agencia de viajes, pas\u00f3 lo que pas\u00f3.  No, no lo voy a atiborrar de informaci\u00f3n sobre lo sucedido en el pasado inmediato, digamos unos 30 a\u00f1os.<\/p>\n<p>El asunto es que, en los \u00faltimos a\u00f1os, \u201cM\u00e9xico\u201d es ahora referente mundial en corrupci\u00f3n gubernamental; crueldad del narcotr\u00e1fico; no infiltraci\u00f3n sino contubernio entre el crimen organizado y las instituciones; desapariciones forzadas; ej\u00e9rcito fuera de los cuarteles y en las calles y caminos; asesinatos y encarcelamientos de opositores, de periodistas y de gente que ni en cuenta; el \u201cwarning\u201d en los pasajes tur\u00edsticos; el cinismo como idiosincrasia en medios de comunicaci\u00f3n y redes sociales; la vida, la libertad y los bienes personales jugados en la ruleta mortal de la vida cotidiana (\u201csi no te toc\u00f3 hoy, tal vez ma\u00f1ana\u201d).  Si usted es mujer, de cualquier edad, multiplique los riesgos.  Lo femenino, junto a lo diferente, s\u00f3lo gana en eso: es m\u00e1s probable que sufra violencia, desaparici\u00f3n, muerte.<\/p>\n<p>Pero todo esto ya lo sabe usted.  Basta haber vivido aqu\u00ed, en estos suelos y bajo estos cielos, un poco, no mucho, digamos entre los primeros meses de vida y los menos de 5 a\u00f1os, que era la edad de las ni\u00f1as y ni\u00f1os asesinados en la Guardar\u00eda ABC, en Hermosillo, Sonora, M\u00e9xico, el 5 de junio del a\u00f1o 2009, hace ya casi 7 a\u00f1os.<\/p>\n<p>\u00bfQu\u00e9 delito ten\u00edan estos infantes?  \u00bfFueron v\u00edctimas de la mala suerte, de un oscuro designio divino, de la casualidad? \u00bfO fueron y son v\u00edctimas de una clase pol\u00edtica que se permite todo a s\u00ed misma (como el hecho de que una de las implicadas -y no investigadas-, sea precandidata para la presidencia de M\u00e9xico por el Partido Acci\u00f3n Nacional)?<\/p>\n<p>As\u00ed que el lugar pudiera ser Sonora, donde, sin embargo, el crimen y la desverg\u00fcenza no logran derrotar a las familias de los infantes de la guarder\u00eda \u201cABC\u201d.<\/p>\n<p>O podr\u00eda ser el Estado de M\u00e9xico, donde el pueblo \u00d1atho de San Francisco Xochicuautla pretende ser destruido y sepultado por una de las carreteras del gran capital.  \u00bfSu delito?  Defender los bosques.  Pero, sobre los escombros de sus casas, los pobladores se mantienen en resistencia.<\/p>\n<p>O pudiera ser Oaxaca, en la comunidad Binizza de \u00c1lvaro Obreg\u00f3n, en Juchit\u00e1n, donde la poblaci\u00f3n fue atacada a balazos por paramilitares del Partido Acci\u00f3n Nacional y del Partido de la Revoluci\u00f3n Democr\u00e1tica.  \u00bfCu\u00e1l es su falta?  Oponerse a la privatizaci\u00f3n del viento que, con los llamados \u201cparques e\u00f3licos\u201d, impone el gran capital en el Istmo.<\/p>\n<p>O tal vez podr\u00eda ser Veracruz, que es ya un territorio para la cacer\u00eda de mujeres, j\u00f3venes, periodistas, sean o no opositores.  O Yucat\u00e1n, donde en contra de los pobladores de Chablekal se implementa el llamado \u201cEscudo\u201d con el que los gobernantes protegen el despojo.  O Guerrero, donde todo M\u00e9xico se renombra \u201cAyotzinapa\u201d.  O Morelos, convertido en un gigantesco cementerio clandestino.  O la Ciudad de M\u00e9xico donde las manifestaciones opositoras est\u00e1n prohibidas porque ah\u00ed mandan los veh\u00edculos automotores, incluso sobre la Constituci\u00f3n.  O Puebla, baluarte de la privatizaci\u00f3n del agua y carreteras.  O Tamaulipas, donde, como en todo el pa\u00eds, el PRI es el brazo institucional del crimen organizado.  O cualquier lugar de la rep\u00fablica llamada \u201cEstados Unidos Mexicanos\u201d, con sus olas de despidos, desalojos, robos, desapariciones, destrucci\u00f3n, muerte\u2026 guerra.<\/p>\n<p>Pero resulta que es Chiapas.  Y de Chiapas, miramos a\u2026<\/p>\n<p>Tuxtla Guti\u00e9rrez, ciudad capital.  Mayo del 2016.  Temperatura media: 37 grados a la sombra.  Altitud: 522 metros sobre el nivel del mar.  Fecha: el mayo del magisterio en resistencia y rebeld\u00eda.  Pero antes, permita usted algunas precisiones:<\/p>\n<p>1.- La mal llamada \u201creforma educativa\u201d no es educativa, es laboral.  Si fuera educativa se habr\u00eda tomado el parecer del magisterio y de las familias.  Cuando el gobierno se niega a dialogar sobre la reforma con el magisterio y las familias, est\u00e1 reconociendo que no se trata de mejorar la educaci\u00f3n, sino de \u201cajustar la n\u00f3mina\u201d (que es como el capital llama a los despidos).<\/p>\n<p>2.- No se est\u00e1 aplicando la ley, se est\u00e1 violando la ley.  Se dice defender a la constituci\u00f3n (la reforma educativa), violando la constituci\u00f3n (las leyes que garantizan derechos elementales como el de reuni\u00f3n, petici\u00f3n y libre circulaci\u00f3n).<\/p>\n<p>3.-   Lo que hacen los medios de comunicaci\u00f3n de paga es in\u00fatil.  Declaraciones van y vienen: \u201ctodo normal\u201d, \u201cla mayor\u00eda de las escuelas est\u00e1n trabajando\u201d. \u201cel noventa y tanto por ciento de los maestros est\u00e1n laborando\u201d.  Pero la realidad no conoce esas declaraciones, porque el magisterio est\u00e1 en las calles.  En los pueblos las familias ya dijeron claro que no van a aceptar a los sustitutos, que no los van a dejar entrar o que los van a correr.<\/p>\n<p>4.- L@s maestr@s no est\u00e1n defendiendo privilegios, est\u00e1n luchando en la \u00faltima trinchera de cualquier ser humano: las condiciones m\u00ednimas de vida de ell@s y de sus familias.  \u00bfLe sorprende a usted que alguien est\u00e9 dispuesto a defender lo poco que le queda?  \u00bfUn salario infame, unas aulas que parecen haber sido bombardeadas (y lo han sido, pero por bombas econ\u00f3micas), no uno sino varios turnos laborales, grupos excesivamente numerosos?  En resumen: poca paga, malas condiciones de trabajo y mucha chinga.  \u00bfLe suena?  Y, aun as\u00ed, l@s maestr@s se presentan en su escuela y ense\u00f1an a ni\u00f1os y ni\u00f1as los caminos de las ciencias y las artes.<\/p>\n<p>5.-  El objetivo de la supuesta reforma educativa es destruir a esa maestra, ese maestro que se prepar\u00f3 por a\u00f1os y pr\u00e1cticamente toda su vida la ha dedicado a ese oficio.  Cierto, con la perseverancia que en los medios se abona con billetes, se ha construido la imagen de l\u00edderes corruptos.  Pero esa imagen es el cebo para morder el anzuelo.  No, el objetivo no son los l\u00edderes, sino todos los maestros, incluidos los del servil Sindicato Nacional de Trabajadores de la Educaci\u00f3n.  Ahora, si quiere usted un modelo de l\u00edderes corruptos, ah\u00ed tiene a la direcci\u00f3n en pleno del SNTE.<\/p>\n<p>6.- S\u00ed, el objetivo de la reforma educativa es privatizar la educaci\u00f3n.  De hecho, esa privatizaci\u00f3n ya est\u00e1 en marcha.  Dejar sin atenci\u00f3n ni presupuesto a las escuelas no acab\u00f3 con la educaci\u00f3n p\u00fablica en M\u00e9xico por una raz\u00f3n humana: el magisterio.  As\u00ed que ahora hay que destruir a es@s maestr@s.  Se trata de provocar una cat\u00e1strofe en el sistema educativo de modo que las familias tiendan, doblando turnos, a las escuelas privadas; o se conformen con que sus hijas e hijos se formen consumiendo televisi\u00f3n, radio y medios digitales; o en la calle; o ni eso.  La profesi\u00f3n del magisterio no se improvisa ni es cuesti\u00f3n de intuici\u00f3n.  Se estudia, exige preparaci\u00f3n.  No cualquiera tiene la capacidad y los conocimientos para educar.  Porque en la escuela se educa, no s\u00f3lo se ense\u00f1a.  No cualquiera puede enfrentar con \u00e9xito a un grupo de infantes en edad escolar o prescolar.  Por eso son necesarias las escuelas Normales.<\/p>\n<p>7.- \u00bfLe han dicho que lo que ocurre es que l@s maestr@s son holgazanes y que no quieren prepararse?  Mienten, cualquier maestra o maestro aspira a ser mejor, estar mejor preparado.  Haga usted lo que no ha hecho el gobierno, hable con un maestro o maestra.  Mejor a\u00fan, esc\u00fachelo.  Ver\u00e1 c\u00f3mo, cuando \u00e9l o ella hablan de su situaci\u00f3n, parece que describen la de usted.<\/p>\n<p>-*-<\/p>\n<p>  Nosotras, nosotros, zapatistas, tratamos de entender.  Y para entender hay que escuchar.  Siempre que podemos, recurrimos a la informaci\u00f3n directa.  Para este caso, enviamos a un grupo de \u201cLos Tercios Compas\u201d (medios zapatistas de comunicaci\u00f3n no de paga, no aut\u00f3nomos, no libres, no alternativos, pero compas) y escuchamos a bases de apoyo zapatistas que son parte del magisterio.  Lo siguiente es tomado de uno de los informes de esas escuchas:<\/p>\n<p>\u201cCompa\u00f1ero Subcomandante Insurgente Mois\u00e9s, te saludo y espero que te encuentres bien de salud y haciendo los trabajos para la lucha.<\/p>\n<p>Despu\u00e9s de mi corto saludo, paso a informar: Bueno, pues la vimos la marcha de los maestros.  Pero no s\u00f3lo maestros, tambi\u00e9n hay muchas maestras.  Los malditos polic\u00edas los atacaron y tambi\u00e9n lo atacaron a la gente que andaba por ah\u00ed.  Hasta ni\u00f1os pasaron a golpear.  Luego lo vimos una pinta, que sea como un letrero pintado en la pared, que dec\u00eda: \u201cPolic\u00edas: contra el pueblo muy chingones, pero contra el narco maricones\u201d.  Lo miramos la marcha que est\u00e1n contentos los maestros.  Como que no importa que los golpearon y persiguieron y les aventaron ese humo que no deja respirar.  Ah\u00ed van los maestros y las maestras, y tambi\u00e9n van unas mamaces y papaces de los ni\u00f1os que van a la escuela y que sus familias lo apoyan a los maestros.  Se ve claro que no los llevaron a la fuerza, sino que llegaron por su gusto.  Est\u00e1n animados.  Y la gente en las casas le grita de apoyo a los maestros y las maestras.  Y en la calle les dan agua, frutas.  Se mira que los quieren a esos maestros que luchan.  Y entonces los maestros lo gritan la consigna de \u201ceste apoyo s\u00ed se ve\u201d y, bueno, pues yo pens\u00e9 que luego hay apoyo que no se ve, pero no hay consigna.<\/p>\n<p>Luego los fuimos a ver a los malditos polic\u00edas que iban detr\u00e1s de los maestros para perseguirlos.  Lo miramos que el polic\u00eda est\u00e1 como muy derrotado.  S\u00f3lo unos pocos polic\u00edas est\u00e1n de entusiastas y golpean sus escudos de pl\u00e1stico con sus garrotes, seg\u00fan para meter miedo, pero no dan miedo.  La mayor\u00eda de los polic\u00edas apenas puede caminar, creo que porque est\u00e1 haciendo mucho calor.  Mucho sol ah\u00ed en Tuxtla.  Y los maestros y maestras pues se ve que est\u00e1n hallados a la chinga porque van contentos.  Hacen sus cantos y lo gritan sus consignas.  Lo cantaron esa de \u201cVenceremos\u201d y ya mero me pongo a cantar tambi\u00e9n, pero me acord\u00e9 que voy de \u201cTercio compa\u201d y pues no.  Los polic\u00edas cada tanto que se detienen, r\u00e1pido buscan donde hay sombra.  El mando los rega\u00f1a porque no se quieren formar.  Lo escuchamos un polic\u00eda que le est\u00e1 contando a otro que persigui\u00f3 a una ni\u00f1a y a un maestro, y que corr\u00eda m\u00e1s r\u00e1pido el maestro que la ni\u00f1a.  Y se r\u00ede el maldito como si fuera un chiste de perseguir a una ni\u00f1a.  Y cuando les dan orden de avanzar, los polic\u00edas van con sus escudos arrastrando.  Unos llevan como unos botes de metal.  Otros llevan unos palos.  Cuando pasan, la gente en la calle les dice cosas a los polic\u00edas, que se vayan les dicen, que ya no molestan a los maestros.  Unos, y otros de plano les mientan la madre a los polic\u00edas.  Los polic\u00edas los miran con coraje en su ojo, pero no paran.  Y son familias las que gritan.  En algunas casas y edificios hay letreros, as\u00ed como carteles hechos a mano donde dice que se apoya a los maestros.  En las estaciones de radio lo escuchamos que la gente llama para comentar, pero no como otras veces que se quejan de los maestros porque bloquean.  Ahora se quejan de los federales, que est\u00e1n molestando nom\u00e1s, que parece que estamos en guerra, que ni cuando los zapatistas se ve\u00eda tanto polic\u00eda en las calles de Tuxtla.  Nadie agradece al gobierno, lo dicen claro que la culpa es de los malos gobiernos.  Y entonces los del radio le cortan la palabra porque se ve que no les gusta lo que dice la gente.  Y luego los peri\u00f3dicos pues de plano no tienen verg\u00fcenza, ponen de otras cosas que ni al caso.  Que est\u00e1n preocupados los periodistas porque en Chenalh\u00f3 los partidistas secuestraron a otros partidistas.  Pero como que los maestros lo hacen la pol\u00edtica, explican su lucha y la gente los oye y los entiende.  Lo escuchamos lo que dice la gente.  A los gobiernos no los oyen y no los entienden.  Al Velasco le dicen \u201cel ni\u00f1o\u201d y se quejan del \u201cni\u00f1o\u201d, que s\u00f3lo sali\u00f3 bueno para tomarse fotos y para pasear.  Y luego que dicen los rumores que ya no est\u00e1 de por s\u00ed, que ya se est\u00e1n peleando los pol\u00edticos para ver qui\u00e9n se queda de gobernador.  Y dicen \u201cel que quede, es un ratero y sinverg\u00fcenza\u201d.  Al gobierno no lo respetan.<\/p>\n<p>A los maestros los respetan y los quieren, les dan su agua y su fruta, los aplauden.  Hasta los carros, cuando pasan a un lado de la marcha, lo tocan su claxon y sacan la mano de apoyo.  Al polic\u00eda puras mentadas.  Lo escuchamos a un maestro explicar su lucha: \u201cAhora se trata de la comida de nuestros hijos\u201d.  En un lugar, cerca de aqu\u00ed de Tuxtla, que se llama Chiapa de Corzo la gente se organiz\u00f3 y fue a corretear a los federales de ah\u00ed.  No eran maestros, eran familias.  Los golpearon y les aventaron gas, pero no se rindieron y sacaron a los federales.  Ya que lo miramos todo esto que decimos, nos regresamos para informar.<\/p>\n<p>  Lo que vemos es que qui\u00e9n sabe qu\u00e9 vaya a pasar, pero los malos gobiernos ya perdieron.<\/p>\n<p>  Es toda mi palabra\u201d<\/p>\n<p>-*-<\/p>\n<p>  Ahora, preguntas para el examen de evaluaci\u00f3n del gobierno federal:<\/p>\n<p>Si un gobierno no est\u00e1 dispuesto a dialogar y negociar con sus opositores, \u00bfqu\u00e9 camino les dejan?  Si s\u00f3lo se usa el argumento de la fuerza, \u00bfqu\u00e9 esperan como contra argumento?<\/p>\n<p>Desde las monta\u00f1as del Sureste Mexicano.<\/p>\n<p>Subcomandante Insurgente Mois\u00e9s.             Subcomandante Insurgente Galeano.<\/p>\n<p>M\u00e9xico, mayo del 2016.<\/p>\n<p>Del cuaderno de apuntes del gato-perro:<\/p>\n<p>La Hora del Polic\u00eda 2.  El vendedor de desodorante para metrosexuales, esa versi\u00f3n posmoderna de Gordolfo Gelatino, Aurelio Nu\u00f1o Mayer, debe dejar de hacer campa\u00f1a para la presidencia y reconocer ya que la reforma que dice defender ni es reforma ni es educativa.  Es s\u00f3lo un descarado ajuste de personal.  Un patr\u00f3n mal vestido con las ropas institucionales usa a un capataz perfumado para cerrar empleos.<\/p>\n<p>Y para ser un capataz idiota que suspira por ser un buen polic\u00eda, siga las siguientes instrucciones: Escriba 100 veces: \u201cla educaci\u00f3n p\u00fablica en M\u00e9xico es una empresa y como tal hay que manejarla\u201d.  Ah, y no estudie historia.  Olvide que la Coordinadora Nacional de Trabajadores de la Educaci\u00f3n naci\u00f3 en 1979, en Chiapas, M\u00e9xico.  Y que naci\u00f3 como respuesta a la brutalidad gubernamental.<\/p>\n<p>-*-<\/p>\n<p>  Las batallas que libran l@s maestr@s y las familias no son el final de mayo.  Son apenas el inicio de muchos meses y luchas que se dar\u00e1n, y no s\u00f3lo del magisterio.  En las geograf\u00edas y los calendarios de abajo la historia no transcurre, se hace.<\/p>\n<p>Doy fe.<\/p>\n<p>Guau-Miau.<\/p>\n<p><a href=\"http:\/\/enlacezapatista.ezln.org.mx\/2016\/05\/30\/mayo-entre-el-autoritarismo-y-la-resistencia\" target=\"_blank\">http:\/\/enlacezapatista.ezln.org.mx\/2016\/05\/30\/mayo-entre-el-autoritarismo-y-la-resistencia<\/a><\/p>\n","protected":false},"excerpt":{"rendered":"<p>\u00bfEl calendario? Mayo del 2016. \u00bfLa geograf\u00eda? Bueno, pudiera ser cualquier parte de ese pa\u00eds rasgu\u00f1ado hasta sangrar por las desapariciones forzadas, la impunidad hecha instituci\u00f3n, la intolerancia como forma &hellip; <a href=\"https:\/\/www.grieta.org.mx\/index.php\/2016\/05\/30\/mayo-entre-el-autoritarismo-y-la-resistencia\/\" class=\"more-link\">Leer m\u00e1s<\/a><\/p>\n","protected":false},"author":2,"featured_media":21928,"comment_status":"closed","ping_status":"closed","sticky":false,"template":"","format":"standard","meta":{"ngg_post_thumbnail":0,"_jetpack_newsletter_access":"","_jetpack_dont_email_post_to_subs":false,"_jetpack_newsletter_tier_id":0,"_jetpack_memberships_contains_paywalled_content":false,"_jetpack_memberships_contains_paid_content":false,"footnotes":""},"categories":[74,78],"tags":[466],"class_list":["post-13301","post","type-post","status-publish","format-standard","has-post-thumbnail","hentry","category-ezln","category-palabras-del-ezln","tag-ezln","entry"],"jetpack_featured_media_url":"https:\/\/www.grieta.org.mx\/wp-content\/uploads\/2018\/03\/14524434_1106112876131411_958039263622046936_o.jpg","jetpack_sharing_enabled":true,"jetpack_shortlink":"https:\/\/wp.me\/p7ZJR4-3sx","jetpack_likes_enabled":false,"jetpack-related-posts":[{"id":70753,"url":"https:\/\/www.grieta.org.mx\/index.php\/2024\/12\/28\/mesa-rebeldia-y-resistencia-zapatistas-parte-i-genealogia-del-comun-zapatista\/","url_meta":{"origin":13301,"position":0},"title":"Mesa Rebeld\u00eda y Resistencia Zapatistas. Parte I Genealog\u00eda del Com\u00fan Zapatista","author":"grieta","date":"28 diciembre, 2024","format":false,"excerpt":"Mesa Rebeld\u00eda y Resistencia Zapatistas. Parte I Genealog\u00eda del Com\u00fan Zapatista https:\/\/enlacezapatista.ezln.org.mx\/2024\/12\/27\/transmision-en-vivo-de-las-mesas-de-la-primera-sesion-de-los-encuentros-de-resistencia-y-rebeldia\/","rel":"","context":"En &quot;CINTILLO&quot;","block_context":{"text":"CINTILLO","link":"https:\/\/www.grieta.org.mx\/index.php\/category\/cintillo\/"},"img":{"alt_text":"","src":"https:\/\/i0.wp.com\/www.grieta.org.mx\/wp-content\/uploads\/2024\/12\/Screenshot-2024-12-27-at-22-58-54-Enlace-Zapatista.png?resize=350%2C200&ssl=1","width":350,"height":200,"srcset":"https:\/\/i0.wp.com\/www.grieta.org.mx\/wp-content\/uploads\/2024\/12\/Screenshot-2024-12-27-at-22-58-54-Enlace-Zapatista.png?resize=350%2C200&ssl=1 1x, https:\/\/i0.wp.com\/www.grieta.org.mx\/wp-content\/uploads\/2024\/12\/Screenshot-2024-12-27-at-22-58-54-Enlace-Zapatista.png?resize=525%2C300&ssl=1 1.5x, https:\/\/i0.wp.com\/www.grieta.org.mx\/wp-content\/uploads\/2024\/12\/Screenshot-2024-12-27-at-22-58-54-Enlace-Zapatista.png?resize=700%2C400&ssl=1 2x, https:\/\/i0.wp.com\/www.grieta.org.mx\/wp-content\/uploads\/2024\/12\/Screenshot-2024-12-27-at-22-58-54-Enlace-Zapatista.png?resize=1050%2C600&ssl=1 3x"},"classes":[]},{"id":70771,"url":"https:\/\/www.grieta.org.mx\/index.php\/2024\/12\/29\/mesa-rebeldia-y-resistencia-zapatistas-parte-ii-mujeres-sabado-29-de-diciembre-del-2024\/","url_meta":{"origin":13301,"position":1},"title":"Mesa Rebeld\u00eda y Resistencia Zapatistas. Parte II Mujeres S\u00e1bado 29 de diciembre del 2024","author":"grieta","date":"29 diciembre, 2024","format":false,"excerpt":"Mesa Rebeld\u00eda y Resistencia Zapatistas. Parte II Mujeres S\u00e1bado 29 de diciembre del 2024 \u00a0 https:\/\/enlacezapatista.ezln.org.mx\/2024\/12\/27\/transmision-en-vivo-de-las-mesas-de-la-primera-sesion-de-los-encuentros-de-resistencia-y-rebeldia\/ \u00a0","rel":"","context":"En &quot;CINTILLO&quot;","block_context":{"text":"CINTILLO","link":"https:\/\/www.grieta.org.mx\/index.php\/category\/cintillo\/"},"img":{"alt_text":"","src":"https:\/\/i0.wp.com\/www.grieta.org.mx\/wp-content\/uploads\/2024\/12\/Screenshot-2024-12-27-at-22-58-54-Enlace-Zapatista.png?resize=350%2C200&ssl=1","width":350,"height":200,"srcset":"https:\/\/i0.wp.com\/www.grieta.org.mx\/wp-content\/uploads\/2024\/12\/Screenshot-2024-12-27-at-22-58-54-Enlace-Zapatista.png?resize=350%2C200&ssl=1 1x, https:\/\/i0.wp.com\/www.grieta.org.mx\/wp-content\/uploads\/2024\/12\/Screenshot-2024-12-27-at-22-58-54-Enlace-Zapatista.png?resize=525%2C300&ssl=1 1.5x, https:\/\/i0.wp.com\/www.grieta.org.mx\/wp-content\/uploads\/2024\/12\/Screenshot-2024-12-27-at-22-58-54-Enlace-Zapatista.png?resize=700%2C400&ssl=1 2x, https:\/\/i0.wp.com\/www.grieta.org.mx\/wp-content\/uploads\/2024\/12\/Screenshot-2024-12-27-at-22-58-54-Enlace-Zapatista.png?resize=1050%2C600&ssl=1 3x"},"classes":[]},{"id":70758,"url":"https:\/\/www.grieta.org.mx\/index.php\/2024\/12\/29\/no-tiene-que-ser-asi-el-mundo-inician-encuentros-de-resistencia-y-rebeldia-convocados-por-el-ezln-en-chiapas\/","url_meta":{"origin":13301,"position":2},"title":"\u00abNo tiene que ser as\u00ed el mundo\u00bb, inician Encuentros de Resistencia y Rebeld\u00eda convocados por el EZLN en Chiapas.","author":"grieta","date":"29 diciembre, 2024","format":false,"excerpt":"Pozol Colectivo 28 de diciembre 2024. San Crist\u00f3bal de Las Casas, Chiapas. \u00abNo tiene que ser as\u00ed el mundo\u00bb, fueron las palabras del escritor John Holloway, en una carta enviada a la primera sesi\u00f3n de los Encuentros de Resistencia y Rebeld\u00eda: Mesa I. La tormenta: el crimen, el verdugo y\u2026","rel":"","context":"En &quot;CINTILLO&quot;","block_context":{"text":"CINTILLO","link":"https:\/\/www.grieta.org.mx\/index.php\/category\/cintillo\/"},"img":{"alt_text":"","src":"https:\/\/i0.wp.com\/www.grieta.org.mx\/wp-content\/uploads\/2024\/12\/IMG_20241228_163606_031.jpg?resize=350%2C200&ssl=1","width":350,"height":200,"srcset":"https:\/\/i0.wp.com\/www.grieta.org.mx\/wp-content\/uploads\/2024\/12\/IMG_20241228_163606_031.jpg?resize=350%2C200&ssl=1 1x, https:\/\/i0.wp.com\/www.grieta.org.mx\/wp-content\/uploads\/2024\/12\/IMG_20241228_163606_031.jpg?resize=525%2C300&ssl=1 1.5x, https:\/\/i0.wp.com\/www.grieta.org.mx\/wp-content\/uploads\/2024\/12\/IMG_20241228_163606_031.jpg?resize=700%2C400&ssl=1 2x, https:\/\/i0.wp.com\/www.grieta.org.mx\/wp-content\/uploads\/2024\/12\/IMG_20241228_163606_031.jpg?resize=1050%2C600&ssl=1 3x"},"classes":[]},{"id":3720,"url":"https:\/\/www.grieta.org.mx\/index.php\/2015\/07\/13\/indice-volumen-uno-participaciones-de-la-comision-sexta-del-ezln-en-el-seminario-el-pensamiento-critico-frente-a-la-hidra-capitalista\/","url_meta":{"origin":13301,"position":3},"title":"\u00cdNDICE volumen Uno (participaciones de la Comisi\u00f3n Sexta del EZLN en el Seminario \u201cEl Pensamiento Cr\u00edtico frente a la Hidra Capitalista\u201d)","author":"grieta","date":"13 julio, 2015","format":false,"excerpt":"\u00cdNDICE volumen Uno (participaciones de la Comisi\u00f3n Sexta del EZLN en el Seminario \u201cEl Pensamiento Cr\u00edtico frente a la Hidra Capitalista\u201d) .- Pr\u00f3logo: De c\u00f3mo llegamos a la Cofa del Vig\u00eda y lo que desde ah\u00ed miramos. SupGaleano. I.- Nuestra mirada hacia dentro. Algunas pistas: .- La Tormenta, el Centinela\u2026","rel":"","context":"En &quot;Comunicados&quot;","block_context":{"text":"Comunicados","link":"https:\/\/www.grieta.org.mx\/index.php\/category\/ezln-2\/ezln\/"},"img":{"alt_text":"","src":"https:\/\/i0.wp.com\/www.grieta.org.mx\/wp-content\/uploads\/2018\/03\/14524434_1106112876131411_958039263622046936_o.jpg?resize=350%2C200&ssl=1","width":350,"height":200,"srcset":"https:\/\/i0.wp.com\/www.grieta.org.mx\/wp-content\/uploads\/2018\/03\/14524434_1106112876131411_958039263622046936_o.jpg?resize=350%2C200&ssl=1 1x, https:\/\/i0.wp.com\/www.grieta.org.mx\/wp-content\/uploads\/2018\/03\/14524434_1106112876131411_958039263622046936_o.jpg?resize=525%2C300&ssl=1 1.5x, https:\/\/i0.wp.com\/www.grieta.org.mx\/wp-content\/uploads\/2018\/03\/14524434_1106112876131411_958039263622046936_o.jpg?resize=700%2C400&ssl=1 2x"},"classes":[]},{"id":70773,"url":"https:\/\/www.grieta.org.mx\/index.php\/2024\/12\/29\/mesa-rebeldia-y-resistencia-zapatistas-parte-iii-los-primeros-pasos-del-comun-zapatista-sabado-29-de-diciembre-del-2024\/","url_meta":{"origin":13301,"position":4},"title":"Mesa Rebeld\u00eda y Resistencia Zapatistas. Parte III Los primeros pasos del Com\u00fan Zapatista S\u00e1bado 29 de diciembre del 2024","author":"grieta","date":"29 diciembre, 2024","format":false,"excerpt":"Mesa Rebeld\u00eda y Resistencia Zapatistas. Parte III Los primeros pasos del Com\u00fan Zapatista S\u00e1bado 29 de diciembre del 2024 https:\/\/enlacezapatista.ezln.org.mx\/2024\/12\/27\/transmision-en-vivo-de-las-mesas-de-la-primera-sesion-de-los-encuentros-de-resistencia-y-rebeldia\/","rel":"","context":"En &quot;CINTILLO&quot;","block_context":{"text":"CINTILLO","link":"https:\/\/www.grieta.org.mx\/index.php\/category\/cintillo\/"},"img":{"alt_text":"","src":"https:\/\/i0.wp.com\/www.grieta.org.mx\/wp-content\/uploads\/2024\/12\/Screenshot-2024-12-27-at-22-58-54-Enlace-Zapatista.png?resize=350%2C200&ssl=1","width":350,"height":200,"srcset":"https:\/\/i0.wp.com\/www.grieta.org.mx\/wp-content\/uploads\/2024\/12\/Screenshot-2024-12-27-at-22-58-54-Enlace-Zapatista.png?resize=350%2C200&ssl=1 1x, https:\/\/i0.wp.com\/www.grieta.org.mx\/wp-content\/uploads\/2024\/12\/Screenshot-2024-12-27-at-22-58-54-Enlace-Zapatista.png?resize=525%2C300&ssl=1 1.5x, https:\/\/i0.wp.com\/www.grieta.org.mx\/wp-content\/uploads\/2024\/12\/Screenshot-2024-12-27-at-22-58-54-Enlace-Zapatista.png?resize=700%2C400&ssl=1 2x, https:\/\/i0.wp.com\/www.grieta.org.mx\/wp-content\/uploads\/2024\/12\/Screenshot-2024-12-27-at-22-58-54-Enlace-Zapatista.png?resize=1050%2C600&ssl=1 3x"},"classes":[]},{"id":70762,"url":"https:\/\/www.grieta.org.mx\/index.php\/2024\/12\/29\/el-ezln-asegura-que-las-comunidades-zapatistas-no-cederan-ante-la-violencia-en-chiapas-periodistas-unidos\/","url_meta":{"origin":13301,"position":5},"title":"El EZLN asegura que las comunidades zapatistas no ceder\u00e1n ante la violencia en Chiapas &#8211; Periodistas Unidos","author":"grieta","date":"29 diciembre, 2024","format":false,"excerpt":"Mitzi Fuentes \/ Periodistas Unidos EFE. San Crist\u00f3bal de las Casas, M\u00e9xico. 28 de diciembre de 2024.- En la v\u00edspera del 31 aniversario del alzamiento armado del Ej\u00e9rcito Zapatista de Liberaci\u00f3n Nacional (EZLN) en M\u00e9xico, el subcomandante Marcos afirm\u00f3 este s\u00e1bado que las comunidades zapatistas no se van a doblegar\u2026","rel":"","context":"En &quot;CINTILLO&quot;","block_context":{"text":"CINTILLO","link":"https:\/\/www.grieta.org.mx\/index.php\/category\/cintillo\/"},"img":{"alt_text":"","src":"https:\/\/i0.wp.com\/www.grieta.org.mx\/wp-content\/uploads\/2024\/12\/241228AMO_EZLN-11.webp?resize=350%2C200&ssl=1","width":350,"height":200,"srcset":"https:\/\/i0.wp.com\/www.grieta.org.mx\/wp-content\/uploads\/2024\/12\/241228AMO_EZLN-11.webp?resize=350%2C200&ssl=1 1x, https:\/\/i0.wp.com\/www.grieta.org.mx\/wp-content\/uploads\/2024\/12\/241228AMO_EZLN-11.webp?resize=525%2C300&ssl=1 1.5x, https:\/\/i0.wp.com\/www.grieta.org.mx\/wp-content\/uploads\/2024\/12\/241228AMO_EZLN-11.webp?resize=700%2C400&ssl=1 2x"},"classes":[]}],"_links":{"self":[{"href":"https:\/\/www.grieta.org.mx\/index.php\/wp-json\/wp\/v2\/posts\/13301","targetHints":{"allow":["GET"]}}],"collection":[{"href":"https:\/\/www.grieta.org.mx\/index.php\/wp-json\/wp\/v2\/posts"}],"about":[{"href":"https:\/\/www.grieta.org.mx\/index.php\/wp-json\/wp\/v2\/types\/post"}],"author":[{"embeddable":true,"href":"https:\/\/www.grieta.org.mx\/index.php\/wp-json\/wp\/v2\/users\/2"}],"replies":[{"embeddable":true,"href":"https:\/\/www.grieta.org.mx\/index.php\/wp-json\/wp\/v2\/comments?post=13301"}],"version-history":[{"count":1,"href":"https:\/\/www.grieta.org.mx\/index.php\/wp-json\/wp\/v2\/posts\/13301\/revisions"}],"predecessor-version":[{"id":13304,"href":"https:\/\/www.grieta.org.mx\/index.php\/wp-json\/wp\/v2\/posts\/13301\/revisions\/13304"}],"wp:featuredmedia":[{"embeddable":true,"href":"https:\/\/www.grieta.org.mx\/index.php\/wp-json\/wp\/v2\/media\/21928"}],"wp:attachment":[{"href":"https:\/\/www.grieta.org.mx\/index.php\/wp-json\/wp\/v2\/media?parent=13301"}],"wp:term":[{"taxonomy":"category","embeddable":true,"href":"https:\/\/www.grieta.org.mx\/index.php\/wp-json\/wp\/v2\/categories?post=13301"},{"taxonomy":"post_tag","embeddable":true,"href":"https:\/\/www.grieta.org.mx\/index.php\/wp-json\/wp\/v2\/tags?post=13301"}],"curies":[{"name":"wp","href":"https:\/\/api.w.org\/{rel}","templated":true}]}}