{"id":13233,"date":"2016-05-25T03:30:28","date_gmt":"2016-05-25T03:30:28","guid":{"rendered":"http:\/\/www.grieta.org.mx\/?p=13233"},"modified":"2016-05-30T03:33:28","modified_gmt":"2016-05-30T03:33:28","slug":"reanudaran-el-gasoducto-tras-seis-meses-del-bloqueo","status":"publish","type":"post","link":"https:\/\/www.grieta.org.mx\/index.php\/2016\/05\/25\/reanudaran-el-gasoducto-tras-seis-meses-del-bloqueo\/","title":{"rendered":"Reanudar\u00e1n el gasoducto tras seis meses del bloqueo"},"content":{"rendered":"<p>El Debate, Sinaloa. <\/p>\n<p>Los Mochis, Sinaloa.- Los trabajos del gasoducto, despu\u00e9s de seis meses bloqueados por un plant\u00f3n de ejidatarios de las comunidades Los Pozos y El Descanso, del municipio de Choix, ser\u00e1n reanudados los pr\u00f3ximos d\u00edas.<\/p>\n<p>\u201cSon primicias porque andan poniendo en actividad los veh\u00edculos que est\u00e1n parados, porque con  el tiempo se deterioran las pilas y todo eso, y las andan reactivando. Todav\u00eda el trabajo no arranca en s\u00ed, pero en los pr\u00f3ximos d\u00edas se van a poner ya a trabajar\u201d, inform\u00f3 uno de los guardias que cuida la maquinaria d\u00eda y noche en lo alto de la sierra, quien pidi\u00f3 que se omitiera su nombre para evitarse problemas con sus superiores.<\/p>\n<p>No fueron detenidos.<br \/>\nDespu\u00e9s de que el d\u00eda de antier, ejidatarios  de El Descanso denunciaran que los 3 l\u00edderes del plant\u00f3n que frenaba los trabajos del gasoducto, fueron detenidos por elementos de la Polic\u00eda Ministerial, el subprocurador regional de Justicia en la zona norte, desminti\u00f3 el hecho.<br \/>\nJes\u00fas Arnoldo Serrano Castelo aclar\u00f3 que los pobladores identificados como Baudel S\u00e1nchez Arag\u00f3n, Daniel y Jorge Olgu\u00edn Grajeda, quienes supuestamente est\u00e1n impidiendo las labores de la obra en exigencia a una indemnizaci\u00f3n por los da\u00f1os que est\u00e1 causando,  no fueron detenidos sino  trasladados al Centro de Mecanismos Alternativos de Soluci\u00f3n de Controversias en Materia Penal, ubicado en la Subprocuradur\u00eda Regional de Justicia en Los Mochis, donde se les explic\u00f3 en qu\u00e9 consiste la Junta Restaurativa, mecanismo que forma parte del Nuevo Sistema de Justicia Penal, sus alcances, reglas y les despejaron algunas dudas que ellos ten\u00edan.  El subprocurador regional de Justicia en la zona norte enfatiz\u00f3 que la Junta Restaurativa es el mecanismo mediante el cual la v\u00edctima u ofendido, el imputado, y en su caso la comunidad afectada, en libre ejercicio de su autonom\u00eda, buscan, construyen y proponen opciones de soluci\u00f3n a la controversia, con el objeto de lograr un acuerdo que atienda las necesidades y responsabilidades individuales y colectivas, as\u00ed como la integraci\u00f3n de la v\u00edctima u ofendido y del imputado a la comunidad y la recomposici\u00f3n del tejido social.<br \/>\nAsimismo, Jes\u00fas Arnoldo Serrano Castelo manifest\u00f3 que posteriormente el facilitador de la Junta Restaurativa acudir\u00e1 al sitio del conflicto para realizar el mismo procedimiento con el resto de los pobladores involucrados en el problema, a quienes dos empresas que construyen el gasoducto los denunciaron por el delito de despojo.<\/p>\n<p>Est\u00e1n inconformes.<br \/>\nEl d\u00eda de ayer, despu\u00e9s de un recorrido por El Descanso, los pobladores  se mostraron a\u00fan muy inconformes por la obra del gasoducto, pues afirman que los trabajos acabaron con los aguajes donde beb\u00eda el ganado, ya que el tubo que conducir\u00e1 el gas pasa por el arroyo de esta comunidad, y ahora el problema con el calor y la sequ\u00eda se acrecienta.<br \/>\n\u201cAcabaron con todo lo que encontraron en su paso. Con los aguajes La Cocolmeca, La Higuerita y La Ortiguilla, los tres aguajes donde tomaba agua el ganado. Las vacas est\u00e1n flacas, no hay que coman y ahora ni agua tienen para tomar. Se est\u00e1n cayendo de flacas y es muy rara la que se salva\u201d, expuso uno de los ejidatarios.<br \/>\nDe acuerdo con los habitantes de la peque\u00f1a comunidad, alrededor de 100 ejidatarios de Los Pozos y El Descanso recibieron de inicio 6 millones de pesos, pero ahora quieren 15 millones m\u00e1s por los da\u00f1os ecol\u00f3gicos que las compa\u00f1\u00edas han provocado. Afirman que las empresas que est\u00e1n al frente de la obra les ofrecen apoyos como arreglar los cercos de sus hogares, pero ellos, argumentan que lo que necesitan es el dinero para sacar adelante a sus familias.<\/p>\n<p>Retiran plant\u00f3n.<br \/>\nLos ejidatarios que manten\u00edan bloqueados los trabajos del gasoducto, decidieron retirarse, luego de que al campamento de la obra llegaran alrededor de diez unidades de la Polic\u00eda Ministerial, quienes al parecer estar\u00e1n en el lugar de manera permanente para resguardar la obra y que esta pueda seguir su curso.<br \/>\nEl susto que se llevaron los ejidatarios al pensar que los l\u00edderes del plant\u00f3n eran detenidos por las autoridades, los hizo retirarse del plant\u00f3n; sin embargo, mencionaron que seguir\u00e1n en su lucha.<br \/>\nCabe destacar, que a los trabajos del gasoducto les hace falta como un kil\u00f3metro para llegar al r\u00edo Ch\u00ednipas  del estado de Chihuahua, donde se pretende pasar la tuber\u00eda por debajo del r\u00edo.<\/p>\n<p><a href=\"http:\/\/www.debate.com.mx\/losmochis\/Reanudaran-el-gasoducto-tras-seis-meses-del-bloqueo-20160525-0066.html\" target=\"_blank\">http:\/\/www.debate.com.mx\/losmochis\/Reanudaran-el-gasoducto-tras-seis-meses-del-bloqueo-20160525-0066.html<\/a><\/p>\n","protected":false},"excerpt":{"rendered":"<p>El Debate, Sinaloa. Los Mochis, Sinaloa.- Los trabajos del gasoducto, despu\u00e9s de seis meses bloqueados por un plant\u00f3n de ejidatarios de las comunidades Los Pozos y El Descanso, del municipio &hellip; <a href=\"https:\/\/www.grieta.org.mx\/index.php\/2016\/05\/25\/reanudaran-el-gasoducto-tras-seis-meses-del-bloqueo\/\" class=\"more-link\">Leer m\u00e1s<\/a><\/p>\n","protected":false},"author":2,"featured_media":21928,"comment_status":"closed","ping_status":"closed","sticky":false,"template":"","format":"standard","meta":{"ngg_post_thumbnail":0,"_jetpack_newsletter_access":"","_jetpack_dont_email_post_to_subs":false,"_jetpack_newsletter_tier_id":0,"_jetpack_memberships_contains_paywalled_content":false,"_jetpack_memberships_contains_paid_content":false,"footnotes":""},"categories":[80,164],"tags":[91,174,350,96],"class_list":["post-13233","post","type-post","status-publish","format-standard","has-post-thumbnail","hentry","category-cintillo","category-sinaloa","tag-contaminacion-ambiental","tag-derechos-humanos","tag-gasoducto","tag-megaproyectos","entry"],"jetpack_featured_media_url":"https:\/\/www.grieta.org.mx\/wp-content\/uploads\/2018\/03\/14524434_1106112876131411_958039263622046936_o.jpg","jetpack_sharing_enabled":true,"jetpack_shortlink":"https:\/\/wp.me\/p7ZJR4-3rr","jetpack_likes_enabled":false,"jetpack-related-posts":[{"id":10113,"url":"https:\/\/www.grieta.org.mx\/index.php\/2016\/04\/07\/sinaloa-ve-solucion-a-conflicto-del-gasoducto\/","url_meta":{"origin":13233,"position":0},"title":"Sinaloa ve soluci\u00f3n a conflicto del gasoducto","author":"grieta","date":"7 abril, 2016","format":false,"excerpt":"Javier Vega, Sinaloa. Choix, Sinaloa.- Los problemas que retrasaron la instalaci\u00f3n del gasoducto en Los Pozos y El Descanso, Choix, est\u00e1n a punto de resolverse y con esto se tiene plena confianza en que las obras se reanuden y se cumpla con la fecha marcada para la llegada del gas\u2026","rel":"","context":"En &quot;CINTILLO&quot;","block_context":{"text":"CINTILLO","link":"https:\/\/www.grieta.org.mx\/index.php\/category\/cintillo\/"},"img":{"alt_text":"","src":"https:\/\/i0.wp.com\/www.grieta.org.mx\/wp-content\/uploads\/2018\/03\/14524434_1106112876131411_958039263622046936_o.jpg?resize=350%2C200&ssl=1","width":350,"height":200,"srcset":"https:\/\/i0.wp.com\/www.grieta.org.mx\/wp-content\/uploads\/2018\/03\/14524434_1106112876131411_958039263622046936_o.jpg?resize=350%2C200&ssl=1 1x, https:\/\/i0.wp.com\/www.grieta.org.mx\/wp-content\/uploads\/2018\/03\/14524434_1106112876131411_958039263622046936_o.jpg?resize=525%2C300&ssl=1 1.5x, https:\/\/i0.wp.com\/www.grieta.org.mx\/wp-content\/uploads\/2018\/03\/14524434_1106112876131411_958039263622046936_o.jpg?resize=700%2C400&ssl=1 2x"},"classes":[]},{"id":10111,"url":"https:\/\/www.grieta.org.mx\/index.php\/2016\/05\/25\/danos-y-despojo-por-construccion-de-gasoductos-en-sinaloa\/","url_meta":{"origin":13233,"position":1},"title":"Da\u00f1os y despojo por construcci\u00f3n de gasoductos en Sinaloa","author":"grieta","date":"25 mayo, 2016","format":false,"excerpt":"25\/05\/16. Reanudar\u00e1n el gasoducto tras seis meses del bloqueo El Debate 07\/04\/16. Sinaloa ve soluci\u00f3n a conflicto del gasoducto El Debate 06\/04\/16. Gasoducto paralizado desde diciembre pasado El Debate 09\/02\/16. Declaran campesinos por da\u00f1os a obra del gasoducto L\u00ednea Directa","rel":"","context":"En &quot;Hidrocarburos&quot;","block_context":{"text":"Hidrocarburos","link":"https:\/\/www.grieta.org.mx\/index.php\/category\/megaproyectos\/hidrocarburos\/"},"img":{"alt_text":"","src":"https:\/\/i0.wp.com\/www.grieta.org.mx\/wp-content\/uploads\/2018\/03\/14524434_1106112876131411_958039263622046936_o.jpg?resize=350%2C200&ssl=1","width":350,"height":200,"srcset":"https:\/\/i0.wp.com\/www.grieta.org.mx\/wp-content\/uploads\/2018\/03\/14524434_1106112876131411_958039263622046936_o.jpg?resize=350%2C200&ssl=1 1x, https:\/\/i0.wp.com\/www.grieta.org.mx\/wp-content\/uploads\/2018\/03\/14524434_1106112876131411_958039263622046936_o.jpg?resize=525%2C300&ssl=1 1.5x, https:\/\/i0.wp.com\/www.grieta.org.mx\/wp-content\/uploads\/2018\/03\/14524434_1106112876131411_958039263622046936_o.jpg?resize=700%2C400&ssl=1 2x"},"classes":[]},{"id":10106,"url":"https:\/\/www.grieta.org.mx\/index.php\/2016\/04\/06\/gasoducto-paralizado-desde-diciembre-pasado\/","url_meta":{"origin":13233,"position":2},"title":"Gasoducto paralizado desde diciembre pasado","author":"grieta","date":"6 abril, 2016","format":false,"excerpt":"Mar\u00eda de Jes\u00fas Estrada, Sinaloa. Los Mochis, Sinaloa.- Maquinaria paralizada, caminos de terracer\u00eda bien marcados y solo guardias de seguridad se ubican en las inmediaciones de los ejidos Los Pozos y El Descanso, en el municipio de Choix. La tuber\u00eda instalada para el gasoducto Topolobampo-El Encino en esta zona est\u00e1\u2026","rel":"","context":"En &quot;CINTILLO&quot;","block_context":{"text":"CINTILLO","link":"https:\/\/www.grieta.org.mx\/index.php\/category\/cintillo\/"},"img":{"alt_text":"","src":"https:\/\/i0.wp.com\/www.grieta.org.mx\/wp-content\/uploads\/2018\/03\/14524434_1106112876131411_958039263622046936_o.jpg?resize=350%2C200&ssl=1","width":350,"height":200,"srcset":"https:\/\/i0.wp.com\/www.grieta.org.mx\/wp-content\/uploads\/2018\/03\/14524434_1106112876131411_958039263622046936_o.jpg?resize=350%2C200&ssl=1 1x, https:\/\/i0.wp.com\/www.grieta.org.mx\/wp-content\/uploads\/2018\/03\/14524434_1106112876131411_958039263622046936_o.jpg?resize=525%2C300&ssl=1 1.5x, https:\/\/i0.wp.com\/www.grieta.org.mx\/wp-content\/uploads\/2018\/03\/14524434_1106112876131411_958039263622046936_o.jpg?resize=700%2C400&ssl=1 2x"},"classes":[]},{"id":13230,"url":"https:\/\/www.grieta.org.mx\/index.php\/2016\/02\/09\/declaran-campesinos-por-danos-a-obra-del-gasoducto\/","url_meta":{"origin":13233,"position":3},"title":"Declaran campesinos por da\u00f1os a obra del gasoducto","author":"grieta","date":"9 febrero, 2016","format":false,"excerpt":"Mireya Trejo, Sinaloa. El subprocurador de Justicia en la zona norte, Jes\u00fas Arnoldo Serrado Castelo, inform\u00f3 que comparecieron en calidad de indiciados ante el agente del Ministerio P\u00fablico de la cabecera municipal de Choix 10 ejidatarios de El Descanso y Los Pozos, Choix, denunciados por bloqueo de los trabajos de\u2026","rel":"","context":"En &quot;CINTILLO&quot;","block_context":{"text":"CINTILLO","link":"https:\/\/www.grieta.org.mx\/index.php\/category\/cintillo\/"},"img":{"alt_text":"","src":"https:\/\/i0.wp.com\/www.grieta.org.mx\/wp-content\/uploads\/2018\/03\/14524434_1106112876131411_958039263622046936_o.jpg?resize=350%2C200&ssl=1","width":350,"height":200,"srcset":"https:\/\/i0.wp.com\/www.grieta.org.mx\/wp-content\/uploads\/2018\/03\/14524434_1106112876131411_958039263622046936_o.jpg?resize=350%2C200&ssl=1 1x, https:\/\/i0.wp.com\/www.grieta.org.mx\/wp-content\/uploads\/2018\/03\/14524434_1106112876131411_958039263622046936_o.jpg?resize=525%2C300&ssl=1 1.5x, https:\/\/i0.wp.com\/www.grieta.org.mx\/wp-content\/uploads\/2018\/03\/14524434_1106112876131411_958039263622046936_o.jpg?resize=700%2C400&ssl=1 2x"},"classes":[]},{"id":1165,"url":"https:\/\/www.grieta.org.mx\/index.php\/2015\/08\/21\/ejidatarios-detienen-la-obra-del-gasoducto-ramal-por-tiempo-indefinido\/","url_meta":{"origin":13233,"position":4},"title":"Ejidatarios detienen la obra del gasoducto ramal por tiempo indefinido","author":"grieta","date":"21 agosto, 2015","format":false,"excerpt":"Despu\u00e9s de que ejidatarios de Zacamulpa, municipio de Atotonilco retuvieran maquinaria propiedad de la empresa ICA FLUOR por da\u00f1os a la propiedad finalmente acordaron con los representantes de la empresa Incoleg Corporaci\u00f3n que los trabajos que se realizan para el gasoducto ramal de Tula estar\u00e1n parados hasta que se llegue\u2026","rel":"","context":"En &quot;CINTILLO&quot;","block_context":{"text":"CINTILLO","link":"https:\/\/www.grieta.org.mx\/index.php\/category\/cintillo\/"},"img":{"alt_text":"","src":"https:\/\/i0.wp.com\/www.grieta.org.mx\/wp-content\/uploads\/2018\/03\/14524434_1106112876131411_958039263622046936_o.jpg?resize=350%2C200&ssl=1","width":350,"height":200,"srcset":"https:\/\/i0.wp.com\/www.grieta.org.mx\/wp-content\/uploads\/2018\/03\/14524434_1106112876131411_958039263622046936_o.jpg?resize=350%2C200&ssl=1 1x, https:\/\/i0.wp.com\/www.grieta.org.mx\/wp-content\/uploads\/2018\/03\/14524434_1106112876131411_958039263622046936_o.jpg?resize=525%2C300&ssl=1 1.5x, https:\/\/i0.wp.com\/www.grieta.org.mx\/wp-content\/uploads\/2018\/03\/14524434_1106112876131411_958039263622046936_o.jpg?resize=700%2C400&ssl=1 2x"},"classes":[]},{"id":7013,"url":"https:\/\/www.grieta.org.mx\/index.php\/2015\/10\/14\/construiran-dos-termoelectricas-en-sinaloa-con-1200-mdd\/","url_meta":{"origin":13233,"position":5},"title":"Construir\u00e1n dos termoel\u00e9ctricas en Sinaloa con 1,200 mdd","author":"grieta","date":"14 octubre, 2015","format":false,"excerpt":"Irene S\u00e1nchez, Sinaloa Mazatl\u00e1n, Sin., Sinaloa contar\u00e1 con dos termoel\u00e9ctricas m\u00e1s que se construir\u00e1n en Topolobampo, con una inversi\u00f3n de mil 200 millones de d\u00f3lares, adem\u00e1s de otra en Mazatl\u00e1n y una m\u00e1s en Ahome, que ser\u00e1n reconvertidas a ciclo combinado, con una inversi\u00f3n de 70 millones de d\u00f3lares, para\u2026","rel":"","context":"En &quot;CINTILLO&quot;","block_context":{"text":"CINTILLO","link":"https:\/\/www.grieta.org.mx\/index.php\/category\/cintillo\/"},"img":{"alt_text":"","src":"https:\/\/i0.wp.com\/www.grieta.org.mx\/wp-content\/uploads\/2018\/03\/14524434_1106112876131411_958039263622046936_o.jpg?resize=350%2C200&ssl=1","width":350,"height":200,"srcset":"https:\/\/i0.wp.com\/www.grieta.org.mx\/wp-content\/uploads\/2018\/03\/14524434_1106112876131411_958039263622046936_o.jpg?resize=350%2C200&ssl=1 1x, https:\/\/i0.wp.com\/www.grieta.org.mx\/wp-content\/uploads\/2018\/03\/14524434_1106112876131411_958039263622046936_o.jpg?resize=525%2C300&ssl=1 1.5x, https:\/\/i0.wp.com\/www.grieta.org.mx\/wp-content\/uploads\/2018\/03\/14524434_1106112876131411_958039263622046936_o.jpg?resize=700%2C400&ssl=1 2x"},"classes":[]}],"_links":{"self":[{"href":"https:\/\/www.grieta.org.mx\/index.php\/wp-json\/wp\/v2\/posts\/13233","targetHints":{"allow":["GET"]}}],"collection":[{"href":"https:\/\/www.grieta.org.mx\/index.php\/wp-json\/wp\/v2\/posts"}],"about":[{"href":"https:\/\/www.grieta.org.mx\/index.php\/wp-json\/wp\/v2\/types\/post"}],"author":[{"embeddable":true,"href":"https:\/\/www.grieta.org.mx\/index.php\/wp-json\/wp\/v2\/users\/2"}],"replies":[{"embeddable":true,"href":"https:\/\/www.grieta.org.mx\/index.php\/wp-json\/wp\/v2\/comments?post=13233"}],"version-history":[{"count":1,"href":"https:\/\/www.grieta.org.mx\/index.php\/wp-json\/wp\/v2\/posts\/13233\/revisions"}],"predecessor-version":[{"id":13234,"href":"https:\/\/www.grieta.org.mx\/index.php\/wp-json\/wp\/v2\/posts\/13233\/revisions\/13234"}],"wp:featuredmedia":[{"embeddable":true,"href":"https:\/\/www.grieta.org.mx\/index.php\/wp-json\/wp\/v2\/media\/21928"}],"wp:attachment":[{"href":"https:\/\/www.grieta.org.mx\/index.php\/wp-json\/wp\/v2\/media?parent=13233"}],"wp:term":[{"taxonomy":"category","embeddable":true,"href":"https:\/\/www.grieta.org.mx\/index.php\/wp-json\/wp\/v2\/categories?post=13233"},{"taxonomy":"post_tag","embeddable":true,"href":"https:\/\/www.grieta.org.mx\/index.php\/wp-json\/wp\/v2\/tags?post=13233"}],"curies":[{"name":"wp","href":"https:\/\/api.w.org\/{rel}","templated":true}]}}