{"id":13218,"date":"2016-05-01T02:40:51","date_gmt":"2016-05-01T02:40:51","guid":{"rendered":"http:\/\/www.grieta.org.mx\/?p=13218"},"modified":"2016-05-30T02:42:30","modified_gmt":"2016-05-30T02:42:30","slug":"salina-cruz-huele-a-peligro","status":"publish","type":"post","link":"https:\/\/www.grieta.org.mx\/index.php\/2016\/05\/01\/salina-cruz-huele-a-peligro\/","title":{"rendered":"Salina Cruz huele a peligro"},"content":{"rendered":"<p>Gonzalo Dom\u00ednguez, Oaxaca.<\/p>\n<p>SALINA CRUZ, OAX. La refiner\u00eda Antonio Doval\u00ed Jaime, la m\u00e1s productiva del pa\u00eds, cuya operaci\u00f3n inici\u00f3 desde hace m\u00e1s de 37 a\u00f1os con la instalaci\u00f3n de 24 plantas que procesan el hidrocarburo, est\u00e1 convertida en un eminente factor de riesgo para sus trabajadores, as\u00ed como para la comunidad, por su escaso mantenimiento y el exceso de corrupci\u00f3n que se complica con la falta de rutas de evacuaci\u00f3n y la p\u00e9sima o nula se\u00f1alizaci\u00f3n.<\/p>\n<p>La Doval\u00ed Jaime, se ubica al norte de la ciudad, colindante con la comunidad de Boca del R\u00edo y San Pedro Huilotepec, rodeada de al menos 20 colonias en una extensi\u00f3n de 600 hect\u00e1reas.<\/p>\n<p>Desde cualquier punto de la ciudad, se puede apreciar las instalaciones petroleras por sus enormes chimeneas de m\u00e1s de 50 metros de altura, que emanan enormes columnas de humo t\u00f3xico que se esparcen en el cielo.<\/p>\n<p>Silvestre S\u00e1nchez Carrillo, especialista en el tema de seguridad industrial y exdirector de la Unidad Municipal de Protecci\u00f3n Civil, admiti\u00f3 que la refiner\u00eda atraviesa por una severa crisis de seguridad.<\/p>\n<p>Y es que las explosiones e incidentes, est\u00e1n a la orden del d\u00eda, aunque el gerente Jaime Tarcicio Bracamontes y el mismo encargado de Comunicaci\u00f3n Social, Demetrio Cipriano, se empe\u00f1an en minimizar los riesgos.<\/p>\n<p>La explosi\u00f3n m\u00e1s reciente que cimbr\u00f3 al municipio, ocurri\u00f3 el 24 de noviembre, en la planta de Alquilaci\u00f3n y dej\u00f3 da\u00f1os materiales y al menos una veintena de lesionados, sin que se precisara con exactitud si hubo muertos.<\/p>\n<p>&#8220;No queremos que nos pase lo que ocurri\u00f3 en &#8220;Pajaritos&#8221;. Lo que si es cierto, es que los riesgos se pueden evitar, y es responsabilidad de la gerencia velar por la seguridad de los trabajadores y de la misma ciudadan\u00eda&#8221;, admiti\u00f3 S\u00e1nchez Carrillo.<\/p>\n<p>&#8220;Los riesgos est\u00e1n ah\u00ed, en la operaci\u00f3n misma de la refiner\u00eda, lo que se pretende es que esos riesgos sean minimizados con mantenimientos preventivos y correctivos y posteriormente con la aplicaci\u00f3n de los medios de seguridad&#8221;.<\/p>\n<p>Y es que en ese mismo 24 de noviembre, la explosi\u00f3n gener\u00f3 p\u00e1nico entre la poblaci\u00f3n y por la falta de informaci\u00f3n y coordinaci\u00f3n entre las autoridades de los tres niveles de Gobierno, se gener\u00f3 un caos.<\/p>\n<p>&#8220;No hubo una informaci\u00f3n real de lo que estaba aconteciendo en la refiner\u00eda. Pemex, como siembre, se mantuvo herm\u00e9tico y hasta minimizaron los hechos y la gente sali\u00f3 corriendo sin rumbo definido para ponerse a salvo&#8221;, afirm\u00f3 el especialista.<\/p>\n<p>Carrillo calific\u00f3 al titular de Comunicaci\u00f3n Social como un funcionario omiso e irresponsable, porque se niega a informar de lo que ah\u00ed sucede.<\/p>\n<p>&#8220;En un incidente, lo que generan es angustia y desesperaci\u00f3n entre la sociedad. Comunicaci\u00f3n social no cumple con sus funciones y generan un caos&#8221;, insisti\u00f3.<\/p>\n<p>Explic\u00f3 que la refiner\u00eda cuenta con lo m\u00e1s sofisticado en tecnolog\u00eda, que van desde detectores de gases en caso de fuga, detector de combustibles y otros sensores que pueden emitir una se\u00f1al de riesgo.<\/p>\n<p>P\u00e9sima se\u00f1alizaci\u00f3n<\/p>\n<p>De acuerdo con la fuente, esa refiner\u00eda ubicada en m\u00e1s de 600 hect\u00e1reas, colindante con la comunidad de Boca del R\u00edo, Huazantl\u00e1n y Huilotepec, cuenta con rutas de evacuaci\u00f3n, pero no hay se\u00f1alizaci\u00f3n.<\/p>\n<p>Sobre las vialidades que se utilizan como ruta de escape, se pudo constatar que no hay se\u00f1alizaci\u00f3n que indique a los automovilistas, el camino a seguir para ponerse a salvo.<\/p>\n<p>&#8220;Son rutas que la gente no utiliza en una emergencia, porque carecen de se\u00f1alizaci\u00f3n&#8221;.<\/p>\n<p>Adem\u00e1s, las dos avenidas est\u00e1n llenas de enormes topes y baches, que impide un tr\u00e1nsito fluido a los automovilistas.<\/p>\n<p>Derecho del v\u00eda, invadido<\/p>\n<p>Talleres mec\u00e1nicos, centros comerciales, tiendas, miscel\u00e1neas, cantinas y parques, forman parte de los asentamientos que invaden el derecho de v\u00eda de Petr\u00f3leos Mexicanos.<\/p>\n<p>Las l\u00edneas transportan gasolina, chapopote, diesel, amoniaco y otros productos que son altamente explosivos.<\/p>\n<p>Silvestre S\u00e1nchez indic\u00f3 que son al menos 23 colonias colindantes con el derecho de v\u00eda, con asentamientos humanos y familias que viven con el riesgo bajo sus pies.<\/p>\n<p>Dijo que la \u00fanica forma de estar preparados ante un desastre, es mediante la cultura de la prevenci\u00f3n, pero sobre todo que se cumplan con los protocolos de seguridad que marcan la normatividad de Pemex o la empresa productiva del estado, concluy\u00f3.<\/p>\n<p><a href=\"http:\/\/imparcialoaxaca.mx\/general\/a23\/salina-cruz-huele-a-peligro\" target=\"_blank\">http:\/\/imparcialoaxaca.mx\/general\/a23\/salina-cruz-huele-a-peligro<\/a><\/p>\n","protected":false},"excerpt":{"rendered":"<p>Gonzalo Dom\u00ednguez, Oaxaca. SALINA CRUZ, OAX. La refiner\u00eda Antonio Doval\u00ed Jaime, la m\u00e1s productiva del pa\u00eds, cuya operaci\u00f3n inici\u00f3 desde hace m\u00e1s de 37 a\u00f1os con la instalaci\u00f3n de 24 &hellip; <a href=\"https:\/\/www.grieta.org.mx\/index.php\/2016\/05\/01\/salina-cruz-huele-a-peligro\/\" class=\"more-link\">Leer m\u00e1s<\/a><\/p>\n","protected":false},"author":2,"featured_media":21928,"comment_status":"closed","ping_status":"closed","sticky":false,"template":"","format":"standard","meta":{"ngg_post_thumbnail":0,"_jetpack_newsletter_access":"","_jetpack_dont_email_post_to_subs":false,"_jetpack_newsletter_tier_id":0,"_jetpack_memberships_contains_paywalled_content":false,"_jetpack_memberships_contains_paid_content":false,"footnotes":""},"categories":[80],"tags":[174,184,96,93],"class_list":["post-13218","post","type-post","status-publish","format-standard","has-post-thumbnail","hentry","category-cintillo","tag-derechos-humanos","tag-despojo","tag-megaproyectos","tag-oaxaca","entry"],"jetpack_featured_media_url":"https:\/\/www.grieta.org.mx\/wp-content\/uploads\/2018\/03\/14524434_1106112876131411_958039263622046936_o.jpg","jetpack_sharing_enabled":true,"jetpack_shortlink":"https:\/\/wp.me\/p7ZJR4-3rc","jetpack_likes_enabled":false,"jetpack-related-posts":[{"id":70613,"url":"https:\/\/www.grieta.org.mx\/index.php\/2024\/11\/22\/por-enesima-ocasion-pemex-contamina-con-aguas-negras-la-playa-la-ventosa-en-salina-cruz-oaxaca-denuncian-pescadores\/","url_meta":{"origin":13218,"position":0},"title":"Por en\u00e9sima ocasi\u00f3n Pemex contamina con aguas negras la playa \u201cLa Ventosa\u201d en Salina Cruz, Oaxaca denuncian pescadores","author":"grieta","date":"22 noviembre, 2024","format":false,"excerpt":"Imagen: Itsmo Press #Oaxaca 23 Nov (#Istmopress) \u2013 Pescadores y pobladores de la Agencia Municipal de La Ventosa, en Salina Cruz, Oaxaca denunciaron que por en\u00e9sima ocasi\u00f3n, la refiner\u00eda Antonio Doval\u00ed Jaime que pertenece a Petr\u00f3leos Mexicanos contamin\u00f3 su playa al derramar sus aguas negras en la bah\u00eda de la\u2026","rel":"","context":"En &quot;CINTILLO&quot;","block_context":{"text":"CINTILLO","link":"https:\/\/www.grieta.org.mx\/index.php\/category\/cintillo\/"},"img":{"alt_text":"","src":"https:\/\/i0.wp.com\/www.grieta.org.mx\/wp-content\/uploads\/2024\/12\/1732651749313-800x445-1.jpg?resize=350%2C200&ssl=1","width":350,"height":200,"srcset":"https:\/\/i0.wp.com\/www.grieta.org.mx\/wp-content\/uploads\/2024\/12\/1732651749313-800x445-1.jpg?resize=350%2C200&ssl=1 1x, https:\/\/i0.wp.com\/www.grieta.org.mx\/wp-content\/uploads\/2024\/12\/1732651749313-800x445-1.jpg?resize=525%2C300&ssl=1 1.5x, https:\/\/i0.wp.com\/www.grieta.org.mx\/wp-content\/uploads\/2024\/12\/1732651749313-800x445-1.jpg?resize=700%2C400&ssl=1 2x"},"classes":[]},{"id":4787,"url":"https:\/\/www.grieta.org.mx\/index.php\/2015\/04\/19\/400-comuneros-de-oaxaca-bloquean-carretera-de-puebla-pemex-no-ha-reparado-el-dano-hecho-a-sus-tierras\/","url_meta":{"origin":13218,"position":1},"title":"400 comuneros de Oaxaca bloquean carretera de Puebla, PEMEX no ha reparado el da\u00f1o hecho a sus tierras","author":"grieta","date":"19 abril, 2015","format":false,"excerpt":"Redacci\u00f3n Revoluci\u00f3n 3.0, Oaxaca. (19 de abril, 2015).- Poco m\u00e1s de 400 de comuneros de Santa Cruz Tagolaba y Lieza, del municipio de Tehuantepec, as\u00ed como de Santa Mar\u00eda Mixtequilla, iniciaron este domingo un bloqueo en la carretera federal 190, en el punto denominado \u201cCaracol\u201d, lo que impide el paso\u2026","rel":"","context":"En &quot;CINTILLO&quot;","block_context":{"text":"CINTILLO","link":"https:\/\/www.grieta.org.mx\/index.php\/category\/cintillo\/"},"img":{"alt_text":"","src":"https:\/\/i0.wp.com\/www.grieta.org.mx\/wp-content\/uploads\/2018\/03\/14524434_1106112876131411_958039263622046936_o.jpg?resize=350%2C200&ssl=1","width":350,"height":200,"srcset":"https:\/\/i0.wp.com\/www.grieta.org.mx\/wp-content\/uploads\/2018\/03\/14524434_1106112876131411_958039263622046936_o.jpg?resize=350%2C200&ssl=1 1x, https:\/\/i0.wp.com\/www.grieta.org.mx\/wp-content\/uploads\/2018\/03\/14524434_1106112876131411_958039263622046936_o.jpg?resize=525%2C300&ssl=1 1.5x, https:\/\/i0.wp.com\/www.grieta.org.mx\/wp-content\/uploads\/2018\/03\/14524434_1106112876131411_958039263622046936_o.jpg?resize=700%2C400&ssl=1 2x"},"classes":[]},{"id":14590,"url":"https:\/\/www.grieta.org.mx\/index.php\/2016\/06\/18\/se-enfrentan-800-policias-con-maestros-de-la-cnte-en-salina-cruz-oax\/","url_meta":{"origin":13218,"position":2},"title":"Se enfrentan 800 polic\u00edas con maestros de la CNTE en Salina Cruz (OAX)","author":"grieta","date":"18 junio, 2016","format":false,"excerpt":"Diana Manzo, Oaxaca. Alrededor de 800 elementos de la Polic\u00edas Federal (PF) se enfrentaron con maestros de la secci\u00f3n 22 de la CNTE y padres de familia, quienes se encontraban en el acceso principal al puerto de Salina Cruz, Oaxaca. Los uniformados arrojaron gases lacrim\u00f3genos a los 500 manifestantes al\u2026","rel":"","context":"En &quot;CINTILLO&quot;","block_context":{"text":"CINTILLO","link":"https:\/\/www.grieta.org.mx\/index.php\/category\/cintillo\/"},"img":{"alt_text":"","src":"https:\/\/i0.wp.com\/www.grieta.org.mx\/wp-content\/uploads\/2018\/03\/14524434_1106112876131411_958039263622046936_o.jpg?resize=350%2C200&ssl=1","width":350,"height":200,"srcset":"https:\/\/i0.wp.com\/www.grieta.org.mx\/wp-content\/uploads\/2018\/03\/14524434_1106112876131411_958039263622046936_o.jpg?resize=350%2C200&ssl=1 1x, https:\/\/i0.wp.com\/www.grieta.org.mx\/wp-content\/uploads\/2018\/03\/14524434_1106112876131411_958039263622046936_o.jpg?resize=525%2C300&ssl=1 1.5x, https:\/\/i0.wp.com\/www.grieta.org.mx\/wp-content\/uploads\/2018\/03\/14524434_1106112876131411_958039263622046936_o.jpg?resize=700%2C400&ssl=1 2x"},"classes":[]},{"id":28764,"url":"https:\/\/www.grieta.org.mx\/index.php\/2019\/01\/25\/salina-cruz-30-colonias-sobre-ductos-oaxaca\/","url_meta":{"origin":13218,"position":3},"title":"Salina Cruz: 30 colonias sobre ductos (Oaxaca)","author":"grieta","date":"25 enero, 2019","format":false,"excerpt":"Noticias. Alfonso Tapia Barrita, Salina Cruz, Oaxaca.- Los ductos de Petr\u00f3leos Mexicanos (Pemex), empresa productiva del Estado atraviesan la zona urbana y conurbada de Salina Cruz, lo que pone en riesgo a 3 mil personas y unas 800 viviendas que se encuentran dentro de esta franja, que comprende diez metros\u2026","rel":"","context":"En &quot;CINTILLO&quot;","block_context":{"text":"CINTILLO","link":"https:\/\/www.grieta.org.mx\/index.php\/category\/cintillo\/"},"img":{"alt_text":"","src":"https:\/\/i0.wp.com\/www.grieta.org.mx\/wp-content\/uploads\/2019\/02\/image_13_260.jpg?resize=350%2C200&ssl=1","width":350,"height":200,"srcset":"https:\/\/i0.wp.com\/www.grieta.org.mx\/wp-content\/uploads\/2019\/02\/image_13_260.jpg?resize=350%2C200&ssl=1 1x, https:\/\/i0.wp.com\/www.grieta.org.mx\/wp-content\/uploads\/2019\/02\/image_13_260.jpg?resize=525%2C300&ssl=1 1.5x, https:\/\/i0.wp.com\/www.grieta.org.mx\/wp-content\/uploads\/2019\/02\/image_13_260.jpg?resize=700%2C400&ssl=1 2x, https:\/\/i0.wp.com\/www.grieta.org.mx\/wp-content\/uploads\/2019\/02\/image_13_260.jpg?resize=1050%2C600&ssl=1 3x"},"classes":[]},{"id":12896,"url":"https:\/\/www.grieta.org.mx\/index.php\/2016\/05\/23\/marchan-padres-de-familia-a-favor-del-magisterio-en-salina-cruz\/","url_meta":{"origin":13218,"position":4},"title":"Marchan padres de familia a favor del magisterio en Salina Cruz","author":"grieta","date":"23 mayo, 2016","format":false,"excerpt":"P\u00e1gina 3. Diana Manzo, Salina Cruz, Oaxaca.- Unos mil padres de familia que integran el sector Salina Cruz marcharon en defensa y solidaridad del magisterio oaxaque\u00f1o. Con pancartas y lonas as\u00ed como altavoces los padres de familia e integrantes de organizaciones civiles partieron del crucero principal de esta ciudad y\u2026","rel":"","context":"En &quot;CINTILLO&quot;","block_context":{"text":"CINTILLO","link":"https:\/\/www.grieta.org.mx\/index.php\/category\/cintillo\/"},"img":{"alt_text":"","src":"https:\/\/i0.wp.com\/www.grieta.org.mx\/wp-content\/uploads\/2018\/03\/14524434_1106112876131411_958039263622046936_o.jpg?resize=350%2C200&ssl=1","width":350,"height":200,"srcset":"https:\/\/i0.wp.com\/www.grieta.org.mx\/wp-content\/uploads\/2018\/03\/14524434_1106112876131411_958039263622046936_o.jpg?resize=350%2C200&ssl=1 1x, https:\/\/i0.wp.com\/www.grieta.org.mx\/wp-content\/uploads\/2018\/03\/14524434_1106112876131411_958039263622046936_o.jpg?resize=525%2C300&ssl=1 1.5x, https:\/\/i0.wp.com\/www.grieta.org.mx\/wp-content\/uploads\/2018\/03\/14524434_1106112876131411_958039263622046936_o.jpg?resize=700%2C400&ssl=1 2x"},"classes":[]},{"id":18702,"url":"https:\/\/www.grieta.org.mx\/index.php\/2016\/08\/01\/seccion-22-confirma-liberacion-de-dirigentes-de-oaxaca\/","url_meta":{"origin":13218,"position":5},"title":"Secci\u00f3n 22 confirma liberaci\u00f3n de dirigentes de Oaxaca","author":"grieta","date":"1 agosto, 2016","format":false,"excerpt":"Diana Manzo, Oaxaca. Oax, Oax. Profesores de la secci\u00f3n 22 de la Coordinadora Nacional de Trabajadores de la Educaci\u00f3n (CNTE), del Istmo de Tehuantepec, confirmaron la liberaci\u00f3n de dos dirigentes zapotecas Juan Carlos Orozco Matus, conocido como \u201cMata\u201d, del penal de Miahuatl\u00e1n y Heriberto Magari\u00f1o L\u00f3pez del penal de Tehuantepec.\u2026","rel":"","context":"En &quot;CINTILLO&quot;","block_context":{"text":"CINTILLO","link":"https:\/\/www.grieta.org.mx\/index.php\/category\/cintillo\/"},"img":{"alt_text":"","src":"https:\/\/i0.wp.com\/www.grieta.org.mx\/wp-content\/uploads\/2018\/03\/14524434_1106112876131411_958039263622046936_o.jpg?resize=350%2C200&ssl=1","width":350,"height":200,"srcset":"https:\/\/i0.wp.com\/www.grieta.org.mx\/wp-content\/uploads\/2018\/03\/14524434_1106112876131411_958039263622046936_o.jpg?resize=350%2C200&ssl=1 1x, https:\/\/i0.wp.com\/www.grieta.org.mx\/wp-content\/uploads\/2018\/03\/14524434_1106112876131411_958039263622046936_o.jpg?resize=525%2C300&ssl=1 1.5x, https:\/\/i0.wp.com\/www.grieta.org.mx\/wp-content\/uploads\/2018\/03\/14524434_1106112876131411_958039263622046936_o.jpg?resize=700%2C400&ssl=1 2x"},"classes":[]}],"_links":{"self":[{"href":"https:\/\/www.grieta.org.mx\/index.php\/wp-json\/wp\/v2\/posts\/13218","targetHints":{"allow":["GET"]}}],"collection":[{"href":"https:\/\/www.grieta.org.mx\/index.php\/wp-json\/wp\/v2\/posts"}],"about":[{"href":"https:\/\/www.grieta.org.mx\/index.php\/wp-json\/wp\/v2\/types\/post"}],"author":[{"embeddable":true,"href":"https:\/\/www.grieta.org.mx\/index.php\/wp-json\/wp\/v2\/users\/2"}],"replies":[{"embeddable":true,"href":"https:\/\/www.grieta.org.mx\/index.php\/wp-json\/wp\/v2\/comments?post=13218"}],"version-history":[{"count":1,"href":"https:\/\/www.grieta.org.mx\/index.php\/wp-json\/wp\/v2\/posts\/13218\/revisions"}],"predecessor-version":[{"id":13219,"href":"https:\/\/www.grieta.org.mx\/index.php\/wp-json\/wp\/v2\/posts\/13218\/revisions\/13219"}],"wp:featuredmedia":[{"embeddable":true,"href":"https:\/\/www.grieta.org.mx\/index.php\/wp-json\/wp\/v2\/media\/21928"}],"wp:attachment":[{"href":"https:\/\/www.grieta.org.mx\/index.php\/wp-json\/wp\/v2\/media?parent=13218"}],"wp:term":[{"taxonomy":"category","embeddable":true,"href":"https:\/\/www.grieta.org.mx\/index.php\/wp-json\/wp\/v2\/categories?post=13218"},{"taxonomy":"post_tag","embeddable":true,"href":"https:\/\/www.grieta.org.mx\/index.php\/wp-json\/wp\/v2\/tags?post=13218"}],"curies":[{"name":"wp","href":"https:\/\/api.w.org\/{rel}","templated":true}]}}