{"id":13193,"date":"2016-05-14T22:06:38","date_gmt":"2016-05-14T22:06:38","guid":{"rendered":"http:\/\/www.grieta.org.mx\/?p=13193"},"modified":"2016-05-29T03:23:28","modified_gmt":"2016-05-29T03:23:28","slug":"casu-danzar-para-defender-la-cultura-y-el-agua-en-coyoacan","status":"publish","type":"post","link":"https:\/\/www.grieta.org.mx\/index.php\/2016\/05\/14\/casu-danzar-para-defender-la-cultura-y-el-agua-en-coyoacan\/","title":{"rendered":"CASU, danzar para defender la cultura y el agua en Coyoac\u00e1n"},"content":{"rendered":"<p>Diana Betanzos<\/p>\n<p>S\u00e1bado 14 de mayo, alrededor de las 11:00 am; la lona colocada, las sillas acomodadas en filas, el equipo de sonido: estaba todo listo.<\/p>\n<p>Los primeros asistentes comenzaban a llegar al estacionamiento del <strong>CASU (Centro de Artes de Santa Ursula)<\/strong>, \u00a0en donde se llevar\u00eda a cabo el octavo encuentro de asambleas\u00a0 de los pedregales.<\/p>\n<p>A lo lejos se ve llegar a la maestra\u00a0 Rebeca. No es necesario que nos diga que es bailarina ni que es la maestra de danza; su andar tan caracter\u00edstico, un poco rotado, de bailarines y bailarinas la delata. Casi de forma inmediata Dana, Sofi, Leny, Adriana, Isadora,\u00a0 una a una, sus alumnos y alumnas del taller de danza contempor\u00e1nea, comienzan a hacerse presentes. Tambi\u00e9n, en primera fila, est\u00e1n ya sentadas algunas ni\u00f1as, alumnas del taller de ballet acompa\u00f1adas de sus madres. Todas estudiantes del CASU.<\/p>\n<p>11:20; una patrulla con un par de polic\u00edas llegan al lugar para informar que el estacionamiento ser\u00eda ocupado por los veh\u00edculos de los asistentes al evento privado \u00a0que tambi\u00e9n estaba a punto de iniciar dentro del auditorio del centro de artes.<\/p>\n<p>En ese momento me surgieron un par de dudas:<\/p>\n<p>1.- \u00bfPor qu\u00e9\u00a0 usuarios y usuarias del CASU tendr\u00edan que\u00a0 presentarse en el estacionamiento del lugar en el que por a\u00f1os se han entrenado?<\/p>\n<p>2 \u00bfPor qu\u00e9 un espacio que es de y para la comunidad de Santa \u00darsula, como lo es el CASU, estaba siendo utilizado por escuelas particulares para eventos privados?<\/p>\n<p>Sin embargo, todo estaba montado, el retirarse no era una opci\u00f3n y \u00a0el evento en defensa del CASU y de los pedregales de Coyoac\u00e1n \u00a0comenz\u00f3.<\/p>\n<blockquote><p>\u201cEste espacio se trata\u00a0 de una conquista social de los vecinos de Santa \u00darsula, quienes exigen m\u00e1s espacios para la creatividad y la cultura no para el espect\u00e1culo. Por lo mismo, manifestamos que como vecinos, padres de familia y gente cercana al CASU no permitiremos que se denigre este lugar a costa de cacicazgos y abusos por partes de las autoridades\u201d\u00a0 dijo el sr. Juan Segura, vecino de los pedregales de Coyoac\u00e1n quien tambi\u00e9n hizo externo su apoyo a la maestra Rebeca Mundo, docente de danza quien recientemente fue cesada de sus actividades en el centro de artes, hecho que califico como injusto y un abuso de poder.<\/p><\/blockquote>\n<p>De este modo se dio paso a la presentaci\u00f3n del taller de danza contempor\u00e1nea del CASU.\u00a0 Sofi cargaba a Leny\u00a0 y de pronto en una especie de analog\u00eda, detr\u00e1s de ellas en una de las pancartas, se le\u00eda: \u201cla danza es un poema donde cada movimiento es una palabra\u201d. La m\u00fasica se detuvo y con su respiraci\u00f3n a\u00fan agitada fueron sus voces las que se hicieron escuchar para hablarnos de los desaparecidos, de\u00a0 las desaparecidas, de los feminicidios y de \u00a0los pueblos que aman y defienden sus tierras. Los aplausos no se hicieron esperar, sin embargo,\u00a0 fueron interrumpidos por una nueva melod\u00eda: \u201cnadie se va a morir, la vida toda es nuestro talism\u00e1n es nuestro manto. Nadie se va a morir, menos ahora que el canto de la patria es nuestro canto\u201d se escuch\u00f3.<\/p>\n<p>Finalizaron su presentaci\u00f3n con \u00a0una coreograf\u00eda dedicada a los 43 estudiantes desaparecidos de la normal de Ayotzinapa. El p\u00fablico y las bailarinas se hicieron uno solo, o una sola para juntos elevar en un grito la exigencia de \u00a1JUSTICIA!.<\/p>\n<p><img loading=\"lazy\" decoding=\"async\" data-attachment-id=\"13145\" data-permalink=\"https:\/\/www.grieta.org.mx\/index.php\/2016\/05\/27\/marcha-cnte-a-los-pinos-en-la-cdmx\/arturo-lara-todos-los-derechos-reservados-13\/\" data-orig-file=\"https:\/\/www.grieta.org.mx\/wp-content\/uploads\/2016\/05\/08_3.jpg\" data-orig-size=\"1336,867\" data-comments-opened=\"0\" data-image-meta=\"{&quot;aperture&quot;:&quot;13&quot;,&quot;credit&quot;:&quot;Arturo Lara&quot;,&quot;camera&quot;:&quot;NIKON D600&quot;,&quot;caption&quot;:&quot;Arturo Lara \\u00a9 Todos los derechos reservados&quot;,&quot;created_timestamp&quot;:&quot;1464352778&quot;,&quot;copyright&quot;:&quot;Arturo Lara \\u00a9 Todos los derechos reservados&quot;,&quot;focal_length&quot;:&quot;17&quot;,&quot;iso&quot;:&quot;100&quot;,&quot;shutter_speed&quot;:&quot;0.00625&quot;,&quot;title&quot;:&quot;Arturo Lara \\u00a9 Todos los derechos reservados&quot;,&quot;orientation&quot;:&quot;1&quot;}\" data-image-title=\"Arturo Lara \u00a9 Todos los derechos reservados\" data-image-description=\"\" data-image-caption=\"&lt;p&gt;Arturo Lara \u00a9 Todos los derechos reservados&lt;\/p&gt;\n\" data-medium-file=\"https:\/\/www.grieta.org.mx\/wp-content\/uploads\/2016\/05\/08_3-300x195.jpg\" data-large-file=\"https:\/\/www.grieta.org.mx\/wp-content\/uploads\/2016\/05\/08_3-1024x665.jpg\" class=\"wp-image-13145 size-large aligncenter\" title=\"Danza en el Casu Foto: Diana Betanzos\" src=\"http:\/\/www.masde131.com\/wp-content\/uploads\/2016\/05\/DANZA-CASU-5-1-576x1024.jpg\" alt=\"Danza en el CASU Foto: Diana Betanzos\" width=\"576\" height=\"1024\" \/><\/p>\n<blockquote><p>Enseguida tom\u00f3 la palabra la maestra Rebeca y dijo \u201cpor esto que acaban de ver es que me corrieron\u201d.<\/p><\/blockquote>\n<p>&nbsp;<\/p>\n<p>Habl\u00f3 tambi\u00e9n del proceso de denuncias y quejas levantadas ante la Comisi\u00f3n de Derechos Humanos \u00a0por la mala administraci\u00f3n del espacio, la falta total de mantenimiento en las instalaciones pues los ba\u00f1os siempre est\u00e1n sucios y han identificado plagas de pulgas y chinches, condiciones que imposibilitan el desarrollo de los talleres,\u00a0\u00a0 as\u00ed como amenazas y hostigamiento sexual y laboral, \u00a0pues hab\u00edan llegado a contar hasta 30 visitas\u00a0 de hombres trabajadores del CASU con celulares que las grababan durante las clases, situaci\u00f3n que, \u00a0obviamente, incomodaba las alumnas.\u00a0 Dentro de las denuncias tambi\u00e9n estaban incluidos actos de corrupci\u00f3n.<\/p>\n<p>El evento continu\u00f3 con la participaci\u00f3n de un grupo de rock para ni\u00f1os y ni\u00f1as. Los asistentes m\u00e1s peque\u00f1os dejaron sus lugares para pasar al centro a bailar y corear\u00a0 \u201cpies para que los quiero si tengo alas para volar\u201d en una melod\u00eda dedicada a la pintora Frida Khalo.<\/p>\n<p><img loading=\"lazy\" decoding=\"async\" data-attachment-id=\"13146\" data-permalink=\"https:\/\/www.grieta.org.mx\/index.php\/2016\/05\/27\/marcha-cnte-a-los-pinos-en-la-cdmx\/arturo-lara-todos-los-derechos-reservados-14\/\" data-orig-file=\"https:\/\/www.grieta.org.mx\/wp-content\/uploads\/2016\/05\/10_7.jpg\" data-orig-size=\"1444,964\" data-comments-opened=\"0\" data-image-meta=\"{&quot;aperture&quot;:&quot;4&quot;,&quot;credit&quot;:&quot;Arturo Lara&quot;,&quot;camera&quot;:&quot;NIKON D600&quot;,&quot;caption&quot;:&quot;Arturo Lara \\u00a9 Todos los derechos reservados&quot;,&quot;created_timestamp&quot;:&quot;1464353480&quot;,&quot;copyright&quot;:&quot;Arturo Lara \\u00a9 Todos los derechos reservados&quot;,&quot;focal_length&quot;:&quot;30&quot;,&quot;iso&quot;:&quot;100&quot;,&quot;shutter_speed&quot;:&quot;0.0025&quot;,&quot;title&quot;:&quot;Arturo Lara \\u00a9 Todos los derechos reservados&quot;,&quot;orientation&quot;:&quot;1&quot;}\" data-image-title=\"Arturo Lara \u00a9 Todos los derechos reservados\" data-image-description=\"\" data-image-caption=\"&lt;p&gt;Arturo Lara \u00a9 Todos los derechos reservados&lt;\/p&gt;\n\" data-medium-file=\"https:\/\/www.grieta.org.mx\/wp-content\/uploads\/2016\/05\/10_7-300x200.jpg\" data-large-file=\"https:\/\/www.grieta.org.mx\/wp-content\/uploads\/2016\/05\/10_7-1024x684.jpg\" class=\"alignnone wp-image-13146 size-large\" title=\"Actividades infantiles en defensa del CASU Foto: Diana Betanzos\" src=\"http:\/\/www.masde131.com\/wp-content\/uploads\/2016\/05\/MORRIZA-CASU-1024x576.jpg\" alt=\"MORRIZA CASU\" width=\"1024\" height=\"576\" \/><\/p>\n<p>Posteriormente, Natalia Lara, vecina del CASU e integrante de las asambleas del pedregal habl\u00f3 de la trayectoria de lucha en las colonias de los Pedregales de Coyoac\u00e1n, mencion\u00f3 que han sido sus habitantes quienes han construido sus viviendas e incluso infraestructuras de agua, drenaje y vialidades con trabajo solidario y comunitario.<\/p>\n<blockquote><p>\u201cPor eso la ciudad es de quienes la habitamos porque nosotros la construimos\u201d\u00a0 agreg\u00f3.<\/p><\/blockquote>\n<p>Explic\u00f3 tambi\u00e9n dos temas que han unido a los vecinos de los pedregales de Coyoac\u00e1n en su lucha: el derecho al agua y la defensa de su territorio. Respecto al primero dijo que el derecho al agua se les est\u00e1 siendo negado, pues la extracci\u00f3n de este en el acu\u00edfero ubicado en Avenida Azteca se est\u00e1 haciendo \u00fanicamente para el drenaje, as\u00ed como diversas denuncias e incumplimientos a las normas del plan de manejo y salvaguarda de \u00e1reas verdes, derribo de \u00e1rboles y factibilidad de servicio que afectan el suministro de agua. Sobre la defensa del territorio mencion\u00f3\u00a0 que las construcciones contin\u00faan intensific\u00e1ndose en casi toda la delegaci\u00f3n y que el tema en contra de la ZODES Ciudad del Futuro contin\u00faa latente.<\/p>\n<p>No s\u00e9 si el evento que simult\u00e1neamente se realizaba al interior de las instalaciones del CASU no result\u00f3 lo suficiente atractivo, lo cierto es que el n\u00famero de personas que escuchaban y apreciaban lo que suced\u00eda en el octavo encuentro de asambleas de los pedregales de Coyoac\u00e1n se hab\u00eda pr\u00e1cticamente duplicado y eso me hac\u00eda pensar que tal vez aquellos otros asistentes tambi\u00e9n eran vecinos y vecinas y que\u00a0 se interesaban por lo que ocurre en su comunidad, y que la cultura y el arte son expresiones invaluables que transforman, \u00a0humanizan y hermanan.<\/p>\n<p>&nbsp;<\/p>\n<div class=\"jetpack-video-wrapper\"><iframe loading=\"lazy\" title=\"#SalvemosElCasu\" width=\"1170\" height=\"658\" src=\"https:\/\/www.youtube.com\/embed\/BOkFmjwBBJE?feature=oembed\" frameborder=\"0\" allow=\"accelerometer; autoplay; clipboard-write; encrypted-media; gyroscope; picture-in-picture\" allowfullscreen><\/iframe><\/div>\n<p>Finalmente lleg\u00f3 el turno de ver a la compa\u00f1\u00eda danzariega, todas bailarinas de folklor, pero que no bailaban el folklor estereotipado al que todos referimos. La sorpresa fue grande y grata: su propuesta era ya una de revoluci\u00f3n, sones, risas, tarimas, complicidad, veladoras, gritos, y hasta llantos en\u00a0 una coreograf\u00eda titulada <em>Pero esta\u2026 es una voz en marcha<\/em>, la cual\u00a0 nos recordaba, textualmente, algo que ah\u00ed mismo, en todo lo que suced\u00eda, era enunciado, \u201chay que aprender a resistir, ni a irse ni a quedarse, a resistir\u201d.<\/p>\n<p><a href=\"http:\/\/www.masde131.com\/2016\/05\/casu-danzar-para-defender-la-cultura-y-el-agua-en-coyoacan\/\" target=\"_blank\">http:\/\/www.masde131.com\/2016\/05\/casu-danzar-para-defender-la-cultura-y-el-agua-en-coyoacan\/<\/a><\/p>\n","protected":false},"excerpt":{"rendered":"<p>Diana Betanzos S\u00e1bado 14 de mayo, alrededor de las 11:00 am; la lona colocada, las sillas acomodadas en filas, el equipo de sonido: estaba todo listo. Los primeros asistentes comenzaban &hellip; <a href=\"https:\/\/www.grieta.org.mx\/index.php\/2016\/05\/14\/casu-danzar-para-defender-la-cultura-y-el-agua-en-coyoacan\/\" class=\"more-link\">Leer m\u00e1s<\/a><\/p>\n","protected":false},"author":2,"featured_media":21928,"comment_status":"closed","ping_status":"closed","sticky":false,"template":"","format":"standard","meta":{"ngg_post_thumbnail":0,"_jetpack_newsletter_access":"","_jetpack_dont_email_post_to_subs":false,"_jetpack_newsletter_tier_id":0,"_jetpack_memberships_contains_paywalled_content":false,"_jetpack_memberships_contains_paid_content":false,"footnotes":""},"categories":[598,80],"tags":[686,612,249,637,581,610],"class_list":["post-13193","post","type-post","status-publish","format-standard","has-post-thumbnail","hentry","category-cdmx","category-cintillo","tag-casu","tag-coyoacan","tag-hostigamiento","tag-pedregales","tag-santa-ursula","tag-zodes","entry"],"jetpack_featured_media_url":"https:\/\/www.grieta.org.mx\/wp-content\/uploads\/2018\/03\/14524434_1106112876131411_958039263622046936_o.jpg","jetpack_sharing_enabled":true,"jetpack_shortlink":"https:\/\/wp.me\/p7ZJR4-3qN","jetpack_likes_enabled":false,"jetpack-related-posts":[{"id":13190,"url":"https:\/\/www.grieta.org.mx\/index.php\/2016\/05\/03\/acusan-mala-administracion-y-acoso-en-centro-de-las-artes-de-santa-ursula-de-coyoacan\/","url_meta":{"origin":13193,"position":0},"title":"Acusan mala administraci\u00f3n y acoso en Centro de las Artes de Santa \u00darsula, de Coyoac\u00e1n","author":"grieta","date":"3 mayo, 2016","format":false,"excerpt":"Niza Rivera CIUDAD DE M\u00c9XICO (apro).- Talleristas del Centro de las Artes de Santa \u00darsula (CASU) de la delegaci\u00f3n Coyoac\u00e1n, presentaron hoy una queja ante la Quinta Visitadur\u00eda de la Comisi\u00f3n de Derechos Humanos del Distrito Federal (CDHDF) por mala administraci\u00f3n del espacio, amenazas y hasta hostigamiento sexual. La queja,\u2026","rel":"","context":"En &quot;CINTILLO&quot;","block_context":{"text":"CINTILLO","link":"https:\/\/www.grieta.org.mx\/index.php\/category\/cintillo\/"},"img":{"alt_text":"","src":"https:\/\/i0.wp.com\/www.grieta.org.mx\/wp-content\/uploads\/2018\/03\/14524434_1106112876131411_958039263622046936_o.jpg?resize=350%2C200&ssl=1","width":350,"height":200,"srcset":"https:\/\/i0.wp.com\/www.grieta.org.mx\/wp-content\/uploads\/2018\/03\/14524434_1106112876131411_958039263622046936_o.jpg?resize=350%2C200&ssl=1 1x, https:\/\/i0.wp.com\/www.grieta.org.mx\/wp-content\/uploads\/2018\/03\/14524434_1106112876131411_958039263622046936_o.jpg?resize=525%2C300&ssl=1 1.5x, https:\/\/i0.wp.com\/www.grieta.org.mx\/wp-content\/uploads\/2018\/03\/14524434_1106112876131411_958039263622046936_o.jpg?resize=700%2C400&ssl=1 2x"},"classes":[]},{"id":13189,"url":"https:\/\/www.grieta.org.mx\/index.php\/2016\/05\/28\/protestas-por-cierre-de-espacio-cultural-publico-y-hostigamientos-en-santa-ursula-coyoacan\/","url_meta":{"origin":13193,"position":1},"title":"Protestas por cierre de espacio cultural p\u00fablico y hostigamientos en Santa Ursula, Coyoac\u00e1n","author":"grieta","date":"28 mayo, 2016","format":false,"excerpt":"14\/05\/16. CASU, danzar para defender la cultura y el agua en Coyoac\u00e1nM\u00e1s de 131 03\/05\/16. Acusan mala administraci\u00f3n y acoso en Centro de las Artes de Santa \u00darsula, de Coyoac\u00e1nProceso","rel":"","context":"En &quot;Ciudad de M\u00e9xico&quot;","block_context":{"text":"Ciudad de M\u00e9xico","link":"https:\/\/www.grieta.org.mx\/index.php\/category\/noticias-nacionales\/ciudad-de-mexico\/"},"img":{"alt_text":"","src":"https:\/\/i0.wp.com\/www.grieta.org.mx\/wp-content\/uploads\/2018\/03\/14524434_1106112876131411_958039263622046936_o.jpg?resize=350%2C200&ssl=1","width":350,"height":200,"srcset":"https:\/\/i0.wp.com\/www.grieta.org.mx\/wp-content\/uploads\/2018\/03\/14524434_1106112876131411_958039263622046936_o.jpg?resize=350%2C200&ssl=1 1x, https:\/\/i0.wp.com\/www.grieta.org.mx\/wp-content\/uploads\/2018\/03\/14524434_1106112876131411_958039263622046936_o.jpg?resize=525%2C300&ssl=1 1.5x, https:\/\/i0.wp.com\/www.grieta.org.mx\/wp-content\/uploads\/2018\/03\/14524434_1106112876131411_958039263622046936_o.jpg?resize=700%2C400&ssl=1 2x"},"classes":[]},{"id":18624,"url":"https:\/\/www.grieta.org.mx\/index.php\/2016\/05\/31\/en-coyoacan-exigimos-aulas-educacion-y-cultura-no-mas-centros-comerciales-torres-inmobiliarias-y-corrupcion\/","url_meta":{"origin":13193,"position":2},"title":"En Coyoac\u00e1n exigimos aulas, educaci\u00f3n y cultura, no m\u00e1s centros comerciales, torres inmobiliarias y corrupci\u00f3n","author":"grieta","date":"31 mayo, 2016","format":false,"excerpt":"Profesores, alumnos y trabajadores del Instituto Cultural y Educativo Coapa, exigen se cumplan sus derechos a la educaci\u00f3n y al trabajo, los cuales han sido violentados por la delegaci\u00f3n Coyoac\u00e1n. Se vive un ambiente ca\u00f3tico en la delegaci\u00f3n Coyoac\u00e1n, donde el autoritarismo y la discriminaci\u00f3n son el eje fundamental para\u2026","rel":"","context":"En &quot;CINTILLO&quot;","block_context":{"text":"CINTILLO","link":"https:\/\/www.grieta.org.mx\/index.php\/category\/cintillo\/"},"img":{"alt_text":"","src":"https:\/\/i0.wp.com\/www.grieta.org.mx\/wp-content\/uploads\/2018\/03\/14524434_1106112876131411_958039263622046936_o.jpg?resize=350%2C200&ssl=1","width":350,"height":200,"srcset":"https:\/\/i0.wp.com\/www.grieta.org.mx\/wp-content\/uploads\/2018\/03\/14524434_1106112876131411_958039263622046936_o.jpg?resize=350%2C200&ssl=1 1x, https:\/\/i0.wp.com\/www.grieta.org.mx\/wp-content\/uploads\/2018\/03\/14524434_1106112876131411_958039263622046936_o.jpg?resize=525%2C300&ssl=1 1.5x, https:\/\/i0.wp.com\/www.grieta.org.mx\/wp-content\/uploads\/2018\/03\/14524434_1106112876131411_958039263622046936_o.jpg?resize=700%2C400&ssl=1 2x"},"classes":[]},{"id":11587,"url":"https:\/\/www.grieta.org.mx\/index.php\/2016\/04\/30\/planton-de-comunidades-pedregales-de-coyoacan-contra-los-proyectos-inmobiliarios\/","url_meta":{"origin":13193,"position":3},"title":"Plant\u00f3n de comunidades Pedregales de Coyoac\u00e1n, contra los proyectos inmobiliarios","author":"grieta","date":"30 abril, 2016","format":false,"excerpt":"Documental que describe la lucha de Comunidades de Pedregales de Coyoac\u00e1n, contra proyectos devastadores, que amenazan a todos los pueblos Pueblos y barrios de Coyoac\u00e1n, ente los que se encuentran La Candelaria, Santo Domingo, Santa \u00darsula, Los Reyes, adem\u00e1s de vecinxs de Iztacalco, Santa Fe y Magdalena Contreras, se unieron\u2026","rel":"","context":"En &quot;cdmx&quot;","block_context":{"text":"cdmx","link":"https:\/\/www.grieta.org.mx\/index.php\/category\/cdmx\/"},"img":{"alt_text":"","src":"https:\/\/i0.wp.com\/www.grieta.org.mx\/wp-content\/uploads\/2018\/03\/14524434_1106112876131411_958039263622046936_o.jpg?resize=350%2C200&ssl=1","width":350,"height":200,"srcset":"https:\/\/i0.wp.com\/www.grieta.org.mx\/wp-content\/uploads\/2018\/03\/14524434_1106112876131411_958039263622046936_o.jpg?resize=350%2C200&ssl=1 1x, https:\/\/i0.wp.com\/www.grieta.org.mx\/wp-content\/uploads\/2018\/03\/14524434_1106112876131411_958039263622046936_o.jpg?resize=525%2C300&ssl=1 1.5x, https:\/\/i0.wp.com\/www.grieta.org.mx\/wp-content\/uploads\/2018\/03\/14524434_1106112876131411_958039263622046936_o.jpg?resize=700%2C400&ssl=1 2x"},"classes":[]},{"id":10498,"url":"https:\/\/www.grieta.org.mx\/index.php\/2016\/09\/05\/movilizaciones-contra-zodes\/","url_meta":{"origin":13193,"position":4},"title":"Organizaci\u00f3n y movilizaciones contra ZODES en la Ciudad de M\u00e9xico","author":"grieta","date":"5 septiembre, 2016","format":false,"excerpt":"04\/09\/16. La lucha no es f\u00e1cil, nos estamos enfrentando al gran poder del dinero: colonos de pedregales Coyoac\u00e1nDesinform\u00e9monos 17\/02\/16. Vecinos de Coyoac\u00e1n rechazan consulta p\u00fablica sobre Planta de AsfaltoDesinform\u00e9monos 11\/02\/16. Nuestra lucha va m\u00e1s all\u00e1 de una casa, es por nuestra historia: Pedregales de Coyoac\u00e1nSubversiones 21\/01\/16. Contra el \"operativo rastrillo\"\u2026","rel":"","context":"En &quot;Ciudad de M\u00e9xico&quot;","block_context":{"text":"Ciudad de M\u00e9xico","link":"https:\/\/www.grieta.org.mx\/index.php\/category\/noticias-nacionales\/ciudad-de-mexico\/"},"img":{"alt_text":"","src":"https:\/\/i0.wp.com\/www.grieta.org.mx\/wp-content\/uploads\/2018\/03\/14524434_1106112876131411_958039263622046936_o.jpg?resize=350%2C200&ssl=1","width":350,"height":200,"srcset":"https:\/\/i0.wp.com\/www.grieta.org.mx\/wp-content\/uploads\/2018\/03\/14524434_1106112876131411_958039263622046936_o.jpg?resize=350%2C200&ssl=1 1x, https:\/\/i0.wp.com\/www.grieta.org.mx\/wp-content\/uploads\/2018\/03\/14524434_1106112876131411_958039263622046936_o.jpg?resize=525%2C300&ssl=1 1.5x, https:\/\/i0.wp.com\/www.grieta.org.mx\/wp-content\/uploads\/2018\/03\/14524434_1106112876131411_958039263622046936_o.jpg?resize=700%2C400&ssl=1 2x"},"classes":[]},{"id":16067,"url":"https:\/\/www.grieta.org.mx\/index.php\/2016\/07\/06\/los-pedregales-de-coyoacan-se-oponen-a-la-reforma-educativa\/","url_meta":{"origin":13193,"position":5},"title":"Los Pedregales de Coyoac\u00e1n se oponen a la reforma educativa","author":"grieta","date":"6 julio, 2016","format":false,"excerpt":"Madres de familia manifiestan su apoyo a las maestras y maestros Mi\u00e9rcoles 6 de julio de 2016 Madres de familia se manifiestan junto con sus hijas e hijos en varias de las escuelas en la colonia pedregal de Santo Domingo en apoyo a la lucha de las maestras y maestros.\u2026","rel":"","context":"En &quot;cdmx&quot;","block_context":{"text":"cdmx","link":"https:\/\/www.grieta.org.mx\/index.php\/category\/cdmx\/"},"img":{"alt_text":"","src":"https:\/\/i0.wp.com\/www.grieta.org.mx\/wp-content\/uploads\/2018\/03\/14524434_1106112876131411_958039263622046936_o.jpg?resize=350%2C200&ssl=1","width":350,"height":200,"srcset":"https:\/\/i0.wp.com\/www.grieta.org.mx\/wp-content\/uploads\/2018\/03\/14524434_1106112876131411_958039263622046936_o.jpg?resize=350%2C200&ssl=1 1x, https:\/\/i0.wp.com\/www.grieta.org.mx\/wp-content\/uploads\/2018\/03\/14524434_1106112876131411_958039263622046936_o.jpg?resize=525%2C300&ssl=1 1.5x, https:\/\/i0.wp.com\/www.grieta.org.mx\/wp-content\/uploads\/2018\/03\/14524434_1106112876131411_958039263622046936_o.jpg?resize=700%2C400&ssl=1 2x"},"classes":[]}],"_links":{"self":[{"href":"https:\/\/www.grieta.org.mx\/index.php\/wp-json\/wp\/v2\/posts\/13193","targetHints":{"allow":["GET"]}}],"collection":[{"href":"https:\/\/www.grieta.org.mx\/index.php\/wp-json\/wp\/v2\/posts"}],"about":[{"href":"https:\/\/www.grieta.org.mx\/index.php\/wp-json\/wp\/v2\/types\/post"}],"author":[{"embeddable":true,"href":"https:\/\/www.grieta.org.mx\/index.php\/wp-json\/wp\/v2\/users\/2"}],"replies":[{"embeddable":true,"href":"https:\/\/www.grieta.org.mx\/index.php\/wp-json\/wp\/v2\/comments?post=13193"}],"version-history":[{"count":1,"href":"https:\/\/www.grieta.org.mx\/index.php\/wp-json\/wp\/v2\/posts\/13193\/revisions"}],"predecessor-version":[{"id":13195,"href":"https:\/\/www.grieta.org.mx\/index.php\/wp-json\/wp\/v2\/posts\/13193\/revisions\/13195"}],"wp:featuredmedia":[{"embeddable":true,"href":"https:\/\/www.grieta.org.mx\/index.php\/wp-json\/wp\/v2\/media\/21928"}],"wp:attachment":[{"href":"https:\/\/www.grieta.org.mx\/index.php\/wp-json\/wp\/v2\/media?parent=13193"}],"wp:term":[{"taxonomy":"category","embeddable":true,"href":"https:\/\/www.grieta.org.mx\/index.php\/wp-json\/wp\/v2\/categories?post=13193"},{"taxonomy":"post_tag","embeddable":true,"href":"https:\/\/www.grieta.org.mx\/index.php\/wp-json\/wp\/v2\/tags?post=13193"}],"curies":[{"name":"wp","href":"https:\/\/api.w.org\/{rel}","templated":true}]}}