{"id":13182,"date":"2016-05-27T22:41:43","date_gmt":"2016-05-27T22:41:43","guid":{"rendered":"http:\/\/www.grieta.org.mx\/?p=13182"},"modified":"2016-05-29T02:51:36","modified_gmt":"2016-05-29T02:51:36","slug":"foro-con-investigadores-de-la-unam-en-el-planton-de-aztecas-215","status":"publish","type":"post","link":"https:\/\/www.grieta.org.mx\/index.php\/2016\/05\/27\/foro-con-investigadores-de-la-unam-en-el-planton-de-aztecas-215\/","title":{"rendered":"Foro con investigadores de la UNAM en el plant\u00f3n de Aztecas 215"},"content":{"rendered":"<p>El jueves 26 de mayo se realiz\u00f3 el Foro en defensa del agua y de nuestro territorio con la participaci\u00f3n de tres investigadores de la UNAM. Fue de mucho inter\u00e9s para los habitantes de las colonias en resistencia escuchar los planteamientos que alientan a continuar la defensa del espacio.<\/p>\n<p><img decoding=\"async\" data-attachment-id=\"13186\" data-permalink=\"https:\/\/www.grieta.org.mx\/index.php\/2016\/05\/27\/foro-con-investigadores-de-la-unam-en-el-planton-de-aztecas-215\/foro_4-d2e98\/\" data-orig-file=\"https:\/\/www.grieta.org.mx\/wp-content\/uploads\/2016\/05\/foro_4-d2e98.jpg\" data-orig-size=\"560,420\" data-comments-opened=\"0\" data-image-meta=\"{&quot;aperture&quot;:&quot;0&quot;,&quot;credit&quot;:&quot;&quot;,&quot;camera&quot;:&quot;&quot;,&quot;caption&quot;:&quot;&quot;,&quot;created_timestamp&quot;:&quot;0&quot;,&quot;copyright&quot;:&quot;&quot;,&quot;focal_length&quot;:&quot;0&quot;,&quot;iso&quot;:&quot;0&quot;,&quot;shutter_speed&quot;:&quot;0&quot;,&quot;title&quot;:&quot;&quot;,&quot;orientation&quot;:&quot;0&quot;}\" data-image-title=\"foro_4-d2e98\" data-image-description=\"\" data-image-caption=\"\" data-medium-file=\"https:\/\/www.grieta.org.mx\/wp-content\/uploads\/2016\/05\/foro_4-d2e98-300x225.jpg\" data-large-file=\"https:\/\/www.grieta.org.mx\/wp-content\/uploads\/2016\/05\/foro_4-d2e98.jpg\" src=\"http:\/\/www.grieta.org.mx\/wp-content\/uploads\/2016\/05\/foro_4-d2e98.jpg\" alt=\"foro_4-d2e98\" width=\"100%\" class=\"aligncenter size-full wp-image-13186\" srcset=\"https:\/\/www.grieta.org.mx\/wp-content\/uploads\/2016\/05\/foro_4-d2e98.jpg 560w, https:\/\/www.grieta.org.mx\/wp-content\/uploads\/2016\/05\/foro_4-d2e98-300x225.jpg 300w\" sizes=\"(max-width: 560px) 100vw, 560px\" \/><\/p>\n<p>Las vecinas y vecinos que concurrieron en el acto escucharon de voz de investigadores de la UNAM que solo con la resistencia y el trabajo organizativo es como se ha logrado salvaguardar espacios naturales en la ciudad de M\u00e9xico, por ello alentaron a mantener esta defensa que es no s\u00f3lo por el pueblo de Los Reyes y los pedregales sino para beneficio de la ciudad en su conjunto.<\/p>\n<p><img decoding=\"async\" data-attachment-id=\"13185\" data-permalink=\"https:\/\/www.grieta.org.mx\/index.php\/2016\/05\/27\/foro-con-investigadores-de-la-unam-en-el-planton-de-aztecas-215\/foro_3-45176\/\" data-orig-file=\"https:\/\/www.grieta.org.mx\/wp-content\/uploads\/2016\/05\/foro_3-45176.jpg\" data-orig-size=\"560,747\" data-comments-opened=\"0\" data-image-meta=\"{&quot;aperture&quot;:&quot;0&quot;,&quot;credit&quot;:&quot;&quot;,&quot;camera&quot;:&quot;&quot;,&quot;caption&quot;:&quot;&quot;,&quot;created_timestamp&quot;:&quot;0&quot;,&quot;copyright&quot;:&quot;&quot;,&quot;focal_length&quot;:&quot;0&quot;,&quot;iso&quot;:&quot;0&quot;,&quot;shutter_speed&quot;:&quot;0&quot;,&quot;title&quot;:&quot;&quot;,&quot;orientation&quot;:&quot;0&quot;}\" data-image-title=\"foro_3-45176\" data-image-description=\"\" data-image-caption=\"\" data-medium-file=\"https:\/\/www.grieta.org.mx\/wp-content\/uploads\/2016\/05\/foro_3-45176-225x300.jpg\" data-large-file=\"https:\/\/www.grieta.org.mx\/wp-content\/uploads\/2016\/05\/foro_3-45176.jpg\" src=\"http:\/\/www.grieta.org.mx\/wp-content\/uploads\/2016\/05\/foro_3-45176.jpg\" alt=\"foro_3-45176\" width=\"100%\" class=\"aligncenter size-full wp-image-13185\" srcset=\"https:\/\/www.grieta.org.mx\/wp-content\/uploads\/2016\/05\/foro_3-45176.jpg 560w, https:\/\/www.grieta.org.mx\/wp-content\/uploads\/2016\/05\/foro_3-45176-225x300.jpg 225w\" sizes=\"(max-width: 560px) 100vw, 560px\" \/><\/p>\n<p>Luis Zambrano, investigador del Instituto de Biolog\u00eda de la UNAM comparti\u00f3 su experiencia en estudios realizados en otros procesos organizativos tales como la Defensa del Agua por parte de 13 pueblos en Morelos as\u00ed como la argumentaci\u00f3n t\u00e9cnica contra construcci\u00f3n de la Superv\u00eda en el DF.<\/p>\n<p><img decoding=\"async\" data-attachment-id=\"13184\" data-permalink=\"https:\/\/www.grieta.org.mx\/index.php\/2016\/05\/27\/foro-con-investigadores-de-la-unam-en-el-planton-de-aztecas-215\/foro_2-8d4fd\/\" data-orig-file=\"https:\/\/www.grieta.org.mx\/wp-content\/uploads\/2016\/05\/foro_2-8d4fd.jpg\" data-orig-size=\"560,420\" data-comments-opened=\"0\" data-image-meta=\"{&quot;aperture&quot;:&quot;0&quot;,&quot;credit&quot;:&quot;&quot;,&quot;camera&quot;:&quot;&quot;,&quot;caption&quot;:&quot;&quot;,&quot;created_timestamp&quot;:&quot;0&quot;,&quot;copyright&quot;:&quot;&quot;,&quot;focal_length&quot;:&quot;0&quot;,&quot;iso&quot;:&quot;0&quot;,&quot;shutter_speed&quot;:&quot;0&quot;,&quot;title&quot;:&quot;&quot;,&quot;orientation&quot;:&quot;0&quot;}\" data-image-title=\"foro_2-8d4fd\" data-image-description=\"\" data-image-caption=\"\" data-medium-file=\"https:\/\/www.grieta.org.mx\/wp-content\/uploads\/2016\/05\/foro_2-8d4fd-300x225.jpg\" data-large-file=\"https:\/\/www.grieta.org.mx\/wp-content\/uploads\/2016\/05\/foro_2-8d4fd.jpg\" src=\"http:\/\/www.grieta.org.mx\/wp-content\/uploads\/2016\/05\/foro_2-8d4fd.jpg\" alt=\"foro_2-8d4fd\" width=\"100%\" class=\"aligncenter size-full wp-image-13184\" srcset=\"https:\/\/www.grieta.org.mx\/wp-content\/uploads\/2016\/05\/foro_2-8d4fd.jpg 560w, https:\/\/www.grieta.org.mx\/wp-content\/uploads\/2016\/05\/foro_2-8d4fd-300x225.jpg 300w\" sizes=\"(max-width: 560px) 100vw, 560px\" \/><\/p>\n<p>Adem\u00e1s nos comparti\u00f3 su trabajo como encargado del manejo de la Cantera de la UNAM. Ese espacio hab\u00eda sido una mina de asfalto y al llegar a los 40 metros encontraron un afloramiento de agua por lo que se decidi\u00f3 cerrar la mina y convertirla en un parque natural con 4 lagos para conservaci\u00f3n de especies.<\/p>\n<p>Por su parte Luis Mar\u00edn, investigador del instituto de Geof\u00edsica de la UNAM coment\u00f3 que la PAOT le solicit\u00f3 a la UNAM coadyuvar con los ex\u00e1menes de agua para determinar la calidad del afloramiento en Aztecas 215. Se\u00f1al\u00f3 que todo proceso de ex\u00e1menes e investigaciones que se realicen por parte de la UNAM y del GDF deben ser de libre acceso, pues de lo contrario se actuar\u00eda de forma dolosa.<\/p>\n<p><img decoding=\"async\" data-attachment-id=\"13183\" data-permalink=\"https:\/\/www.grieta.org.mx\/index.php\/2016\/05\/27\/foro-con-investigadores-de-la-unam-en-el-planton-de-aztecas-215\/foro_1-e1416\/\" data-orig-file=\"https:\/\/www.grieta.org.mx\/wp-content\/uploads\/2016\/05\/foro_1-e1416.jpg\" data-orig-size=\"560,440\" data-comments-opened=\"0\" data-image-meta=\"{&quot;aperture&quot;:&quot;0&quot;,&quot;credit&quot;:&quot;&quot;,&quot;camera&quot;:&quot;&quot;,&quot;caption&quot;:&quot;&quot;,&quot;created_timestamp&quot;:&quot;0&quot;,&quot;copyright&quot;:&quot;&quot;,&quot;focal_length&quot;:&quot;0&quot;,&quot;iso&quot;:&quot;0&quot;,&quot;shutter_speed&quot;:&quot;0&quot;,&quot;title&quot;:&quot;&quot;,&quot;orientation&quot;:&quot;0&quot;}\" data-image-title=\"foro_1-e1416\" data-image-description=\"\" data-image-caption=\"\" data-medium-file=\"https:\/\/www.grieta.org.mx\/wp-content\/uploads\/2016\/05\/foro_1-e1416-300x236.jpg\" data-large-file=\"https:\/\/www.grieta.org.mx\/wp-content\/uploads\/2016\/05\/foro_1-e1416.jpg\" src=\"http:\/\/www.grieta.org.mx\/wp-content\/uploads\/2016\/05\/foro_1-e1416.jpg\" alt=\"foro_1-e1416\" width=\"100%\" class=\"aligncenter size-full wp-image-13183\" srcset=\"https:\/\/www.grieta.org.mx\/wp-content\/uploads\/2016\/05\/foro_1-e1416.jpg 560w, https:\/\/www.grieta.org.mx\/wp-content\/uploads\/2016\/05\/foro_1-e1416-300x236.jpg 300w\" sizes=\"(max-width: 560px) 100vw, 560px\" \/><\/p>\n<p>Tambi\u00e9n coment\u00f3 que todo tipo de agua puede ser sujeto a tratamientos para potabilizarla, todo depende de la calidad de agua y el dinero que se quiera invertir para su tratamiento. Este argumento contrasta con los dichos de Patricia Mercado, secretaria de gobierno, que sin ser especialista se aventur\u00f3 a declarar el 30 de abril de 2016 que &#8220;esa agua es tan mala que hay que tirarla no sirve para nada&#8221;.<\/p>\n<p>Por su parte Rodrigo Gutierrez, investigador del Instituto Investigaciones Jur\u00eddicas de la UNAM nos comparti\u00f3 sus experiencias en defensa del agua como el caso de los compa\u00f1eros Yaquis, su acompa\u00f1amiento en los proceso de los 13 pueblos en defensa del agua en Morelos y sus propuestas de defensa desde el \u00e1mbito jur\u00eddico. Tambi\u00e9n coment\u00f3 que en su experiencia los procesos en defensa de los recursos naturales s\u00f3lo pueden ser exitosos si estos transitan el camino legal acompa\u00f1ado de la organizaci\u00f3n pol\u00edtica.<\/p>\n<p><a href=\"http:\/\/www.kehuelga.org\/diario\/spip.php?article4343&#038;lang=es\" target=\"_blank\">http:\/\/www.kehuelga.org\/diario\/spip.php?article4343&#038;lang=es<\/a><\/p>\n","protected":false},"excerpt":{"rendered":"<p>El jueves 26 de mayo se realiz\u00f3 el Foro en defensa del agua y de nuestro territorio con la participaci\u00f3n de tres investigadores de la UNAM. Fue de mucho inter\u00e9s &hellip; <a href=\"https:\/\/www.grieta.org.mx\/index.php\/2016\/05\/27\/foro-con-investigadores-de-la-unam-en-el-planton-de-aztecas-215\/\" class=\"more-link\">Leer m\u00e1s<\/a><\/p>\n","protected":false},"author":2,"featured_media":21928,"comment_status":"closed","ping_status":"closed","sticky":false,"template":"","format":"standard","meta":{"ngg_post_thumbnail":0,"_jetpack_newsletter_access":"","_jetpack_dont_email_post_to_subs":false,"_jetpack_newsletter_tier_id":0,"_jetpack_memberships_contains_paywalled_content":false,"_jetpack_memberships_contains_paid_content":false,"footnotes":""},"categories":[80],"tags":[612,184,637,144],"class_list":["post-13182","post","type-post","status-publish","format-standard","has-post-thumbnail","hentry","category-cintillo","tag-coyoacan","tag-despojo","tag-pedregales","tag-unam","entry"],"jetpack_featured_media_url":"https:\/\/www.grieta.org.mx\/wp-content\/uploads\/2018\/03\/14524434_1106112876131411_958039263622046936_o.jpg","jetpack_sharing_enabled":true,"jetpack_shortlink":"https:\/\/wp.me\/p7ZJR4-3qC","jetpack_likes_enabled":false,"jetpack-related-posts":[{"id":20827,"url":"https:\/\/www.grieta.org.mx\/index.php\/2016\/09\/01\/agua-de-predio-de-aztecas-215-si-es-potable-unam-cdmx\/","url_meta":{"origin":13182,"position":0},"title":"Agua de predio de Aztecas 215 s\u00ed es potable: UNAM (CDMX)","author":"grieta","date":"1 septiembre, 2016","format":false,"excerpt":"Eduardo Su\u00e1rez El Instituto de Geolog\u00eda (IG) de la UNAM concluy\u00f3 que el agua no proviene de fugas de la red de agua potable El agua que aflora en el predio de la avenida Aztecas 215 proviene de un flujo somero de agua subterr\u00e1nea de reciente infiltraci\u00f3n que alimenta a\u2026","rel":"","context":"En &quot;CINTILLO&quot;","block_context":{"text":"CINTILLO","link":"https:\/\/www.grieta.org.mx\/index.php\/category\/cintillo\/"},"img":{"alt_text":"","src":"https:\/\/i0.wp.com\/www.grieta.org.mx\/wp-content\/uploads\/2018\/03\/14524434_1106112876131411_958039263622046936_o.jpg?resize=350%2C200&ssl=1","width":350,"height":200,"srcset":"https:\/\/i0.wp.com\/www.grieta.org.mx\/wp-content\/uploads\/2018\/03\/14524434_1106112876131411_958039263622046936_o.jpg?resize=350%2C200&ssl=1 1x, https:\/\/i0.wp.com\/www.grieta.org.mx\/wp-content\/uploads\/2018\/03\/14524434_1106112876131411_958039263622046936_o.jpg?resize=525%2C300&ssl=1 1.5x, https:\/\/i0.wp.com\/www.grieta.org.mx\/wp-content\/uploads\/2018\/03\/14524434_1106112876131411_958039263622046936_o.jpg?resize=700%2C400&ssl=1 2x"},"classes":[]},{"id":22128,"url":"https:\/\/www.grieta.org.mx\/index.php\/2018\/03\/15\/aztecas-215-dos-anos-de-resistencia-contra-el-ecocidio-de-la-inmobiliaria-quiero-casa\/","url_meta":{"origin":13182,"position":1},"title":"Aztecas 215, dos a\u00f1os de resistencia contra el ecocidio de la inmobiliaria &#8220;Quiero Casa\u201d","author":"grieta","date":"15 marzo, 2018","format":false,"excerpt":"Estudio realizado por el Instituto de Geolog\u00eda de la UNAM da raz\u00f3n a los vecinos. Quedan en evidencia las mentiras y complicidad de inmobiliarios y autoridades. COLECTIVO GRIETA El pasado de 26 de febrero de 2018, los pobladores de los Pedregales de Coyoac\u00e1n cumplieron dos a\u00f1os de haber iniciado la\u2026","rel":"","context":"En &quot;CINTILLO&quot;","block_context":{"text":"CINTILLO","link":"https:\/\/www.grieta.org.mx\/index.php\/category\/cintillo\/"},"img":{"alt_text":"","src":"https:\/\/i0.wp.com\/www.grieta.org.mx\/wp-content\/uploads\/2018\/03\/Plant%C3%B3n-aa.jpg?resize=350%2C200&ssl=1","width":350,"height":200,"srcset":"https:\/\/i0.wp.com\/www.grieta.org.mx\/wp-content\/uploads\/2018\/03\/Plant%C3%B3n-aa.jpg?resize=350%2C200&ssl=1 1x, https:\/\/i0.wp.com\/www.grieta.org.mx\/wp-content\/uploads\/2018\/03\/Plant%C3%B3n-aa.jpg?resize=525%2C300&ssl=1 1.5x, https:\/\/i0.wp.com\/www.grieta.org.mx\/wp-content\/uploads\/2018\/03\/Plant%C3%B3n-aa.jpg?resize=700%2C400&ssl=1 2x"},"classes":[]},{"id":11577,"url":"https:\/\/www.grieta.org.mx\/index.php\/2016\/09\/02\/movilizaciones-contra-proyectos-inmobiliarios-en-la-ciudad-de-mexico\/","url_meta":{"origin":13182,"position":2},"title":"Protestas y organizaci\u00f3n contra proyectos inmobiliarios en la Ciudad de M\u00e9xico","author":"grieta","date":"2 septiembre, 2016","format":false,"excerpt":"01\/09\/16. Agua de predio de Aztecas 215 s\u00ed es potable: UNAM (CDMX)El Big data 01\/08\/16. Pobladores denuncian invasi\u00f3n descontrolada de construcciones en Xochimilco Desinform\u00e9monos 28\/07\/16. Vecinos de Xochimilco padecen \u201cefectos colaterales\u201d del boom inmobiliario El big data 24\/07\/16. Constructora rompi\u00f3 manantial en la CdMx y mil 500 millones de litros\u2026","rel":"","context":"En &quot;Ciudad de M\u00e9xico&quot;","block_context":{"text":"Ciudad de M\u00e9xico","link":"https:\/\/www.grieta.org.mx\/index.php\/category\/noticias-nacionales\/ciudad-de-mexico\/"},"img":{"alt_text":"","src":"https:\/\/i0.wp.com\/www.grieta.org.mx\/wp-content\/uploads\/2018\/03\/14524434_1106112876131411_958039263622046936_o.jpg?resize=350%2C200&ssl=1","width":350,"height":200,"srcset":"https:\/\/i0.wp.com\/www.grieta.org.mx\/wp-content\/uploads\/2018\/03\/14524434_1106112876131411_958039263622046936_o.jpg?resize=350%2C200&ssl=1 1x, https:\/\/i0.wp.com\/www.grieta.org.mx\/wp-content\/uploads\/2018\/03\/14524434_1106112876131411_958039263622046936_o.jpg?resize=525%2C300&ssl=1 1.5x, https:\/\/i0.wp.com\/www.grieta.org.mx\/wp-content\/uploads\/2018\/03\/14524434_1106112876131411_958039263622046936_o.jpg?resize=700%2C400&ssl=1 2x"},"classes":[]},{"id":44180,"url":"https:\/\/www.grieta.org.mx\/index.php\/2020\/02\/07\/fiscalia-de-campeche-detiene-a-estudiante-de-la-unam-lo-acusa-de-robo-y-lo-presenta-con-otro-nombre\/","url_meta":{"origin":13182,"position":3},"title":"Fiscal\u00eda de Campeche detiene a estudiante de la UNAM, lo acusa de robo y lo presenta con otro nombre","author":"grieta","date":"7 febrero, 2020","format":false,"excerpt":"Rosa Santana \/Proceso CIUDAD DEL CARMEN, Cam. (apro).- La pol\u00e9mica detenci\u00f3n de un estudiante de Veterinaria de la Universidad Nacional Aut\u00f3noma de M\u00e9xico (UNAM), fichado con otra identidad por el presunto robo de un veh\u00edculo, puso en evidencia a la Fiscal\u00eda General del estado (FGE). Carlos Cruz Garc\u00eda, alumno de\u2026","rel":"","context":"En &quot;Abuso de autoridad en Campeche&quot;","block_context":{"text":"Abuso de autoridad en Campeche","link":"https:\/\/www.grieta.org.mx\/index.php\/category\/noticias-nacionales\/campeche\/abuso-de-autoridad-en-campeche\/"},"img":{"alt_text":"","src":"https:\/\/i0.wp.com\/www.grieta.org.mx\/wp-content\/uploads\/2020\/02\/estudiante-campeche-870x522-e1581477656568.jpg?resize=350%2C200&ssl=1","width":350,"height":200,"srcset":"https:\/\/i0.wp.com\/www.grieta.org.mx\/wp-content\/uploads\/2020\/02\/estudiante-campeche-870x522-e1581477656568.jpg?resize=350%2C200&ssl=1 1x, https:\/\/i0.wp.com\/www.grieta.org.mx\/wp-content\/uploads\/2020\/02\/estudiante-campeche-870x522-e1581477656568.jpg?resize=525%2C300&ssl=1 1.5x, https:\/\/i0.wp.com\/www.grieta.org.mx\/wp-content\/uploads\/2020\/02\/estudiante-campeche-870x522-e1581477656568.jpg?resize=700%2C400&ssl=1 2x"},"classes":[]},{"id":40999,"url":"https:\/\/www.grieta.org.mx\/index.php\/2019\/11\/04\/unam-omitio-danos-a-indigenas-por-construccion-del-aeropuerto-en-santa-lucia-ong-estado-de-mexico\/","url_meta":{"origin":13182,"position":4},"title":"UNAM omiti\u00f3 da\u00f1os a ind\u00edgenas por construcci\u00f3n del aeropuerto en Santa Luc\u00eda: ONG (Estado de M\u00e9xico)","author":"grieta","date":"4 noviembre, 2019","format":false,"excerpt":"Jordana gonz\u00e1lez \/ Contral\u00ednea La Facultad de Ingenier\u00eda de la Universidad Nacional Aut\u00f3noma de M\u00e9xico (UNAM) omiti\u00f3 da\u00f1os ambientales y sociales hacia comunidades originarias, que habitan la cuenca Norte de la Ciudad de M\u00e9xico, en la manifestaci\u00f3n de impacto ambiental que realiz\u00f3 respecto de la construcci\u00f3n del aeropuerto en Santa\u2026","rel":"","context":"En &quot;CINTILLO&quot;","block_context":{"text":"CINTILLO","link":"https:\/\/www.grieta.org.mx\/index.php\/category\/cintillo\/"},"img":{"alt_text":"","src":"https:\/\/i0.wp.com\/www.grieta.org.mx\/wp-content\/uploads\/2019\/11\/UNAM-omiti%C3%B3-da%C3%B1os-a-ind%C3%ADgenas-por-construcci%C3%B3n-del-aeropuerto-en-Santa-Luc%C3%ADa-ONG-edomex-nov.jpg?resize=350%2C200&ssl=1","width":350,"height":200,"srcset":"https:\/\/i0.wp.com\/www.grieta.org.mx\/wp-content\/uploads\/2019\/11\/UNAM-omiti%C3%B3-da%C3%B1os-a-ind%C3%ADgenas-por-construcci%C3%B3n-del-aeropuerto-en-Santa-Luc%C3%ADa-ONG-edomex-nov.jpg?resize=350%2C200&ssl=1 1x, https:\/\/i0.wp.com\/www.grieta.org.mx\/wp-content\/uploads\/2019\/11\/UNAM-omiti%C3%B3-da%C3%B1os-a-ind%C3%ADgenas-por-construcci%C3%B3n-del-aeropuerto-en-Santa-Luc%C3%ADa-ONG-edomex-nov.jpg?resize=525%2C300&ssl=1 1.5x"},"classes":[]},{"id":10201,"url":"https:\/\/www.grieta.org.mx\/index.php\/2016\/04\/10\/ratifica-unam-altos-niveles-de-radiacion-en-agua-de-san-jose-iturbide\/","url_meta":{"origin":13182,"position":5},"title":"Ratifica UNAM altos niveles de radiaci\u00f3n en agua de San Jos\u00e9 Iturbide","author":"grieta","date":"10 abril, 2016","format":false,"excerpt":"Sergio Mart\u00ednez Espitia La Universidad advierte a los pobladores no consumir el agua de los pozos de las comunidades de La Cantera, La Huerta y el Fraccionamiento la Cantera, en San Jos\u00e9 Iturbide Ciudad de M\u00e9xico. Investigadores del Centro de Geociencias (CGeo) de la UNAM se\u00f1alaron que a pesar de\u2026","rel":"","context":"En &quot;CINTILLO&quot;","block_context":{"text":"CINTILLO","link":"https:\/\/www.grieta.org.mx\/index.php\/category\/cintillo\/"},"img":{"alt_text":"","src":"https:\/\/i0.wp.com\/www.grieta.org.mx\/wp-content\/uploads\/2018\/03\/14524434_1106112876131411_958039263622046936_o.jpg?resize=350%2C200&ssl=1","width":350,"height":200,"srcset":"https:\/\/i0.wp.com\/www.grieta.org.mx\/wp-content\/uploads\/2018\/03\/14524434_1106112876131411_958039263622046936_o.jpg?resize=350%2C200&ssl=1 1x, https:\/\/i0.wp.com\/www.grieta.org.mx\/wp-content\/uploads\/2018\/03\/14524434_1106112876131411_958039263622046936_o.jpg?resize=525%2C300&ssl=1 1.5x, https:\/\/i0.wp.com\/www.grieta.org.mx\/wp-content\/uploads\/2018\/03\/14524434_1106112876131411_958039263622046936_o.jpg?resize=700%2C400&ssl=1 2x"},"classes":[]}],"_links":{"self":[{"href":"https:\/\/www.grieta.org.mx\/index.php\/wp-json\/wp\/v2\/posts\/13182","targetHints":{"allow":["GET"]}}],"collection":[{"href":"https:\/\/www.grieta.org.mx\/index.php\/wp-json\/wp\/v2\/posts"}],"about":[{"href":"https:\/\/www.grieta.org.mx\/index.php\/wp-json\/wp\/v2\/types\/post"}],"author":[{"embeddable":true,"href":"https:\/\/www.grieta.org.mx\/index.php\/wp-json\/wp\/v2\/users\/2"}],"replies":[{"embeddable":true,"href":"https:\/\/www.grieta.org.mx\/index.php\/wp-json\/wp\/v2\/comments?post=13182"}],"version-history":[{"count":1,"href":"https:\/\/www.grieta.org.mx\/index.php\/wp-json\/wp\/v2\/posts\/13182\/revisions"}],"predecessor-version":[{"id":13187,"href":"https:\/\/www.grieta.org.mx\/index.php\/wp-json\/wp\/v2\/posts\/13182\/revisions\/13187"}],"wp:featuredmedia":[{"embeddable":true,"href":"https:\/\/www.grieta.org.mx\/index.php\/wp-json\/wp\/v2\/media\/21928"}],"wp:attachment":[{"href":"https:\/\/www.grieta.org.mx\/index.php\/wp-json\/wp\/v2\/media?parent=13182"}],"wp:term":[{"taxonomy":"category","embeddable":true,"href":"https:\/\/www.grieta.org.mx\/index.php\/wp-json\/wp\/v2\/categories?post=13182"},{"taxonomy":"post_tag","embeddable":true,"href":"https:\/\/www.grieta.org.mx\/index.php\/wp-json\/wp\/v2\/tags?post=13182"}],"curies":[{"name":"wp","href":"https:\/\/api.w.org\/{rel}","templated":true}]}}