{"id":1315,"date":"2015-12-10T21:42:28","date_gmt":"2015-12-10T21:42:28","guid":{"rendered":"http:\/\/50.22.11.12\/~grietaor\/?p=1315"},"modified":"2016-03-04T21:46:11","modified_gmt":"2016-03-04T21:46:11","slug":"los-ejidatarios-aun-sin-pago","status":"publish","type":"post","link":"https:\/\/www.grieta.org.mx\/index.php\/2015\/12\/10\/los-ejidatarios-aun-sin-pago\/","title":{"rendered":"Los ejidatarios, a\u00fan sin pago"},"content":{"rendered":"<figure id=\"attachment_1316\" aria-describedby=\"caption-attachment-1316\" style=\"width: 680px\" class=\"wp-caption aligncenter\"><img loading=\"lazy\" decoding=\"async\" data-attachment-id=\"1316\" data-permalink=\"https:\/\/www.grieta.org.mx\/index.php\/2015\/12\/10\/los-ejidatarios-aun-sin-pago\/ejidatarios-pueblo-nuevo\/\" data-orig-file=\"https:\/\/www.grieta.org.mx\/wp-content\/uploads\/2016\/03\/ejidatarios-pueblo-nuevo.jpeg\" data-orig-size=\"720,540\" data-comments-opened=\"0\" data-image-meta=\"{&quot;aperture&quot;:&quot;0&quot;,&quot;credit&quot;:&quot;&quot;,&quot;camera&quot;:&quot;&quot;,&quot;caption&quot;:&quot;&quot;,&quot;created_timestamp&quot;:&quot;0&quot;,&quot;copyright&quot;:&quot;&quot;,&quot;focal_length&quot;:&quot;0&quot;,&quot;iso&quot;:&quot;0&quot;,&quot;shutter_speed&quot;:&quot;0&quot;,&quot;title&quot;:&quot;&quot;,&quot;orientation&quot;:&quot;0&quot;}\" data-image-title=\"Ejidatarios Pueblo Nuevo\" data-image-description=\"\" data-image-caption=\"&lt;p&gt;Pagos. Ahora los ejidatarios van a esperar a que inicien las vacaciones porque el compormiso nuevo es que se pagar\u00e1 el 50 por ciento a m\u00e1s tardar esa fecha.&lt;\/p&gt;\n\" data-medium-file=\"https:\/\/www.grieta.org.mx\/wp-content\/uploads\/2016\/03\/ejidatarios-pueblo-nuevo-300x225.jpeg\" data-large-file=\"https:\/\/www.grieta.org.mx\/wp-content\/uploads\/2016\/03\/ejidatarios-pueblo-nuevo.jpeg\" class=\"wp-image-1316\" src=\"http:\/\/grieta.org.mx\/wp-content\/uploads\/2016\/03\/ejidatarios-pueblo-nuevo-300x225.jpeg\" alt=\"Pagos. Ahora los ejidatarios van a esperar a que inicien las vacaciones porque el compormiso nuevo es que se pagar\u00e1 el 50 por ciento a m\u00e1s tardar esa fecha.\" width=\"680\" height=\"510\" srcset=\"https:\/\/www.grieta.org.mx\/wp-content\/uploads\/2016\/03\/ejidatarios-pueblo-nuevo-300x225.jpeg 300w, https:\/\/www.grieta.org.mx\/wp-content\/uploads\/2016\/03\/ejidatarios-pueblo-nuevo.jpeg 720w\" sizes=\"auto, (max-width: 680px) 100vw, 680px\" \/><figcaption id=\"caption-attachment-1316\" class=\"wp-caption-text\">Pagos. Ahora los ejidatarios van a esperar a que inicien las vacaciones porque el compormiso nuevo es que se pagar\u00e1 el 50 por ciento a m\u00e1s tardar esa fecha.<\/figcaption><\/figure>\n<p><strong>Ahora les se\u00f1alan que ser\u00e1 antes de que inicien las vacaciones oficiales<\/strong><\/p>\n<blockquote><p>Los ejidatarios de Pueblo Nuevo siguen a la espera del pago por sus tierras, las que fueron usadas para la supercarretera Durango-Mazatl\u00e1n; les dieron un plazo para antes de salir de vacaciones, al menos el primero de los dos pagos.<\/p><\/blockquote>\n<p>Andr\u00e9s Medrano, uno de los ejidatarios del lugar y quien m\u00e1s ha luchado por el pago justo de sus tierras, reconoci\u00f3 la molestia de la gente, \u201chay de todos, desde quienes est\u00e1n dispuestos a esperar, hasta quienes est\u00e1n molestos por el retraso del pago\u201d, dijo.<\/p>\n<p>Reconoci\u00f3 que algunos hablan de regresarse a la caseta de cobro de Coscomate y otros se pronuncian por esperar un poco m\u00e1s luego del logro obtenido tras cuatro a\u00f1os de lucha, \u201cvale la pena esperar un poco m\u00e1s\u201d, dijo.<\/p>\n<p>Sin embargo, no han dejado de tener contacto con las autoridades federales de la Secretar\u00eda de Comunicaciones y Transportes (SCT), quienes les han asegurado que antes de que el personal federal salga de vacaciones habr\u00e1 de emitirse el primero de los dos pagos.<\/p>\n<p>Los ejidatarios lograron con su movimiento de toma de la caseta de cobro de Coscomate que las autoridades federales les pagaran 135 millones de pesos por poco m\u00e1s de 650 hect\u00e1reas da\u00f1adas para la construcci\u00f3n de la autopista, incluyendo las usadas en la misma.<\/p>\n<p>El acuerdo de pago firmado a principios de noviembre con la SCT fue de cubrir el 50 por ciento a finales de ese mismo mes y el otro 50 por ciento a finales de diciembre con el objetivo de terminar de pagar los 135 millones de pesos en este mismo a\u00f1o.<\/p>\n<p>Sin embargo, el pasado viernes 4 de diciembre, El Siglo de Durango dio a conocer que las autoridades federales incumplieron con el primer pago de 67.5 millones de pesos y que los ejidatarios estaban dispuestos a regresarse a la caseta de cobro de Coscomate si no se pagaba a m\u00e1s tardar el lunes 7 de diciembre.<\/p>\n<p>Andr\u00e9s Medrano dijo que se ha dialogado con la mayor\u00eda de los ejidatarios y se les ha pedido \u201ccalma\u201d y dar un poco de plazo a las autoridades federales para el pago del 50 por ciento del monto total.<\/p>\n<p>\u201cNos dijeron que sin falta antes de que salieran de vacaciones se autorizar\u00eda y liberar\u00eda el primer pago y se mantiene la fecha del segundo antes de que se termine el a\u00f1o, es decir, en la segunda quincena de este mes saldr\u00edan los dos pagos\u201d, coment\u00f3.<\/p>\n<p><strong>Esperan<\/strong><\/p>\n<p>Siguen esperando que las autoridades de Hacienda liberen el 50 por ciento de los 135 millones de pesos, que es el pago total.<\/p>\n<p><strong>Pagos<\/strong><\/p>\n<p>Los ejidatarios aseguran que el compromiso es pagar el total antes de que acabe diciembre por lo que esperan dos pagos en los pr\u00f3ximos d\u00edas.<\/p>\n<p><a href=\"http:\/\/www.elsiglodedurango.com.mx\/noticia\/631639.los-ejidatarios-aun-sin-pago.html\" target=\"_blank\">www.elsiglodedurango.com.mx\/noticia\/631639.los-ejidatarios-aun-sin-pago.html<\/a><\/p>\n","protected":false},"excerpt":{"rendered":"<p>Ahora les se\u00f1alan que ser\u00e1 antes de que inicien las vacaciones oficiales Los ejidatarios de Pueblo Nuevo siguen a la espera del pago por sus tierras, las que fueron usadas &hellip; <a href=\"https:\/\/www.grieta.org.mx\/index.php\/2015\/12\/10\/los-ejidatarios-aun-sin-pago\/\" class=\"more-link\">Leer m\u00e1s<\/a><\/p>\n","protected":false},"author":2,"featured_media":21928,"comment_status":"closed","ping_status":"open","sticky":false,"template":"","format":"standard","meta":{"ngg_post_thumbnail":0,"_jetpack_newsletter_access":"","_jetpack_dont_email_post_to_subs":false,"_jetpack_newsletter_tier_id":0,"_jetpack_memberships_contains_paywalled_content":false,"_jetpack_memberships_contains_paid_content":false,"footnotes":""},"categories":[80,173],"tags":[187,175,188],"class_list":["post-1315","post","type-post","status-publish","format-standard","has-post-thumbnail","hentry","category-cintillo","category-durango","tag-autopista","tag-ejidatarios","tag-pueblo-nuevo","entry"],"jetpack_featured_media_url":"https:\/\/www.grieta.org.mx\/wp-content\/uploads\/2018\/03\/14524434_1106112876131411_958039263622046936_o.jpg","jetpack_sharing_enabled":true,"jetpack_shortlink":"https:\/\/wp.me\/p7ZJR4-ld","jetpack_likes_enabled":false,"jetpack-related-posts":[{"id":3624,"url":"https:\/\/www.grieta.org.mx\/index.php\/2015\/12\/20\/despues-de-seis-meses-de-planton-en-la-autopista-durango-mazatlan-ejidatarios-de-pueblo-nuevo-aceptan-oferta-de-indemnizacion-por-sus-tierras\/","url_meta":{"origin":1315,"position":0},"title":"Despu\u00e9s de seis meses de plant\u00f3n en la autopista Durango-Mazatl\u00e1n, ejidatarios de Pueblo Nuevo aceptan oferta de indemnizaci\u00f3n por sus tierras","author":"grieta","date":"20 diciembre, 2015","format":false,"excerpt":"20\/12\/15. Discuten ejidatarios de Pueblo Nuevo El Siglo de Durango 10\/12\/15. Los ejidatarios, a\u00fan sin pago El Siglo de Durango 09\/10\/15. Fueron 4 a\u00f1os de lucha ejidal El Siglo de Durango 09\/10\/15. Ejidatarios aceptan pago de 134 mdp por tierras; podr\u00edan liberar autopista Durango-Mazatl\u00e1n El Financiero 19\/09\/15. La Durango-Mazatl\u00e1n, una\u2026","rel":"","context":"En &quot;Durango&quot;","block_context":{"text":"Durango","link":"https:\/\/www.grieta.org.mx\/index.php\/category\/noticias-nacionales\/durango\/"},"img":{"alt_text":"","src":"https:\/\/i0.wp.com\/www.grieta.org.mx\/wp-content\/uploads\/2018\/03\/14524434_1106112876131411_958039263622046936_o.jpg?resize=350%2C200&ssl=1","width":350,"height":200,"srcset":"https:\/\/i0.wp.com\/www.grieta.org.mx\/wp-content\/uploads\/2018\/03\/14524434_1106112876131411_958039263622046936_o.jpg?resize=350%2C200&ssl=1 1x, https:\/\/i0.wp.com\/www.grieta.org.mx\/wp-content\/uploads\/2018\/03\/14524434_1106112876131411_958039263622046936_o.jpg?resize=525%2C300&ssl=1 1.5x, https:\/\/i0.wp.com\/www.grieta.org.mx\/wp-content\/uploads\/2018\/03\/14524434_1106112876131411_958039263622046936_o.jpg?resize=700%2C400&ssl=1 2x"},"classes":[]},{"id":1339,"url":"https:\/\/www.grieta.org.mx\/index.php\/2015\/06\/30\/cumple-70-dias-planton-de-ejidatarios-en-carretera-durango-mazatlan\/","url_meta":{"origin":1315,"position":1},"title":"Cumple 70 d\u00edas plant\u00f3n de ejidatarios en carretera Durango-Mazatl\u00e1n","author":"grieta","date":"30 junio, 2015","format":false,"excerpt":"DURANGO, M\u00e9xico, jun. 30, 2015.- Se cumplen 70 d\u00edas del plant\u00f3n que mantienen ejidatarios, en la caseta Coscomate de la supercarretera Durango-Mazatl\u00e1n. Cerca de mil 500 ejidatarios demandan el pago de las tierras en que se construy\u00f3 la carretera. Seg\u00fan ejidatarios, autoridades federales ya reconocieron la superficie afectada en el\u2026","rel":"","context":"En &quot;CINTILLO&quot;","block_context":{"text":"CINTILLO","link":"https:\/\/www.grieta.org.mx\/index.php\/category\/cintillo\/"},"img":{"alt_text":"","src":"https:\/\/i0.wp.com\/www.grieta.org.mx\/wp-content\/uploads\/2018\/03\/14524434_1106112876131411_958039263622046936_o.jpg?resize=350%2C200&ssl=1","width":350,"height":200,"srcset":"https:\/\/i0.wp.com\/www.grieta.org.mx\/wp-content\/uploads\/2018\/03\/14524434_1106112876131411_958039263622046936_o.jpg?resize=350%2C200&ssl=1 1x, https:\/\/i0.wp.com\/www.grieta.org.mx\/wp-content\/uploads\/2018\/03\/14524434_1106112876131411_958039263622046936_o.jpg?resize=525%2C300&ssl=1 1.5x, https:\/\/i0.wp.com\/www.grieta.org.mx\/wp-content\/uploads\/2018\/03\/14524434_1106112876131411_958039263622046936_o.jpg?resize=700%2C400&ssl=1 2x"},"classes":[]},{"id":1321,"url":"https:\/\/www.grieta.org.mx\/index.php\/2015\/10\/09\/ejidatarios-aceptan-pago-de-134-mdp-por-tierras-podrian-liberar-autopista-durango-mazatlan\/","url_meta":{"origin":1315,"position":2},"title":"Ejidatarios aceptan pago de 134 mdp por tierras; podr\u00edan liberar autopista Durango-Mazatl\u00e1n","author":"grieta","date":"9 octubre, 2015","format":false,"excerpt":"Gabriela Gallegos Integrantes del Ejido Pueblo Nuevo aceptaron la suma de 134 millones de pesos como pago por las 756.7 hect\u00e1reas sobre las que se construy\u00f3 la v\u00eda con lo que tras 173 d\u00edas podr\u00edan liberar la caseta de Coscomate. DURANGO. Este viernes podr\u00eda quedar libre la autopista Durango-Mazatl\u00e1n, luego\u2026","rel":"","context":"En &quot;CINTILLO&quot;","block_context":{"text":"CINTILLO","link":"https:\/\/www.grieta.org.mx\/index.php\/category\/cintillo\/"},"img":{"alt_text":"","src":"https:\/\/i0.wp.com\/www.grieta.org.mx\/wp-content\/uploads\/2018\/03\/14524434_1106112876131411_958039263622046936_o.jpg?resize=350%2C200&ssl=1","width":350,"height":200,"srcset":"https:\/\/i0.wp.com\/www.grieta.org.mx\/wp-content\/uploads\/2018\/03\/14524434_1106112876131411_958039263622046936_o.jpg?resize=350%2C200&ssl=1 1x, https:\/\/i0.wp.com\/www.grieta.org.mx\/wp-content\/uploads\/2018\/03\/14524434_1106112876131411_958039263622046936_o.jpg?resize=525%2C300&ssl=1 1.5x, https:\/\/i0.wp.com\/www.grieta.org.mx\/wp-content\/uploads\/2018\/03\/14524434_1106112876131411_958039263622046936_o.jpg?resize=700%2C400&ssl=1 2x"},"classes":[]},{"id":1335,"url":"https:\/\/www.grieta.org.mx\/index.php\/2015\/07\/23\/cumple-95-dias-toma-de-autopista-durango-mazatlan\/","url_meta":{"origin":1315,"position":3},"title":"Cumple 95 d\u00edas toma de autopista Durango-Mazatl\u00e1n","author":"grieta","date":"23 julio, 2015","format":false,"excerpt":"Habitantes del Ejido Pueblo Nuevo mantienen un plant\u00f3n en la autopista Durango-Mazatl\u00e1n denunciando que la construcci\u00f3n de la s\u00faper carretera afect\u00f3 676 hect\u00e1reas de sus terrenos. Gabriela Gallegos\/ Corresponsal DURANGO.- Mantienen ejidatarios plant\u00f3n de 95 d\u00edas en el kil\u00f3metro 120 de la autopista Durango-Mazatl\u00e1n justo en la caseta de cobro\u2026","rel":"","context":"En &quot;CINTILLO&quot;","block_context":{"text":"CINTILLO","link":"https:\/\/www.grieta.org.mx\/index.php\/category\/cintillo\/"},"img":{"alt_text":"","src":"https:\/\/i0.wp.com\/www.grieta.org.mx\/wp-content\/uploads\/2018\/03\/14524434_1106112876131411_958039263622046936_o.jpg?resize=350%2C200&ssl=1","width":350,"height":200,"srcset":"https:\/\/i0.wp.com\/www.grieta.org.mx\/wp-content\/uploads\/2018\/03\/14524434_1106112876131411_958039263622046936_o.jpg?resize=350%2C200&ssl=1 1x, https:\/\/i0.wp.com\/www.grieta.org.mx\/wp-content\/uploads\/2018\/03\/14524434_1106112876131411_958039263622046936_o.jpg?resize=525%2C300&ssl=1 1.5x, https:\/\/i0.wp.com\/www.grieta.org.mx\/wp-content\/uploads\/2018\/03\/14524434_1106112876131411_958039263622046936_o.jpg?resize=700%2C400&ssl=1 2x"},"classes":[]},{"id":1325,"url":"https:\/\/www.grieta.org.mx\/index.php\/2015\/09\/11\/se-destraba-conflicto-entre-sct-y-ejidatarios-de-pueblo-nuevo\/","url_meta":{"origin":1315,"position":4},"title":"Se destraba conflicto entre SCT y ejidatarios de Pueblo Nuevo","author":"grieta","date":"11 septiembre, 2015","format":false,"excerpt":"Por fin, luego de tres a\u00f1os con un mes, el conflicto entre los ejidatarios de Pueblo Nuevo, due\u00f1os de las tierras por donde pasa la autopista Durango-Mazatl\u00e1n, con la Secretar\u00eda de Comunicaciones y Transportes (SCT), se ha sido solucionado, pero no soltar\u00e1n a\u00fan la caseta de cobro de Coscomate. El\u2026","rel":"","context":"En &quot;CINTILLO&quot;","block_context":{"text":"CINTILLO","link":"https:\/\/www.grieta.org.mx\/index.php\/category\/cintillo\/"},"img":{"alt_text":"","src":"https:\/\/i0.wp.com\/www.grieta.org.mx\/wp-content\/uploads\/2018\/03\/14524434_1106112876131411_958039263622046936_o.jpg?resize=350%2C200&ssl=1","width":350,"height":200,"srcset":"https:\/\/i0.wp.com\/www.grieta.org.mx\/wp-content\/uploads\/2018\/03\/14524434_1106112876131411_958039263622046936_o.jpg?resize=350%2C200&ssl=1 1x, https:\/\/i0.wp.com\/www.grieta.org.mx\/wp-content\/uploads\/2018\/03\/14524434_1106112876131411_958039263622046936_o.jpg?resize=525%2C300&ssl=1 1.5x, https:\/\/i0.wp.com\/www.grieta.org.mx\/wp-content\/uploads\/2018\/03\/14524434_1106112876131411_958039263622046936_o.jpg?resize=700%2C400&ssl=1 2x"},"classes":[]},{"id":1352,"url":"https:\/\/www.grieta.org.mx\/index.php\/2015\/04\/26\/movimiento-de-los-ejidatarios\/","url_meta":{"origin":1315,"position":5},"title":"Movimiento de los ejidatarios","author":"grieta","date":"26 abril, 2015","format":false,"excerpt":"POR: SA\u00daL MALDONADO LA HISTORIA INICI\u00d3 HACE CUATRO A\u00d1OS Y LA SCT SIGUE SIN PAGARLES LA TIERRA Hace cuatro a\u00f1os, Andr\u00e9s Medrano, entonces ejidatarios de Pueblo Nuevo, no acept\u00f3 que las autoridades de la SCT pretendieran pagarles 40 centavos por metro cuadrado por las tierras usadas para la construcci\u00f3n de\u2026","rel":"","context":"En &quot;CINTILLO&quot;","block_context":{"text":"CINTILLO","link":"https:\/\/www.grieta.org.mx\/index.php\/category\/cintillo\/"},"img":{"alt_text":"","src":"https:\/\/i0.wp.com\/www.grieta.org.mx\/wp-content\/uploads\/2018\/03\/14524434_1106112876131411_958039263622046936_o.jpg?resize=350%2C200&ssl=1","width":350,"height":200,"srcset":"https:\/\/i0.wp.com\/www.grieta.org.mx\/wp-content\/uploads\/2018\/03\/14524434_1106112876131411_958039263622046936_o.jpg?resize=350%2C200&ssl=1 1x, https:\/\/i0.wp.com\/www.grieta.org.mx\/wp-content\/uploads\/2018\/03\/14524434_1106112876131411_958039263622046936_o.jpg?resize=525%2C300&ssl=1 1.5x, https:\/\/i0.wp.com\/www.grieta.org.mx\/wp-content\/uploads\/2018\/03\/14524434_1106112876131411_958039263622046936_o.jpg?resize=700%2C400&ssl=1 2x"},"classes":[]}],"_links":{"self":[{"href":"https:\/\/www.grieta.org.mx\/index.php\/wp-json\/wp\/v2\/posts\/1315","targetHints":{"allow":["GET"]}}],"collection":[{"href":"https:\/\/www.grieta.org.mx\/index.php\/wp-json\/wp\/v2\/posts"}],"about":[{"href":"https:\/\/www.grieta.org.mx\/index.php\/wp-json\/wp\/v2\/types\/post"}],"author":[{"embeddable":true,"href":"https:\/\/www.grieta.org.mx\/index.php\/wp-json\/wp\/v2\/users\/2"}],"replies":[{"embeddable":true,"href":"https:\/\/www.grieta.org.mx\/index.php\/wp-json\/wp\/v2\/comments?post=1315"}],"version-history":[{"count":1,"href":"https:\/\/www.grieta.org.mx\/index.php\/wp-json\/wp\/v2\/posts\/1315\/revisions"}],"predecessor-version":[{"id":1317,"href":"https:\/\/www.grieta.org.mx\/index.php\/wp-json\/wp\/v2\/posts\/1315\/revisions\/1317"}],"wp:featuredmedia":[{"embeddable":true,"href":"https:\/\/www.grieta.org.mx\/index.php\/wp-json\/wp\/v2\/media\/21928"}],"wp:attachment":[{"href":"https:\/\/www.grieta.org.mx\/index.php\/wp-json\/wp\/v2\/media?parent=1315"}],"wp:term":[{"taxonomy":"category","embeddable":true,"href":"https:\/\/www.grieta.org.mx\/index.php\/wp-json\/wp\/v2\/categories?post=1315"},{"taxonomy":"post_tag","embeddable":true,"href":"https:\/\/www.grieta.org.mx\/index.php\/wp-json\/wp\/v2\/tags?post=1315"}],"curies":[{"name":"wp","href":"https:\/\/api.w.org\/{rel}","templated":true}]}}