{"id":13129,"date":"2016-05-23T17:13:51","date_gmt":"2016-05-23T17:13:51","guid":{"rendered":"http:\/\/www.grieta.org.mx\/?p=13129"},"modified":"2016-05-28T17:18:17","modified_gmt":"2016-05-28T17:18:17","slug":"crimenes-por-homofobia-no-cesan-en-jalisco","status":"publish","type":"post","link":"https:\/\/www.grieta.org.mx\/index.php\/2016\/05\/23\/crimenes-por-homofobia-no-cesan-en-jalisco\/","title":{"rendered":"Cr\u00edmenes por homofobia no cesan en Jalisco"},"content":{"rendered":"<p>Martha Hern\u00e1ndez Fuentes<\/p>\n<p>Gin, quien naci\u00f3 hombre y vest\u00eda de mujer, fue asesinada por asfixia con un trozo de alambre y su cuerpo fue arrojado en la carretera. Irene, por ser lesbiana, fue violada \u201cpara hacerla mujer\u201d. Estos forman parte de los 67 casos documentados por activistas en el Informe de \u201cCr\u00edmenes de Odio por Homofobia\u201d, pero que oficialmente no han sido reconocidos como tal porque el Estado se resiste a hacer dicha distinci\u00f3n.<\/p>\n<p>Pese a que Jalisco ocupa el lugar cuatro a nivel nacional en Cr\u00edmenes de Odio por Homofobia, \u201coficialmente ni siquiera se se\u00f1alan como tal. La autoridad los maneja como `cr\u00edmenes pasionales\u00b4 o `conflicto entre homosexuales\u00b4\u201d, se queja el presidente de Cohesi\u00f3n de Diversidades para la Sustentabilidad (Codise), Leonardo Espinoza, quien exige reformas al C\u00f3digo Penal de Jalisco para la tipificaci\u00f3n.<\/p>\n<p>Y es que tan s\u00f3lo en los \u00faltimos 20 a\u00f1os han sido asesinadas 67 personas en nuestro estado por su preferencia sexual seg\u00fan el Informe 1995-2015, elaborado por Letra S en colaboraci\u00f3n con organizaciones civiles de diversos estados de la comunidad L\u00e9sbico, Gay, Bisexuales, Travestis, Transexuales, Transg\u00e9nero e Intersexuales (LGBTTTI); disponible en la p\u00e1gina web: http:\/\/www.letraese.org.mx\/proyectos\/proyecto-1-2\/.<br \/>\nPERSONAS TRANS, DISCRIMINADAS A\u00daN DESPU\u00c9S DE MUERTAS<\/p>\n<p>A\u00fan despu\u00e9s de muertas, las personas \u201ctrans\u201d son discriminadas. Cuando su cuerpo est\u00e1 en el Servicio M\u00e9dico Forense (Semefo) \u2014pese a la petici\u00f3n expresa de familiares o la pareja\u2014 se les niega el derecho a registrarlas por la identidad sexual con que decidieron vivir y se les define por el g\u00e9nero con el que nacieron, lamenta Leonardo Espinoza.<\/p>\n<p>Pero el reclamo tiene que ver no s\u00f3lo con que se respete el derecho a la identidad que las personas transexuales, sino tambi\u00e9n con la necesidad de dimensionar y medir estos cr\u00edmenes. Por ejemplo: si un hombre que vest\u00eda de mujer es asesinado, dicho caso no es considerado como feminicidio pero tampoco como crimen de odio por homofobia.<\/p>\n<p>\u201cEs una manera de taparse los ojos, de maquillar las cifras, de negar la realidad\u201d, apunta el  presidente de Codise.<\/p>\n<p>Los datos que se tienen en este apartado son en base a reportes period\u00edsticos: 11 asesinatos de transexuales de 1995 a 2015 en Jalisco. Se estima que si hubiera cifras oficiales los n\u00fameros si disparar\u00edan considerablemente.<\/p>\n<p>Consultada sobre este mismo tema, la abogada del Comit\u00e9 de Am\u00e9rica Latina y el Caribe para la Defensa de los Derechos de la Mujer (Cladem), Alejandra Cartagena, apunta: \u201cSi de por s\u00ed\u2026.cuando hablamos de feminicidio, a las propias mujeres que son asesinadas dif\u00edcilmente las consignan como feminicidio. Hay una profunda insensibilidad y reconocimiento de la violencia contra las mujeres. No han entendido las autoridades que a las mujeres nos matan por el solo hecho de ser mujeres. Siempre est\u00e1n buscando alguna variante para que no sea feminicidio. Y en el caso de las personas que deciden ser mujeres, por supuesto que el argumento m\u00e1s importante es la decisi\u00f3n que ellas toman: de ser mujeres. No es s\u00f3lo que se vistan como mujeres, sino que viven como mujeres. Entonces nos parece muy importante que se haga este reconocimiento de los cr\u00edmenes de odio, que existen y que se reflejan claramente en la sociedad\u201d.<br \/>\nLESBIANAS EN UN MUNDO HETERONORMADO<\/p>\n<p>\u201cSomos doblemente violentadas: por ser lesbianas y por ser mujer\u201d, se\u00f1al\u00f3 Rosa Mar\u00eda Laguna, luchadora social a favor de los derechos de la comunidad LGBTTTI, en su mensaje con motive del D\u00eda Internacional de la Mujer, el pasado 8 de marzo, en el ayuntamiento de Guadalajara.<\/p>\n<p>De las batallas del d\u00eda a d\u00eda coment\u00f3: \u201cEn un mundo binario y heteronormado, somos inc\u00f3modas para algunas personas y sus miradas. Vivimos el acoso callejero, laboral, familiar, social. Y adem\u00e1s, el trabajo que nos implica para muchas encajar sin ser notadas. El machismo nos atraviesa de forma transversal. Nos violenta y nos excluye. Ser lesbiana feminista en este sistema patriarcal es un acto revolucionario\u201d.<br \/>\n11 ASESINATOS<\/p>\n<p>11 asesinatos de transexuales se registraron en Jalisco de 1995 a 2015. Se estima que si hubiera cifras oficiales los n\u00fameros se disparar\u00edan considerablemente<br \/>\nEL AMOR NO LASTIMA<\/p>\n<p>En teor\u00eda \u201cel amor no deber\u00eda doler, no deber\u00eda ofender, no deber\u00eda lastimar\u201d, pero en la realidad llega a costar la vida, se\u00f1ala Rosa Mar\u00eda Laguna, luchadora social a favor de los derechos de la comunidad LGBT+<\/p>\n<p><a href=\"http:\/\/www.cronicajalisco.com\/notas\/2016\/67193.html\" target=\"_blank\">http:\/\/www.cronicajalisco.com\/notas\/2016\/67193.html<\/a><\/p>\n","protected":false},"excerpt":{"rendered":"<p>Martha Hern\u00e1ndez Fuentes Gin, quien naci\u00f3 hombre y vest\u00eda de mujer, fue asesinada por asfixia con un trozo de alambre y su cuerpo fue arrojado en la carretera. Irene, por &hellip; <a href=\"https:\/\/www.grieta.org.mx\/index.php\/2016\/05\/23\/crimenes-por-homofobia-no-cesan-en-jalisco\/\" class=\"more-link\">Leer m\u00e1s<\/a><\/p>\n","protected":false},"author":2,"featured_media":21928,"comment_status":"closed","ping_status":"closed","sticky":false,"template":"","format":"standard","meta":{"ngg_post_thumbnail":0,"_jetpack_newsletter_access":"","_jetpack_dont_email_post_to_subs":false,"_jetpack_newsletter_tier_id":0,"_jetpack_memberships_contains_paywalled_content":false,"_jetpack_memberships_contains_paid_content":false,"footnotes":""},"categories":[80,230],"tags":[408,81],"class_list":["post-13129","post","type-post","status-publish","format-standard","has-post-thumbnail","hentry","category-cintillo","category-jalisco","tag-derechos-comunidad-lgbttti","tag-feminicidios","entry"],"jetpack_featured_media_url":"https:\/\/www.grieta.org.mx\/wp-content\/uploads\/2018\/03\/14524434_1106112876131411_958039263622046936_o.jpg","jetpack_sharing_enabled":true,"jetpack_shortlink":"https:\/\/wp.me\/p7ZJR4-3pL","jetpack_likes_enabled":false,"jetpack-related-posts":[{"id":5629,"url":"https:\/\/www.grieta.org.mx\/index.php\/2016\/06\/12\/movilizaciones-en-jalisco-en-defensa-de-los-derechos-de-la-comunidad-lgbttti\/","url_meta":{"origin":13129,"position":0},"title":"Defensa de los derechos de la comunidad LGBTTTI en Jalisco","author":"grieta","date":"12 junio, 2016","format":false,"excerpt":"12\/06\/16. Polic\u00eda de Guadalajara hostiga a marchantesNtr Guadalajara 23\/05\/16. Cr\u00edmenes por homofobia no cesan en JaliscoCr\u00f3nica Jalisco 22\/08\/15. Por tercera vez en este a\u00f1o, Guadalajara se pinta de coloresProyecto Diez 08\/08\/15. Se manifiestan contra odio, homofobia y discriminaci\u00f3nP\u00e1gina 24 Jalisco","rel":"","context":"En &quot;Jalisco&quot;","block_context":{"text":"Jalisco","link":"https:\/\/www.grieta.org.mx\/index.php\/category\/noticias-nacionales\/jalisco\/"},"img":{"alt_text":"","src":"https:\/\/i0.wp.com\/www.grieta.org.mx\/wp-content\/uploads\/2018\/03\/14524434_1106112876131411_958039263622046936_o.jpg?resize=350%2C200&ssl=1","width":350,"height":200,"srcset":"https:\/\/i0.wp.com\/www.grieta.org.mx\/wp-content\/uploads\/2018\/03\/14524434_1106112876131411_958039263622046936_o.jpg?resize=350%2C200&ssl=1 1x, https:\/\/i0.wp.com\/www.grieta.org.mx\/wp-content\/uploads\/2018\/03\/14524434_1106112876131411_958039263622046936_o.jpg?resize=525%2C300&ssl=1 1.5x, https:\/\/i0.wp.com\/www.grieta.org.mx\/wp-content\/uploads\/2018\/03\/14524434_1106112876131411_958039263622046936_o.jpg?resize=700%2C400&ssl=1 2x"},"classes":[]},{"id":60066,"url":"https:\/\/www.grieta.org.mx\/index.php\/2021\/06\/15\/comunidad-lgbt-exige-tipificacion-de-crimenes-de-odio-en-jalisco\/","url_meta":{"origin":13129,"position":1},"title":"Comunidad LGBT exige tipificaci\u00f3n de cr\u00edmenes de odio en Jalisco","author":"grieta","date":"15 junio, 2021","format":false,"excerpt":"Foto: Jorge Alberto Mendoza Redacci\u00f3n \/ El Diario NTR A pesar de los m\u00faltiples casos que se han registrado en Jalisco sobre la desaparici\u00f3n y asesinato de miembros de la Comunidad L\u00e9sbico, Gay, Bisexual, Transexual, Transg\u00e9nero, Travesti, Intersexual, y Queer (LGBTTTIQ+) ni los cr\u00edmenes de odio ni los transfeminicidios han\u2026","rel":"","context":"En &quot;CINTILLO&quot;","block_context":{"text":"CINTILLO","link":"https:\/\/www.grieta.org.mx\/index.php\/category\/cintillo\/"},"img":{"alt_text":"","src":"https:\/\/i0.wp.com\/www.grieta.org.mx\/wp-content\/uploads\/2021\/06\/2021-06-15_06-06-59___7161.jpg?resize=350%2C200&ssl=1","width":350,"height":200,"srcset":"https:\/\/i0.wp.com\/www.grieta.org.mx\/wp-content\/uploads\/2021\/06\/2021-06-15_06-06-59___7161.jpg?resize=350%2C200&ssl=1 1x, https:\/\/i0.wp.com\/www.grieta.org.mx\/wp-content\/uploads\/2021\/06\/2021-06-15_06-06-59___7161.jpg?resize=525%2C300&ssl=1 1.5x, https:\/\/i0.wp.com\/www.grieta.org.mx\/wp-content\/uploads\/2021\/06\/2021-06-15_06-06-59___7161.jpg?resize=700%2C400&ssl=1 2x"},"classes":[]},{"id":5636,"url":"https:\/\/www.grieta.org.mx\/index.php\/2015\/08\/09\/se-manifiestan-contra-odio-homofobia-y-discriminacion\/","url_meta":{"origin":13129,"position":2},"title":"Se manifiestan contra odio, homofobia y discriminaci\u00f3n","author":"grieta","date":"9 agosto, 2015","format":false,"excerpt":"Por Rafael Hern\u00e1ndez Gu\u00edzar Autoridades no hacen nada ante manifestaciones de odio en Guadalajara De acuerdo con los homosexuales inconformes, se trata de un grupo retr\u00f3grada al interior de la propia iglesia cat\u00f3lica que quiere ejercer presi\u00f3n sobre el Estado para que se legisle a su favor, violando la laicidad\u2026","rel":"","context":"En &quot;CINTILLO&quot;","block_context":{"text":"CINTILLO","link":"https:\/\/www.grieta.org.mx\/index.php\/category\/cintillo\/"},"img":{"alt_text":"","src":"https:\/\/i0.wp.com\/www.grieta.org.mx\/wp-content\/uploads\/2018\/03\/14524434_1106112876131411_958039263622046936_o.jpg?resize=350%2C200&ssl=1","width":350,"height":200,"srcset":"https:\/\/i0.wp.com\/www.grieta.org.mx\/wp-content\/uploads\/2018\/03\/14524434_1106112876131411_958039263622046936_o.jpg?resize=350%2C200&ssl=1 1x, https:\/\/i0.wp.com\/www.grieta.org.mx\/wp-content\/uploads\/2018\/03\/14524434_1106112876131411_958039263622046936_o.jpg?resize=525%2C300&ssl=1 1.5x, https:\/\/i0.wp.com\/www.grieta.org.mx\/wp-content\/uploads\/2018\/03\/14524434_1106112876131411_958039263622046936_o.jpg?resize=700%2C400&ssl=1 2x"},"classes":[]},{"id":56172,"url":"https:\/\/www.grieta.org.mx\/index.php\/2021\/01\/07\/crimenes-de-odio-en-jalisco-invisibles-e-impunes\/","url_meta":{"origin":13129,"position":3},"title":"Cr\u00edmenes de odio en Jalisco: invisibles e impunes","author":"grieta","date":"7 enero, 2021","format":false,"excerpt":"Foto: Andrea Bravo Andrea Bravo, Olimpia Cruz, Mariana Pineda, Isabel Doniz, Hugo Escand\u00f3n y Ezequiel Franco \/ Zona Docs \u201cLos medios no hablaron sobre ella, y si lo hicieron fue poco y con escasa informaci\u00f3n (\u2026) La asesinaron, una r\u00e1faga de fuego desfigur\u00f3 su cuerpo y fue envuelta en s\u00e1banas.\u2026","rel":"","context":"En &quot;CINTILLO&quot;","block_context":{"text":"CINTILLO","link":"https:\/\/www.grieta.org.mx\/index.php\/category\/cintillo\/"},"img":{"alt_text":"","src":"https:\/\/i0.wp.com\/www.grieta.org.mx\/wp-content\/uploads\/2021\/01\/R4.png?resize=350%2C200&ssl=1","width":350,"height":200,"srcset":"https:\/\/i0.wp.com\/www.grieta.org.mx\/wp-content\/uploads\/2021\/01\/R4.png?resize=350%2C200&ssl=1 1x, https:\/\/i0.wp.com\/www.grieta.org.mx\/wp-content\/uploads\/2021\/01\/R4.png?resize=525%2C300&ssl=1 1.5x, https:\/\/i0.wp.com\/www.grieta.org.mx\/wp-content\/uploads\/2021\/01\/R4.png?resize=700%2C400&ssl=1 2x"},"classes":[]},{"id":57697,"url":"https:\/\/www.grieta.org.mx\/index.php\/2021\/03\/07\/exigen-politicas-para-detener-violencia-contra-mujeres-de-la-comunidad-lgbtttiq-jalisco\/","url_meta":{"origin":13129,"position":4},"title":"Exigen pol\u00edticas para detener violencia contra mujeres de la comunidad LGBTTTIQ+ (Jalisco)","author":"grieta","date":"7 marzo, 2021","format":false,"excerpt":"Foto: Cuartoscuro Jalisco est\u00e1 entre los primeros 10 estados con mayor n\u00famero de asesinatos de la comunidad gay Elizabeth R\u00edos \/ El Occidental Porque las acciones que se han llevado hasta el momento para abatir el problema no han dado resultado, la agrupaci\u00f3n Uni\u00f3n Diversa de Jalisco exigi\u00f3 a autoridades\u2026","rel":"","context":"En &quot;CINTILLO&quot;","block_context":{"text":"CINTILLO","link":"https:\/\/www.grieta.org.mx\/index.php\/category\/cintillo\/"},"img":{"alt_text":"","src":"https:\/\/i0.wp.com\/www.grieta.org.mx\/wp-content\/uploads\/2021\/03\/comunidad-LGBTTTIQ.jpeg?resize=350%2C200&ssl=1","width":350,"height":200,"srcset":"https:\/\/i0.wp.com\/www.grieta.org.mx\/wp-content\/uploads\/2021\/03\/comunidad-LGBTTTIQ.jpeg?resize=350%2C200&ssl=1 1x, https:\/\/i0.wp.com\/www.grieta.org.mx\/wp-content\/uploads\/2021\/03\/comunidad-LGBTTTIQ.jpeg?resize=525%2C300&ssl=1 1.5x, https:\/\/i0.wp.com\/www.grieta.org.mx\/wp-content\/uploads\/2021\/03\/comunidad-LGBTTTIQ.jpeg?resize=700%2C400&ssl=1 2x"},"classes":[]},{"id":52656,"url":"https:\/\/www.grieta.org.mx\/index.php\/2020\/08\/12\/exigen-investigar-como-crimen-de-odio-el-asesinato-de-jonathan-santos-joven-activista-lgbtttiq-jalisco\/","url_meta":{"origin":13129,"position":5},"title":"Exigen investigar como crimen de odio el asesinato de jonathan santos, joven activista LGBTTTIQ+ (Jalisco)","author":"grieta","date":"12 agosto, 2020","format":false,"excerpt":"Imagen: Zona Docs Jonathan Santos, activista de la comunidad LGBTTTIQ+ y estudiante de la Universidad de Guadalajara (UdeG), fue localizado sin vida el pasado 11 de agosto en el municipio de Zapopan. Familiares, amigos y organizaciones de la sociedad civil, se han unido para demandar justicia a las autoridades encargadas,\u2026","rel":"","context":"En &quot;Amenazas contra activistas en Jalisco&quot;","block_context":{"text":"Amenazas contra activistas en Jalisco","link":"https:\/\/www.grieta.org.mx\/index.php\/category\/noticias-nacionales\/jalisco\/amenazas-contra-activistas-en-jalisco\/"},"img":{"alt_text":"","src":"https:\/\/i0.wp.com\/www.grieta.org.mx\/wp-content\/uploads\/2020\/08\/Copia-de-Copia-de-Dise%C3%B1os-portada-9-1280x640.jpg?resize=350%2C200&ssl=1","width":350,"height":200,"srcset":"https:\/\/i0.wp.com\/www.grieta.org.mx\/wp-content\/uploads\/2020\/08\/Copia-de-Copia-de-Dise%C3%B1os-portada-9-1280x640.jpg?resize=350%2C200&ssl=1 1x, https:\/\/i0.wp.com\/www.grieta.org.mx\/wp-content\/uploads\/2020\/08\/Copia-de-Copia-de-Dise%C3%B1os-portada-9-1280x640.jpg?resize=525%2C300&ssl=1 1.5x, https:\/\/i0.wp.com\/www.grieta.org.mx\/wp-content\/uploads\/2020\/08\/Copia-de-Copia-de-Dise%C3%B1os-portada-9-1280x640.jpg?resize=700%2C400&ssl=1 2x, https:\/\/i0.wp.com\/www.grieta.org.mx\/wp-content\/uploads\/2020\/08\/Copia-de-Copia-de-Dise%C3%B1os-portada-9-1280x640.jpg?resize=1050%2C600&ssl=1 3x"},"classes":[]}],"_links":{"self":[{"href":"https:\/\/www.grieta.org.mx\/index.php\/wp-json\/wp\/v2\/posts\/13129","targetHints":{"allow":["GET"]}}],"collection":[{"href":"https:\/\/www.grieta.org.mx\/index.php\/wp-json\/wp\/v2\/posts"}],"about":[{"href":"https:\/\/www.grieta.org.mx\/index.php\/wp-json\/wp\/v2\/types\/post"}],"author":[{"embeddable":true,"href":"https:\/\/www.grieta.org.mx\/index.php\/wp-json\/wp\/v2\/users\/2"}],"replies":[{"embeddable":true,"href":"https:\/\/www.grieta.org.mx\/index.php\/wp-json\/wp\/v2\/comments?post=13129"}],"version-history":[{"count":1,"href":"https:\/\/www.grieta.org.mx\/index.php\/wp-json\/wp\/v2\/posts\/13129\/revisions"}],"predecessor-version":[{"id":13130,"href":"https:\/\/www.grieta.org.mx\/index.php\/wp-json\/wp\/v2\/posts\/13129\/revisions\/13130"}],"wp:featuredmedia":[{"embeddable":true,"href":"https:\/\/www.grieta.org.mx\/index.php\/wp-json\/wp\/v2\/media\/21928"}],"wp:attachment":[{"href":"https:\/\/www.grieta.org.mx\/index.php\/wp-json\/wp\/v2\/media?parent=13129"}],"wp:term":[{"taxonomy":"category","embeddable":true,"href":"https:\/\/www.grieta.org.mx\/index.php\/wp-json\/wp\/v2\/categories?post=13129"},{"taxonomy":"post_tag","embeddable":true,"href":"https:\/\/www.grieta.org.mx\/index.php\/wp-json\/wp\/v2\/tags?post=13129"}],"curies":[{"name":"wp","href":"https:\/\/api.w.org\/{rel}","templated":true}]}}