{"id":13113,"date":"2016-05-19T13:38:35","date_gmt":"2016-05-19T13:38:35","guid":{"rendered":"http:\/\/www.grieta.org.mx\/?p=13113"},"modified":"2016-05-28T13:41:12","modified_gmt":"2016-05-28T13:41:12","slug":"mineros-inician-protesta-frente-a-embajada-de-corea-del-sur-en-bcs","status":"publish","type":"post","link":"https:\/\/www.grieta.org.mx\/index.php\/2016\/05\/19\/mineros-inician-protesta-frente-a-embajada-de-corea-del-sur-en-bcs\/","title":{"rendered":"Mineros inician protesta frente a embajada de Corea del Sur en BCS"},"content":{"rendered":"<p><img loading=\"lazy\" decoding=\"async\" data-attachment-id=\"13114\" data-permalink=\"https:\/\/www.grieta.org.mx\/index.php\/2016\/05\/19\/mineros-inician-protesta-frente-a-embajada-de-corea-del-sur-en-bcs\/13233333_10156895253055147_1381313372_n\/\" data-orig-file=\"https:\/\/www.grieta.org.mx\/wp-content\/uploads\/2016\/05\/13233333_10156895253055147_1381313372_n.jpg\" data-orig-size=\"480,271\" data-comments-opened=\"0\" data-image-meta=\"{&quot;aperture&quot;:&quot;0&quot;,&quot;credit&quot;:&quot;&quot;,&quot;camera&quot;:&quot;&quot;,&quot;caption&quot;:&quot;&quot;,&quot;created_timestamp&quot;:&quot;0&quot;,&quot;copyright&quot;:&quot;&quot;,&quot;focal_length&quot;:&quot;0&quot;,&quot;iso&quot;:&quot;0&quot;,&quot;shutter_speed&quot;:&quot;0&quot;,&quot;title&quot;:&quot;&quot;,&quot;orientation&quot;:&quot;0&quot;}\" data-image-title=\"13233333_10156895253055147_1381313372_n\" data-image-description=\"\" data-image-caption=\"\" data-medium-file=\"https:\/\/www.grieta.org.mx\/wp-content\/uploads\/2016\/05\/13233333_10156895253055147_1381313372_n-300x169.jpg\" data-large-file=\"https:\/\/www.grieta.org.mx\/wp-content\/uploads\/2016\/05\/13233333_10156895253055147_1381313372_n.jpg\" src=\"http:\/\/www.grieta.org.mx\/wp-content\/uploads\/2016\/05\/13233333_10156895253055147_1381313372_n.jpg\" alt=\"13233333_10156895253055147_1381313372_n\" width=\"480\" height=\"271\" class=\"aligncenter size-full wp-image-13114\" srcset=\"https:\/\/www.grieta.org.mx\/wp-content\/uploads\/2016\/05\/13233333_10156895253055147_1381313372_n.jpg 480w, https:\/\/www.grieta.org.mx\/wp-content\/uploads\/2016\/05\/13233333_10156895253055147_1381313372_n-300x169.jpg 300w\" sizes=\"auto, (max-width: 480px) 100vw, 480px\" \/><\/p>\n<p>Integrantes del Sindicato Nacional de Mineros y representantes de trabajadores de Minera El Boleo, iniciaron esta ma\u00f1ana un mitin frente a la embajada de Corea del Sur, para protestar contra esta empresa, ubicada en Santa Rosal\u00eda, Baja California Sur y propiedad de inversionistas coreanos.<\/p>\n<p>La protesta es porque dicha empresa ha negado el derecho de los mineros a la libre sindicalizaci\u00f3n, ha llevado a cabo pr\u00e1cticas de represi\u00f3n contra los trabajadores que quieren cambiar de sindicato e incluso \u201cha recurrido a recursos violentos y amenazas contra los mineros\u201d.<\/p>\n<p>Piden la intervenci\u00f3n de la representaci\u00f3n diplom\u00e1tica para que haga un llamado a Minera El Boleo a que respete la Ley Federal del Trabajo, pare las violaciones y se rija conforme los tratados internacionales de libertad sindical.<\/p>\n<p>Pero, sobre todo, piden que termine con las intimidaciones a los trabajadores mexicanos y d\u00e9 marcha atr\u00e1s a las denuncias y procesos legales que ha presentado en contra de 12 mineros.<\/p>\n<p>Seg\u00fan detall\u00f3 esta organizaci\u00f3n, la empresa hasta el momento ha negado el derecho de los trabajadores de desahogar legalmente el proceso de recuento sindical y ha recurrido a recursos violentos de presi\u00f3n y amenaza contra los trabajadores. Por lo que demandan que las autoridades laborales federales pongan fecha a este proceso, y garanticen la libre y pac\u00edfica participaci\u00f3n de los mineros en el mismo, es decir, que no haya mano negra en el recuento y se respete la libertad sindical. Fueron los propios trabajadores los que demandaron el cambio de sindicato.<\/p>\n<p>El conflicto inici\u00f3 porque el 2 de abril pasado hubo un derrumbe en la mina, del cual resultaron heridos tres trabajadores, y dos de ellos fueron despedidos, lo que provoc\u00f3 la indignaci\u00f3n de los mineros, que demandaron dialogar con la empresa, a lo que los directivos les respondieron: estamos para ordenar, no para dialogar.<\/p>\n<p>Esto fue lo que termin\u00f3 de convencer a los trabajadores de cambiar de sindicato.<\/p>\n<p><a href=\"http:\/\/www.radiokashana.org\/noticias\/mineros-inician-protesta-frente-embajada-de-corea-del-sur\">http:\/\/www.radiokashana.org\/noticias\/mineros-inician-protesta-frente-embajada-de-corea-del-sur<\/a><\/p>\n","protected":false},"excerpt":{"rendered":"<p>Integrantes del Sindicato Nacional de Mineros y representantes de trabajadores de Minera El Boleo, iniciaron esta ma\u00f1ana un mitin frente a la embajada de Corea del Sur, para protestar contra &hellip; <a href=\"https:\/\/www.grieta.org.mx\/index.php\/2016\/05\/19\/mineros-inician-protesta-frente-a-embajada-de-corea-del-sur-en-bcs\/\" class=\"more-link\">Leer m\u00e1s<\/a><\/p>\n","protected":false},"author":2,"featured_media":21928,"comment_status":"closed","ping_status":"closed","sticky":false,"template":"","format":"standard","meta":{"ngg_post_thumbnail":0,"_jetpack_newsletter_access":"","_jetpack_dont_email_post_to_subs":false,"_jetpack_newsletter_tier_id":0,"_jetpack_memberships_contains_paywalled_content":false,"_jetpack_memberships_contains_paid_content":false,"footnotes":""},"categories":[80],"tags":[109],"class_list":["post-13113","post","type-post","status-publish","format-standard","has-post-thumbnail","hentry","category-cintillo","tag-mineria","entry"],"jetpack_featured_media_url":"https:\/\/www.grieta.org.mx\/wp-content\/uploads\/2018\/03\/14524434_1106112876131411_958039263622046936_o.jpg","jetpack_sharing_enabled":true,"jetpack_shortlink":"https:\/\/wp.me\/p7ZJR4-3pv","jetpack_likes_enabled":false,"jetpack-related-posts":[{"id":9184,"url":"https:\/\/www.grieta.org.mx\/index.php\/2016\/08\/16\/conflictos-mineros-en-baja-california-sur\/","url_meta":{"origin":13113,"position":0},"title":"Conflictos mineros en Baja California Sur","author":"grieta","date":"16 agosto, 2016","format":false,"excerpt":"Minera Canadiense se ampara en contra de SEMARNAT por proyecto 'La Pitalla' 16\/08\/16. Delegado de Semarnat en BCS dice que \u201cno tiene mucho que decir\u201d en el tema de La Pitalla BCS Noticias 01\/08\/16. Logra amparo minera canadiense Pen\u00ednsula Digital 29\/07\/16. Minera canadiense logra amparo para proyecto en La Paz,\u2026","rel":"","context":"En &quot;\u00c1reas naturales protegidas&quot;","block_context":{"text":"\u00c1reas naturales protegidas","link":"https:\/\/www.grieta.org.mx\/index.php\/category\/megaproyectos\/areas-naturales-protegidas\/"},"img":{"alt_text":"","src":"https:\/\/i0.wp.com\/www.grieta.org.mx\/wp-content\/uploads\/2018\/03\/14524434_1106112876131411_958039263622046936_o.jpg?resize=350%2C200&ssl=1","width":350,"height":200,"srcset":"https:\/\/i0.wp.com\/www.grieta.org.mx\/wp-content\/uploads\/2018\/03\/14524434_1106112876131411_958039263622046936_o.jpg?resize=350%2C200&ssl=1 1x, https:\/\/i0.wp.com\/www.grieta.org.mx\/wp-content\/uploads\/2018\/03\/14524434_1106112876131411_958039263622046936_o.jpg?resize=525%2C300&ssl=1 1.5x, https:\/\/i0.wp.com\/www.grieta.org.mx\/wp-content\/uploads\/2018\/03\/14524434_1106112876131411_958039263622046936_o.jpg?resize=700%2C400&ssl=1 2x"},"classes":[]},{"id":14213,"url":"https:\/\/www.grieta.org.mx\/index.php\/2016\/06\/06\/en-santa-rosalia-bcs-denuncian-que-el-boleo-reprime-movimiento-sindical-de-obreros-con-despidos\/","url_meta":{"origin":13113,"position":1},"title":"En Santa Rosal\u00eda (BCS), denuncian que El Boleo reprime movimiento sindical de obreros con despidos","author":"grieta","date":"6 junio, 2016","format":false,"excerpt":"Por Redacci\u00f3n, BCS Noticias Santa Rosal\u00eda, Baja California Sur (BCS). En represalia por la demanda de titularidad del contrato colectivo de trabajo de la minera El Boleo, en Santa Rosal\u00eda, que el sindicato nacional de mineros present\u00f3 el 25 de abril ante la Junta Federal de Conciliaci\u00f3n y Arbitraje ,\u2026","rel":"","context":"En &quot;CINTILLO&quot;","block_context":{"text":"CINTILLO","link":"https:\/\/www.grieta.org.mx\/index.php\/category\/cintillo\/"},"img":{"alt_text":"","src":"https:\/\/i0.wp.com\/www.grieta.org.mx\/wp-content\/uploads\/2018\/03\/14524434_1106112876131411_958039263622046936_o.jpg?resize=350%2C200&ssl=1","width":350,"height":200,"srcset":"https:\/\/i0.wp.com\/www.grieta.org.mx\/wp-content\/uploads\/2018\/03\/14524434_1106112876131411_958039263622046936_o.jpg?resize=350%2C200&ssl=1 1x, https:\/\/i0.wp.com\/www.grieta.org.mx\/wp-content\/uploads\/2018\/03\/14524434_1106112876131411_958039263622046936_o.jpg?resize=525%2C300&ssl=1 1.5x, https:\/\/i0.wp.com\/www.grieta.org.mx\/wp-content\/uploads\/2018\/03\/14524434_1106112876131411_958039263622046936_o.jpg?resize=700%2C400&ssl=1 2x"},"classes":[]},{"id":18574,"url":"https:\/\/www.grieta.org.mx\/index.php\/2016\/07\/27\/mineros-de-boleo-podran-cambiar-de-sindicato\/","url_meta":{"origin":13113,"position":2},"title":"Mineros de Boleo podr\u00e1n cambiar de sindicato","author":"grieta","date":"27 julio, 2016","format":false,"excerpt":"Los trabajadores sindicalizados de Minera y Metal\u00fargica del Boleo, ubicada en Santa Rosal\u00eda, votar\u00e1n en septiembre, aproximadamente, si desean pertenecer al Sindicato Nacional de la Exploraci\u00f3n, Explotaci\u00f3n y Beneficio de las Minas en la Rep\u00fablica Mexicana, \u00f3 al Sindicato de Trabajadores Mineros Metal\u00fargicos Sider\u00fargicos y Similares de la Rep\u00fablica Mexicana,\u2026","rel":"","context":"En &quot;CINTILLO&quot;","block_context":{"text":"CINTILLO","link":"https:\/\/www.grieta.org.mx\/index.php\/category\/cintillo\/"},"img":{"alt_text":"","src":"https:\/\/i0.wp.com\/www.grieta.org.mx\/wp-content\/uploads\/2018\/03\/14524434_1106112876131411_958039263622046936_o.jpg?resize=350%2C200&ssl=1","width":350,"height":200,"srcset":"https:\/\/i0.wp.com\/www.grieta.org.mx\/wp-content\/uploads\/2018\/03\/14524434_1106112876131411_958039263622046936_o.jpg?resize=350%2C200&ssl=1 1x, https:\/\/i0.wp.com\/www.grieta.org.mx\/wp-content\/uploads\/2018\/03\/14524434_1106112876131411_958039263622046936_o.jpg?resize=525%2C300&ssl=1 1.5x, https:\/\/i0.wp.com\/www.grieta.org.mx\/wp-content\/uploads\/2018\/03\/14524434_1106112876131411_958039263622046936_o.jpg?resize=700%2C400&ssl=1 2x"},"classes":[]},{"id":14219,"url":"https:\/\/www.grieta.org.mx\/index.php\/2016\/06\/10\/mineros-de-el-boleo-encaran-a-delegado-del-trabajo-en-bcs-tras-despido-masivo\/","url_meta":{"origin":13113,"position":3},"title":"Mineros de El Boleo encaran a Delegado del Trabajo en BCS, tras despido masivo","author":"grieta","date":"10 junio, 2016","format":false,"excerpt":"Por Redacci\u00f3n, BCS Noticias Santa Rosal\u00eda, Baja California Sur (BCS). Tras el despido masivo de obreros de la minera El Boleo, en Santa Rosal\u00eda, municipio de Muleg\u00e9, como una represi\u00f3n al movimiento sindical que \u00e9stos realizan \u2014seg\u00fan denunci\u00f3 recientemente el gremio que encabeza Napole\u00f3n G\u00f3mez Urrutia\u2014, esta semana el delegado\u2026","rel":"","context":"En &quot;CINTILLO&quot;","block_context":{"text":"CINTILLO","link":"https:\/\/www.grieta.org.mx\/index.php\/category\/cintillo\/"},"img":{"alt_text":"","src":"https:\/\/i0.wp.com\/www.grieta.org.mx\/wp-content\/uploads\/2018\/03\/14524434_1106112876131411_958039263622046936_o.jpg?resize=350%2C200&ssl=1","width":350,"height":200,"srcset":"https:\/\/i0.wp.com\/www.grieta.org.mx\/wp-content\/uploads\/2018\/03\/14524434_1106112876131411_958039263622046936_o.jpg?resize=350%2C200&ssl=1 1x, https:\/\/i0.wp.com\/www.grieta.org.mx\/wp-content\/uploads\/2018\/03\/14524434_1106112876131411_958039263622046936_o.jpg?resize=525%2C300&ssl=1 1.5x, https:\/\/i0.wp.com\/www.grieta.org.mx\/wp-content\/uploads\/2018\/03\/14524434_1106112876131411_958039263622046936_o.jpg?resize=700%2C400&ssl=1 2x"},"classes":[]},{"id":11190,"url":"https:\/\/www.grieta.org.mx\/index.php\/2016\/04\/22\/trabajadores-de-minera-el-boleo-realizan-manifestacion-en-santa-rosalia-bcs\/","url_meta":{"origin":13113,"position":4},"title":"Trabajadores de Minera El Boleo realizan manifestaci\u00f3n en Santa Rosal\u00eda, BCS","author":"grieta","date":"22 abril, 2016","format":false,"excerpt":"Foto: Radio Kashana Redacci\u00f3n, BCS Noticias Hasta el momento, la Empresa Minera y Metal\u00fargica de El Boleo, no ha dado un comunicado oficial sobre la situaci\u00f3n La Paz, Baja California Sur (BCS). Este viernes por la tarde, los trabajadores de la empresa Minera y Metal\u00fargica El Boleo llevaron a cabo\u2026","rel":"","context":"En &quot;CINTILLO&quot;","block_context":{"text":"CINTILLO","link":"https:\/\/www.grieta.org.mx\/index.php\/category\/cintillo\/"},"img":{"alt_text":"","src":"https:\/\/i0.wp.com\/www.grieta.org.mx\/wp-content\/uploads\/2018\/03\/14524434_1106112876131411_958039263622046936_o.jpg?resize=350%2C200&ssl=1","width":350,"height":200,"srcset":"https:\/\/i0.wp.com\/www.grieta.org.mx\/wp-content\/uploads\/2018\/03\/14524434_1106112876131411_958039263622046936_o.jpg?resize=350%2C200&ssl=1 1x, https:\/\/i0.wp.com\/www.grieta.org.mx\/wp-content\/uploads\/2018\/03\/14524434_1106112876131411_958039263622046936_o.jpg?resize=525%2C300&ssl=1 1.5x, https:\/\/i0.wp.com\/www.grieta.org.mx\/wp-content\/uploads\/2018\/03\/14524434_1106112876131411_958039263622046936_o.jpg?resize=700%2C400&ssl=1 2x"},"classes":[]},{"id":9959,"url":"https:\/\/www.grieta.org.mx\/index.php\/2016\/04\/04\/denuncian-derrumbe-secreto-trabajadores-de-boleo-en-bcs\/","url_meta":{"origin":13113,"position":5},"title":"Denuncian derrumbe &#8220;secreto&#8221; trabajadores de Boleo en BCS","author":"grieta","date":"4 abril, 2016","format":false,"excerpt":"Rafael Mur\u00faa Santa Rosal\u00eda, Baja California Sur - Trabajadores de Minera y Metal\u00fargica del Boleo (MMB) denunciaron ante este medio comunitario de informaci\u00f3n, que la empresa minera ha ocultado otro derrumbe ocurrido el s\u00e1bado en la mina \"303C\" \u00f3 \"El retroceso\", como le llaman en el proyecto minero, a dem\u00e1s\u2026","rel":"","context":"En &quot;CINTILLO&quot;","block_context":{"text":"CINTILLO","link":"https:\/\/www.grieta.org.mx\/index.php\/category\/cintillo\/"},"img":{"alt_text":"","src":"https:\/\/i0.wp.com\/www.grieta.org.mx\/wp-content\/uploads\/2018\/03\/14524434_1106112876131411_958039263622046936_o.jpg?resize=350%2C200&ssl=1","width":350,"height":200,"srcset":"https:\/\/i0.wp.com\/www.grieta.org.mx\/wp-content\/uploads\/2018\/03\/14524434_1106112876131411_958039263622046936_o.jpg?resize=350%2C200&ssl=1 1x, https:\/\/i0.wp.com\/www.grieta.org.mx\/wp-content\/uploads\/2018\/03\/14524434_1106112876131411_958039263622046936_o.jpg?resize=525%2C300&ssl=1 1.5x, https:\/\/i0.wp.com\/www.grieta.org.mx\/wp-content\/uploads\/2018\/03\/14524434_1106112876131411_958039263622046936_o.jpg?resize=700%2C400&ssl=1 2x"},"classes":[]}],"_links":{"self":[{"href":"https:\/\/www.grieta.org.mx\/index.php\/wp-json\/wp\/v2\/posts\/13113","targetHints":{"allow":["GET"]}}],"collection":[{"href":"https:\/\/www.grieta.org.mx\/index.php\/wp-json\/wp\/v2\/posts"}],"about":[{"href":"https:\/\/www.grieta.org.mx\/index.php\/wp-json\/wp\/v2\/types\/post"}],"author":[{"embeddable":true,"href":"https:\/\/www.grieta.org.mx\/index.php\/wp-json\/wp\/v2\/users\/2"}],"replies":[{"embeddable":true,"href":"https:\/\/www.grieta.org.mx\/index.php\/wp-json\/wp\/v2\/comments?post=13113"}],"version-history":[{"count":1,"href":"https:\/\/www.grieta.org.mx\/index.php\/wp-json\/wp\/v2\/posts\/13113\/revisions"}],"predecessor-version":[{"id":13115,"href":"https:\/\/www.grieta.org.mx\/index.php\/wp-json\/wp\/v2\/posts\/13113\/revisions\/13115"}],"wp:featuredmedia":[{"embeddable":true,"href":"https:\/\/www.grieta.org.mx\/index.php\/wp-json\/wp\/v2\/media\/21928"}],"wp:attachment":[{"href":"https:\/\/www.grieta.org.mx\/index.php\/wp-json\/wp\/v2\/media?parent=13113"}],"wp:term":[{"taxonomy":"category","embeddable":true,"href":"https:\/\/www.grieta.org.mx\/index.php\/wp-json\/wp\/v2\/categories?post=13113"},{"taxonomy":"post_tag","embeddable":true,"href":"https:\/\/www.grieta.org.mx\/index.php\/wp-json\/wp\/v2\/tags?post=13113"}],"curies":[{"name":"wp","href":"https:\/\/api.w.org\/{rel}","templated":true}]}}