{"id":13109,"date":"2016-05-14T13:14:42","date_gmt":"2016-05-14T13:14:42","guid":{"rendered":"http:\/\/www.grieta.org.mx\/?p=13109"},"modified":"2016-05-28T13:22:49","modified_gmt":"2016-05-28T13:22:49","slug":"pescadores-de-punta-lobos-bloquean-de-nuevo-acceso-a-tres-santos","status":"publish","type":"post","link":"https:\/\/www.grieta.org.mx\/index.php\/2016\/05\/14\/pescadores-de-punta-lobos-bloquean-de-nuevo-acceso-a-tres-santos\/","title":{"rendered":"Pescadores de Punta Lobos bloquean de nuevo acceso a Tres Santos"},"content":{"rendered":"<p><img loading=\"lazy\" decoding=\"async\" data-attachment-id=\"13110\" data-permalink=\"https:\/\/www.grieta.org.mx\/index.php\/2016\/05\/14\/pescadores-de-punta-lobos-bloquean-de-nuevo-acceso-a-tres-santos\/manifestacion-pescadores-punta-lobos-1-990x660\/\" data-orig-file=\"https:\/\/www.grieta.org.mx\/wp-content\/uploads\/2016\/05\/manifestacion-pescadores-punta-lobos-1-990x660.jpg\" data-orig-size=\"990,660\" data-comments-opened=\"0\" data-image-meta=\"{&quot;aperture&quot;:&quot;0&quot;,&quot;credit&quot;:&quot;&quot;,&quot;camera&quot;:&quot;&quot;,&quot;caption&quot;:&quot;&quot;,&quot;created_timestamp&quot;:&quot;0&quot;,&quot;copyright&quot;:&quot;&quot;,&quot;focal_length&quot;:&quot;0&quot;,&quot;iso&quot;:&quot;0&quot;,&quot;shutter_speed&quot;:&quot;0&quot;,&quot;title&quot;:&quot;&quot;,&quot;orientation&quot;:&quot;0&quot;}\" data-image-title=\"manifestacion-pescadores-punta-lobos-1-990&amp;#215;660\" data-image-description=\"\" data-image-caption=\"\" data-medium-file=\"https:\/\/www.grieta.org.mx\/wp-content\/uploads\/2016\/05\/manifestacion-pescadores-punta-lobos-1-990x660-300x200.jpg\" data-large-file=\"https:\/\/www.grieta.org.mx\/wp-content\/uploads\/2016\/05\/manifestacion-pescadores-punta-lobos-1-990x660.jpg\" src=\"http:\/\/www.grieta.org.mx\/wp-content\/uploads\/2016\/05\/manifestacion-pescadores-punta-lobos-1-990x660.jpg\" alt=\"manifestacion-pescadores-punta-lobos-1-990x660\" width=\"990\" height=\"660\" class=\"aligncenter size-full wp-image-13110\" srcset=\"https:\/\/www.grieta.org.mx\/wp-content\/uploads\/2016\/05\/manifestacion-pescadores-punta-lobos-1-990x660.jpg 990w, https:\/\/www.grieta.org.mx\/wp-content\/uploads\/2016\/05\/manifestacion-pescadores-punta-lobos-1-990x660-300x200.jpg 300w, https:\/\/www.grieta.org.mx\/wp-content\/uploads\/2016\/05\/manifestacion-pescadores-punta-lobos-1-990x660-768x512.jpg 768w\" sizes=\"auto, (max-width: 990px) 100vw, 990px\" \/><\/p>\n<p>Por Redacci\u00f3n, BCSNoticias<\/p>\n<p>La Paz, BCS. Este s\u00e1bado a primera hora \u2014con movimientos desde las 5:00 de la ma\u00f1ana, aproximadamente\u2014 se reavivaron las protestas de pescadores de la playa Punta Lobos \u2014en Todos Santos, al Sur del municipio de La Paz\u2014, en contra del proyecto tur\u00edstico e inmobiliario Tres Santos, con la demanda principal de la delimitaci\u00f3n de la concesi\u00f3n en la zona federal mar\u00edtimo terrestre, que la Secretar\u00eda de Medio Ambiente y Recursos Naturales (Semarnat) favoreci\u00f3 a la primera; reclaman que se ampl\u00ede el espacio para los pescadores y se le reduzca al proyecto Tres Santos.<\/p>\n<p>Colectivo Peric\u00fa publica que V\u00edctor Castro Cos\u00edo, dirigente moral del partido Movimiento de Renovaci\u00f3n Nacional (Morena) \u2014excandidato a Gobernador de BCS por este partido\u2014, acompa\u00f1ado de un grupo de profesores de la disidencia magisterial y algunos pescadores, se sumaron al bloqueo del acceso principal a la playa Punta Lobos, como una medida de presi\u00f3n para el Gobierno del Estado \u201ccumpla compromisos\u201d.<\/p>\n<p>Cabe destacar, seg\u00fan la misma fuente, que el bloqueo \u00fanicamente est\u00e1 dirigido a los trabajadores que laboran en la construcci\u00f3n de la inmobiliaria Tres Santos, y no a la poblaci\u00f3n en general y turistas que tienen el acceso libre; se trata de un plant\u00f3n pac\u00edfico, donde se le dio oportunidad a los trabajadores que pasaran a recoger sus enseres personales para luego retirarse del lugar.<\/p>\n<p>Ser\u00e1n alrededor de 70 personas las que proceden a instalar carpas en el lugar, donde tendr\u00e1n una presencia permanente hasta lograr que autoridades del Gobierno del Estado establezcan un di\u00e1logo, se\u00f1ala la misma fuente; en las mantas de protesta se leen mensajes como \u201cSr. Gobernador, los pescacores de la Coop. Punta Lobos exigimos urgente soluci\u00f3n a las demandas\u201d.<\/p>\n<p>Desde el jueves pasado, los cooperativistas hab\u00edan convocado a un nuevo plant\u00f3n, donde Ariel Ruiz Castillo, miembro de la Cooperativa Punta Lobos, hizo un llamado para que el Gobernador \u201cd\u00e9 la cara\u201d, al manifestar que en vez de atenderlos, ha actuado con un \u201cgobierno del garrote\u201d; justo hoy se publica que Carlos Mendoza Davis expres\u00f3 su disposici\u00f3n para mediar en el conflicto aclarando que \u201clo que no se vale es que por propia decisi\u00f3n alguien viole la ley y piense en que no habr\u00e1 consecuencias; eso no va a suceder\u201d.<\/p>\n<p><a href=\"http:\/\/www.bcsnoticias.mx\/se-reaviva-conflicto-pescadores-de-punta-lobos-bloquean-de-nuevo-acceso-a-tres-santos\/\">http:\/\/www.bcsnoticias.mx\/se-reaviva-conflicto-pescadores-de-punta-lobos-bloquean-de-nuevo-acceso-a-tres-santos\/<\/a><\/p>\n","protected":false},"excerpt":{"rendered":"<p>Por Redacci\u00f3n, BCSNoticias La Paz, BCS. Este s\u00e1bado a primera hora \u2014con movimientos desde las 5:00 de la ma\u00f1ana, aproximadamente\u2014 se reavivaron las protestas de pescadores de la playa Punta &hellip; <a href=\"https:\/\/www.grieta.org.mx\/index.php\/2016\/05\/14\/pescadores-de-punta-lobos-bloquean-de-nuevo-acceso-a-tres-santos\/\" class=\"more-link\">Leer m\u00e1s<\/a><\/p>\n","protected":false},"author":2,"featured_media":21928,"comment_status":"closed","ping_status":"closed","sticky":false,"template":"","format":"standard","meta":{"ngg_post_thumbnail":0,"_jetpack_newsletter_access":"","_jetpack_dont_email_post_to_subs":false,"_jetpack_newsletter_tier_id":0,"_jetpack_memberships_contains_paywalled_content":false,"_jetpack_memberships_contains_paid_content":false,"footnotes":""},"categories":[80],"tags":[124,285],"class_list":["post-13109","post","type-post","status-publish","format-standard","has-post-thumbnail","hentry","category-cintillo","tag-pescadores","tag-turismo","entry"],"jetpack_featured_media_url":"https:\/\/www.grieta.org.mx\/wp-content\/uploads\/2018\/03\/14524434_1106112876131411_958039263622046936_o.jpg","jetpack_sharing_enabled":true,"jetpack_shortlink":"https:\/\/wp.me\/p7ZJR4-3pr","jetpack_likes_enabled":false,"jetpack-related-posts":[{"id":8844,"url":"https:\/\/www.grieta.org.mx\/index.php\/2016\/06\/09\/desarrollo-turistico-tres-santos-afecta-a-pescadores-y-a-pobladores-de-todos-santos\/","url_meta":{"origin":13109,"position":0},"title":"Pescadores de Todos Santos contra complejo tur\u00edstico, BCS","author":"grieta","date":"9 junio, 2016","format":false,"excerpt":"09\/06\/16. Cu\u00f1ado de Salinas de Gortari, tras proyecto ecocida en BCS Bajo Palabra 14\/05\/16. Pescadores de Punta Lobos bloquean de nuevo acceso a Tres Santos BCS Noticias 06\/03\/16. A un mes de la represi\u00f3n contra pescadores de Todos Santos (BCS) Radio Zapatista Sudcaliforniana 05\/02\/16. Di\u00e1logo con Ariel Ruiz, secretario de\u2026","rel":"","context":"En &quot;Baja California Sur&quot;","block_context":{"text":"Baja California Sur","link":"https:\/\/www.grieta.org.mx\/index.php\/category\/noticias-nacionales\/baja-california-sur\/"},"img":{"alt_text":"","src":"https:\/\/i0.wp.com\/www.grieta.org.mx\/wp-content\/uploads\/2018\/03\/14524434_1106112876131411_958039263622046936_o.jpg?resize=350%2C200&ssl=1","width":350,"height":200,"srcset":"https:\/\/i0.wp.com\/www.grieta.org.mx\/wp-content\/uploads\/2018\/03\/14524434_1106112876131411_958039263622046936_o.jpg?resize=350%2C200&ssl=1 1x, https:\/\/i0.wp.com\/www.grieta.org.mx\/wp-content\/uploads\/2018\/03\/14524434_1106112876131411_958039263622046936_o.jpg?resize=525%2C300&ssl=1 1.5x, https:\/\/i0.wp.com\/www.grieta.org.mx\/wp-content\/uploads\/2018\/03\/14524434_1106112876131411_958039263622046936_o.jpg?resize=700%2C400&ssl=1 2x"},"classes":[]},{"id":8861,"url":"https:\/\/www.grieta.org.mx\/index.php\/2015\/10\/20\/manifestantes-bloquean-acceso-a-tres-santos-en-todos-santos-acusan-invasion-de-terreno\/","url_meta":{"origin":13109,"position":1},"title":"Manifestantes bloquean acceso a \u2018Tres Santos\u2019, en Todos Santos; acusan invasi\u00f3n de terreno","author":"grieta","date":"20 octubre, 2015","format":false,"excerpt":"La Paz, Baja California Sur (BCS). La ma\u00f1ana de este jueves, pescadores y familias de Todos Santos, al sur del municipio de La Paz, bloquearon el acceso a la playa Punta Lobos, donde se construye el desarrollo tur\u00edstico \u201cTres Santos\u201d; los manifestantes denuncian que el proyecto invade tierras federales de\u2026","rel":"","context":"En &quot;CINTILLO&quot;","block_context":{"text":"CINTILLO","link":"https:\/\/www.grieta.org.mx\/index.php\/category\/cintillo\/"},"img":{"alt_text":"","src":"https:\/\/i0.wp.com\/www.grieta.org.mx\/wp-content\/uploads\/2018\/03\/14524434_1106112876131411_958039263622046936_o.jpg?resize=350%2C200&ssl=1","width":350,"height":200,"srcset":"https:\/\/i0.wp.com\/www.grieta.org.mx\/wp-content\/uploads\/2018\/03\/14524434_1106112876131411_958039263622046936_o.jpg?resize=350%2C200&ssl=1 1x, https:\/\/i0.wp.com\/www.grieta.org.mx\/wp-content\/uploads\/2018\/03\/14524434_1106112876131411_958039263622046936_o.jpg?resize=525%2C300&ssl=1 1.5x, https:\/\/i0.wp.com\/www.grieta.org.mx\/wp-content\/uploads\/2018\/03\/14524434_1106112876131411_958039263622046936_o.jpg?resize=700%2C400&ssl=1 2x"},"classes":[]},{"id":8888,"url":"https:\/\/www.grieta.org.mx\/index.php\/2016\/01\/27\/pescadores-de-punta-lobos-tildan-de-traicioneros-a-firmantes-del-convenio-con-tres-santos\/","url_meta":{"origin":13109,"position":2},"title":"Pescadores de Punta Lobos tildan de traicioneros a firmantes del convenio con Tres Santos","author":"grieta","date":"27 enero, 2016","format":false,"excerpt":"La Paz, Baja California Sur Pese a que el pasado 21 de enero se firm\u00f3 un convenio de colaboraci\u00f3n entre la Cooperativa de Pescadores de Punta Lobos con el desarrollo inmobiliario Tres Santos, llegando a acuerdos por un conflicto que llevaba alrededor de 3 meses, un grupo de pescadores de\u2026","rel":"","context":"En &quot;CINTILLO&quot;","block_context":{"text":"CINTILLO","link":"https:\/\/www.grieta.org.mx\/index.php\/category\/cintillo\/"},"img":{"alt_text":"","src":"https:\/\/i0.wp.com\/www.grieta.org.mx\/wp-content\/uploads\/2018\/03\/14524434_1106112876131411_958039263622046936_o.jpg?resize=350%2C200&ssl=1","width":350,"height":200,"srcset":"https:\/\/i0.wp.com\/www.grieta.org.mx\/wp-content\/uploads\/2018\/03\/14524434_1106112876131411_958039263622046936_o.jpg?resize=350%2C200&ssl=1 1x, https:\/\/i0.wp.com\/www.grieta.org.mx\/wp-content\/uploads\/2018\/03\/14524434_1106112876131411_958039263622046936_o.jpg?resize=525%2C300&ssl=1 1.5x, https:\/\/i0.wp.com\/www.grieta.org.mx\/wp-content\/uploads\/2018\/03\/14524434_1106112876131411_958039263622046936_o.jpg?resize=700%2C400&ssl=1 2x"},"classes":[]},{"id":8855,"url":"https:\/\/www.grieta.org.mx\/index.php\/2015\/10\/13\/pescadores-de-todos-santos-denuncian-danos-en-pangas-por-rompeolas-de-tres-santos\/","url_meta":{"origin":13109,"position":3},"title":"Pescadores de Todos Santos denuncian da\u00f1os en pangas por rompeolas de \u2018Tres Santos\u2019","author":"grieta","date":"13 octubre, 2015","format":false,"excerpt":"La Paz, BCS El rompeolas que bordea la construcci\u00f3n del desarrollo tur\u00edstico \u201cTres Santos\u201d en las inmediaciones de Todos Santos \u2013playa Punta Lobos\u2013, al sur del municipio de La Paz, afecta a los pescadores que se\u00f1alan que las toneladas de piedras que \u201ctiraron\u201d en la orilla ocasionan costosos da\u00f1os a\u2026","rel":"","context":"En &quot;CINTILLO&quot;","block_context":{"text":"CINTILLO","link":"https:\/\/www.grieta.org.mx\/index.php\/category\/cintillo\/"},"img":{"alt_text":"","src":"https:\/\/i0.wp.com\/www.grieta.org.mx\/wp-content\/uploads\/2018\/03\/14524434_1106112876131411_958039263622046936_o.jpg?resize=350%2C200&ssl=1","width":350,"height":200,"srcset":"https:\/\/i0.wp.com\/www.grieta.org.mx\/wp-content\/uploads\/2018\/03\/14524434_1106112876131411_958039263622046936_o.jpg?resize=350%2C200&ssl=1 1x, https:\/\/i0.wp.com\/www.grieta.org.mx\/wp-content\/uploads\/2018\/03\/14524434_1106112876131411_958039263622046936_o.jpg?resize=525%2C300&ssl=1 1.5x, https:\/\/i0.wp.com\/www.grieta.org.mx\/wp-content\/uploads\/2018\/03\/14524434_1106112876131411_958039263622046936_o.jpg?resize=700%2C400&ssl=1 2x"},"classes":[]},{"id":8883,"url":"https:\/\/www.grieta.org.mx\/index.php\/2016\/02\/05\/dialogo-con-ariel-ruiz-secretario-de-la-cooperativa-punta-lobos\/","url_meta":{"origin":13109,"position":4},"title":"Di\u00e1logo con Ariel Ruiz, secretario de la cooperativa Punta Lobos","author":"grieta","date":"5 febrero, 2016","format":false,"excerpt":"Radio Zapatista Sudcaliforniana Este 5 de febrero en el mime\u00f3grafo el secretario de la cooperativa Punta Lobos nos explic\u00f3 la problem\u00e1tica que se vive entre la cooperativa, el pueblo de Todos Santos BCS y el proyecto inmobiliario Tres Santos, que irregularmente inici\u00f3 operaciones destruyendo zonas protegidas por normas mexicanas como\u2026","rel":"","context":"En &quot;CINTILLO&quot;","block_context":{"text":"CINTILLO","link":"https:\/\/www.grieta.org.mx\/index.php\/category\/cintillo\/"},"img":{"alt_text":"","src":"https:\/\/i0.wp.com\/www.grieta.org.mx\/wp-content\/uploads\/2018\/03\/14524434_1106112876131411_958039263622046936_o.jpg?resize=350%2C200&ssl=1","width":350,"height":200,"srcset":"https:\/\/i0.wp.com\/www.grieta.org.mx\/wp-content\/uploads\/2018\/03\/14524434_1106112876131411_958039263622046936_o.jpg?resize=350%2C200&ssl=1 1x, https:\/\/i0.wp.com\/www.grieta.org.mx\/wp-content\/uploads\/2018\/03\/14524434_1106112876131411_958039263622046936_o.jpg?resize=525%2C300&ssl=1 1.5x, https:\/\/i0.wp.com\/www.grieta.org.mx\/wp-content\/uploads\/2018\/03\/14524434_1106112876131411_958039263622046936_o.jpg?resize=700%2C400&ssl=1 2x"},"classes":[]},{"id":9965,"url":"https:\/\/www.grieta.org.mx\/index.php\/2016\/03\/06\/a-un-mes-de-la-represion-contra-pescadores-de-todos-santos-bcs\/","url_meta":{"origin":13109,"position":5},"title":"A un mes de la represi\u00f3n contra pescadores de Todos Santos (BCS)","author":"grieta","date":"6 marzo, 2016","format":false,"excerpt":"Hoy 6 de marzo que los pescadores de Punta Lobos\/Todos Santos junto a sus familias nos convocan defender el territorio sudcaliforniano, de la violencia ejercida en conjunto por el capital inmobiliario y tur\u00edstico de MIRA Companies y el gobierno mexicano (en sus tres niveles) para imponer el proyecto de Tres\u2026","rel":"","context":"En &quot;CINTILLO&quot;","block_context":{"text":"CINTILLO","link":"https:\/\/www.grieta.org.mx\/index.php\/category\/cintillo\/"},"img":{"alt_text":"","src":"https:\/\/i0.wp.com\/www.grieta.org.mx\/wp-content\/uploads\/2018\/03\/14524434_1106112876131411_958039263622046936_o.jpg?resize=350%2C200&ssl=1","width":350,"height":200,"srcset":"https:\/\/i0.wp.com\/www.grieta.org.mx\/wp-content\/uploads\/2018\/03\/14524434_1106112876131411_958039263622046936_o.jpg?resize=350%2C200&ssl=1 1x, https:\/\/i0.wp.com\/www.grieta.org.mx\/wp-content\/uploads\/2018\/03\/14524434_1106112876131411_958039263622046936_o.jpg?resize=525%2C300&ssl=1 1.5x, https:\/\/i0.wp.com\/www.grieta.org.mx\/wp-content\/uploads\/2018\/03\/14524434_1106112876131411_958039263622046936_o.jpg?resize=700%2C400&ssl=1 2x"},"classes":[]}],"_links":{"self":[{"href":"https:\/\/www.grieta.org.mx\/index.php\/wp-json\/wp\/v2\/posts\/13109","targetHints":{"allow":["GET"]}}],"collection":[{"href":"https:\/\/www.grieta.org.mx\/index.php\/wp-json\/wp\/v2\/posts"}],"about":[{"href":"https:\/\/www.grieta.org.mx\/index.php\/wp-json\/wp\/v2\/types\/post"}],"author":[{"embeddable":true,"href":"https:\/\/www.grieta.org.mx\/index.php\/wp-json\/wp\/v2\/users\/2"}],"replies":[{"embeddable":true,"href":"https:\/\/www.grieta.org.mx\/index.php\/wp-json\/wp\/v2\/comments?post=13109"}],"version-history":[{"count":1,"href":"https:\/\/www.grieta.org.mx\/index.php\/wp-json\/wp\/v2\/posts\/13109\/revisions"}],"predecessor-version":[{"id":13111,"href":"https:\/\/www.grieta.org.mx\/index.php\/wp-json\/wp\/v2\/posts\/13109\/revisions\/13111"}],"wp:featuredmedia":[{"embeddable":true,"href":"https:\/\/www.grieta.org.mx\/index.php\/wp-json\/wp\/v2\/media\/21928"}],"wp:attachment":[{"href":"https:\/\/www.grieta.org.mx\/index.php\/wp-json\/wp\/v2\/media?parent=13109"}],"wp:term":[{"taxonomy":"category","embeddable":true,"href":"https:\/\/www.grieta.org.mx\/index.php\/wp-json\/wp\/v2\/categories?post=13109"},{"taxonomy":"post_tag","embeddable":true,"href":"https:\/\/www.grieta.org.mx\/index.php\/wp-json\/wp\/v2\/tags?post=13109"}],"curies":[{"name":"wp","href":"https:\/\/api.w.org\/{rel}","templated":true}]}}